{"id":49724,"date":"2023-04-03T06:47:32","date_gmt":"2023-04-03T11:47:32","guid":{"rendered":"https:\/\/luchonoticias.com\/?p=49724"},"modified":"2023-04-03T06:47:33","modified_gmt":"2023-04-03T11:47:33","slug":"cinco-personas-heridas-tras-ataque-sicarial-en-garzon-huila","status":"publish","type":"post","link":"https:\/\/luchonoticias.com\/editor\/cinco-personas-heridas-tras-ataque-sicarial-en-garzon-huila\/","title":{"rendered":"Cinco personas heridas tras ataque sicarial en Garz\u00f3n, Huila"},"content":{"rendered":"\n<p>Las autoridades del Huila, dieron a conocer que se encuentran en las investigaciones pertinentes, para dar con el pronto paradero de los responsables, al hecho ocurrido el d\u00eda de hoy en horas de la madrugada, en el barrio Julian Bahamon de la Capital Diocesana, donde fueron heridos cinco personas, tras un ataque por sicarios en motos y armados<\/p>\n\n\n\n<p>Seg\u00fan informaciones preliminares por las fuentes oficiales, al parecer varios hombres llegaron a una vivienda y dispararon indiscriminadamente contra un grupo de personas que depart\u00edan en el lugar.<\/p>\n\n\n\n<p>Las personas heridas, fueron trasladados al hospital San Vicente de Paul donde se encuentran recibiendo atenci\u00f3n inmediata; asimismo se estableci\u00f3 que entre las v\u00edctimas hay una mujer en estado de embarazo.<\/p>\n\n\n\n<p>Finalmente, las autoridades dieron a conocer que unas de las posibles hip\u00f3tesis, al parecer el ataque sicarial se tratar de un ajuste de cuentas entre grupos delincuenciales<\/p>\n","protected":false},"excerpt":{"rendered":"<p>Las autoridades del Huila, dieron a conocer que se encuentran en las investigaciones pertinentes, para dar con el pronto paradero de los responsables, al hecho ocurrido el d\u00eda de hoy en horas de la madrugada, en el barrio Julian Bahamon de la Capital Diocesana, donde fueron heridos cinco personas, tras un ataque por sicarios en [&hellip;]<\/p>\n","protected":false},"author":2,"featured_media":0,"comment_status":"open","ping_status":"open","sticky":false,"template":"","format":"standard","meta":{"footnotes":""},"categories":[36,29],"tags":[],"class_list":["post-49724","post","type-post","status-publish","format-standard","hentry","category-destacado","category-judicial"],"yoast_head":"<!-- This site is optimized with the Yoast SEO plugin v26.6 - https:\/\/yoast.com\/wordpress\/plugins\/seo\/ -->\n<title>Cinco personas heridas tras ataque sicarial en Garz\u00f3n, Huila -<\/title>\n<meta name=\"robots\" content=\"index, follow, max-snippet:-1, max-image-preview:large, max-video-preview:-1\" \/>\n<link rel=\"canonical\" href=\"https:\/\/luchonoticias.com\/editor\/cinco-personas-heridas-tras-ataque-sicarial-en-garzon-huila\/\" \/>\n<meta property=\"og:locale\" content=\"es_ES\" \/>\n<meta property=\"og:type\" content=\"article\" \/>\n<meta property=\"og:title\" content=\"Cinco personas heridas tras ataque sicarial en Garz\u00f3n, Huila -\" \/>\n<meta property=\"og:url\" content=\"https:\/\/luchonoticias.com\/editor\/cinco-personas-heridas-tras-ataque-sicarial-en-garzon-huila\/\" \/>\n<meta property=\"article:publisher\" content=\"https:\/\/www.facebook.com\/luchonoticiasneiva\" \/>\n<meta property=\"article:published_time\" content=\"2023-04-03T11:47:32+00:00\" \/>\n<meta property=\"article:modified_time\" content=\"2023-04-03T11:47:33+00:00\" \/>\n<meta name=\"author\" content=\"Editor General\" \/>\n<meta name=\"twitter:card\" content=\"summary_large_image\" \/>\n<meta name=\"twitter:label1\" content=\"Escrito por\" \/>\n\t<meta name=\"twitter:data1\" content=\"Editor General\" \/>\n\t<meta name=\"twitter:label2\" content=\"Tiempo de lectura\" \/>\n\t<meta name=\"twitter:data2\" content=\"1 minuto\" \/>\n<script type=\"application\/ld+json\" class=\"yoast-schema-graph\">{\"@context\":\"https:\/\/schema.org\",\"@graph\":[{\"@type\":\"Article\",\"@id\":\"https:\/\/luchonoticias.com\/editor\/cinco-personas-heridas-tras-ataque-sicarial-en-garzon-huila\/#article\",\"isPartOf\":{\"@id\":\"https:\/\/luchonoticias.com\/editor\/cinco-personas-heridas-tras-ataque-sicarial-en-garzon-huila\/\"},\"author\":{\"name\":\"Editor General\",\"@id\":\"https:\/\/luchonoticias.com\/editor\/#\/schema\/person\/29217990ddf6f14e35912b2866d591fb\"},\"headline\":\"Cinco personas heridas tras ataque sicarial en Garz\u00f3n, Huila\",\"datePublished\":\"2023-04-03T11:47:32+00:00\",\"dateModified\":\"2023-04-03T11:47:33+00:00\",\"mainEntityOfPage\":{\"@id\":\"https:\/\/luchonoticias.com\/editor\/cinco-personas-heridas-tras-ataque-sicarial-en-garzon-huila\/\"},\"wordCount\":160,\"commentCount\":0,\"publisher\":{\"@id\":\"https:\/\/luchonoticias.com\/editor\/#\/schema\/person\/7a7fd911f58561fd056dbac7b55af9cd\"},\"articleSection\":[\"Destacado\",\"Judicial\"],\"inLanguage\":\"es\",\"potentialAction\":[{\"@type\":\"CommentAction\",\"name\":\"Comment\",\"target\":[\"https:\/\/luchonoticias.com\/editor\/cinco-personas-heridas-tras-ataque-sicarial-en-garzon-huila\/#respond\"]}]},{\"@type\":\"WebPage\",\"@id\":\"https:\/\/luchonoticias.com\/editor\/cinco-personas-heridas-tras-ataque-sicarial-en-garzon-huila\/\",\"url\":\"https:\/\/luchonoticias.com\/editor\/cinco-personas-heridas-tras-ataque-sicarial-en-garzon-huila\/\",\"name\":\"Cinco personas heridas tras ataque sicarial en Garz\u00f3n, Huila -\",\"isPartOf\":{\"@id\":\"https:\/\/luchonoticias.com\/editor\/#website\"},\"datePublished\":\"2023-04-03T11:47:32+00:00\",\"dateModified\":\"2023-04-03T11:47:33+00:00\",\"breadcrumb\":{\"@id\":\"https:\/\/luchonoticias.com\/editor\/cinco-personas-heridas-tras-ataque-sicarial-en-garzon-huila\/#breadcrumb\"},\"inLanguage\":\"es\",\"potentialAction\":[{\"@type\":\"ReadAction\",\"target\":[\"https:\/\/luchonoticias.com\/editor\/cinco-personas-heridas-tras-ataque-sicarial-en-garzon-huila\/\"]}]},{\"@type\":\"BreadcrumbList\",\"@id\":\"https:\/\/luchonoticias.com\/editor\/cinco-personas-heridas-tras-ataque-sicarial-en-garzon-huila\/#breadcrumb\",\"itemListElement\":[{\"@type\":\"ListItem\",\"position\":1,\"name\":\"Portada\",\"item\":\"https:\/\/luchonoticias.com\/editor\/\"},{\"@type\":\"ListItem\",\"position\":2,\"name\":\"Cinco personas heridas tras ataque sicarial en Garz\u00f3n, Huila\"}]},{\"@type\":\"WebSite\",\"@id\":\"https:\/\/luchonoticias.com\/editor\/#website\",\"url\":\"https:\/\/luchonoticias.com\/editor\/\",\"name\":\"\",\"description\":\"\",\"publisher\":{\"@id\":\"https:\/\/luchonoticias.com\/editor\/#\/schema\/person\/7a7fd911f58561fd056dbac7b55af9cd\"},\"potentialAction\":[{\"@type\":\"SearchAction\",\"target\":{\"@type\":\"EntryPoint\",\"urlTemplate\":\"https:\/\/luchonoticias.com\/editor\/?s={search_term_string}\"},\"query-input\":{\"@type\":\"PropertyValueSpecification\",\"valueRequired\":true,\"valueName\":\"search_term_string\"}}],\"inLanguage\":\"es\"},{\"@type\":[\"Person\",\"Organization\"],\"@id\":\"https:\/\/luchonoticias.com\/editor\/#\/schema\/person\/7a7fd911f58561fd056dbac7b55af9cd\",\"name\":\"admin\",\"image\":{\"@type\":\"ImageObject\",\"inLanguage\":\"es\",\"@id\":\"https:\/\/luchonoticias.com\/editor\/#\/schema\/person\/image\/\",\"url\":\"https:\/\/luchonoticias.com\/editor\/wp-content\/uploads\/2024\/02\/cropped-cropped-logolu.webp\",\"contentUrl\":\"https:\/\/luchonoticias.com\/editor\/wp-content\/uploads\/2024\/02\/cropped-cropped-logolu.webp\",\"width\":382,\"height\":170,\"caption\":\"admin\"},\"logo\":{\"@id\":\"https:\/\/luchonoticias.com\/editor\/#\/schema\/person\/image\/\"},\"sameAs\":[\"https:\/\/www.facebook.com\/luchonoticiasneiva\"]},{\"@type\":\"Person\",\"@id\":\"https:\/\/luchonoticias.com\/editor\/#\/schema\/person\/29217990ddf6f14e35912b2866d591fb\",\"name\":\"Editor General\",\"image\":{\"@type\":\"ImageObject\",\"inLanguage\":\"es\",\"@id\":\"https:\/\/luchonoticias.com\/editor\/#\/schema\/person\/image\/\",\"url\":\"https:\/\/luchonoticias.com\/editor\/wp-content\/uploads\/2024\/02\/cropped-cropped-logolu-150x150.webp\",\"contentUrl\":\"https:\/\/luchonoticias.com\/editor\/wp-content\/uploads\/2024\/02\/cropped-cropped-logolu-150x150.webp\",\"caption\":\"Editor General\"},\"sameAs\":[\"https:\/\/luchonoticias.com\/\"],\"url\":\"https:\/\/luchonoticias.com\/editor\/author\/editor-general\/\"}]}<\/script>\n<!-- \/ Yoast SEO plugin. -->","yoast_head_json":{"title":"Cinco personas heridas tras ataque sicarial en Garz\u00f3n, Huila -","robots":{"index":"index","follow":"follow","max-snippet":"max-snippet:-1","max-image-preview":"max-image-preview:large","max-video-preview":"max-video-preview:-1"},"canonical":"https:\/\/luchonoticias.com\/editor\/cinco-personas-heridas-tras-ataque-sicarial-en-garzon-huila\/","og_locale":"es_ES","og_type":"article","og_title":"Cinco personas heridas tras ataque sicarial en Garz\u00f3n, Huila -","og_url":"https:\/\/luchonoticias.com\/editor\/cinco-personas-heridas-tras-ataque-sicarial-en-garzon-huila\/","article_publisher":"https:\/\/www.facebook.com\/luchonoticiasneiva","article_published_time":"2023-04-03T11:47:32+00:00","article_modified_time":"2023-04-03T11:47:33+00:00","author":"Editor General","twitter_card":"summary_large_image","twitter_misc":{"Escrito por":"Editor General","Tiempo de lectura":"1 minuto"},"schema":{"@context":"https:\/\/schema.org","@graph":[{"@type":"Article","@id":"https:\/\/luchonoticias.com\/editor\/cinco-personas-heridas-tras-ataque-sicarial-en-garzon-huila\/#article","isPartOf":{"@id":"https:\/\/luchonoticias.com\/editor\/cinco-personas-heridas-tras-ataque-sicarial-en-garzon-huila\/"},"author":{"name":"Editor General","@id":"https:\/\/luchonoticias.com\/editor\/#\/schema\/person\/29217990ddf6f14e35912b2866d591fb"},"headline":"Cinco personas heridas tras ataque sicarial en Garz\u00f3n, Huila","datePublished":"2023-04-03T11:47:32+00:00","dateModified":"2023-04-03T11:47:33+00:00","mainEntityOfPage":{"@id":"https:\/\/luchonoticias.com\/editor\/cinco-personas-heridas-tras-ataque-sicarial-en-garzon-huila\/"},"wordCount":160,"commentCount":0,"publisher":{"@id":"https:\/\/luchonoticias.com\/editor\/#\/schema\/person\/7a7fd911f58561fd056dbac7b55af9cd"},"articleSection":["Destacado","Judicial"],"inLanguage":"es","potentialAction":[{"@type":"CommentAction","name":"Comment","target":["https:\/\/luchonoticias.com\/editor\/cinco-personas-heridas-tras-ataque-sicarial-en-garzon-huila\/#respond"]}]},{"@type":"WebPage","@id":"https:\/\/luchonoticias.com\/editor\/cinco-personas-heridas-tras-ataque-sicarial-en-garzon-huila\/","url":"https:\/\/luchonoticias.com\/editor\/cinco-personas-heridas-tras-ataque-sicarial-en-garzon-huila\/","name":"Cinco personas heridas tras ataque sicarial en Garz\u00f3n, Huila -","isPartOf":{"@id":"https:\/\/luchonoticias.com\/editor\/#website"},"datePublished":"2023-04-03T11:47:32+00:00","dateModified":"2023-04-03T11:47:33+00:00","breadcrumb":{"@id":"https:\/\/luchonoticias.com\/editor\/cinco-personas-heridas-tras-ataque-sicarial-en-garzon-huila\/#breadcrumb"},"inLanguage":"es","potentialAction":[{"@type":"ReadAction","target":["https:\/\/luchonoticias.com\/editor\/cinco-personas-heridas-tras-ataque-sicarial-en-garzon-huila\/"]}]},{"@type":"BreadcrumbList","@id":"https:\/\/luchonoticias.com\/editor\/cinco-personas-heridas-tras-ataque-sicarial-en-garzon-huila\/#breadcrumb","itemListElement":[{"@type":"ListItem","position":1,"name":"Portada","item":"https:\/\/luchonoticias.com\/editor\/"},{"@type":"ListItem","position":2,"name":"Cinco personas heridas tras ataque sicarial en Garz\u00f3n, Huila"}]},{"@type":"WebSite","@id":"https:\/\/luchonoticias.com\/editor\/#website","url":"https:\/\/luchonoticias.com\/editor\/","name":"","description":"","publisher":{"@id":"https:\/\/luchonoticias.com\/editor\/#\/schema\/person\/7a7fd911f58561fd056dbac7b55af9cd"},"potentialAction":[{"@type":"SearchAction","target":{"@type":"EntryPoint","urlTemplate":"https:\/\/luchonoticias.com\/editor\/?s={search_term_string}"},"query-input":{"@type":"PropertyValueSpecification","valueRequired":true,"valueName":"search_term_string"}}],"inLanguage":"es"},{"@type":["Person","Organization"],"@id":"https:\/\/luchonoticias.com\/editor\/#\/schema\/person\/7a7fd911f58561fd056dbac7b55af9cd","name":"admin","image":{"@type":"ImageObject","inLanguage":"es","@id":"https:\/\/luchonoticias.com\/editor\/#\/schema\/person\/image\/","url":"https:\/\/luchonoticias.com\/editor\/wp-content\/uploads\/2024\/02\/cropped-cropped-logolu.webp","contentUrl":"https:\/\/luchonoticias.com\/editor\/wp-content\/uploads\/2024\/02\/cropped-cropped-logolu.webp","width":382,"height":170,"caption":"admin"},"logo":{"@id":"https:\/\/luchonoticias.com\/editor\/#\/schema\/person\/image\/"},"sameAs":["https:\/\/www.facebook.com\/luchonoticiasneiva"]},{"@type":"Person","@id":"https:\/\/luchonoticias.com\/editor\/#\/schema\/person\/29217990ddf6f14e35912b2866d591fb","name":"Editor General","image":{"@type":"ImageObject","inLanguage":"es","@id":"https:\/\/luchonoticias.com\/editor\/#\/schema\/person\/image\/","url":"https:\/\/luchonoticias.com\/editor\/wp-content\/uploads\/2024\/02\/cropped-cropped-logolu-150x150.webp","contentUrl":"https:\/\/luchonoticias.com\/editor\/wp-content\/uploads\/2024\/02\/cropped-cropped-logolu-150x150.webp","caption":"Editor General"},"sameAs":["https:\/\/luchonoticias.com\/"],"url":"https:\/\/luchonoticias.com\/editor\/author\/editor-general\/"}]}},"_links":{"self":[{"href":"https:\/\/luchonoticias.com\/editor\/wp-json\/wp\/v2\/posts\/49724","targetHints":{"allow":["GET"]}}],"collection":[{"href":"https:\/\/luchonoticias.com\/editor\/wp-json\/wp\/v2\/posts"}],"about":[{"href":"https:\/\/luchonoticias.com\/editor\/wp-json\/wp\/v2\/types\/post"}],"author":[{"embeddable":true,"href":"https:\/\/luchonoticias.com\/editor\/wp-json\/wp\/v2\/users\/2"}],"replies":[{"embeddable":true,"href":"https:\/\/luchonoticias.com\/editor\/wp-json\/wp\/v2\/comments?post=49724"}],"version-history":[{"count":0,"href":"https:\/\/luchonoticias.com\/editor\/wp-json\/wp\/v2\/posts\/49724\/revisions"}],"wp:attachment":[{"href":"https:\/\/luchonoticias.com\/editor\/wp-json\/wp\/v2\/media?parent=49724"}],"wp:term":[{"taxonomy":"category","embeddable":true,"href":"https:\/\/luchonoticias.com\/editor\/wp-json\/wp\/v2\/categories?post=49724"},{"taxonomy":"post_tag","embeddable":true,"href":"https:\/\/luchonoticias.com\/editor\/wp-json\/wp\/v2\/tags?post=49724"}],"curies":[{"name":"wp","href":"https:\/\/api.w.org\/{rel}","templated":true}]}}