{"id":49868,"date":"2023-04-06T04:59:17","date_gmt":"2023-04-06T09:59:17","guid":{"rendered":"https:\/\/luchonoticias.com\/?p=49868"},"modified":"2023-04-06T04:59:18","modified_gmt":"2023-04-06T09:59:18","slug":"huilense-convocado-a-la-seleccion-colombia-de-futbol-playa","status":"publish","type":"post","link":"https:\/\/luchonoticias.com\/editor\/huilense-convocado-a-la-seleccion-colombia-de-futbol-playa\/","title":{"rendered":"Huilense convocado a la Selecci\u00f3n Colombia de f\u00fatbol playa"},"content":{"rendered":"\n<p>El&nbsp;<strong>futbolista de playa huilense V\u00edctor Morales<\/strong>, sigue acumulando convocatorias con la Selecci\u00f3n nacional.<\/p>\n\n\n\n<p>Morales fue convocado para conformar la&nbsp;<strong>Selecci\u00f3n de f\u00fatbol playa&nbsp;<\/strong>que intervendr\u00e1 este mes en el&nbsp;<strong>Acapulco Beach Soccer Cup<\/strong>&nbsp;en M\u00e9xico.<\/p>\n\n\n\n<p>La Selecci\u00f3n&nbsp;<strong>concentrar\u00e1 en Bogot\u00e1 del 10 al 11 de abril<\/strong>&nbsp;y posteriormente viajar\u00e1 a Acapulco, M\u00e9xico del 12 al 17 del mismo mes.<\/p>\n","protected":false},"excerpt":{"rendered":"<p>El&nbsp;futbolista de playa huilense V\u00edctor Morales, sigue acumulando convocatorias con la Selecci\u00f3n nacional. Morales fue convocado para conformar la&nbsp;Selecci\u00f3n de f\u00fatbol playa&nbsp;que intervendr\u00e1 este mes en el&nbsp;Acapulco Beach Soccer Cup&nbsp;en M\u00e9xico. La Selecci\u00f3n&nbsp;concentrar\u00e1 en Bogot\u00e1 del 10 al 11 de abril&nbsp;y posteriormente viajar\u00e1 a Acapulco, M\u00e9xico del 12 al 17 del mismo mes.<\/p>\n","protected":false},"author":2,"featured_media":0,"comment_status":"open","ping_status":"open","sticky":false,"template":"","format":"standard","meta":{"footnotes":""},"categories":[34],"tags":[],"class_list":["post-49868","post","type-post","status-publish","format-standard","hentry","category-deportes"],"yoast_head":"<!-- This site is optimized with the Yoast SEO plugin v26.6 - https:\/\/yoast.com\/wordpress\/plugins\/seo\/ -->\n<title>Huilense convocado a la Selecci\u00f3n Colombia de f\u00fatbol playa -<\/title>\n<meta name=\"robots\" content=\"index, follow, max-snippet:-1, max-image-preview:large, max-video-preview:-1\" \/>\n<link rel=\"canonical\" href=\"https:\/\/luchonoticias.com\/editor\/huilense-convocado-a-la-seleccion-colombia-de-futbol-playa\/\" \/>\n<meta property=\"og:locale\" content=\"es_ES\" \/>\n<meta property=\"og:type\" content=\"article\" \/>\n<meta property=\"og:title\" content=\"Huilense convocado a la Selecci\u00f3n Colombia de f\u00fatbol playa -\" \/>\n<meta property=\"og:url\" content=\"https:\/\/luchonoticias.com\/editor\/huilense-convocado-a-la-seleccion-colombia-de-futbol-playa\/\" \/>\n<meta property=\"article:publisher\" content=\"https:\/\/www.facebook.com\/luchonoticiasneiva\" \/>\n<meta property=\"article:published_time\" content=\"2023-04-06T09:59:17+00:00\" \/>\n<meta property=\"article:modified_time\" content=\"2023-04-06T09:59:18+00:00\" \/>\n<meta name=\"author\" content=\"Editor General\" \/>\n<meta name=\"twitter:card\" content=\"summary_large_image\" \/>\n<meta name=\"twitter:label1\" content=\"Escrito por\" \/>\n\t<meta name=\"twitter:data1\" content=\"Editor General\" \/>\n<script type=\"application\/ld+json\" class=\"yoast-schema-graph\">{\"@context\":\"https:\/\/schema.org\",\"@graph\":[{\"@type\":\"Article\",\"@id\":\"https:\/\/luchonoticias.com\/editor\/huilense-convocado-a-la-seleccion-colombia-de-futbol-playa\/#article\",\"isPartOf\":{\"@id\":\"https:\/\/luchonoticias.com\/editor\/huilense-convocado-a-la-seleccion-colombia-de-futbol-playa\/\"},\"author\":{\"name\":\"Editor General\",\"@id\":\"https:\/\/luchonoticias.com\/editor\/#\/schema\/person\/29217990ddf6f14e35912b2866d591fb\"},\"headline\":\"Huilense convocado a la Selecci\u00f3n Colombia de f\u00fatbol playa\",\"datePublished\":\"2023-04-06T09:59:17+00:00\",\"dateModified\":\"2023-04-06T09:59:18+00:00\",\"mainEntityOfPage\":{\"@id\":\"https:\/\/luchonoticias.com\/editor\/huilense-convocado-a-la-seleccion-colombia-de-futbol-playa\/\"},\"wordCount\":81,\"commentCount\":0,\"publisher\":{\"@id\":\"https:\/\/luchonoticias.com\/editor\/#\/schema\/person\/7a7fd911f58561fd056dbac7b55af9cd\"},\"articleSection\":[\"Deportes\"],\"inLanguage\":\"es\",\"potentialAction\":[{\"@type\":\"CommentAction\",\"name\":\"Comment\",\"target\":[\"https:\/\/luchonoticias.com\/editor\/huilense-convocado-a-la-seleccion-colombia-de-futbol-playa\/#respond\"]}]},{\"@type\":\"WebPage\",\"@id\":\"https:\/\/luchonoticias.com\/editor\/huilense-convocado-a-la-seleccion-colombia-de-futbol-playa\/\",\"url\":\"https:\/\/luchonoticias.com\/editor\/huilense-convocado-a-la-seleccion-colombia-de-futbol-playa\/\",\"name\":\"Huilense convocado a la Selecci\u00f3n Colombia de f\u00fatbol playa -\",\"isPartOf\":{\"@id\":\"https:\/\/luchonoticias.com\/editor\/#website\"},\"datePublished\":\"2023-04-06T09:59:17+00:00\",\"dateModified\":\"2023-04-06T09:59:18+00:00\",\"breadcrumb\":{\"@id\":\"https:\/\/luchonoticias.com\/editor\/huilense-convocado-a-la-seleccion-colombia-de-futbol-playa\/#breadcrumb\"},\"inLanguage\":\"es\",\"potentialAction\":[{\"@type\":\"ReadAction\",\"target\":[\"https:\/\/luchonoticias.com\/editor\/huilense-convocado-a-la-seleccion-colombia-de-futbol-playa\/\"]}]},{\"@type\":\"BreadcrumbList\",\"@id\":\"https:\/\/luchonoticias.com\/editor\/huilense-convocado-a-la-seleccion-colombia-de-futbol-playa\/#breadcrumb\",\"itemListElement\":[{\"@type\":\"ListItem\",\"position\":1,\"name\":\"Portada\",\"item\":\"https:\/\/luchonoticias.com\/editor\/\"},{\"@type\":\"ListItem\",\"position\":2,\"name\":\"Huilense convocado a la Selecci\u00f3n Colombia de f\u00fatbol playa\"}]},{\"@type\":\"WebSite\",\"@id\":\"https:\/\/luchonoticias.com\/editor\/#website\",\"url\":\"https:\/\/luchonoticias.com\/editor\/\",\"name\":\"\",\"description\":\"\",\"publisher\":{\"@id\":\"https:\/\/luchonoticias.com\/editor\/#\/schema\/person\/7a7fd911f58561fd056dbac7b55af9cd\"},\"potentialAction\":[{\"@type\":\"SearchAction\",\"target\":{\"@type\":\"EntryPoint\",\"urlTemplate\":\"https:\/\/luchonoticias.com\/editor\/?s={search_term_string}\"},\"query-input\":{\"@type\":\"PropertyValueSpecification\",\"valueRequired\":true,\"valueName\":\"search_term_string\"}}],\"inLanguage\":\"es\"},{\"@type\":[\"Person\",\"Organization\"],\"@id\":\"https:\/\/luchonoticias.com\/editor\/#\/schema\/person\/7a7fd911f58561fd056dbac7b55af9cd\",\"name\":\"admin\",\"image\":{\"@type\":\"ImageObject\",\"inLanguage\":\"es\",\"@id\":\"https:\/\/luchonoticias.com\/editor\/#\/schema\/person\/image\/\",\"url\":\"https:\/\/luchonoticias.com\/editor\/wp-content\/uploads\/2024\/02\/cropped-cropped-logolu.webp\",\"contentUrl\":\"https:\/\/luchonoticias.com\/editor\/wp-content\/uploads\/2024\/02\/cropped-cropped-logolu.webp\",\"width\":382,\"height\":170,\"caption\":\"admin\"},\"logo\":{\"@id\":\"https:\/\/luchonoticias.com\/editor\/#\/schema\/person\/image\/\"},\"sameAs\":[\"https:\/\/www.facebook.com\/luchonoticiasneiva\"]},{\"@type\":\"Person\",\"@id\":\"https:\/\/luchonoticias.com\/editor\/#\/schema\/person\/29217990ddf6f14e35912b2866d591fb\",\"name\":\"Editor General\",\"image\":{\"@type\":\"ImageObject\",\"inLanguage\":\"es\",\"@id\":\"https:\/\/luchonoticias.com\/editor\/#\/schema\/person\/image\/\",\"url\":\"https:\/\/luchonoticias.com\/editor\/wp-content\/uploads\/2024\/02\/cropped-cropped-logolu-150x150.webp\",\"contentUrl\":\"https:\/\/luchonoticias.com\/editor\/wp-content\/uploads\/2024\/02\/cropped-cropped-logolu-150x150.webp\",\"caption\":\"Editor General\"},\"sameAs\":[\"https:\/\/luchonoticias.com\/\"],\"url\":\"https:\/\/luchonoticias.com\/editor\/author\/editor-general\/\"}]}<\/script>\n<!-- \/ Yoast SEO plugin. -->","yoast_head_json":{"title":"Huilense convocado a la Selecci\u00f3n Colombia de f\u00fatbol playa -","robots":{"index":"index","follow":"follow","max-snippet":"max-snippet:-1","max-image-preview":"max-image-preview:large","max-video-preview":"max-video-preview:-1"},"canonical":"https:\/\/luchonoticias.com\/editor\/huilense-convocado-a-la-seleccion-colombia-de-futbol-playa\/","og_locale":"es_ES","og_type":"article","og_title":"Huilense convocado a la Selecci\u00f3n Colombia de f\u00fatbol playa -","og_url":"https:\/\/luchonoticias.com\/editor\/huilense-convocado-a-la-seleccion-colombia-de-futbol-playa\/","article_publisher":"https:\/\/www.facebook.com\/luchonoticiasneiva","article_published_time":"2023-04-06T09:59:17+00:00","article_modified_time":"2023-04-06T09:59:18+00:00","author":"Editor General","twitter_card":"summary_large_image","twitter_misc":{"Escrito por":"Editor General"},"schema":{"@context":"https:\/\/schema.org","@graph":[{"@type":"Article","@id":"https:\/\/luchonoticias.com\/editor\/huilense-convocado-a-la-seleccion-colombia-de-futbol-playa\/#article","isPartOf":{"@id":"https:\/\/luchonoticias.com\/editor\/huilense-convocado-a-la-seleccion-colombia-de-futbol-playa\/"},"author":{"name":"Editor General","@id":"https:\/\/luchonoticias.com\/editor\/#\/schema\/person\/29217990ddf6f14e35912b2866d591fb"},"headline":"Huilense convocado a la Selecci\u00f3n Colombia de f\u00fatbol playa","datePublished":"2023-04-06T09:59:17+00:00","dateModified":"2023-04-06T09:59:18+00:00","mainEntityOfPage":{"@id":"https:\/\/luchonoticias.com\/editor\/huilense-convocado-a-la-seleccion-colombia-de-futbol-playa\/"},"wordCount":81,"commentCount":0,"publisher":{"@id":"https:\/\/luchonoticias.com\/editor\/#\/schema\/person\/7a7fd911f58561fd056dbac7b55af9cd"},"articleSection":["Deportes"],"inLanguage":"es","potentialAction":[{"@type":"CommentAction","name":"Comment","target":["https:\/\/luchonoticias.com\/editor\/huilense-convocado-a-la-seleccion-colombia-de-futbol-playa\/#respond"]}]},{"@type":"WebPage","@id":"https:\/\/luchonoticias.com\/editor\/huilense-convocado-a-la-seleccion-colombia-de-futbol-playa\/","url":"https:\/\/luchonoticias.com\/editor\/huilense-convocado-a-la-seleccion-colombia-de-futbol-playa\/","name":"Huilense convocado a la Selecci\u00f3n Colombia de f\u00fatbol playa -","isPartOf":{"@id":"https:\/\/luchonoticias.com\/editor\/#website"},"datePublished":"2023-04-06T09:59:17+00:00","dateModified":"2023-04-06T09:59:18+00:00","breadcrumb":{"@id":"https:\/\/luchonoticias.com\/editor\/huilense-convocado-a-la-seleccion-colombia-de-futbol-playa\/#breadcrumb"},"inLanguage":"es","potentialAction":[{"@type":"ReadAction","target":["https:\/\/luchonoticias.com\/editor\/huilense-convocado-a-la-seleccion-colombia-de-futbol-playa\/"]}]},{"@type":"BreadcrumbList","@id":"https:\/\/luchonoticias.com\/editor\/huilense-convocado-a-la-seleccion-colombia-de-futbol-playa\/#breadcrumb","itemListElement":[{"@type":"ListItem","position":1,"name":"Portada","item":"https:\/\/luchonoticias.com\/editor\/"},{"@type":"ListItem","position":2,"name":"Huilense convocado a la Selecci\u00f3n Colombia de f\u00fatbol playa"}]},{"@type":"WebSite","@id":"https:\/\/luchonoticias.com\/editor\/#website","url":"https:\/\/luchonoticias.com\/editor\/","name":"","description":"","publisher":{"@id":"https:\/\/luchonoticias.com\/editor\/#\/schema\/person\/7a7fd911f58561fd056dbac7b55af9cd"},"potentialAction":[{"@type":"SearchAction","target":{"@type":"EntryPoint","urlTemplate":"https:\/\/luchonoticias.com\/editor\/?s={search_term_string}"},"query-input":{"@type":"PropertyValueSpecification","valueRequired":true,"valueName":"search_term_string"}}],"inLanguage":"es"},{"@type":["Person","Organization"],"@id":"https:\/\/luchonoticias.com\/editor\/#\/schema\/person\/7a7fd911f58561fd056dbac7b55af9cd","name":"admin","image":{"@type":"ImageObject","inLanguage":"es","@id":"https:\/\/luchonoticias.com\/editor\/#\/schema\/person\/image\/","url":"https:\/\/luchonoticias.com\/editor\/wp-content\/uploads\/2024\/02\/cropped-cropped-logolu.webp","contentUrl":"https:\/\/luchonoticias.com\/editor\/wp-content\/uploads\/2024\/02\/cropped-cropped-logolu.webp","width":382,"height":170,"caption":"admin"},"logo":{"@id":"https:\/\/luchonoticias.com\/editor\/#\/schema\/person\/image\/"},"sameAs":["https:\/\/www.facebook.com\/luchonoticiasneiva"]},{"@type":"Person","@id":"https:\/\/luchonoticias.com\/editor\/#\/schema\/person\/29217990ddf6f14e35912b2866d591fb","name":"Editor General","image":{"@type":"ImageObject","inLanguage":"es","@id":"https:\/\/luchonoticias.com\/editor\/#\/schema\/person\/image\/","url":"https:\/\/luchonoticias.com\/editor\/wp-content\/uploads\/2024\/02\/cropped-cropped-logolu-150x150.webp","contentUrl":"https:\/\/luchonoticias.com\/editor\/wp-content\/uploads\/2024\/02\/cropped-cropped-logolu-150x150.webp","caption":"Editor General"},"sameAs":["https:\/\/luchonoticias.com\/"],"url":"https:\/\/luchonoticias.com\/editor\/author\/editor-general\/"}]}},"_links":{"self":[{"href":"https:\/\/luchonoticias.com\/editor\/wp-json\/wp\/v2\/posts\/49868","targetHints":{"allow":["GET"]}}],"collection":[{"href":"https:\/\/luchonoticias.com\/editor\/wp-json\/wp\/v2\/posts"}],"about":[{"href":"https:\/\/luchonoticias.com\/editor\/wp-json\/wp\/v2\/types\/post"}],"author":[{"embeddable":true,"href":"https:\/\/luchonoticias.com\/editor\/wp-json\/wp\/v2\/users\/2"}],"replies":[{"embeddable":true,"href":"https:\/\/luchonoticias.com\/editor\/wp-json\/wp\/v2\/comments?post=49868"}],"version-history":[{"count":0,"href":"https:\/\/luchonoticias.com\/editor\/wp-json\/wp\/v2\/posts\/49868\/revisions"}],"wp:attachment":[{"href":"https:\/\/luchonoticias.com\/editor\/wp-json\/wp\/v2\/media?parent=49868"}],"wp:term":[{"taxonomy":"category","embeddable":true,"href":"https:\/\/luchonoticias.com\/editor\/wp-json\/wp\/v2\/categories?post=49868"},{"taxonomy":"post_tag","embeddable":true,"href":"https:\/\/luchonoticias.com\/editor\/wp-json\/wp\/v2\/tags?post=49868"}],"curies":[{"name":"wp","href":"https:\/\/api.w.org\/{rel}","templated":true}]}}