{"id":50024,"date":"2023-04-09T16:01:56","date_gmt":"2023-04-09T21:01:56","guid":{"rendered":"https:\/\/luchonoticias.com\/?p=50024"},"modified":"2023-04-09T16:01:57","modified_gmt":"2023-04-09T21:01:57","slug":"semana-santa-se-caracterizo-por-ser-una-de-las-mas-tranquilas-de-los-ultimos-10-anos-en-el-huila","status":"publish","type":"post","link":"https:\/\/luchonoticias.com\/editor\/semana-santa-se-caracterizo-por-ser-una-de-las-mas-tranquilas-de-los-ultimos-10-anos-en-el-huila\/","title":{"rendered":"Semana Santa se caracteriz\u00f3 por ser una de las m\u00e1s tranquilas de los \u00faltimos 10 a\u00f1os en el Huila"},"content":{"rendered":"\n<p>&nbsp;El coronel Gustavo Camargo, comandante de la Polic\u00eda Huila indic\u00f3 que \u00abla ciudadan\u00eda tuvo un comportamiento ejemplar y de resaltar durante esta Semana Mayor, se redujeron los homicidios y otros delitos de impacto, esta semana pasar\u00e1 a la historia como una de las m\u00e1s tranquilas para el departamento en los \u00faltimos 10 a\u00f1os, adem\u00e1s hubo una reducci\u00f3n del -50% en la siniestralidad vial\u00bb sostuvo el oficial.<\/p>\n\n\n\n<p>\u00a0Mientras tanto, este fin de semana la Polic\u00eda Huila report\u00f3 la captura de 14 personas por delitos relacionados a tr\u00e1fico de estupefacientes, hurto, violencia contra servidores p\u00fablico y uso de documento falso, asimismo, la incautaci\u00f3n de 10 kilos de marihuana y la recuperaci\u00f3n de tres motocicletas.<\/p>\n\n\n\n<figure class=\"wp-block-gallery has-nested-images columns-default is-cropped wp-block-gallery-1 is-layout-flex wp-block-gallery-is-layout-flex\">\n<figure class=\"wp-block-image size-large\"><img decoding=\"async\" data-id=\"50032\" src=\"https:\/\/luchonoticias.com\/wp-content\/uploads\/2023\/04\/WhatsApp-Image-2023-04-09-at-3.30.51-PM-1-1-1024x768.jpeg\" alt=\"\" class=\"wp-image-50032\"\/><\/figure>\n\n\n\n<figure class=\"wp-block-image size-large\"><img decoding=\"async\" data-id=\"50034\" src=\"https:\/\/luchonoticias.com\/wp-content\/uploads\/2023\/04\/WhatsApp-Image-2023-04-09-at-3.30.51-PM-1024x855.jpeg\" alt=\"\" class=\"wp-image-50034\"\/><\/figure>\n\n\n\n<figure class=\"wp-block-image size-large\"><img decoding=\"async\" data-id=\"50033\" src=\"https:\/\/luchonoticias.com\/wp-content\/uploads\/2023\/04\/WhatsApp-Image-2023-04-09-at-3.30.50-PM-2.jpeg\" alt=\"\" class=\"wp-image-50033\"\/><\/figure>\n<\/figure>\n\n\n\n<p>&nbsp;240.000 veh\u00edculos se han movilizado durante la Semana Santa por el departamento del Huila, siete cuadrantes viales de la Seccional de Tr\u00e1nsito y Transportes de la Polic\u00eda Huila con el apoyo de las diferentes especialidades, han permitido la reducci\u00f3n de la siniestralidad durante Semana Mayor en comparaci\u00f3n con el a\u00f1o anterior.<\/p>\n\n\n\n<p>En esta semana que culmina se presentaron cinco siniestros viales con dos personas fallecidas y cinco lesionados, esto representa una disminuci\u00f3n del -50% en comparaci\u00f3n con la Semana Santa del a\u00f1o 2022.<\/p>\n\n\n\n<figure class=\"wp-block-gallery has-nested-images columns-default is-cropped wp-block-gallery-2 is-layout-flex wp-block-gallery-is-layout-flex\">\n<figure class=\"wp-block-image size-large\"><img decoding=\"async\" data-id=\"50030\" src=\"https:\/\/luchonoticias.com\/wp-content\/uploads\/2023\/04\/WhatsApp-Image-2023-04-09-at-3.30.49-PM-1-1024x768.jpeg\" alt=\"\" class=\"wp-image-50030\"\/><\/figure>\n\n\n\n<figure class=\"wp-block-image size-large\"><img decoding=\"async\" data-id=\"50029\" src=\"https:\/\/luchonoticias.com\/wp-content\/uploads\/2023\/04\/WhatsApp-Image-2023-04-09-at-3.30.49-PM-1024x505.jpeg\" alt=\"\" class=\"wp-image-50029\"\/><\/figure>\n\n\n\n<figure class=\"wp-block-image size-large\"><img decoding=\"async\" data-id=\"50031\" src=\"https:\/\/luchonoticias.com\/wp-content\/uploads\/2023\/04\/WhatsApp-Image-2023-04-09-at-3.30.48-PM-2-1024x505.jpeg\" alt=\"\" class=\"wp-image-50031\"\/><\/figure>\n<\/figure>\n\n\n\n<p>&nbsp;Durante la Semana Mayor se impusieron 383 comparendos y se inmovilizaron cinco veh\u00edculos por infracciones al c\u00f3digo de tr\u00e1nsito, es de anotar que estos controles sobre la v\u00eda, evitaron la ocurrencia de accidentes y\/o siniestros.<\/p>\n\n\n\n<p>El Plan Retorno avanza sin contratiempos en el departamento del Huila.<\/p>\n","protected":false},"excerpt":{"rendered":"<p>&nbsp;El coronel Gustavo Camargo, comandante de la Polic\u00eda Huila indic\u00f3 que \u00abla ciudadan\u00eda tuvo un comportamiento ejemplar y de resaltar durante esta Semana Mayor, se redujeron los homicidios y otros delitos de impacto, esta semana pasar\u00e1 a la historia como una de las m\u00e1s tranquilas para el departamento en los \u00faltimos 10 a\u00f1os, adem\u00e1s hubo [&hellip;]<\/p>\n","protected":false},"author":2,"featured_media":0,"comment_status":"open","ping_status":"open","sticky":false,"template":"","format":"standard","meta":{"footnotes":""},"categories":[36,29],"tags":[],"class_list":["post-50024","post","type-post","status-publish","format-standard","hentry","category-destacado","category-judicial"],"yoast_head":"<!-- This site is optimized with the Yoast SEO plugin v26.6 - https:\/\/yoast.com\/wordpress\/plugins\/seo\/ -->\n<title>Semana Santa se caracteriz\u00f3 por ser una de las m\u00e1s tranquilas de los \u00faltimos 10 a\u00f1os en el Huila -<\/title>\n<meta name=\"robots\" content=\"index, follow, max-snippet:-1, max-image-preview:large, max-video-preview:-1\" \/>\n<link rel=\"canonical\" href=\"https:\/\/luchonoticias.com\/editor\/semana-santa-se-caracterizo-por-ser-una-de-las-mas-tranquilas-de-los-ultimos-10-anos-en-el-huila\/\" \/>\n<meta property=\"og:locale\" content=\"es_ES\" \/>\n<meta property=\"og:type\" content=\"article\" \/>\n<meta property=\"og:title\" content=\"Semana Santa se caracteriz\u00f3 por ser una de las m\u00e1s tranquilas de los \u00faltimos 10 a\u00f1os en el Huila -\" \/>\n<meta property=\"og:url\" content=\"https:\/\/luchonoticias.com\/editor\/semana-santa-se-caracterizo-por-ser-una-de-las-mas-tranquilas-de-los-ultimos-10-anos-en-el-huila\/\" \/>\n<meta property=\"article:publisher\" content=\"https:\/\/www.facebook.com\/luchonoticiasneiva\" \/>\n<meta property=\"article:published_time\" content=\"2023-04-09T21:01:56+00:00\" \/>\n<meta property=\"article:modified_time\" content=\"2023-04-09T21:01:57+00:00\" \/>\n<meta property=\"og:image\" content=\"https:\/\/luchonoticias.com\/wp-content\/uploads\/2023\/04\/WhatsApp-Image-2023-04-09-at-3.30.51-PM-1-1-1024x768.jpeg\" \/>\n<meta name=\"author\" content=\"Editor General\" \/>\n<meta name=\"twitter:card\" content=\"summary_large_image\" \/>\n<meta name=\"twitter:label1\" content=\"Escrito por\" \/>\n\t<meta name=\"twitter:data1\" content=\"Editor General\" \/>\n\t<meta name=\"twitter:label2\" content=\"Tiempo de lectura\" \/>\n\t<meta name=\"twitter:data2\" content=\"1 minuto\" \/>\n<script type=\"application\/ld+json\" class=\"yoast-schema-graph\">{\"@context\":\"https:\/\/schema.org\",\"@graph\":[{\"@type\":\"Article\",\"@id\":\"https:\/\/luchonoticias.com\/editor\/semana-santa-se-caracterizo-por-ser-una-de-las-mas-tranquilas-de-los-ultimos-10-anos-en-el-huila\/#article\",\"isPartOf\":{\"@id\":\"https:\/\/luchonoticias.com\/editor\/semana-santa-se-caracterizo-por-ser-una-de-las-mas-tranquilas-de-los-ultimos-10-anos-en-el-huila\/\"},\"author\":{\"name\":\"Editor General\",\"@id\":\"https:\/\/luchonoticias.com\/editor\/#\/schema\/person\/29217990ddf6f14e35912b2866d591fb\"},\"headline\":\"Semana Santa se caracteriz\u00f3 por ser una de las m\u00e1s tranquilas de los \u00faltimos 10 a\u00f1os en el Huila\",\"datePublished\":\"2023-04-09T21:01:56+00:00\",\"dateModified\":\"2023-04-09T21:01:57+00:00\",\"mainEntityOfPage\":{\"@id\":\"https:\/\/luchonoticias.com\/editor\/semana-santa-se-caracterizo-por-ser-una-de-las-mas-tranquilas-de-los-ultimos-10-anos-en-el-huila\/\"},\"wordCount\":283,\"commentCount\":0,\"publisher\":{\"@id\":\"https:\/\/luchonoticias.com\/editor\/#\/schema\/person\/7a7fd911f58561fd056dbac7b55af9cd\"},\"image\":{\"@id\":\"https:\/\/luchonoticias.com\/editor\/semana-santa-se-caracterizo-por-ser-una-de-las-mas-tranquilas-de-los-ultimos-10-anos-en-el-huila\/#primaryimage\"},\"thumbnailUrl\":\"https:\/\/luchonoticias.com\/wp-content\/uploads\/2023\/04\/WhatsApp-Image-2023-04-09-at-3.30.51-PM-1-1-1024x768.jpeg\",\"articleSection\":[\"Destacado\",\"Judicial\"],\"inLanguage\":\"es\",\"potentialAction\":[{\"@type\":\"CommentAction\",\"name\":\"Comment\",\"target\":[\"https:\/\/luchonoticias.com\/editor\/semana-santa-se-caracterizo-por-ser-una-de-las-mas-tranquilas-de-los-ultimos-10-anos-en-el-huila\/#respond\"]}]},{\"@type\":\"WebPage\",\"@id\":\"https:\/\/luchonoticias.com\/editor\/semana-santa-se-caracterizo-por-ser-una-de-las-mas-tranquilas-de-los-ultimos-10-anos-en-el-huila\/\",\"url\":\"https:\/\/luchonoticias.com\/editor\/semana-santa-se-caracterizo-por-ser-una-de-las-mas-tranquilas-de-los-ultimos-10-anos-en-el-huila\/\",\"name\":\"Semana Santa se caracteriz\u00f3 por ser una de las m\u00e1s tranquilas de los \u00faltimos 10 a\u00f1os en el Huila -\",\"isPartOf\":{\"@id\":\"https:\/\/luchonoticias.com\/editor\/#website\"},\"primaryImageOfPage\":{\"@id\":\"https:\/\/luchonoticias.com\/editor\/semana-santa-se-caracterizo-por-ser-una-de-las-mas-tranquilas-de-los-ultimos-10-anos-en-el-huila\/#primaryimage\"},\"image\":{\"@id\":\"https:\/\/luchonoticias.com\/editor\/semana-santa-se-caracterizo-por-ser-una-de-las-mas-tranquilas-de-los-ultimos-10-anos-en-el-huila\/#primaryimage\"},\"thumbnailUrl\":\"https:\/\/luchonoticias.com\/wp-content\/uploads\/2023\/04\/WhatsApp-Image-2023-04-09-at-3.30.51-PM-1-1-1024x768.jpeg\",\"datePublished\":\"2023-04-09T21:01:56+00:00\",\"dateModified\":\"2023-04-09T21:01:57+00:00\",\"breadcrumb\":{\"@id\":\"https:\/\/luchonoticias.com\/editor\/semana-santa-se-caracterizo-por-ser-una-de-las-mas-tranquilas-de-los-ultimos-10-anos-en-el-huila\/#breadcrumb\"},\"inLanguage\":\"es\",\"potentialAction\":[{\"@type\":\"ReadAction\",\"target\":[\"https:\/\/luchonoticias.com\/editor\/semana-santa-se-caracterizo-por-ser-una-de-las-mas-tranquilas-de-los-ultimos-10-anos-en-el-huila\/\"]}]},{\"@type\":\"ImageObject\",\"inLanguage\":\"es\",\"@id\":\"https:\/\/luchonoticias.com\/editor\/semana-santa-se-caracterizo-por-ser-una-de-las-mas-tranquilas-de-los-ultimos-10-anos-en-el-huila\/#primaryimage\",\"url\":\"https:\/\/luchonoticias.com\/wp-content\/uploads\/2023\/04\/WhatsApp-Image-2023-04-09-at-3.30.51-PM-1-1-1024x768.jpeg\",\"contentUrl\":\"https:\/\/luchonoticias.com\/wp-content\/uploads\/2023\/04\/WhatsApp-Image-2023-04-09-at-3.30.51-PM-1-1-1024x768.jpeg\"},{\"@type\":\"BreadcrumbList\",\"@id\":\"https:\/\/luchonoticias.com\/editor\/semana-santa-se-caracterizo-por-ser-una-de-las-mas-tranquilas-de-los-ultimos-10-anos-en-el-huila\/#breadcrumb\",\"itemListElement\":[{\"@type\":\"ListItem\",\"position\":1,\"name\":\"Portada\",\"item\":\"https:\/\/luchonoticias.com\/editor\/\"},{\"@type\":\"ListItem\",\"position\":2,\"name\":\"Semana Santa se caracteriz\u00f3 por ser una de las m\u00e1s tranquilas de los \u00faltimos 10 a\u00f1os en el Huila\"}]},{\"@type\":\"WebSite\",\"@id\":\"https:\/\/luchonoticias.com\/editor\/#website\",\"url\":\"https:\/\/luchonoticias.com\/editor\/\",\"name\":\"\",\"description\":\"\",\"publisher\":{\"@id\":\"https:\/\/luchonoticias.com\/editor\/#\/schema\/person\/7a7fd911f58561fd056dbac7b55af9cd\"},\"potentialAction\":[{\"@type\":\"SearchAction\",\"target\":{\"@type\":\"EntryPoint\",\"urlTemplate\":\"https:\/\/luchonoticias.com\/editor\/?s={search_term_string}\"},\"query-input\":{\"@type\":\"PropertyValueSpecification\",\"valueRequired\":true,\"valueName\":\"search_term_string\"}}],\"inLanguage\":\"es\"},{\"@type\":[\"Person\",\"Organization\"],\"@id\":\"https:\/\/luchonoticias.com\/editor\/#\/schema\/person\/7a7fd911f58561fd056dbac7b55af9cd\",\"name\":\"admin\",\"image\":{\"@type\":\"ImageObject\",\"inLanguage\":\"es\",\"@id\":\"https:\/\/luchonoticias.com\/editor\/#\/schema\/person\/image\/\",\"url\":\"https:\/\/luchonoticias.com\/editor\/wp-content\/uploads\/2024\/02\/cropped-cropped-logolu.webp\",\"contentUrl\":\"https:\/\/luchonoticias.com\/editor\/wp-content\/uploads\/2024\/02\/cropped-cropped-logolu.webp\",\"width\":382,\"height\":170,\"caption\":\"admin\"},\"logo\":{\"@id\":\"https:\/\/luchonoticias.com\/editor\/#\/schema\/person\/image\/\"},\"sameAs\":[\"https:\/\/www.facebook.com\/luchonoticiasneiva\"]},{\"@type\":\"Person\",\"@id\":\"https:\/\/luchonoticias.com\/editor\/#\/schema\/person\/29217990ddf6f14e35912b2866d591fb\",\"name\":\"Editor General\",\"image\":{\"@type\":\"ImageObject\",\"inLanguage\":\"es\",\"@id\":\"https:\/\/luchonoticias.com\/editor\/#\/schema\/person\/image\/\",\"url\":\"https:\/\/luchonoticias.com\/editor\/wp-content\/uploads\/2024\/02\/cropped-cropped-logolu-150x150.webp\",\"contentUrl\":\"https:\/\/luchonoticias.com\/editor\/wp-content\/uploads\/2024\/02\/cropped-cropped-logolu-150x150.webp\",\"caption\":\"Editor General\"},\"sameAs\":[\"https:\/\/luchonoticias.com\/\"],\"url\":\"https:\/\/luchonoticias.com\/editor\/author\/editor-general\/\"}]}<\/script>\n<!-- \/ Yoast SEO plugin. -->","yoast_head_json":{"title":"Semana Santa se caracteriz\u00f3 por ser una de las m\u00e1s tranquilas de los \u00faltimos 10 a\u00f1os en el Huila -","robots":{"index":"index","follow":"follow","max-snippet":"max-snippet:-1","max-image-preview":"max-image-preview:large","max-video-preview":"max-video-preview:-1"},"canonical":"https:\/\/luchonoticias.com\/editor\/semana-santa-se-caracterizo-por-ser-una-de-las-mas-tranquilas-de-los-ultimos-10-anos-en-el-huila\/","og_locale":"es_ES","og_type":"article","og_title":"Semana Santa se caracteriz\u00f3 por ser una de las m\u00e1s tranquilas de los \u00faltimos 10 a\u00f1os en el Huila -","og_url":"https:\/\/luchonoticias.com\/editor\/semana-santa-se-caracterizo-por-ser-una-de-las-mas-tranquilas-de-los-ultimos-10-anos-en-el-huila\/","article_publisher":"https:\/\/www.facebook.com\/luchonoticiasneiva","article_published_time":"2023-04-09T21:01:56+00:00","article_modified_time":"2023-04-09T21:01:57+00:00","og_image":[{"url":"https:\/\/luchonoticias.com\/wp-content\/uploads\/2023\/04\/WhatsApp-Image-2023-04-09-at-3.30.51-PM-1-1-1024x768.jpeg","type":"","width":"","height":""}],"author":"Editor General","twitter_card":"summary_large_image","twitter_misc":{"Escrito por":"Editor General","Tiempo de lectura":"1 minuto"},"schema":{"@context":"https:\/\/schema.org","@graph":[{"@type":"Article","@id":"https:\/\/luchonoticias.com\/editor\/semana-santa-se-caracterizo-por-ser-una-de-las-mas-tranquilas-de-los-ultimos-10-anos-en-el-huila\/#article","isPartOf":{"@id":"https:\/\/luchonoticias.com\/editor\/semana-santa-se-caracterizo-por-ser-una-de-las-mas-tranquilas-de-los-ultimos-10-anos-en-el-huila\/"},"author":{"name":"Editor General","@id":"https:\/\/luchonoticias.com\/editor\/#\/schema\/person\/29217990ddf6f14e35912b2866d591fb"},"headline":"Semana Santa se caracteriz\u00f3 por ser una de las m\u00e1s tranquilas de los \u00faltimos 10 a\u00f1os en el Huila","datePublished":"2023-04-09T21:01:56+00:00","dateModified":"2023-04-09T21:01:57+00:00","mainEntityOfPage":{"@id":"https:\/\/luchonoticias.com\/editor\/semana-santa-se-caracterizo-por-ser-una-de-las-mas-tranquilas-de-los-ultimos-10-anos-en-el-huila\/"},"wordCount":283,"commentCount":0,"publisher":{"@id":"https:\/\/luchonoticias.com\/editor\/#\/schema\/person\/7a7fd911f58561fd056dbac7b55af9cd"},"image":{"@id":"https:\/\/luchonoticias.com\/editor\/semana-santa-se-caracterizo-por-ser-una-de-las-mas-tranquilas-de-los-ultimos-10-anos-en-el-huila\/#primaryimage"},"thumbnailUrl":"https:\/\/luchonoticias.com\/wp-content\/uploads\/2023\/04\/WhatsApp-Image-2023-04-09-at-3.30.51-PM-1-1-1024x768.jpeg","articleSection":["Destacado","Judicial"],"inLanguage":"es","potentialAction":[{"@type":"CommentAction","name":"Comment","target":["https:\/\/luchonoticias.com\/editor\/semana-santa-se-caracterizo-por-ser-una-de-las-mas-tranquilas-de-los-ultimos-10-anos-en-el-huila\/#respond"]}]},{"@type":"WebPage","@id":"https:\/\/luchonoticias.com\/editor\/semana-santa-se-caracterizo-por-ser-una-de-las-mas-tranquilas-de-los-ultimos-10-anos-en-el-huila\/","url":"https:\/\/luchonoticias.com\/editor\/semana-santa-se-caracterizo-por-ser-una-de-las-mas-tranquilas-de-los-ultimos-10-anos-en-el-huila\/","name":"Semana Santa se caracteriz\u00f3 por ser una de las m\u00e1s tranquilas de los \u00faltimos 10 a\u00f1os en el Huila -","isPartOf":{"@id":"https:\/\/luchonoticias.com\/editor\/#website"},"primaryImageOfPage":{"@id":"https:\/\/luchonoticias.com\/editor\/semana-santa-se-caracterizo-por-ser-una-de-las-mas-tranquilas-de-los-ultimos-10-anos-en-el-huila\/#primaryimage"},"image":{"@id":"https:\/\/luchonoticias.com\/editor\/semana-santa-se-caracterizo-por-ser-una-de-las-mas-tranquilas-de-los-ultimos-10-anos-en-el-huila\/#primaryimage"},"thumbnailUrl":"https:\/\/luchonoticias.com\/wp-content\/uploads\/2023\/04\/WhatsApp-Image-2023-04-09-at-3.30.51-PM-1-1-1024x768.jpeg","datePublished":"2023-04-09T21:01:56+00:00","dateModified":"2023-04-09T21:01:57+00:00","breadcrumb":{"@id":"https:\/\/luchonoticias.com\/editor\/semana-santa-se-caracterizo-por-ser-una-de-las-mas-tranquilas-de-los-ultimos-10-anos-en-el-huila\/#breadcrumb"},"inLanguage":"es","potentialAction":[{"@type":"ReadAction","target":["https:\/\/luchonoticias.com\/editor\/semana-santa-se-caracterizo-por-ser-una-de-las-mas-tranquilas-de-los-ultimos-10-anos-en-el-huila\/"]}]},{"@type":"ImageObject","inLanguage":"es","@id":"https:\/\/luchonoticias.com\/editor\/semana-santa-se-caracterizo-por-ser-una-de-las-mas-tranquilas-de-los-ultimos-10-anos-en-el-huila\/#primaryimage","url":"https:\/\/luchonoticias.com\/wp-content\/uploads\/2023\/04\/WhatsApp-Image-2023-04-09-at-3.30.51-PM-1-1-1024x768.jpeg","contentUrl":"https:\/\/luchonoticias.com\/wp-content\/uploads\/2023\/04\/WhatsApp-Image-2023-04-09-at-3.30.51-PM-1-1-1024x768.jpeg"},{"@type":"BreadcrumbList","@id":"https:\/\/luchonoticias.com\/editor\/semana-santa-se-caracterizo-por-ser-una-de-las-mas-tranquilas-de-los-ultimos-10-anos-en-el-huila\/#breadcrumb","itemListElement":[{"@type":"ListItem","position":1,"name":"Portada","item":"https:\/\/luchonoticias.com\/editor\/"},{"@type":"ListItem","position":2,"name":"Semana Santa se caracteriz\u00f3 por ser una de las m\u00e1s tranquilas de los \u00faltimos 10 a\u00f1os en el Huila"}]},{"@type":"WebSite","@id":"https:\/\/luchonoticias.com\/editor\/#website","url":"https:\/\/luchonoticias.com\/editor\/","name":"","description":"","publisher":{"@id":"https:\/\/luchonoticias.com\/editor\/#\/schema\/person\/7a7fd911f58561fd056dbac7b55af9cd"},"potentialAction":[{"@type":"SearchAction","target":{"@type":"EntryPoint","urlTemplate":"https:\/\/luchonoticias.com\/editor\/?s={search_term_string}"},"query-input":{"@type":"PropertyValueSpecification","valueRequired":true,"valueName":"search_term_string"}}],"inLanguage":"es"},{"@type":["Person","Organization"],"@id":"https:\/\/luchonoticias.com\/editor\/#\/schema\/person\/7a7fd911f58561fd056dbac7b55af9cd","name":"admin","image":{"@type":"ImageObject","inLanguage":"es","@id":"https:\/\/luchonoticias.com\/editor\/#\/schema\/person\/image\/","url":"https:\/\/luchonoticias.com\/editor\/wp-content\/uploads\/2024\/02\/cropped-cropped-logolu.webp","contentUrl":"https:\/\/luchonoticias.com\/editor\/wp-content\/uploads\/2024\/02\/cropped-cropped-logolu.webp","width":382,"height":170,"caption":"admin"},"logo":{"@id":"https:\/\/luchonoticias.com\/editor\/#\/schema\/person\/image\/"},"sameAs":["https:\/\/www.facebook.com\/luchonoticiasneiva"]},{"@type":"Person","@id":"https:\/\/luchonoticias.com\/editor\/#\/schema\/person\/29217990ddf6f14e35912b2866d591fb","name":"Editor General","image":{"@type":"ImageObject","inLanguage":"es","@id":"https:\/\/luchonoticias.com\/editor\/#\/schema\/person\/image\/","url":"https:\/\/luchonoticias.com\/editor\/wp-content\/uploads\/2024\/02\/cropped-cropped-logolu-150x150.webp","contentUrl":"https:\/\/luchonoticias.com\/editor\/wp-content\/uploads\/2024\/02\/cropped-cropped-logolu-150x150.webp","caption":"Editor General"},"sameAs":["https:\/\/luchonoticias.com\/"],"url":"https:\/\/luchonoticias.com\/editor\/author\/editor-general\/"}]}},"_links":{"self":[{"href":"https:\/\/luchonoticias.com\/editor\/wp-json\/wp\/v2\/posts\/50024","targetHints":{"allow":["GET"]}}],"collection":[{"href":"https:\/\/luchonoticias.com\/editor\/wp-json\/wp\/v2\/posts"}],"about":[{"href":"https:\/\/luchonoticias.com\/editor\/wp-json\/wp\/v2\/types\/post"}],"author":[{"embeddable":true,"href":"https:\/\/luchonoticias.com\/editor\/wp-json\/wp\/v2\/users\/2"}],"replies":[{"embeddable":true,"href":"https:\/\/luchonoticias.com\/editor\/wp-json\/wp\/v2\/comments?post=50024"}],"version-history":[{"count":0,"href":"https:\/\/luchonoticias.com\/editor\/wp-json\/wp\/v2\/posts\/50024\/revisions"}],"wp:attachment":[{"href":"https:\/\/luchonoticias.com\/editor\/wp-json\/wp\/v2\/media?parent=50024"}],"wp:term":[{"taxonomy":"category","embeddable":true,"href":"https:\/\/luchonoticias.com\/editor\/wp-json\/wp\/v2\/categories?post=50024"},{"taxonomy":"post_tag","embeddable":true,"href":"https:\/\/luchonoticias.com\/editor\/wp-json\/wp\/v2\/tags?post=50024"}],"curies":[{"name":"wp","href":"https:\/\/api.w.org\/{rel}","templated":true}]}}