{"id":50056,"date":"2023-04-10T07:05:48","date_gmt":"2023-04-10T12:05:48","guid":{"rendered":"https:\/\/luchonoticias.com\/?p=50056"},"modified":"2023-04-10T07:05:49","modified_gmt":"2023-04-10T12:05:49","slug":"jorge-eliecer-gaitan-es-una-figura-que-nos-estimula-que-nos-permite-pensar-el-gobierno-actual-petro-en-homenaje-a-su-memoria","status":"publish","type":"post","link":"https:\/\/luchonoticias.com\/editor\/jorge-eliecer-gaitan-es-una-figura-que-nos-estimula-que-nos-permite-pensar-el-gobierno-actual-petro-en-homenaje-a-su-memoria\/","title":{"rendered":"Jorge Eli\u00e9cer Gait\u00e1n es una figura que nos estimula, que nos permite pensar el Gobierno actual: Petro en homenaje a su memoria"},"content":{"rendered":"\n<p>El Presidente de la Rep\u00fablica, Gustavo Petro, rindi\u00f3 este domingo un homenaje a la memoria de Jorge Eli\u00e9cer Gait\u00e1n y dijo que \u201cindudablemente Gait\u00e1n es una figura que nos estimula, que nos permite pensar el Gobierno actual\u201d.<\/p>\n\n\n\n<p>As\u00ed lo se\u00f1al\u00f3 el Jefe de Estado durante un acto con motivo del aniversario del asesinato del pol\u00edtico, ocurrido en 1948.<\/p>\n\n\n\n<p>\u201cNosotros somos una ruptura. Por tanto, nacemos, nos originamos, nos alimentamos, nos revitalizamos es a partir del origen gaitanista, de esa convocatoria gaitanista, del pueblo de Colombia. El Gobierno del Cambio ojal\u00e1 sea un heredero leg\u00edtimo de Gait\u00e1n, sea una continuaci\u00f3n de lo que no pudo ser, truncado por la violencia\u201d, expres\u00f3 el Mandatario.<\/p>\n\n\n\n<p>Indic\u00f3 que \u201cun pueblo movilizado es fundamental para transformar el pa\u00eds\u201d y advirti\u00f3 que \u201csi el pueblo no se moviliza, si el pueblo se estanca otra vez en las tinieblas del miedo y de la violencia, pues las reformas democr\u00e1ticas no van a pasar\u201d.<\/p>\n\n\n\n<p>Y agreg\u00f3 que Jorge Eli\u00e9cer Gait\u00e1n \u201cindudablemente sigue siendo entonces el esp\u00edritu que lanza a la poblaci\u00f3n a la calle. Creo que \u00e9l ten\u00eda toda la raz\u00f3n en el sentido que no se podr\u00eda construir las reformas, no se podr\u00eda construir justicia social, no se podr\u00eda construir una democracia moderna sin un pueblo en las calles, sin un pueblo movilizado\u201d.<\/p>\n\n\n\n<p>En el acto participaron familiares de Gait\u00e1n, entre ellos su nieta Mar\u00eda, Directora del Centro Nacional de Memoria Hist\u00f3rica.<\/p>\n\n\n\n<p>El Presidente Petro dijo que la funcionaria est\u00e1 \u201cal frente de una tarea dif\u00edcil, intentando que los procesos se puedan revitalizar\u201d y subray\u00f3 que \u201csin memoria no hay nada que hacerse\u201d.<\/p>\n\n\n\n<p><strong>La obra inconclusa del Centro Gait\u00e1n<\/strong><\/p>\n\n\n\n<p>Por otra parte, el Presidente se refiri\u00f3 a la obra del centro cultural contiguo a la casa en la que vivi\u00f3 Gait\u00e1n hasta 1948, dise\u00f1ado por el fallecido arquitecto Rogelio Salmona, \u201cque est\u00e1 inconclusa y que este gobierno debe terminar, precisamente para que la memoria sea, no para que la memoria desaparezca\u201d.<\/p>\n\n\n\n<p>Calific\u00f3 a Salmona de \u201carquitecto insigne\u201d y dijo que el complejo cultural es \u201cuna instancia que hay que recuperar. Estamos viendo c\u00f3mo lo logramos\u201d.<\/p>\n\n\n\n<p>\u201cNosotros tenemos que revivir a Gait\u00e1n. El Gobierno del Cambio es el Gobierno donde Gait\u00e1n vive. Un Gait\u00e1n l\u00edder, un Gait\u00e1n convocante, un pueblo que vuelva a ser el sujeto de la historia\u201d, concluy\u00f3.<\/p>\n","protected":false},"excerpt":{"rendered":"<p>El Presidente de la Rep\u00fablica, Gustavo Petro, rindi\u00f3 este domingo un homenaje a la memoria de Jorge Eli\u00e9cer Gait\u00e1n y dijo que \u201cindudablemente Gait\u00e1n es una figura que nos estimula, que nos permite pensar el Gobierno actual\u201d. As\u00ed lo se\u00f1al\u00f3 el Jefe de Estado durante un acto con motivo del aniversario del asesinato del pol\u00edtico, [&hellip;]<\/p>\n","protected":false},"author":2,"featured_media":0,"comment_status":"open","ping_status":"open","sticky":false,"template":"","format":"standard","meta":{"footnotes":""},"categories":[28,36],"tags":[],"class_list":["post-50056","post","type-post","status-publish","format-standard","hentry","category-actualidad","category-destacado"],"yoast_head":"<!-- This site is optimized with the Yoast SEO plugin v26.6 - https:\/\/yoast.com\/wordpress\/plugins\/seo\/ -->\n<title>Jorge Eli\u00e9cer Gait\u00e1n es una figura que nos estimula, que nos permite pensar el Gobierno actual: Petro en homenaje a su memoria -<\/title>\n<meta name=\"robots\" content=\"index, follow, max-snippet:-1, max-image-preview:large, max-video-preview:-1\" \/>\n<link rel=\"canonical\" href=\"https:\/\/luchonoticias.com\/editor\/jorge-eliecer-gaitan-es-una-figura-que-nos-estimula-que-nos-permite-pensar-el-gobierno-actual-petro-en-homenaje-a-su-memoria\/\" \/>\n<meta property=\"og:locale\" content=\"es_ES\" \/>\n<meta property=\"og:type\" content=\"article\" \/>\n<meta property=\"og:title\" content=\"Jorge Eli\u00e9cer Gait\u00e1n es una figura que nos estimula, que nos permite pensar el Gobierno actual: Petro en homenaje a su memoria -\" \/>\n<meta property=\"og:url\" content=\"https:\/\/luchonoticias.com\/editor\/jorge-eliecer-gaitan-es-una-figura-que-nos-estimula-que-nos-permite-pensar-el-gobierno-actual-petro-en-homenaje-a-su-memoria\/\" \/>\n<meta property=\"article:publisher\" content=\"https:\/\/www.facebook.com\/luchonoticiasneiva\" \/>\n<meta property=\"article:published_time\" content=\"2023-04-10T12:05:48+00:00\" \/>\n<meta property=\"article:modified_time\" content=\"2023-04-10T12:05:49+00:00\" \/>\n<meta name=\"author\" content=\"Editor General\" \/>\n<meta name=\"twitter:card\" content=\"summary_large_image\" \/>\n<meta name=\"twitter:label1\" content=\"Escrito por\" \/>\n\t<meta name=\"twitter:data1\" content=\"Editor General\" \/>\n\t<meta name=\"twitter:label2\" content=\"Tiempo de lectura\" \/>\n\t<meta name=\"twitter:data2\" content=\"2 minutos\" \/>\n<script type=\"application\/ld+json\" class=\"yoast-schema-graph\">{\"@context\":\"https:\/\/schema.org\",\"@graph\":[{\"@type\":\"Article\",\"@id\":\"https:\/\/luchonoticias.com\/editor\/jorge-eliecer-gaitan-es-una-figura-que-nos-estimula-que-nos-permite-pensar-el-gobierno-actual-petro-en-homenaje-a-su-memoria\/#article\",\"isPartOf\":{\"@id\":\"https:\/\/luchonoticias.com\/editor\/jorge-eliecer-gaitan-es-una-figura-que-nos-estimula-que-nos-permite-pensar-el-gobierno-actual-petro-en-homenaje-a-su-memoria\/\"},\"author\":{\"name\":\"Editor General\",\"@id\":\"https:\/\/luchonoticias.com\/editor\/#\/schema\/person\/29217990ddf6f14e35912b2866d591fb\"},\"headline\":\"Jorge Eli\u00e9cer Gait\u00e1n es una figura que nos estimula, que nos permite pensar el Gobierno actual: Petro en homenaje a su memoria\",\"datePublished\":\"2023-04-10T12:05:48+00:00\",\"dateModified\":\"2023-04-10T12:05:49+00:00\",\"mainEntityOfPage\":{\"@id\":\"https:\/\/luchonoticias.com\/editor\/jorge-eliecer-gaitan-es-una-figura-que-nos-estimula-que-nos-permite-pensar-el-gobierno-actual-petro-en-homenaje-a-su-memoria\/\"},\"wordCount\":437,\"commentCount\":0,\"publisher\":{\"@id\":\"https:\/\/luchonoticias.com\/editor\/#\/schema\/person\/7a7fd911f58561fd056dbac7b55af9cd\"},\"articleSection\":[\"Actualidad\",\"Destacado\"],\"inLanguage\":\"es\",\"potentialAction\":[{\"@type\":\"CommentAction\",\"name\":\"Comment\",\"target\":[\"https:\/\/luchonoticias.com\/editor\/jorge-eliecer-gaitan-es-una-figura-que-nos-estimula-que-nos-permite-pensar-el-gobierno-actual-petro-en-homenaje-a-su-memoria\/#respond\"]}]},{\"@type\":\"WebPage\",\"@id\":\"https:\/\/luchonoticias.com\/editor\/jorge-eliecer-gaitan-es-una-figura-que-nos-estimula-que-nos-permite-pensar-el-gobierno-actual-petro-en-homenaje-a-su-memoria\/\",\"url\":\"https:\/\/luchonoticias.com\/editor\/jorge-eliecer-gaitan-es-una-figura-que-nos-estimula-que-nos-permite-pensar-el-gobierno-actual-petro-en-homenaje-a-su-memoria\/\",\"name\":\"Jorge Eli\u00e9cer Gait\u00e1n es una figura que nos estimula, que nos permite pensar el Gobierno actual: Petro en homenaje a su memoria -\",\"isPartOf\":{\"@id\":\"https:\/\/luchonoticias.com\/editor\/#website\"},\"datePublished\":\"2023-04-10T12:05:48+00:00\",\"dateModified\":\"2023-04-10T12:05:49+00:00\",\"breadcrumb\":{\"@id\":\"https:\/\/luchonoticias.com\/editor\/jorge-eliecer-gaitan-es-una-figura-que-nos-estimula-que-nos-permite-pensar-el-gobierno-actual-petro-en-homenaje-a-su-memoria\/#breadcrumb\"},\"inLanguage\":\"es\",\"potentialAction\":[{\"@type\":\"ReadAction\",\"target\":[\"https:\/\/luchonoticias.com\/editor\/jorge-eliecer-gaitan-es-una-figura-que-nos-estimula-que-nos-permite-pensar-el-gobierno-actual-petro-en-homenaje-a-su-memoria\/\"]}]},{\"@type\":\"BreadcrumbList\",\"@id\":\"https:\/\/luchonoticias.com\/editor\/jorge-eliecer-gaitan-es-una-figura-que-nos-estimula-que-nos-permite-pensar-el-gobierno-actual-petro-en-homenaje-a-su-memoria\/#breadcrumb\",\"itemListElement\":[{\"@type\":\"ListItem\",\"position\":1,\"name\":\"Portada\",\"item\":\"https:\/\/luchonoticias.com\/editor\/\"},{\"@type\":\"ListItem\",\"position\":2,\"name\":\"Jorge Eli\u00e9cer Gait\u00e1n es una figura que nos estimula, que nos permite pensar el Gobierno actual: Petro en homenaje a su memoria\"}]},{\"@type\":\"WebSite\",\"@id\":\"https:\/\/luchonoticias.com\/editor\/#website\",\"url\":\"https:\/\/luchonoticias.com\/editor\/\",\"name\":\"\",\"description\":\"\",\"publisher\":{\"@id\":\"https:\/\/luchonoticias.com\/editor\/#\/schema\/person\/7a7fd911f58561fd056dbac7b55af9cd\"},\"potentialAction\":[{\"@type\":\"SearchAction\",\"target\":{\"@type\":\"EntryPoint\",\"urlTemplate\":\"https:\/\/luchonoticias.com\/editor\/?s={search_term_string}\"},\"query-input\":{\"@type\":\"PropertyValueSpecification\",\"valueRequired\":true,\"valueName\":\"search_term_string\"}}],\"inLanguage\":\"es\"},{\"@type\":[\"Person\",\"Organization\"],\"@id\":\"https:\/\/luchonoticias.com\/editor\/#\/schema\/person\/7a7fd911f58561fd056dbac7b55af9cd\",\"name\":\"admin\",\"image\":{\"@type\":\"ImageObject\",\"inLanguage\":\"es\",\"@id\":\"https:\/\/luchonoticias.com\/editor\/#\/schema\/person\/image\/\",\"url\":\"https:\/\/luchonoticias.com\/editor\/wp-content\/uploads\/2024\/02\/cropped-cropped-logolu.webp\",\"contentUrl\":\"https:\/\/luchonoticias.com\/editor\/wp-content\/uploads\/2024\/02\/cropped-cropped-logolu.webp\",\"width\":382,\"height\":170,\"caption\":\"admin\"},\"logo\":{\"@id\":\"https:\/\/luchonoticias.com\/editor\/#\/schema\/person\/image\/\"},\"sameAs\":[\"https:\/\/www.facebook.com\/luchonoticiasneiva\"]},{\"@type\":\"Person\",\"@id\":\"https:\/\/luchonoticias.com\/editor\/#\/schema\/person\/29217990ddf6f14e35912b2866d591fb\",\"name\":\"Editor General\",\"image\":{\"@type\":\"ImageObject\",\"inLanguage\":\"es\",\"@id\":\"https:\/\/luchonoticias.com\/editor\/#\/schema\/person\/image\/\",\"url\":\"https:\/\/luchonoticias.com\/editor\/wp-content\/uploads\/2024\/02\/cropped-cropped-logolu-150x150.webp\",\"contentUrl\":\"https:\/\/luchonoticias.com\/editor\/wp-content\/uploads\/2024\/02\/cropped-cropped-logolu-150x150.webp\",\"caption\":\"Editor General\"},\"sameAs\":[\"https:\/\/luchonoticias.com\/\"],\"url\":\"https:\/\/luchonoticias.com\/editor\/author\/editor-general\/\"}]}<\/script>\n<!-- \/ Yoast SEO plugin. -->","yoast_head_json":{"title":"Jorge Eli\u00e9cer Gait\u00e1n es una figura que nos estimula, que nos permite pensar el Gobierno actual: Petro en homenaje a su memoria -","robots":{"index":"index","follow":"follow","max-snippet":"max-snippet:-1","max-image-preview":"max-image-preview:large","max-video-preview":"max-video-preview:-1"},"canonical":"https:\/\/luchonoticias.com\/editor\/jorge-eliecer-gaitan-es-una-figura-que-nos-estimula-que-nos-permite-pensar-el-gobierno-actual-petro-en-homenaje-a-su-memoria\/","og_locale":"es_ES","og_type":"article","og_title":"Jorge Eli\u00e9cer Gait\u00e1n es una figura que nos estimula, que nos permite pensar el Gobierno actual: Petro en homenaje a su memoria -","og_url":"https:\/\/luchonoticias.com\/editor\/jorge-eliecer-gaitan-es-una-figura-que-nos-estimula-que-nos-permite-pensar-el-gobierno-actual-petro-en-homenaje-a-su-memoria\/","article_publisher":"https:\/\/www.facebook.com\/luchonoticiasneiva","article_published_time":"2023-04-10T12:05:48+00:00","article_modified_time":"2023-04-10T12:05:49+00:00","author":"Editor General","twitter_card":"summary_large_image","twitter_misc":{"Escrito por":"Editor General","Tiempo de lectura":"2 minutos"},"schema":{"@context":"https:\/\/schema.org","@graph":[{"@type":"Article","@id":"https:\/\/luchonoticias.com\/editor\/jorge-eliecer-gaitan-es-una-figura-que-nos-estimula-que-nos-permite-pensar-el-gobierno-actual-petro-en-homenaje-a-su-memoria\/#article","isPartOf":{"@id":"https:\/\/luchonoticias.com\/editor\/jorge-eliecer-gaitan-es-una-figura-que-nos-estimula-que-nos-permite-pensar-el-gobierno-actual-petro-en-homenaje-a-su-memoria\/"},"author":{"name":"Editor General","@id":"https:\/\/luchonoticias.com\/editor\/#\/schema\/person\/29217990ddf6f14e35912b2866d591fb"},"headline":"Jorge Eli\u00e9cer Gait\u00e1n es una figura que nos estimula, que nos permite pensar el Gobierno actual: Petro en homenaje a su memoria","datePublished":"2023-04-10T12:05:48+00:00","dateModified":"2023-04-10T12:05:49+00:00","mainEntityOfPage":{"@id":"https:\/\/luchonoticias.com\/editor\/jorge-eliecer-gaitan-es-una-figura-que-nos-estimula-que-nos-permite-pensar-el-gobierno-actual-petro-en-homenaje-a-su-memoria\/"},"wordCount":437,"commentCount":0,"publisher":{"@id":"https:\/\/luchonoticias.com\/editor\/#\/schema\/person\/7a7fd911f58561fd056dbac7b55af9cd"},"articleSection":["Actualidad","Destacado"],"inLanguage":"es","potentialAction":[{"@type":"CommentAction","name":"Comment","target":["https:\/\/luchonoticias.com\/editor\/jorge-eliecer-gaitan-es-una-figura-que-nos-estimula-que-nos-permite-pensar-el-gobierno-actual-petro-en-homenaje-a-su-memoria\/#respond"]}]},{"@type":"WebPage","@id":"https:\/\/luchonoticias.com\/editor\/jorge-eliecer-gaitan-es-una-figura-que-nos-estimula-que-nos-permite-pensar-el-gobierno-actual-petro-en-homenaje-a-su-memoria\/","url":"https:\/\/luchonoticias.com\/editor\/jorge-eliecer-gaitan-es-una-figura-que-nos-estimula-que-nos-permite-pensar-el-gobierno-actual-petro-en-homenaje-a-su-memoria\/","name":"Jorge Eli\u00e9cer Gait\u00e1n es una figura que nos estimula, que nos permite pensar el Gobierno actual: Petro en homenaje a su memoria -","isPartOf":{"@id":"https:\/\/luchonoticias.com\/editor\/#website"},"datePublished":"2023-04-10T12:05:48+00:00","dateModified":"2023-04-10T12:05:49+00:00","breadcrumb":{"@id":"https:\/\/luchonoticias.com\/editor\/jorge-eliecer-gaitan-es-una-figura-que-nos-estimula-que-nos-permite-pensar-el-gobierno-actual-petro-en-homenaje-a-su-memoria\/#breadcrumb"},"inLanguage":"es","potentialAction":[{"@type":"ReadAction","target":["https:\/\/luchonoticias.com\/editor\/jorge-eliecer-gaitan-es-una-figura-que-nos-estimula-que-nos-permite-pensar-el-gobierno-actual-petro-en-homenaje-a-su-memoria\/"]}]},{"@type":"BreadcrumbList","@id":"https:\/\/luchonoticias.com\/editor\/jorge-eliecer-gaitan-es-una-figura-que-nos-estimula-que-nos-permite-pensar-el-gobierno-actual-petro-en-homenaje-a-su-memoria\/#breadcrumb","itemListElement":[{"@type":"ListItem","position":1,"name":"Portada","item":"https:\/\/luchonoticias.com\/editor\/"},{"@type":"ListItem","position":2,"name":"Jorge Eli\u00e9cer Gait\u00e1n es una figura que nos estimula, que nos permite pensar el Gobierno actual: Petro en homenaje a su memoria"}]},{"@type":"WebSite","@id":"https:\/\/luchonoticias.com\/editor\/#website","url":"https:\/\/luchonoticias.com\/editor\/","name":"","description":"","publisher":{"@id":"https:\/\/luchonoticias.com\/editor\/#\/schema\/person\/7a7fd911f58561fd056dbac7b55af9cd"},"potentialAction":[{"@type":"SearchAction","target":{"@type":"EntryPoint","urlTemplate":"https:\/\/luchonoticias.com\/editor\/?s={search_term_string}"},"query-input":{"@type":"PropertyValueSpecification","valueRequired":true,"valueName":"search_term_string"}}],"inLanguage":"es"},{"@type":["Person","Organization"],"@id":"https:\/\/luchonoticias.com\/editor\/#\/schema\/person\/7a7fd911f58561fd056dbac7b55af9cd","name":"admin","image":{"@type":"ImageObject","inLanguage":"es","@id":"https:\/\/luchonoticias.com\/editor\/#\/schema\/person\/image\/","url":"https:\/\/luchonoticias.com\/editor\/wp-content\/uploads\/2024\/02\/cropped-cropped-logolu.webp","contentUrl":"https:\/\/luchonoticias.com\/editor\/wp-content\/uploads\/2024\/02\/cropped-cropped-logolu.webp","width":382,"height":170,"caption":"admin"},"logo":{"@id":"https:\/\/luchonoticias.com\/editor\/#\/schema\/person\/image\/"},"sameAs":["https:\/\/www.facebook.com\/luchonoticiasneiva"]},{"@type":"Person","@id":"https:\/\/luchonoticias.com\/editor\/#\/schema\/person\/29217990ddf6f14e35912b2866d591fb","name":"Editor General","image":{"@type":"ImageObject","inLanguage":"es","@id":"https:\/\/luchonoticias.com\/editor\/#\/schema\/person\/image\/","url":"https:\/\/luchonoticias.com\/editor\/wp-content\/uploads\/2024\/02\/cropped-cropped-logolu-150x150.webp","contentUrl":"https:\/\/luchonoticias.com\/editor\/wp-content\/uploads\/2024\/02\/cropped-cropped-logolu-150x150.webp","caption":"Editor General"},"sameAs":["https:\/\/luchonoticias.com\/"],"url":"https:\/\/luchonoticias.com\/editor\/author\/editor-general\/"}]}},"_links":{"self":[{"href":"https:\/\/luchonoticias.com\/editor\/wp-json\/wp\/v2\/posts\/50056","targetHints":{"allow":["GET"]}}],"collection":[{"href":"https:\/\/luchonoticias.com\/editor\/wp-json\/wp\/v2\/posts"}],"about":[{"href":"https:\/\/luchonoticias.com\/editor\/wp-json\/wp\/v2\/types\/post"}],"author":[{"embeddable":true,"href":"https:\/\/luchonoticias.com\/editor\/wp-json\/wp\/v2\/users\/2"}],"replies":[{"embeddable":true,"href":"https:\/\/luchonoticias.com\/editor\/wp-json\/wp\/v2\/comments?post=50056"}],"version-history":[{"count":0,"href":"https:\/\/luchonoticias.com\/editor\/wp-json\/wp\/v2\/posts\/50056\/revisions"}],"wp:attachment":[{"href":"https:\/\/luchonoticias.com\/editor\/wp-json\/wp\/v2\/media?parent=50056"}],"wp:term":[{"taxonomy":"category","embeddable":true,"href":"https:\/\/luchonoticias.com\/editor\/wp-json\/wp\/v2\/categories?post=50056"},{"taxonomy":"post_tag","embeddable":true,"href":"https:\/\/luchonoticias.com\/editor\/wp-json\/wp\/v2\/tags?post=50056"}],"curies":[{"name":"wp","href":"https:\/\/api.w.org\/{rel}","templated":true}]}}