{"id":50065,"date":"2023-04-10T10:57:29","date_gmt":"2023-04-10T15:57:29","guid":{"rendered":"https:\/\/luchonoticias.com\/?p=50065"},"modified":"2023-04-10T10:57:30","modified_gmt":"2023-04-10T15:57:30","slug":"comportamiento-de-las-vias-del-huila-durante-la-semana-santa","status":"publish","type":"post","link":"https:\/\/luchonoticias.com\/editor\/comportamiento-de-las-vias-del-huila-durante-la-semana-santa\/","title":{"rendered":"Comportamiento de las v\u00edas del Huila durante la Semana Santa"},"content":{"rendered":"\n<p>La movilidad durante la Semana Mayor en<strong>&nbsp;las carreteras del Huila tuvo un crecimiento vertiginoso de casi 10% en relaci\u00f3n al 2022<\/strong>. M\u00e1s de 257.000 carros rodaron por las v\u00edas del Huila generando ingresos para el sector turismo, en total tranquilidad y respetando las normas de tr\u00e1nsito con la seguridad que prestaron las autoridades quienes por esta \u00e9poca aumentaron su pie de fuerza para garantizar el libre y seguro tr\u00e1nsito.<\/p>\n\n\n\n<p>Adem\u00e1s del&nbsp;<strong>acompa\u00f1amiento con las campa\u00f1as de seguridad&nbsp;<\/strong>que adelanta el Instituto de Transportes y Tr\u00e1nsito del Huila todo el a\u00f1o pero de manera enf\u00e1tica durante las fechas especiales en el calendario.<\/p>\n\n\n\n<p>En lo correspondiente a&nbsp;<strong>la siniestralidad vial se disminuy\u00f3 present\u00e1ndose un total de 7 accidentes mientras que en 2022 fueron 9<\/strong>, lamentablemente 4 personas perdieron la vida en ellos y otras 5 m\u00e1s resultaron heridas. Sin embargo, las cifras disminuyeron y el balance es positivo para las autoridades que custodian el territorio huilense.<\/p>\n\n\n\n<p>En lo referente a las&nbsp;<strong>\u00f3rdenes de comparendos se present\u00f3 un increment\u00f3 significativo de 232 que se impusieron en 2022<\/strong>, se logr\u00f3 un aumento de casi el doble para aquellos que se encontraban con sus documentos incompletos, vencidos o presentaban otro tipo de incumpliendo legal.<\/p>\n\n\n\n<p>\u201cEste a\u00f1o se super\u00f3 llegando a 464 lo que refleja una mayor presencia de las autoridades sobre las v\u00edas del departamento, esto adicionado a las campa\u00f1as pedag\u00f3gicas que se realizaron a lo largo y ancho del departamento donde se continu\u00f3 premiando e incentivando a los actores viales que cumplen, con una campa\u00f1a vial denominada el \u00abHuila Crece en seguridad vial\u201d afirm\u00f3 el director del Instituto de transportes y tr\u00e1nsito del Huila, Andres Felipe Puentes Caballero.<\/p>\n\n\n\n<p>El Ministerio de Transporte, la Polic\u00eda de Carretera y dem\u00e1s autoridades del Huila acompa\u00f1aron desde el 31 de marzo de manera intensiva las&nbsp;<strong>Campa\u00f1as de Seguridad que adelanta el Instituto de Transportes y Tr\u00e1nsito del Departamento hasta el 9 de abril<\/strong>&nbsp;que termin\u00f3 la Semana Santa, el puente festivo m\u00e1s largo del a\u00f1o en que propios y turistas visitaron diferentes municipios en la ruta m\u00e1gica del caf\u00e9 y la ruta del peregrino, encontrando en el arte religioso un espacio para meditar y reflexionar sobre el buen uso de normas de tr\u00e1nsito.<\/p>\n","protected":false},"excerpt":{"rendered":"<p>La movilidad durante la Semana Mayor en&nbsp;las carreteras del Huila tuvo un crecimiento vertiginoso de casi 10% en relaci\u00f3n al 2022. M\u00e1s de 257.000 carros rodaron por las v\u00edas del Huila generando ingresos para el sector turismo, en total tranquilidad y respetando las normas de tr\u00e1nsito con la seguridad que prestaron las autoridades quienes por [&hellip;]<\/p>\n","protected":false},"author":2,"featured_media":0,"comment_status":"open","ping_status":"open","sticky":false,"template":"","format":"standard","meta":{"footnotes":""},"categories":[33],"tags":[],"class_list":["post-50065","post","type-post","status-publish","format-standard","hentry","category-huila"],"yoast_head":"<!-- This site is optimized with the Yoast SEO plugin v26.6 - https:\/\/yoast.com\/wordpress\/plugins\/seo\/ -->\n<title>Comportamiento de las v\u00edas del Huila durante la Semana Santa -<\/title>\n<meta name=\"robots\" content=\"index, follow, max-snippet:-1, max-image-preview:large, max-video-preview:-1\" \/>\n<link rel=\"canonical\" href=\"https:\/\/luchonoticias.com\/editor\/comportamiento-de-las-vias-del-huila-durante-la-semana-santa\/\" \/>\n<meta property=\"og:locale\" content=\"es_ES\" \/>\n<meta property=\"og:type\" content=\"article\" \/>\n<meta property=\"og:title\" content=\"Comportamiento de las v\u00edas del Huila durante la Semana Santa -\" \/>\n<meta property=\"og:url\" content=\"https:\/\/luchonoticias.com\/editor\/comportamiento-de-las-vias-del-huila-durante-la-semana-santa\/\" \/>\n<meta property=\"article:publisher\" content=\"https:\/\/www.facebook.com\/luchonoticiasneiva\" \/>\n<meta property=\"article:published_time\" content=\"2023-04-10T15:57:29+00:00\" \/>\n<meta property=\"article:modified_time\" content=\"2023-04-10T15:57:30+00:00\" \/>\n<meta name=\"author\" content=\"Editor General\" \/>\n<meta name=\"twitter:card\" content=\"summary_large_image\" \/>\n<meta name=\"twitter:label1\" content=\"Escrito por\" \/>\n\t<meta name=\"twitter:data1\" content=\"Editor General\" \/>\n\t<meta name=\"twitter:label2\" content=\"Tiempo de lectura\" \/>\n\t<meta name=\"twitter:data2\" content=\"2 minutos\" \/>\n<script type=\"application\/ld+json\" class=\"yoast-schema-graph\">{\"@context\":\"https:\/\/schema.org\",\"@graph\":[{\"@type\":\"Article\",\"@id\":\"https:\/\/luchonoticias.com\/editor\/comportamiento-de-las-vias-del-huila-durante-la-semana-santa\/#article\",\"isPartOf\":{\"@id\":\"https:\/\/luchonoticias.com\/editor\/comportamiento-de-las-vias-del-huila-durante-la-semana-santa\/\"},\"author\":{\"name\":\"Editor General\",\"@id\":\"https:\/\/luchonoticias.com\/editor\/#\/schema\/person\/29217990ddf6f14e35912b2866d591fb\"},\"headline\":\"Comportamiento de las v\u00edas del Huila durante la Semana Santa\",\"datePublished\":\"2023-04-10T15:57:29+00:00\",\"dateModified\":\"2023-04-10T15:57:30+00:00\",\"mainEntityOfPage\":{\"@id\":\"https:\/\/luchonoticias.com\/editor\/comportamiento-de-las-vias-del-huila-durante-la-semana-santa\/\"},\"wordCount\":399,\"commentCount\":0,\"publisher\":{\"@id\":\"https:\/\/luchonoticias.com\/editor\/#\/schema\/person\/7a7fd911f58561fd056dbac7b55af9cd\"},\"articleSection\":[\"Huila\"],\"inLanguage\":\"es\",\"potentialAction\":[{\"@type\":\"CommentAction\",\"name\":\"Comment\",\"target\":[\"https:\/\/luchonoticias.com\/editor\/comportamiento-de-las-vias-del-huila-durante-la-semana-santa\/#respond\"]}]},{\"@type\":\"WebPage\",\"@id\":\"https:\/\/luchonoticias.com\/editor\/comportamiento-de-las-vias-del-huila-durante-la-semana-santa\/\",\"url\":\"https:\/\/luchonoticias.com\/editor\/comportamiento-de-las-vias-del-huila-durante-la-semana-santa\/\",\"name\":\"Comportamiento de las v\u00edas del Huila durante la Semana Santa -\",\"isPartOf\":{\"@id\":\"https:\/\/luchonoticias.com\/editor\/#website\"},\"datePublished\":\"2023-04-10T15:57:29+00:00\",\"dateModified\":\"2023-04-10T15:57:30+00:00\",\"breadcrumb\":{\"@id\":\"https:\/\/luchonoticias.com\/editor\/comportamiento-de-las-vias-del-huila-durante-la-semana-santa\/#breadcrumb\"},\"inLanguage\":\"es\",\"potentialAction\":[{\"@type\":\"ReadAction\",\"target\":[\"https:\/\/luchonoticias.com\/editor\/comportamiento-de-las-vias-del-huila-durante-la-semana-santa\/\"]}]},{\"@type\":\"BreadcrumbList\",\"@id\":\"https:\/\/luchonoticias.com\/editor\/comportamiento-de-las-vias-del-huila-durante-la-semana-santa\/#breadcrumb\",\"itemListElement\":[{\"@type\":\"ListItem\",\"position\":1,\"name\":\"Portada\",\"item\":\"https:\/\/luchonoticias.com\/editor\/\"},{\"@type\":\"ListItem\",\"position\":2,\"name\":\"Comportamiento de las v\u00edas del Huila durante la Semana Santa\"}]},{\"@type\":\"WebSite\",\"@id\":\"https:\/\/luchonoticias.com\/editor\/#website\",\"url\":\"https:\/\/luchonoticias.com\/editor\/\",\"name\":\"\",\"description\":\"\",\"publisher\":{\"@id\":\"https:\/\/luchonoticias.com\/editor\/#\/schema\/person\/7a7fd911f58561fd056dbac7b55af9cd\"},\"potentialAction\":[{\"@type\":\"SearchAction\",\"target\":{\"@type\":\"EntryPoint\",\"urlTemplate\":\"https:\/\/luchonoticias.com\/editor\/?s={search_term_string}\"},\"query-input\":{\"@type\":\"PropertyValueSpecification\",\"valueRequired\":true,\"valueName\":\"search_term_string\"}}],\"inLanguage\":\"es\"},{\"@type\":[\"Person\",\"Organization\"],\"@id\":\"https:\/\/luchonoticias.com\/editor\/#\/schema\/person\/7a7fd911f58561fd056dbac7b55af9cd\",\"name\":\"admin\",\"image\":{\"@type\":\"ImageObject\",\"inLanguage\":\"es\",\"@id\":\"https:\/\/luchonoticias.com\/editor\/#\/schema\/person\/image\/\",\"url\":\"https:\/\/luchonoticias.com\/editor\/wp-content\/uploads\/2024\/02\/cropped-cropped-logolu.webp\",\"contentUrl\":\"https:\/\/luchonoticias.com\/editor\/wp-content\/uploads\/2024\/02\/cropped-cropped-logolu.webp\",\"width\":382,\"height\":170,\"caption\":\"admin\"},\"logo\":{\"@id\":\"https:\/\/luchonoticias.com\/editor\/#\/schema\/person\/image\/\"},\"sameAs\":[\"https:\/\/www.facebook.com\/luchonoticiasneiva\"]},{\"@type\":\"Person\",\"@id\":\"https:\/\/luchonoticias.com\/editor\/#\/schema\/person\/29217990ddf6f14e35912b2866d591fb\",\"name\":\"Editor General\",\"image\":{\"@type\":\"ImageObject\",\"inLanguage\":\"es\",\"@id\":\"https:\/\/luchonoticias.com\/editor\/#\/schema\/person\/image\/\",\"url\":\"https:\/\/luchonoticias.com\/editor\/wp-content\/uploads\/2024\/02\/cropped-cropped-logolu-150x150.webp\",\"contentUrl\":\"https:\/\/luchonoticias.com\/editor\/wp-content\/uploads\/2024\/02\/cropped-cropped-logolu-150x150.webp\",\"caption\":\"Editor General\"},\"sameAs\":[\"https:\/\/luchonoticias.com\/\"],\"url\":\"https:\/\/luchonoticias.com\/editor\/author\/editor-general\/\"}]}<\/script>\n<!-- \/ Yoast SEO plugin. -->","yoast_head_json":{"title":"Comportamiento de las v\u00edas del Huila durante la Semana Santa -","robots":{"index":"index","follow":"follow","max-snippet":"max-snippet:-1","max-image-preview":"max-image-preview:large","max-video-preview":"max-video-preview:-1"},"canonical":"https:\/\/luchonoticias.com\/editor\/comportamiento-de-las-vias-del-huila-durante-la-semana-santa\/","og_locale":"es_ES","og_type":"article","og_title":"Comportamiento de las v\u00edas del Huila durante la Semana Santa -","og_url":"https:\/\/luchonoticias.com\/editor\/comportamiento-de-las-vias-del-huila-durante-la-semana-santa\/","article_publisher":"https:\/\/www.facebook.com\/luchonoticiasneiva","article_published_time":"2023-04-10T15:57:29+00:00","article_modified_time":"2023-04-10T15:57:30+00:00","author":"Editor General","twitter_card":"summary_large_image","twitter_misc":{"Escrito por":"Editor General","Tiempo de lectura":"2 minutos"},"schema":{"@context":"https:\/\/schema.org","@graph":[{"@type":"Article","@id":"https:\/\/luchonoticias.com\/editor\/comportamiento-de-las-vias-del-huila-durante-la-semana-santa\/#article","isPartOf":{"@id":"https:\/\/luchonoticias.com\/editor\/comportamiento-de-las-vias-del-huila-durante-la-semana-santa\/"},"author":{"name":"Editor General","@id":"https:\/\/luchonoticias.com\/editor\/#\/schema\/person\/29217990ddf6f14e35912b2866d591fb"},"headline":"Comportamiento de las v\u00edas del Huila durante la Semana Santa","datePublished":"2023-04-10T15:57:29+00:00","dateModified":"2023-04-10T15:57:30+00:00","mainEntityOfPage":{"@id":"https:\/\/luchonoticias.com\/editor\/comportamiento-de-las-vias-del-huila-durante-la-semana-santa\/"},"wordCount":399,"commentCount":0,"publisher":{"@id":"https:\/\/luchonoticias.com\/editor\/#\/schema\/person\/7a7fd911f58561fd056dbac7b55af9cd"},"articleSection":["Huila"],"inLanguage":"es","potentialAction":[{"@type":"CommentAction","name":"Comment","target":["https:\/\/luchonoticias.com\/editor\/comportamiento-de-las-vias-del-huila-durante-la-semana-santa\/#respond"]}]},{"@type":"WebPage","@id":"https:\/\/luchonoticias.com\/editor\/comportamiento-de-las-vias-del-huila-durante-la-semana-santa\/","url":"https:\/\/luchonoticias.com\/editor\/comportamiento-de-las-vias-del-huila-durante-la-semana-santa\/","name":"Comportamiento de las v\u00edas del Huila durante la Semana Santa -","isPartOf":{"@id":"https:\/\/luchonoticias.com\/editor\/#website"},"datePublished":"2023-04-10T15:57:29+00:00","dateModified":"2023-04-10T15:57:30+00:00","breadcrumb":{"@id":"https:\/\/luchonoticias.com\/editor\/comportamiento-de-las-vias-del-huila-durante-la-semana-santa\/#breadcrumb"},"inLanguage":"es","potentialAction":[{"@type":"ReadAction","target":["https:\/\/luchonoticias.com\/editor\/comportamiento-de-las-vias-del-huila-durante-la-semana-santa\/"]}]},{"@type":"BreadcrumbList","@id":"https:\/\/luchonoticias.com\/editor\/comportamiento-de-las-vias-del-huila-durante-la-semana-santa\/#breadcrumb","itemListElement":[{"@type":"ListItem","position":1,"name":"Portada","item":"https:\/\/luchonoticias.com\/editor\/"},{"@type":"ListItem","position":2,"name":"Comportamiento de las v\u00edas del Huila durante la Semana Santa"}]},{"@type":"WebSite","@id":"https:\/\/luchonoticias.com\/editor\/#website","url":"https:\/\/luchonoticias.com\/editor\/","name":"","description":"","publisher":{"@id":"https:\/\/luchonoticias.com\/editor\/#\/schema\/person\/7a7fd911f58561fd056dbac7b55af9cd"},"potentialAction":[{"@type":"SearchAction","target":{"@type":"EntryPoint","urlTemplate":"https:\/\/luchonoticias.com\/editor\/?s={search_term_string}"},"query-input":{"@type":"PropertyValueSpecification","valueRequired":true,"valueName":"search_term_string"}}],"inLanguage":"es"},{"@type":["Person","Organization"],"@id":"https:\/\/luchonoticias.com\/editor\/#\/schema\/person\/7a7fd911f58561fd056dbac7b55af9cd","name":"admin","image":{"@type":"ImageObject","inLanguage":"es","@id":"https:\/\/luchonoticias.com\/editor\/#\/schema\/person\/image\/","url":"https:\/\/luchonoticias.com\/editor\/wp-content\/uploads\/2024\/02\/cropped-cropped-logolu.webp","contentUrl":"https:\/\/luchonoticias.com\/editor\/wp-content\/uploads\/2024\/02\/cropped-cropped-logolu.webp","width":382,"height":170,"caption":"admin"},"logo":{"@id":"https:\/\/luchonoticias.com\/editor\/#\/schema\/person\/image\/"},"sameAs":["https:\/\/www.facebook.com\/luchonoticiasneiva"]},{"@type":"Person","@id":"https:\/\/luchonoticias.com\/editor\/#\/schema\/person\/29217990ddf6f14e35912b2866d591fb","name":"Editor General","image":{"@type":"ImageObject","inLanguage":"es","@id":"https:\/\/luchonoticias.com\/editor\/#\/schema\/person\/image\/","url":"https:\/\/luchonoticias.com\/editor\/wp-content\/uploads\/2024\/02\/cropped-cropped-logolu-150x150.webp","contentUrl":"https:\/\/luchonoticias.com\/editor\/wp-content\/uploads\/2024\/02\/cropped-cropped-logolu-150x150.webp","caption":"Editor General"},"sameAs":["https:\/\/luchonoticias.com\/"],"url":"https:\/\/luchonoticias.com\/editor\/author\/editor-general\/"}]}},"_links":{"self":[{"href":"https:\/\/luchonoticias.com\/editor\/wp-json\/wp\/v2\/posts\/50065","targetHints":{"allow":["GET"]}}],"collection":[{"href":"https:\/\/luchonoticias.com\/editor\/wp-json\/wp\/v2\/posts"}],"about":[{"href":"https:\/\/luchonoticias.com\/editor\/wp-json\/wp\/v2\/types\/post"}],"author":[{"embeddable":true,"href":"https:\/\/luchonoticias.com\/editor\/wp-json\/wp\/v2\/users\/2"}],"replies":[{"embeddable":true,"href":"https:\/\/luchonoticias.com\/editor\/wp-json\/wp\/v2\/comments?post=50065"}],"version-history":[{"count":0,"href":"https:\/\/luchonoticias.com\/editor\/wp-json\/wp\/v2\/posts\/50065\/revisions"}],"wp:attachment":[{"href":"https:\/\/luchonoticias.com\/editor\/wp-json\/wp\/v2\/media?parent=50065"}],"wp:term":[{"taxonomy":"category","embeddable":true,"href":"https:\/\/luchonoticias.com\/editor\/wp-json\/wp\/v2\/categories?post=50065"},{"taxonomy":"post_tag","embeddable":true,"href":"https:\/\/luchonoticias.com\/editor\/wp-json\/wp\/v2\/tags?post=50065"}],"curies":[{"name":"wp","href":"https:\/\/api.w.org\/{rel}","templated":true}]}}