{"id":50074,"date":"2023-04-10T14:40:15","date_gmt":"2023-04-10T19:40:15","guid":{"rendered":"https:\/\/luchonoticias.com\/?p=50074"},"modified":"2023-04-10T14:40:16","modified_gmt":"2023-04-10T19:40:16","slug":"presidente-petro-se-reunio-nuevamente-con-el-fiscal-general","status":"publish","type":"post","link":"https:\/\/luchonoticias.com\/editor\/presidente-petro-se-reunio-nuevamente-con-el-fiscal-general\/","title":{"rendered":"Presidente Petro se reuni\u00f3 nuevamente con el Fiscal General"},"content":{"rendered":"\n<p>Luego de la reuni\u00f3n que sostuvo el presidente de la Rep\u00fablica, Gustavo Petro, con el Fiscal General de la Naci\u00f3n, Francisco Barbosa, el Gobierno Nacional inform\u00f3 a la opini\u00f3n p\u00fablica y a los medios de comunicaci\u00f3n que, en aras de seguir avanzando en la lucha contra el narcotr\u00e1fico, reafirman que el proyecto de sujeci\u00f3n a la justicia tiene el firme objetivo de enfrentar con contundencia las acciones del narcotr\u00e1fico y, tambi\u00e9n, proteger a los cultivadores,<\/p>\n\n\n\n<p>\u201cQuienes son el eslab\u00f3n m\u00e1s d\u00e9bil en la cadena. Para ello se requiere de una estrategia integral que adem\u00e1s vele por la preservaci\u00f3n del medio ambiente\u201d, indic\u00f3 el Gobierno Nacional en un comunicado.<\/p>\n\n\n\n<p>Asimismo, entre los puntos de dudas atendidos por el presidente Petro al Fiscal General frente al proyecto de ley, est\u00e1 el de acordar mesas t\u00e9cnicas para un trabajo conjunto.<\/p>\n\n\n\n<p>\u201cSe reafirm\u00f3 el compromiso de lucha contra el narcotr\u00e1fico y adem\u00e1s de fortalecer la colaboraci\u00f3n en materia de operaciones de interdicci\u00f3n, se continuar\u00e1n las mesas semanales con la Fiscal\u00eda y la Fuerza P\u00fablica que permitan consolidar las cifras de incautaci\u00f3n de drogas il\u00edcitas\u201d, agregaron.<\/p>\n\n\n\n<p>Durante la reuni\u00f3n, considerada como provechosa y cordial, participaron el Presidente de la Rep\u00fablica, Gustavo Petro; el Ministro de Justicia, N\u00e9stor Osuna; la Jefa de Gabinete, Laura Sarabia; el Fiscal General de la Naci\u00f3n, Francisco Barbosa, y la Vicefiscal, Martha Mancera.<\/p>\n","protected":false},"excerpt":{"rendered":"<p>Luego de la reuni\u00f3n que sostuvo el presidente de la Rep\u00fablica, Gustavo Petro, con el Fiscal General de la Naci\u00f3n, Francisco Barbosa, el Gobierno Nacional inform\u00f3 a la opini\u00f3n p\u00fablica y a los medios de comunicaci\u00f3n que, en aras de seguir avanzando en la lucha contra el narcotr\u00e1fico, reafirman que el proyecto de sujeci\u00f3n a [&hellip;]<\/p>\n","protected":false},"author":2,"featured_media":0,"comment_status":"open","ping_status":"open","sticky":false,"template":"","format":"standard","meta":{"footnotes":""},"categories":[36,32],"tags":[],"class_list":["post-50074","post","type-post","status-publish","format-standard","hentry","category-destacado","category-nacional"],"yoast_head":"<!-- This site is optimized with the Yoast SEO plugin v26.6 - https:\/\/yoast.com\/wordpress\/plugins\/seo\/ -->\n<title>Presidente Petro se reuni\u00f3 nuevamente con el Fiscal General -<\/title>\n<meta name=\"robots\" content=\"index, follow, max-snippet:-1, max-image-preview:large, max-video-preview:-1\" \/>\n<link rel=\"canonical\" href=\"https:\/\/luchonoticias.com\/editor\/presidente-petro-se-reunio-nuevamente-con-el-fiscal-general\/\" \/>\n<meta property=\"og:locale\" content=\"es_ES\" \/>\n<meta property=\"og:type\" content=\"article\" \/>\n<meta property=\"og:title\" content=\"Presidente Petro se reuni\u00f3 nuevamente con el Fiscal General -\" \/>\n<meta property=\"og:url\" content=\"https:\/\/luchonoticias.com\/editor\/presidente-petro-se-reunio-nuevamente-con-el-fiscal-general\/\" \/>\n<meta property=\"article:publisher\" content=\"https:\/\/www.facebook.com\/luchonoticiasneiva\" \/>\n<meta property=\"article:published_time\" content=\"2023-04-10T19:40:15+00:00\" \/>\n<meta property=\"article:modified_time\" content=\"2023-04-10T19:40:16+00:00\" \/>\n<meta name=\"author\" content=\"Editor General\" \/>\n<meta name=\"twitter:card\" content=\"summary_large_image\" \/>\n<meta name=\"twitter:label1\" content=\"Escrito por\" \/>\n\t<meta name=\"twitter:data1\" content=\"Editor General\" \/>\n\t<meta name=\"twitter:label2\" content=\"Tiempo de lectura\" \/>\n\t<meta name=\"twitter:data2\" content=\"1 minuto\" \/>\n<script type=\"application\/ld+json\" class=\"yoast-schema-graph\">{\"@context\":\"https:\/\/schema.org\",\"@graph\":[{\"@type\":\"Article\",\"@id\":\"https:\/\/luchonoticias.com\/editor\/presidente-petro-se-reunio-nuevamente-con-el-fiscal-general\/#article\",\"isPartOf\":{\"@id\":\"https:\/\/luchonoticias.com\/editor\/presidente-petro-se-reunio-nuevamente-con-el-fiscal-general\/\"},\"author\":{\"name\":\"Editor General\",\"@id\":\"https:\/\/luchonoticias.com\/editor\/#\/schema\/person\/29217990ddf6f14e35912b2866d591fb\"},\"headline\":\"Presidente Petro se reuni\u00f3 nuevamente con el Fiscal General\",\"datePublished\":\"2023-04-10T19:40:15+00:00\",\"dateModified\":\"2023-04-10T19:40:16+00:00\",\"mainEntityOfPage\":{\"@id\":\"https:\/\/luchonoticias.com\/editor\/presidente-petro-se-reunio-nuevamente-con-el-fiscal-general\/\"},\"wordCount\":260,\"commentCount\":0,\"publisher\":{\"@id\":\"https:\/\/luchonoticias.com\/editor\/#\/schema\/person\/7a7fd911f58561fd056dbac7b55af9cd\"},\"articleSection\":[\"Destacado\",\"Nacional\"],\"inLanguage\":\"es\",\"potentialAction\":[{\"@type\":\"CommentAction\",\"name\":\"Comment\",\"target\":[\"https:\/\/luchonoticias.com\/editor\/presidente-petro-se-reunio-nuevamente-con-el-fiscal-general\/#respond\"]}]},{\"@type\":\"WebPage\",\"@id\":\"https:\/\/luchonoticias.com\/editor\/presidente-petro-se-reunio-nuevamente-con-el-fiscal-general\/\",\"url\":\"https:\/\/luchonoticias.com\/editor\/presidente-petro-se-reunio-nuevamente-con-el-fiscal-general\/\",\"name\":\"Presidente Petro se reuni\u00f3 nuevamente con el Fiscal General -\",\"isPartOf\":{\"@id\":\"https:\/\/luchonoticias.com\/editor\/#website\"},\"datePublished\":\"2023-04-10T19:40:15+00:00\",\"dateModified\":\"2023-04-10T19:40:16+00:00\",\"breadcrumb\":{\"@id\":\"https:\/\/luchonoticias.com\/editor\/presidente-petro-se-reunio-nuevamente-con-el-fiscal-general\/#breadcrumb\"},\"inLanguage\":\"es\",\"potentialAction\":[{\"@type\":\"ReadAction\",\"target\":[\"https:\/\/luchonoticias.com\/editor\/presidente-petro-se-reunio-nuevamente-con-el-fiscal-general\/\"]}]},{\"@type\":\"BreadcrumbList\",\"@id\":\"https:\/\/luchonoticias.com\/editor\/presidente-petro-se-reunio-nuevamente-con-el-fiscal-general\/#breadcrumb\",\"itemListElement\":[{\"@type\":\"ListItem\",\"position\":1,\"name\":\"Portada\",\"item\":\"https:\/\/luchonoticias.com\/editor\/\"},{\"@type\":\"ListItem\",\"position\":2,\"name\":\"Presidente Petro se reuni\u00f3 nuevamente con el Fiscal General\"}]},{\"@type\":\"WebSite\",\"@id\":\"https:\/\/luchonoticias.com\/editor\/#website\",\"url\":\"https:\/\/luchonoticias.com\/editor\/\",\"name\":\"\",\"description\":\"\",\"publisher\":{\"@id\":\"https:\/\/luchonoticias.com\/editor\/#\/schema\/person\/7a7fd911f58561fd056dbac7b55af9cd\"},\"potentialAction\":[{\"@type\":\"SearchAction\",\"target\":{\"@type\":\"EntryPoint\",\"urlTemplate\":\"https:\/\/luchonoticias.com\/editor\/?s={search_term_string}\"},\"query-input\":{\"@type\":\"PropertyValueSpecification\",\"valueRequired\":true,\"valueName\":\"search_term_string\"}}],\"inLanguage\":\"es\"},{\"@type\":[\"Person\",\"Organization\"],\"@id\":\"https:\/\/luchonoticias.com\/editor\/#\/schema\/person\/7a7fd911f58561fd056dbac7b55af9cd\",\"name\":\"admin\",\"image\":{\"@type\":\"ImageObject\",\"inLanguage\":\"es\",\"@id\":\"https:\/\/luchonoticias.com\/editor\/#\/schema\/person\/image\/\",\"url\":\"https:\/\/luchonoticias.com\/editor\/wp-content\/uploads\/2024\/02\/cropped-cropped-logolu.webp\",\"contentUrl\":\"https:\/\/luchonoticias.com\/editor\/wp-content\/uploads\/2024\/02\/cropped-cropped-logolu.webp\",\"width\":382,\"height\":170,\"caption\":\"admin\"},\"logo\":{\"@id\":\"https:\/\/luchonoticias.com\/editor\/#\/schema\/person\/image\/\"},\"sameAs\":[\"https:\/\/www.facebook.com\/luchonoticiasneiva\"]},{\"@type\":\"Person\",\"@id\":\"https:\/\/luchonoticias.com\/editor\/#\/schema\/person\/29217990ddf6f14e35912b2866d591fb\",\"name\":\"Editor General\",\"image\":{\"@type\":\"ImageObject\",\"inLanguage\":\"es\",\"@id\":\"https:\/\/luchonoticias.com\/editor\/#\/schema\/person\/image\/\",\"url\":\"https:\/\/luchonoticias.com\/editor\/wp-content\/uploads\/2024\/02\/cropped-cropped-logolu-150x150.webp\",\"contentUrl\":\"https:\/\/luchonoticias.com\/editor\/wp-content\/uploads\/2024\/02\/cropped-cropped-logolu-150x150.webp\",\"caption\":\"Editor General\"},\"sameAs\":[\"https:\/\/luchonoticias.com\/\"],\"url\":\"https:\/\/luchonoticias.com\/editor\/author\/editor-general\/\"}]}<\/script>\n<!-- \/ Yoast SEO plugin. -->","yoast_head_json":{"title":"Presidente Petro se reuni\u00f3 nuevamente con el Fiscal General -","robots":{"index":"index","follow":"follow","max-snippet":"max-snippet:-1","max-image-preview":"max-image-preview:large","max-video-preview":"max-video-preview:-1"},"canonical":"https:\/\/luchonoticias.com\/editor\/presidente-petro-se-reunio-nuevamente-con-el-fiscal-general\/","og_locale":"es_ES","og_type":"article","og_title":"Presidente Petro se reuni\u00f3 nuevamente con el Fiscal General -","og_url":"https:\/\/luchonoticias.com\/editor\/presidente-petro-se-reunio-nuevamente-con-el-fiscal-general\/","article_publisher":"https:\/\/www.facebook.com\/luchonoticiasneiva","article_published_time":"2023-04-10T19:40:15+00:00","article_modified_time":"2023-04-10T19:40:16+00:00","author":"Editor General","twitter_card":"summary_large_image","twitter_misc":{"Escrito por":"Editor General","Tiempo de lectura":"1 minuto"},"schema":{"@context":"https:\/\/schema.org","@graph":[{"@type":"Article","@id":"https:\/\/luchonoticias.com\/editor\/presidente-petro-se-reunio-nuevamente-con-el-fiscal-general\/#article","isPartOf":{"@id":"https:\/\/luchonoticias.com\/editor\/presidente-petro-se-reunio-nuevamente-con-el-fiscal-general\/"},"author":{"name":"Editor General","@id":"https:\/\/luchonoticias.com\/editor\/#\/schema\/person\/29217990ddf6f14e35912b2866d591fb"},"headline":"Presidente Petro se reuni\u00f3 nuevamente con el Fiscal General","datePublished":"2023-04-10T19:40:15+00:00","dateModified":"2023-04-10T19:40:16+00:00","mainEntityOfPage":{"@id":"https:\/\/luchonoticias.com\/editor\/presidente-petro-se-reunio-nuevamente-con-el-fiscal-general\/"},"wordCount":260,"commentCount":0,"publisher":{"@id":"https:\/\/luchonoticias.com\/editor\/#\/schema\/person\/7a7fd911f58561fd056dbac7b55af9cd"},"articleSection":["Destacado","Nacional"],"inLanguage":"es","potentialAction":[{"@type":"CommentAction","name":"Comment","target":["https:\/\/luchonoticias.com\/editor\/presidente-petro-se-reunio-nuevamente-con-el-fiscal-general\/#respond"]}]},{"@type":"WebPage","@id":"https:\/\/luchonoticias.com\/editor\/presidente-petro-se-reunio-nuevamente-con-el-fiscal-general\/","url":"https:\/\/luchonoticias.com\/editor\/presidente-petro-se-reunio-nuevamente-con-el-fiscal-general\/","name":"Presidente Petro se reuni\u00f3 nuevamente con el Fiscal General -","isPartOf":{"@id":"https:\/\/luchonoticias.com\/editor\/#website"},"datePublished":"2023-04-10T19:40:15+00:00","dateModified":"2023-04-10T19:40:16+00:00","breadcrumb":{"@id":"https:\/\/luchonoticias.com\/editor\/presidente-petro-se-reunio-nuevamente-con-el-fiscal-general\/#breadcrumb"},"inLanguage":"es","potentialAction":[{"@type":"ReadAction","target":["https:\/\/luchonoticias.com\/editor\/presidente-petro-se-reunio-nuevamente-con-el-fiscal-general\/"]}]},{"@type":"BreadcrumbList","@id":"https:\/\/luchonoticias.com\/editor\/presidente-petro-se-reunio-nuevamente-con-el-fiscal-general\/#breadcrumb","itemListElement":[{"@type":"ListItem","position":1,"name":"Portada","item":"https:\/\/luchonoticias.com\/editor\/"},{"@type":"ListItem","position":2,"name":"Presidente Petro se reuni\u00f3 nuevamente con el Fiscal General"}]},{"@type":"WebSite","@id":"https:\/\/luchonoticias.com\/editor\/#website","url":"https:\/\/luchonoticias.com\/editor\/","name":"","description":"","publisher":{"@id":"https:\/\/luchonoticias.com\/editor\/#\/schema\/person\/7a7fd911f58561fd056dbac7b55af9cd"},"potentialAction":[{"@type":"SearchAction","target":{"@type":"EntryPoint","urlTemplate":"https:\/\/luchonoticias.com\/editor\/?s={search_term_string}"},"query-input":{"@type":"PropertyValueSpecification","valueRequired":true,"valueName":"search_term_string"}}],"inLanguage":"es"},{"@type":["Person","Organization"],"@id":"https:\/\/luchonoticias.com\/editor\/#\/schema\/person\/7a7fd911f58561fd056dbac7b55af9cd","name":"admin","image":{"@type":"ImageObject","inLanguage":"es","@id":"https:\/\/luchonoticias.com\/editor\/#\/schema\/person\/image\/","url":"https:\/\/luchonoticias.com\/editor\/wp-content\/uploads\/2024\/02\/cropped-cropped-logolu.webp","contentUrl":"https:\/\/luchonoticias.com\/editor\/wp-content\/uploads\/2024\/02\/cropped-cropped-logolu.webp","width":382,"height":170,"caption":"admin"},"logo":{"@id":"https:\/\/luchonoticias.com\/editor\/#\/schema\/person\/image\/"},"sameAs":["https:\/\/www.facebook.com\/luchonoticiasneiva"]},{"@type":"Person","@id":"https:\/\/luchonoticias.com\/editor\/#\/schema\/person\/29217990ddf6f14e35912b2866d591fb","name":"Editor General","image":{"@type":"ImageObject","inLanguage":"es","@id":"https:\/\/luchonoticias.com\/editor\/#\/schema\/person\/image\/","url":"https:\/\/luchonoticias.com\/editor\/wp-content\/uploads\/2024\/02\/cropped-cropped-logolu-150x150.webp","contentUrl":"https:\/\/luchonoticias.com\/editor\/wp-content\/uploads\/2024\/02\/cropped-cropped-logolu-150x150.webp","caption":"Editor General"},"sameAs":["https:\/\/luchonoticias.com\/"],"url":"https:\/\/luchonoticias.com\/editor\/author\/editor-general\/"}]}},"_links":{"self":[{"href":"https:\/\/luchonoticias.com\/editor\/wp-json\/wp\/v2\/posts\/50074","targetHints":{"allow":["GET"]}}],"collection":[{"href":"https:\/\/luchonoticias.com\/editor\/wp-json\/wp\/v2\/posts"}],"about":[{"href":"https:\/\/luchonoticias.com\/editor\/wp-json\/wp\/v2\/types\/post"}],"author":[{"embeddable":true,"href":"https:\/\/luchonoticias.com\/editor\/wp-json\/wp\/v2\/users\/2"}],"replies":[{"embeddable":true,"href":"https:\/\/luchonoticias.com\/editor\/wp-json\/wp\/v2\/comments?post=50074"}],"version-history":[{"count":0,"href":"https:\/\/luchonoticias.com\/editor\/wp-json\/wp\/v2\/posts\/50074\/revisions"}],"wp:attachment":[{"href":"https:\/\/luchonoticias.com\/editor\/wp-json\/wp\/v2\/media?parent=50074"}],"wp:term":[{"taxonomy":"category","embeddable":true,"href":"https:\/\/luchonoticias.com\/editor\/wp-json\/wp\/v2\/categories?post=50074"},{"taxonomy":"post_tag","embeddable":true,"href":"https:\/\/luchonoticias.com\/editor\/wp-json\/wp\/v2\/tags?post=50074"}],"curies":[{"name":"wp","href":"https:\/\/api.w.org\/{rel}","templated":true}]}}