{"id":50161,"date":"2023-04-12T05:06:53","date_gmt":"2023-04-12T10:06:53","guid":{"rendered":"https:\/\/luchonoticias.com\/?p=50161"},"modified":"2023-04-12T05:06:54","modified_gmt":"2023-04-12T10:06:54","slug":"gobernador-participara-en-debate-sobre-el-quimbo-en-el-congreso","status":"publish","type":"post","link":"https:\/\/luchonoticias.com\/editor\/gobernador-participara-en-debate-sobre-el-quimbo-en-el-congreso\/","title":{"rendered":"Gobernador participar\u00e1 en debate sobre El Quimbo en el Congreso"},"content":{"rendered":"\n<p>El debate de control pol\u00edtico por los incumplimientos del Proyecto Hidroel\u00e9ctrico \u201cEl Quimbo\u201d se realizar\u00e1 hoy a las 9:00 a.m. en el sal\u00f3n \u2018Jorge Eliecer Gait\u00e1n\u2019 del Congreso de la Rep\u00fablica en Bogot\u00e1.<\/p>\n\n\n\n<p>En recientes declaraciones el gobernador del Huila, Luis Enrique Duss\u00e1n, realiz\u00f3 un <strong>recuento de los incumplimientos de Emgesa hoy denominada ENEL Colombia<\/strong> con el Proyecto Hidroel\u00e9ctrico El Quimbo dejando <strong>p\u00e9rdidas productivas, agropecuarias, culturales y sociales<\/strong> para el departamento. Compensaciones que <strong>a la fecha no se han hecho cumplir <\/strong>por parte de la Autoridad Nacional de Licencias Ambientales.<\/p>\n\n\n\n<p>\u201cInfortunadamente 14 a\u00f1os despu\u00e9s cuando inici\u00f3 este proceso de la Licencia Ambiental los incumplimientos son muchos y no solo con las familias afectadas sino con el territorio, <strong>hay incumplimientos productivos porque de las 8.500 hect\u00e1reas, m\u00e1s de 5.000 eran aptas para el desarrollo agropecuario y \u00e9stas se perdieron<\/strong>; tambi\u00e9n hay unas compensaciones del orden productivo a trav\u00e9s de <strong>compra y adecuaci\u00f3n de tierras que no se han cumplido y que quieren evadir.<\/strong> Un proyecto de estos genera un gran impacto negativo en el medio ambiente de todo un territorio y eso tampoco se ha compensado\u201d, explic\u00f3 el gobernador, Luis Enrique Duss\u00e1n.<\/p>\n\n\n\n<p>El gobernador fue enf\u00e1tico al <strong>mencionar que la ANLA ha sido c\u00f3mplice con los incumplimientos<\/strong> y ha querido modificar en varias ocasiones la licencia para su conveniencia.<\/p>\n\n\n\n<p>\u201cEsto no solo perjudica a estas familias sino a todo el territorio porque quieren evadir 5.200 hect\u00e1reas de tierra con riego por gravedad para el desarrollo productivo de la regi\u00f3n, eso es muy grave y lo quieren hacer de un plumazo con 427 familias que son afectadas, que requieren compensaci\u00f3n pero que esperan darles un peque\u00f1o dinero y con eso salir de toda la responsabilidad, por eso, no hemos estado de acuerdo con esa modificaci\u00f3n, porque no se han cumplido los compromisos y ahora quieren evadir al gobernador del Huila con la firma de las modificaciones\u201d precis\u00f3 el mandatario regional.<\/p>\n\n\n\n<p>Incumplimientos m\u00e1s importantes de ENEL Colombia frente a las obligaciones de la Licencia Ambiental:<\/p>\n\n\n\n<ol class=\"wp-block-list\">\n<li>Adquirir y adecuar con riego por gravedad 2.500 hect\u00e1reas para la realizaci\u00f3n de programas de reubicaci\u00f3n y compensaci\u00f3n de unidades familiares. Al respecto, ENEL Colombia ha entregado tan solo 1.037 hect\u00e1reas en reasentamientos individuales y colectivos, mientras que ha generado conflicto social con aproximadamente 427 personas\/familias en condici\u00f3n de vulnerabilidad, que resid\u00edan y trabajaban en el \u00e1rea del proyecto hidroel\u00e9ctrico y fueron desplazados sin que a la fecha hayan sido objeto de la compensaci\u00f3n a que tienen derecho. En la actualidad, aprovech\u00e1ndose de la vulnerabilidad y las necesidades de estas familias, ENEL Colombia con el patrocinio de algunas Entidades P\u00fablicas Nacionales y Locales, pretende cambiar las obligaciones de la licencia ambiental para compensar a estas familias con una m\u00ednima parte de los reales Derechos que tienen como afectados de acuerdo a los t\u00e9rminos de la Licencia Ambiental y sus Resoluciones modificatorias.<\/li>\n\n\n\n<li>Asumir los costos de adecuar con riego por gravedad a 2.700 hect\u00e1reas, para ser restituidos a los municipios del \u00e1rea de influencia directa, en proporci\u00f3n al \u00e1rea afectada en cada Municipio por la implantaci\u00f3n del proyecto. Tierras \u00e9stas, que debieron ser adquiridas por la Agencia Nacional de Tierras para llevar a cabo procesos de reforma Agraria. Las pretensiones de ENEL Colombia con auspicio de representantes de la Institucionalidad del orden Nacional del Gobierno anterior, hacen que esta obligaci\u00f3n no se cumpla y se convalide por la compensaci\u00f3n a las 427 personas\/familias en condici\u00f3n de vulnerabilidad desplazadas de su residencia y trabajo por el PHEQ. Este desprop\u00f3sito representar\u00eda para las entidades territoriales un detrimento patrimonial muy importante por las inversiones que se pretenden evadir, sepultando la recuperaci\u00f3n de la productividad agropecuaria perdida, las afectaciones al PIB, as\u00ed como el impacto social que representa desechar la posibilidad de adelantar procesos de reforma Agraria, para beneficiar a la poblaci\u00f3n m\u00e1s vulnerable del centro del departamento del Huila.<\/li>\n<\/ol>\n","protected":false},"excerpt":{"rendered":"<p>El debate de control pol\u00edtico por los incumplimientos del Proyecto Hidroel\u00e9ctrico \u201cEl Quimbo\u201d se realizar\u00e1 hoy a las 9:00 a.m. en el sal\u00f3n \u2018Jorge Eliecer Gait\u00e1n\u2019 del Congreso de la Rep\u00fablica en Bogot\u00e1. En recientes declaraciones el gobernador del Huila, Luis Enrique Duss\u00e1n, realiz\u00f3 un recuento de los incumplimientos de Emgesa hoy denominada ENEL Colombia [&hellip;]<\/p>\n","protected":false},"author":2,"featured_media":0,"comment_status":"open","ping_status":"open","sticky":false,"template":"","format":"standard","meta":{"footnotes":""},"categories":[33],"tags":[],"class_list":["post-50161","post","type-post","status-publish","format-standard","hentry","category-huila"],"yoast_head":"<!-- This site is optimized with the Yoast SEO plugin v26.6 - https:\/\/yoast.com\/wordpress\/plugins\/seo\/ -->\n<title>Gobernador participar\u00e1 en debate sobre El Quimbo en el Congreso -<\/title>\n<meta name=\"robots\" content=\"index, follow, max-snippet:-1, max-image-preview:large, max-video-preview:-1\" \/>\n<link rel=\"canonical\" href=\"https:\/\/luchonoticias.com\/editor\/gobernador-participara-en-debate-sobre-el-quimbo-en-el-congreso\/\" \/>\n<meta property=\"og:locale\" content=\"es_ES\" \/>\n<meta property=\"og:type\" content=\"article\" \/>\n<meta property=\"og:title\" content=\"Gobernador participar\u00e1 en debate sobre El Quimbo en el Congreso -\" \/>\n<meta property=\"og:url\" content=\"https:\/\/luchonoticias.com\/editor\/gobernador-participara-en-debate-sobre-el-quimbo-en-el-congreso\/\" \/>\n<meta property=\"article:publisher\" content=\"https:\/\/www.facebook.com\/luchonoticiasneiva\" \/>\n<meta property=\"article:published_time\" content=\"2023-04-12T10:06:53+00:00\" \/>\n<meta property=\"article:modified_time\" content=\"2023-04-12T10:06:54+00:00\" \/>\n<meta name=\"author\" content=\"Editor General\" \/>\n<meta name=\"twitter:card\" content=\"summary_large_image\" \/>\n<meta name=\"twitter:label1\" content=\"Escrito por\" \/>\n\t<meta name=\"twitter:data1\" content=\"Editor General\" \/>\n\t<meta name=\"twitter:label2\" content=\"Tiempo de lectura\" \/>\n\t<meta name=\"twitter:data2\" content=\"3 minutos\" \/>\n<script type=\"application\/ld+json\" class=\"yoast-schema-graph\">{\"@context\":\"https:\/\/schema.org\",\"@graph\":[{\"@type\":\"Article\",\"@id\":\"https:\/\/luchonoticias.com\/editor\/gobernador-participara-en-debate-sobre-el-quimbo-en-el-congreso\/#article\",\"isPartOf\":{\"@id\":\"https:\/\/luchonoticias.com\/editor\/gobernador-participara-en-debate-sobre-el-quimbo-en-el-congreso\/\"},\"author\":{\"name\":\"Editor General\",\"@id\":\"https:\/\/luchonoticias.com\/editor\/#\/schema\/person\/29217990ddf6f14e35912b2866d591fb\"},\"headline\":\"Gobernador participar\u00e1 en debate sobre El Quimbo en el Congreso\",\"datePublished\":\"2023-04-12T10:06:53+00:00\",\"dateModified\":\"2023-04-12T10:06:54+00:00\",\"mainEntityOfPage\":{\"@id\":\"https:\/\/luchonoticias.com\/editor\/gobernador-participara-en-debate-sobre-el-quimbo-en-el-congreso\/\"},\"wordCount\":687,\"commentCount\":0,\"publisher\":{\"@id\":\"https:\/\/luchonoticias.com\/editor\/#\/schema\/person\/7a7fd911f58561fd056dbac7b55af9cd\"},\"articleSection\":[\"Huila\"],\"inLanguage\":\"es\",\"potentialAction\":[{\"@type\":\"CommentAction\",\"name\":\"Comment\",\"target\":[\"https:\/\/luchonoticias.com\/editor\/gobernador-participara-en-debate-sobre-el-quimbo-en-el-congreso\/#respond\"]}]},{\"@type\":\"WebPage\",\"@id\":\"https:\/\/luchonoticias.com\/editor\/gobernador-participara-en-debate-sobre-el-quimbo-en-el-congreso\/\",\"url\":\"https:\/\/luchonoticias.com\/editor\/gobernador-participara-en-debate-sobre-el-quimbo-en-el-congreso\/\",\"name\":\"Gobernador participar\u00e1 en debate sobre El Quimbo en el Congreso -\",\"isPartOf\":{\"@id\":\"https:\/\/luchonoticias.com\/editor\/#website\"},\"datePublished\":\"2023-04-12T10:06:53+00:00\",\"dateModified\":\"2023-04-12T10:06:54+00:00\",\"breadcrumb\":{\"@id\":\"https:\/\/luchonoticias.com\/editor\/gobernador-participara-en-debate-sobre-el-quimbo-en-el-congreso\/#breadcrumb\"},\"inLanguage\":\"es\",\"potentialAction\":[{\"@type\":\"ReadAction\",\"target\":[\"https:\/\/luchonoticias.com\/editor\/gobernador-participara-en-debate-sobre-el-quimbo-en-el-congreso\/\"]}]},{\"@type\":\"BreadcrumbList\",\"@id\":\"https:\/\/luchonoticias.com\/editor\/gobernador-participara-en-debate-sobre-el-quimbo-en-el-congreso\/#breadcrumb\",\"itemListElement\":[{\"@type\":\"ListItem\",\"position\":1,\"name\":\"Portada\",\"item\":\"https:\/\/luchonoticias.com\/editor\/\"},{\"@type\":\"ListItem\",\"position\":2,\"name\":\"Gobernador participar\u00e1 en debate sobre El Quimbo en el Congreso\"}]},{\"@type\":\"WebSite\",\"@id\":\"https:\/\/luchonoticias.com\/editor\/#website\",\"url\":\"https:\/\/luchonoticias.com\/editor\/\",\"name\":\"\",\"description\":\"\",\"publisher\":{\"@id\":\"https:\/\/luchonoticias.com\/editor\/#\/schema\/person\/7a7fd911f58561fd056dbac7b55af9cd\"},\"potentialAction\":[{\"@type\":\"SearchAction\",\"target\":{\"@type\":\"EntryPoint\",\"urlTemplate\":\"https:\/\/luchonoticias.com\/editor\/?s={search_term_string}\"},\"query-input\":{\"@type\":\"PropertyValueSpecification\",\"valueRequired\":true,\"valueName\":\"search_term_string\"}}],\"inLanguage\":\"es\"},{\"@type\":[\"Person\",\"Organization\"],\"@id\":\"https:\/\/luchonoticias.com\/editor\/#\/schema\/person\/7a7fd911f58561fd056dbac7b55af9cd\",\"name\":\"admin\",\"image\":{\"@type\":\"ImageObject\",\"inLanguage\":\"es\",\"@id\":\"https:\/\/luchonoticias.com\/editor\/#\/schema\/person\/image\/\",\"url\":\"https:\/\/luchonoticias.com\/editor\/wp-content\/uploads\/2024\/02\/cropped-cropped-logolu.webp\",\"contentUrl\":\"https:\/\/luchonoticias.com\/editor\/wp-content\/uploads\/2024\/02\/cropped-cropped-logolu.webp\",\"width\":382,\"height\":170,\"caption\":\"admin\"},\"logo\":{\"@id\":\"https:\/\/luchonoticias.com\/editor\/#\/schema\/person\/image\/\"},\"sameAs\":[\"https:\/\/www.facebook.com\/luchonoticiasneiva\"]},{\"@type\":\"Person\",\"@id\":\"https:\/\/luchonoticias.com\/editor\/#\/schema\/person\/29217990ddf6f14e35912b2866d591fb\",\"name\":\"Editor General\",\"image\":{\"@type\":\"ImageObject\",\"inLanguage\":\"es\",\"@id\":\"https:\/\/luchonoticias.com\/editor\/#\/schema\/person\/image\/\",\"url\":\"https:\/\/luchonoticias.com\/editor\/wp-content\/uploads\/2024\/02\/cropped-cropped-logolu-150x150.webp\",\"contentUrl\":\"https:\/\/luchonoticias.com\/editor\/wp-content\/uploads\/2024\/02\/cropped-cropped-logolu-150x150.webp\",\"caption\":\"Editor General\"},\"sameAs\":[\"https:\/\/luchonoticias.com\/\"],\"url\":\"https:\/\/luchonoticias.com\/editor\/author\/editor-general\/\"}]}<\/script>\n<!-- \/ Yoast SEO plugin. -->","yoast_head_json":{"title":"Gobernador participar\u00e1 en debate sobre El Quimbo en el Congreso -","robots":{"index":"index","follow":"follow","max-snippet":"max-snippet:-1","max-image-preview":"max-image-preview:large","max-video-preview":"max-video-preview:-1"},"canonical":"https:\/\/luchonoticias.com\/editor\/gobernador-participara-en-debate-sobre-el-quimbo-en-el-congreso\/","og_locale":"es_ES","og_type":"article","og_title":"Gobernador participar\u00e1 en debate sobre El Quimbo en el Congreso -","og_url":"https:\/\/luchonoticias.com\/editor\/gobernador-participara-en-debate-sobre-el-quimbo-en-el-congreso\/","article_publisher":"https:\/\/www.facebook.com\/luchonoticiasneiva","article_published_time":"2023-04-12T10:06:53+00:00","article_modified_time":"2023-04-12T10:06:54+00:00","author":"Editor General","twitter_card":"summary_large_image","twitter_misc":{"Escrito por":"Editor General","Tiempo de lectura":"3 minutos"},"schema":{"@context":"https:\/\/schema.org","@graph":[{"@type":"Article","@id":"https:\/\/luchonoticias.com\/editor\/gobernador-participara-en-debate-sobre-el-quimbo-en-el-congreso\/#article","isPartOf":{"@id":"https:\/\/luchonoticias.com\/editor\/gobernador-participara-en-debate-sobre-el-quimbo-en-el-congreso\/"},"author":{"name":"Editor General","@id":"https:\/\/luchonoticias.com\/editor\/#\/schema\/person\/29217990ddf6f14e35912b2866d591fb"},"headline":"Gobernador participar\u00e1 en debate sobre El Quimbo en el Congreso","datePublished":"2023-04-12T10:06:53+00:00","dateModified":"2023-04-12T10:06:54+00:00","mainEntityOfPage":{"@id":"https:\/\/luchonoticias.com\/editor\/gobernador-participara-en-debate-sobre-el-quimbo-en-el-congreso\/"},"wordCount":687,"commentCount":0,"publisher":{"@id":"https:\/\/luchonoticias.com\/editor\/#\/schema\/person\/7a7fd911f58561fd056dbac7b55af9cd"},"articleSection":["Huila"],"inLanguage":"es","potentialAction":[{"@type":"CommentAction","name":"Comment","target":["https:\/\/luchonoticias.com\/editor\/gobernador-participara-en-debate-sobre-el-quimbo-en-el-congreso\/#respond"]}]},{"@type":"WebPage","@id":"https:\/\/luchonoticias.com\/editor\/gobernador-participara-en-debate-sobre-el-quimbo-en-el-congreso\/","url":"https:\/\/luchonoticias.com\/editor\/gobernador-participara-en-debate-sobre-el-quimbo-en-el-congreso\/","name":"Gobernador participar\u00e1 en debate sobre El Quimbo en el Congreso -","isPartOf":{"@id":"https:\/\/luchonoticias.com\/editor\/#website"},"datePublished":"2023-04-12T10:06:53+00:00","dateModified":"2023-04-12T10:06:54+00:00","breadcrumb":{"@id":"https:\/\/luchonoticias.com\/editor\/gobernador-participara-en-debate-sobre-el-quimbo-en-el-congreso\/#breadcrumb"},"inLanguage":"es","potentialAction":[{"@type":"ReadAction","target":["https:\/\/luchonoticias.com\/editor\/gobernador-participara-en-debate-sobre-el-quimbo-en-el-congreso\/"]}]},{"@type":"BreadcrumbList","@id":"https:\/\/luchonoticias.com\/editor\/gobernador-participara-en-debate-sobre-el-quimbo-en-el-congreso\/#breadcrumb","itemListElement":[{"@type":"ListItem","position":1,"name":"Portada","item":"https:\/\/luchonoticias.com\/editor\/"},{"@type":"ListItem","position":2,"name":"Gobernador participar\u00e1 en debate sobre El Quimbo en el Congreso"}]},{"@type":"WebSite","@id":"https:\/\/luchonoticias.com\/editor\/#website","url":"https:\/\/luchonoticias.com\/editor\/","name":"","description":"","publisher":{"@id":"https:\/\/luchonoticias.com\/editor\/#\/schema\/person\/7a7fd911f58561fd056dbac7b55af9cd"},"potentialAction":[{"@type":"SearchAction","target":{"@type":"EntryPoint","urlTemplate":"https:\/\/luchonoticias.com\/editor\/?s={search_term_string}"},"query-input":{"@type":"PropertyValueSpecification","valueRequired":true,"valueName":"search_term_string"}}],"inLanguage":"es"},{"@type":["Person","Organization"],"@id":"https:\/\/luchonoticias.com\/editor\/#\/schema\/person\/7a7fd911f58561fd056dbac7b55af9cd","name":"admin","image":{"@type":"ImageObject","inLanguage":"es","@id":"https:\/\/luchonoticias.com\/editor\/#\/schema\/person\/image\/","url":"https:\/\/luchonoticias.com\/editor\/wp-content\/uploads\/2024\/02\/cropped-cropped-logolu.webp","contentUrl":"https:\/\/luchonoticias.com\/editor\/wp-content\/uploads\/2024\/02\/cropped-cropped-logolu.webp","width":382,"height":170,"caption":"admin"},"logo":{"@id":"https:\/\/luchonoticias.com\/editor\/#\/schema\/person\/image\/"},"sameAs":["https:\/\/www.facebook.com\/luchonoticiasneiva"]},{"@type":"Person","@id":"https:\/\/luchonoticias.com\/editor\/#\/schema\/person\/29217990ddf6f14e35912b2866d591fb","name":"Editor General","image":{"@type":"ImageObject","inLanguage":"es","@id":"https:\/\/luchonoticias.com\/editor\/#\/schema\/person\/image\/","url":"https:\/\/luchonoticias.com\/editor\/wp-content\/uploads\/2024\/02\/cropped-cropped-logolu-150x150.webp","contentUrl":"https:\/\/luchonoticias.com\/editor\/wp-content\/uploads\/2024\/02\/cropped-cropped-logolu-150x150.webp","caption":"Editor General"},"sameAs":["https:\/\/luchonoticias.com\/"],"url":"https:\/\/luchonoticias.com\/editor\/author\/editor-general\/"}]}},"_links":{"self":[{"href":"https:\/\/luchonoticias.com\/editor\/wp-json\/wp\/v2\/posts\/50161","targetHints":{"allow":["GET"]}}],"collection":[{"href":"https:\/\/luchonoticias.com\/editor\/wp-json\/wp\/v2\/posts"}],"about":[{"href":"https:\/\/luchonoticias.com\/editor\/wp-json\/wp\/v2\/types\/post"}],"author":[{"embeddable":true,"href":"https:\/\/luchonoticias.com\/editor\/wp-json\/wp\/v2\/users\/2"}],"replies":[{"embeddable":true,"href":"https:\/\/luchonoticias.com\/editor\/wp-json\/wp\/v2\/comments?post=50161"}],"version-history":[{"count":0,"href":"https:\/\/luchonoticias.com\/editor\/wp-json\/wp\/v2\/posts\/50161\/revisions"}],"wp:attachment":[{"href":"https:\/\/luchonoticias.com\/editor\/wp-json\/wp\/v2\/media?parent=50161"}],"wp:term":[{"taxonomy":"category","embeddable":true,"href":"https:\/\/luchonoticias.com\/editor\/wp-json\/wp\/v2\/categories?post=50161"},{"taxonomy":"post_tag","embeddable":true,"href":"https:\/\/luchonoticias.com\/editor\/wp-json\/wp\/v2\/tags?post=50161"}],"curies":[{"name":"wp","href":"https:\/\/api.w.org\/{rel}","templated":true}]}}