{"id":50214,"date":"2023-04-13T04:53:39","date_gmt":"2023-04-13T09:53:39","guid":{"rendered":"https:\/\/luchonoticias.com\/?p=50214"},"modified":"2023-04-13T04:53:40","modified_gmt":"2023-04-13T09:53:40","slug":"historico-alcaldia-de-neiva-pago-honorarios-a-ediles","status":"publish","type":"post","link":"https:\/\/luchonoticias.com\/editor\/historico-alcaldia-de-neiva-pago-honorarios-a-ediles\/","title":{"rendered":"Hist\u00f3rico, Alcald\u00eda de Neiva pag\u00f3 honorarios a Ediles"},"content":{"rendered":"\n<p>El alcalde Gorky Mu\u00f1oz Calder\u00f3n, dando cumplimiento a su palabra y compromiso, realiz\u00f3 el primer pago por concepto de honorarios de sesiones ordinarias a los ediles del Municipio de Neiva.<\/p>\n\n\n\n<p>\u201cCon este giro, se cumple la palabra y lo ordenado en la Ley 2086 de 2021\u201d sostuvo Felipe Guerrero, Director de Participaci\u00f3n Ciudadana y Comunitaria.<\/p>\n\n\n\n<p>Esta es la primera vez en la historia administrativa de la ciudad que un mandatario le reconoce un emolumento como reconocimiento a su arduo trabajo en pro de las comunidades.<\/p>\n\n\n\n<p>El primer pago adelantado corresponde a 20 sesiones ordinarias del periodo comprendido entre el 23 de febrero al 24 de marzo, lo cual equivale a $1.526.000.<\/p>\n\n\n\n<p>Neiva, es la s\u00e9ptima ciudad que ha decidido pagar honorarios a ediles y actualmente tiene en todo su territorio 93 activos; en esta ocasi\u00f3n solo 75 de ellos pasaron las respectivas cuentas y al respecto el Director de Participaci\u00f3n Ciudadana y Comunitaria, indic\u00f3 que los restantes las pueden acumular para el siguiente pago que se har\u00eda a mediados del mes de mayo.<\/p>\n\n\n\n<p><strong>Condiciones dignas de trabajo<\/strong><\/p>\n\n\n\n<p>Para el alcalde los neivanos, una de sus premisas de su mandato es la dignificaci\u00f3n del ser humano y con estas acciones lo viene cumpliendo y as\u00ed lo reconocen los ediles que manifestaron su agradecimiento porque fue una promesa que se cumpli\u00f3.<\/p>\n\n\n\n<p>Este a\u00f1o \u00b4por ejemplo, Neiva ser\u00e1 epicentro del Encuentro Nacional de Ediles y Edilesas; las proyecciones por parte de la Direcci\u00f3n de Participaci\u00f3n Ciudadana y Comunitaria, es que la capital opita albergar\u00e1 a m\u00e1s de 800 l\u00edderes comunales de todo el pa\u00eds.<\/p>\n\n\n\n<p>\u201cCon este evento vamos a dejar en alto no solo el nombre de la dependencia que dirijo sino tambi\u00e9n el de la Administraci\u00f3n Municipal\u201d sostuvo Felipe Guerrero.<\/p>\n","protected":false},"excerpt":{"rendered":"<p>El alcalde Gorky Mu\u00f1oz Calder\u00f3n, dando cumplimiento a su palabra y compromiso, realiz\u00f3 el primer pago por concepto de honorarios de sesiones ordinarias a los ediles del Municipio de Neiva. \u201cCon este giro, se cumple la palabra y lo ordenado en la Ley 2086 de 2021\u201d sostuvo Felipe Guerrero, Director de Participaci\u00f3n Ciudadana y Comunitaria. [&hellip;]<\/p>\n","protected":false},"author":2,"featured_media":0,"comment_status":"open","ping_status":"open","sticky":false,"template":"","format":"standard","meta":{"footnotes":""},"categories":[36,53],"tags":[],"class_list":["post-50214","post","type-post","status-publish","format-standard","hentry","category-destacado","category-neiva"],"yoast_head":"<!-- This site is optimized with the Yoast SEO plugin v26.6 - https:\/\/yoast.com\/wordpress\/plugins\/seo\/ -->\n<title>Hist\u00f3rico, Alcald\u00eda de Neiva pag\u00f3 honorarios a Ediles -<\/title>\n<meta name=\"robots\" content=\"index, follow, max-snippet:-1, max-image-preview:large, max-video-preview:-1\" \/>\n<link rel=\"canonical\" href=\"https:\/\/luchonoticias.com\/editor\/historico-alcaldia-de-neiva-pago-honorarios-a-ediles\/\" \/>\n<meta property=\"og:locale\" content=\"es_ES\" \/>\n<meta property=\"og:type\" content=\"article\" \/>\n<meta property=\"og:title\" content=\"Hist\u00f3rico, Alcald\u00eda de Neiva pag\u00f3 honorarios a Ediles -\" \/>\n<meta property=\"og:url\" content=\"https:\/\/luchonoticias.com\/editor\/historico-alcaldia-de-neiva-pago-honorarios-a-ediles\/\" \/>\n<meta property=\"article:publisher\" content=\"https:\/\/www.facebook.com\/luchonoticiasneiva\" \/>\n<meta property=\"article:published_time\" content=\"2023-04-13T09:53:39+00:00\" \/>\n<meta property=\"article:modified_time\" content=\"2023-04-13T09:53:40+00:00\" \/>\n<meta name=\"author\" content=\"Editor General\" \/>\n<meta name=\"twitter:card\" content=\"summary_large_image\" \/>\n<meta name=\"twitter:label1\" content=\"Escrito por\" \/>\n\t<meta name=\"twitter:data1\" content=\"Editor General\" \/>\n\t<meta name=\"twitter:label2\" content=\"Tiempo de lectura\" \/>\n\t<meta name=\"twitter:data2\" content=\"1 minuto\" \/>\n<script type=\"application\/ld+json\" class=\"yoast-schema-graph\">{\"@context\":\"https:\/\/schema.org\",\"@graph\":[{\"@type\":\"Article\",\"@id\":\"https:\/\/luchonoticias.com\/editor\/historico-alcaldia-de-neiva-pago-honorarios-a-ediles\/#article\",\"isPartOf\":{\"@id\":\"https:\/\/luchonoticias.com\/editor\/historico-alcaldia-de-neiva-pago-honorarios-a-ediles\/\"},\"author\":{\"name\":\"Editor General\",\"@id\":\"https:\/\/luchonoticias.com\/editor\/#\/schema\/person\/29217990ddf6f14e35912b2866d591fb\"},\"headline\":\"Hist\u00f3rico, Alcald\u00eda de Neiva pag\u00f3 honorarios a Ediles\",\"datePublished\":\"2023-04-13T09:53:39+00:00\",\"dateModified\":\"2023-04-13T09:53:40+00:00\",\"mainEntityOfPage\":{\"@id\":\"https:\/\/luchonoticias.com\/editor\/historico-alcaldia-de-neiva-pago-honorarios-a-ediles\/\"},\"wordCount\":305,\"commentCount\":0,\"publisher\":{\"@id\":\"https:\/\/luchonoticias.com\/editor\/#\/schema\/person\/7a7fd911f58561fd056dbac7b55af9cd\"},\"articleSection\":[\"Destacado\",\"Neiva\"],\"inLanguage\":\"es\",\"potentialAction\":[{\"@type\":\"CommentAction\",\"name\":\"Comment\",\"target\":[\"https:\/\/luchonoticias.com\/editor\/historico-alcaldia-de-neiva-pago-honorarios-a-ediles\/#respond\"]}]},{\"@type\":\"WebPage\",\"@id\":\"https:\/\/luchonoticias.com\/editor\/historico-alcaldia-de-neiva-pago-honorarios-a-ediles\/\",\"url\":\"https:\/\/luchonoticias.com\/editor\/historico-alcaldia-de-neiva-pago-honorarios-a-ediles\/\",\"name\":\"Hist\u00f3rico, Alcald\u00eda de Neiva pag\u00f3 honorarios a Ediles -\",\"isPartOf\":{\"@id\":\"https:\/\/luchonoticias.com\/editor\/#website\"},\"datePublished\":\"2023-04-13T09:53:39+00:00\",\"dateModified\":\"2023-04-13T09:53:40+00:00\",\"breadcrumb\":{\"@id\":\"https:\/\/luchonoticias.com\/editor\/historico-alcaldia-de-neiva-pago-honorarios-a-ediles\/#breadcrumb\"},\"inLanguage\":\"es\",\"potentialAction\":[{\"@type\":\"ReadAction\",\"target\":[\"https:\/\/luchonoticias.com\/editor\/historico-alcaldia-de-neiva-pago-honorarios-a-ediles\/\"]}]},{\"@type\":\"BreadcrumbList\",\"@id\":\"https:\/\/luchonoticias.com\/editor\/historico-alcaldia-de-neiva-pago-honorarios-a-ediles\/#breadcrumb\",\"itemListElement\":[{\"@type\":\"ListItem\",\"position\":1,\"name\":\"Portada\",\"item\":\"https:\/\/luchonoticias.com\/editor\/\"},{\"@type\":\"ListItem\",\"position\":2,\"name\":\"Hist\u00f3rico, Alcald\u00eda de Neiva pag\u00f3 honorarios a Ediles\"}]},{\"@type\":\"WebSite\",\"@id\":\"https:\/\/luchonoticias.com\/editor\/#website\",\"url\":\"https:\/\/luchonoticias.com\/editor\/\",\"name\":\"\",\"description\":\"\",\"publisher\":{\"@id\":\"https:\/\/luchonoticias.com\/editor\/#\/schema\/person\/7a7fd911f58561fd056dbac7b55af9cd\"},\"potentialAction\":[{\"@type\":\"SearchAction\",\"target\":{\"@type\":\"EntryPoint\",\"urlTemplate\":\"https:\/\/luchonoticias.com\/editor\/?s={search_term_string}\"},\"query-input\":{\"@type\":\"PropertyValueSpecification\",\"valueRequired\":true,\"valueName\":\"search_term_string\"}}],\"inLanguage\":\"es\"},{\"@type\":[\"Person\",\"Organization\"],\"@id\":\"https:\/\/luchonoticias.com\/editor\/#\/schema\/person\/7a7fd911f58561fd056dbac7b55af9cd\",\"name\":\"admin\",\"image\":{\"@type\":\"ImageObject\",\"inLanguage\":\"es\",\"@id\":\"https:\/\/luchonoticias.com\/editor\/#\/schema\/person\/image\/\",\"url\":\"https:\/\/luchonoticias.com\/editor\/wp-content\/uploads\/2024\/02\/cropped-cropped-logolu.webp\",\"contentUrl\":\"https:\/\/luchonoticias.com\/editor\/wp-content\/uploads\/2024\/02\/cropped-cropped-logolu.webp\",\"width\":382,\"height\":170,\"caption\":\"admin\"},\"logo\":{\"@id\":\"https:\/\/luchonoticias.com\/editor\/#\/schema\/person\/image\/\"},\"sameAs\":[\"https:\/\/www.facebook.com\/luchonoticiasneiva\"]},{\"@type\":\"Person\",\"@id\":\"https:\/\/luchonoticias.com\/editor\/#\/schema\/person\/29217990ddf6f14e35912b2866d591fb\",\"name\":\"Editor General\",\"image\":{\"@type\":\"ImageObject\",\"inLanguage\":\"es\",\"@id\":\"https:\/\/luchonoticias.com\/editor\/#\/schema\/person\/image\/\",\"url\":\"https:\/\/luchonoticias.com\/editor\/wp-content\/uploads\/2024\/02\/cropped-cropped-logolu-150x150.webp\",\"contentUrl\":\"https:\/\/luchonoticias.com\/editor\/wp-content\/uploads\/2024\/02\/cropped-cropped-logolu-150x150.webp\",\"caption\":\"Editor General\"},\"sameAs\":[\"https:\/\/luchonoticias.com\/\"],\"url\":\"https:\/\/luchonoticias.com\/editor\/author\/editor-general\/\"}]}<\/script>\n<!-- \/ Yoast SEO plugin. -->","yoast_head_json":{"title":"Hist\u00f3rico, Alcald\u00eda de Neiva pag\u00f3 honorarios a Ediles -","robots":{"index":"index","follow":"follow","max-snippet":"max-snippet:-1","max-image-preview":"max-image-preview:large","max-video-preview":"max-video-preview:-1"},"canonical":"https:\/\/luchonoticias.com\/editor\/historico-alcaldia-de-neiva-pago-honorarios-a-ediles\/","og_locale":"es_ES","og_type":"article","og_title":"Hist\u00f3rico, Alcald\u00eda de Neiva pag\u00f3 honorarios a Ediles -","og_url":"https:\/\/luchonoticias.com\/editor\/historico-alcaldia-de-neiva-pago-honorarios-a-ediles\/","article_publisher":"https:\/\/www.facebook.com\/luchonoticiasneiva","article_published_time":"2023-04-13T09:53:39+00:00","article_modified_time":"2023-04-13T09:53:40+00:00","author":"Editor General","twitter_card":"summary_large_image","twitter_misc":{"Escrito por":"Editor General","Tiempo de lectura":"1 minuto"},"schema":{"@context":"https:\/\/schema.org","@graph":[{"@type":"Article","@id":"https:\/\/luchonoticias.com\/editor\/historico-alcaldia-de-neiva-pago-honorarios-a-ediles\/#article","isPartOf":{"@id":"https:\/\/luchonoticias.com\/editor\/historico-alcaldia-de-neiva-pago-honorarios-a-ediles\/"},"author":{"name":"Editor General","@id":"https:\/\/luchonoticias.com\/editor\/#\/schema\/person\/29217990ddf6f14e35912b2866d591fb"},"headline":"Hist\u00f3rico, Alcald\u00eda de Neiva pag\u00f3 honorarios a Ediles","datePublished":"2023-04-13T09:53:39+00:00","dateModified":"2023-04-13T09:53:40+00:00","mainEntityOfPage":{"@id":"https:\/\/luchonoticias.com\/editor\/historico-alcaldia-de-neiva-pago-honorarios-a-ediles\/"},"wordCount":305,"commentCount":0,"publisher":{"@id":"https:\/\/luchonoticias.com\/editor\/#\/schema\/person\/7a7fd911f58561fd056dbac7b55af9cd"},"articleSection":["Destacado","Neiva"],"inLanguage":"es","potentialAction":[{"@type":"CommentAction","name":"Comment","target":["https:\/\/luchonoticias.com\/editor\/historico-alcaldia-de-neiva-pago-honorarios-a-ediles\/#respond"]}]},{"@type":"WebPage","@id":"https:\/\/luchonoticias.com\/editor\/historico-alcaldia-de-neiva-pago-honorarios-a-ediles\/","url":"https:\/\/luchonoticias.com\/editor\/historico-alcaldia-de-neiva-pago-honorarios-a-ediles\/","name":"Hist\u00f3rico, Alcald\u00eda de Neiva pag\u00f3 honorarios a Ediles -","isPartOf":{"@id":"https:\/\/luchonoticias.com\/editor\/#website"},"datePublished":"2023-04-13T09:53:39+00:00","dateModified":"2023-04-13T09:53:40+00:00","breadcrumb":{"@id":"https:\/\/luchonoticias.com\/editor\/historico-alcaldia-de-neiva-pago-honorarios-a-ediles\/#breadcrumb"},"inLanguage":"es","potentialAction":[{"@type":"ReadAction","target":["https:\/\/luchonoticias.com\/editor\/historico-alcaldia-de-neiva-pago-honorarios-a-ediles\/"]}]},{"@type":"BreadcrumbList","@id":"https:\/\/luchonoticias.com\/editor\/historico-alcaldia-de-neiva-pago-honorarios-a-ediles\/#breadcrumb","itemListElement":[{"@type":"ListItem","position":1,"name":"Portada","item":"https:\/\/luchonoticias.com\/editor\/"},{"@type":"ListItem","position":2,"name":"Hist\u00f3rico, Alcald\u00eda de Neiva pag\u00f3 honorarios a Ediles"}]},{"@type":"WebSite","@id":"https:\/\/luchonoticias.com\/editor\/#website","url":"https:\/\/luchonoticias.com\/editor\/","name":"","description":"","publisher":{"@id":"https:\/\/luchonoticias.com\/editor\/#\/schema\/person\/7a7fd911f58561fd056dbac7b55af9cd"},"potentialAction":[{"@type":"SearchAction","target":{"@type":"EntryPoint","urlTemplate":"https:\/\/luchonoticias.com\/editor\/?s={search_term_string}"},"query-input":{"@type":"PropertyValueSpecification","valueRequired":true,"valueName":"search_term_string"}}],"inLanguage":"es"},{"@type":["Person","Organization"],"@id":"https:\/\/luchonoticias.com\/editor\/#\/schema\/person\/7a7fd911f58561fd056dbac7b55af9cd","name":"admin","image":{"@type":"ImageObject","inLanguage":"es","@id":"https:\/\/luchonoticias.com\/editor\/#\/schema\/person\/image\/","url":"https:\/\/luchonoticias.com\/editor\/wp-content\/uploads\/2024\/02\/cropped-cropped-logolu.webp","contentUrl":"https:\/\/luchonoticias.com\/editor\/wp-content\/uploads\/2024\/02\/cropped-cropped-logolu.webp","width":382,"height":170,"caption":"admin"},"logo":{"@id":"https:\/\/luchonoticias.com\/editor\/#\/schema\/person\/image\/"},"sameAs":["https:\/\/www.facebook.com\/luchonoticiasneiva"]},{"@type":"Person","@id":"https:\/\/luchonoticias.com\/editor\/#\/schema\/person\/29217990ddf6f14e35912b2866d591fb","name":"Editor General","image":{"@type":"ImageObject","inLanguage":"es","@id":"https:\/\/luchonoticias.com\/editor\/#\/schema\/person\/image\/","url":"https:\/\/luchonoticias.com\/editor\/wp-content\/uploads\/2024\/02\/cropped-cropped-logolu-150x150.webp","contentUrl":"https:\/\/luchonoticias.com\/editor\/wp-content\/uploads\/2024\/02\/cropped-cropped-logolu-150x150.webp","caption":"Editor General"},"sameAs":["https:\/\/luchonoticias.com\/"],"url":"https:\/\/luchonoticias.com\/editor\/author\/editor-general\/"}]}},"_links":{"self":[{"href":"https:\/\/luchonoticias.com\/editor\/wp-json\/wp\/v2\/posts\/50214","targetHints":{"allow":["GET"]}}],"collection":[{"href":"https:\/\/luchonoticias.com\/editor\/wp-json\/wp\/v2\/posts"}],"about":[{"href":"https:\/\/luchonoticias.com\/editor\/wp-json\/wp\/v2\/types\/post"}],"author":[{"embeddable":true,"href":"https:\/\/luchonoticias.com\/editor\/wp-json\/wp\/v2\/users\/2"}],"replies":[{"embeddable":true,"href":"https:\/\/luchonoticias.com\/editor\/wp-json\/wp\/v2\/comments?post=50214"}],"version-history":[{"count":0,"href":"https:\/\/luchonoticias.com\/editor\/wp-json\/wp\/v2\/posts\/50214\/revisions"}],"wp:attachment":[{"href":"https:\/\/luchonoticias.com\/editor\/wp-json\/wp\/v2\/media?parent=50214"}],"wp:term":[{"taxonomy":"category","embeddable":true,"href":"https:\/\/luchonoticias.com\/editor\/wp-json\/wp\/v2\/categories?post=50214"},{"taxonomy":"post_tag","embeddable":true,"href":"https:\/\/luchonoticias.com\/editor\/wp-json\/wp\/v2\/tags?post=50214"}],"curies":[{"name":"wp","href":"https:\/\/api.w.org\/{rel}","templated":true}]}}