{"id":50226,"date":"2023-04-13T05:05:23","date_gmt":"2023-04-13T10:05:23","guid":{"rendered":"https:\/\/luchonoticias.com\/?p=50226"},"modified":"2023-04-13T05:05:24","modified_gmt":"2023-04-13T10:05:24","slug":"inversiones-en-vivienda-para-timana","status":"publish","type":"post","link":"https:\/\/luchonoticias.com\/editor\/inversiones-en-vivienda-para-timana\/","title":{"rendered":"Inversiones en vivienda para Timan\u00e1"},"content":{"rendered":"\n<p>Las inversiones del gobierno \u201cHuila Crece\u201d han llegado a la\u00a0<strong>zona rural y urbana del municipio de Timan\u00e1,<\/strong>\u00a0y seg\u00fan Migdonia Pati\u00f1o, directora de FONVIHUILA, han sido hist\u00f3ricas.<\/p>\n\n\n\n<p>\u201cEl Gobierno Departamental est\u00e1 ejecutando inversiones muy importantes en la zona rural y urbana del municipio de Timan\u00e1 las cuales consideramos hist\u00f3ricas. Son cerca de&nbsp;<strong>$3.200 millones la inversi\u00f3n representadas en proyectos en mejoramientos locativos urbanos y rurales<\/strong>, reubicaci\u00f3n (viviendas nuevas) y un proyecto muy importante, el de&nbsp;<strong>rehabilitaci\u00f3n y reubicaci\u00f3n de viviendas por autoconstrucci\u00f3n para familias afectadas por la temporada de lluvias<\/strong>, donde el gobierno departamental ha invertido en reubicaci\u00f3n de vivienda nueva a familias afectadas por la ola invernal cerca de $1.170 millones, el gobierno municipal cerca de $795 millones y la comunidad $147 millones. En rehabilitaciones de vivienda el gobierno Huila Crece ha invertido en Timan\u00e1 aproximadamente $247 millones, el Municipio cerca de $155 millones y la comunidad unos $29 millones\u201d, indic\u00f3 la Directora.<\/p>\n\n\n\n<p>Por otra parte,&nbsp;<strong>en mejoramientos locativos urbanos son cerca de $175 millones de pesos<\/strong>&nbsp;los invertidos por parte de la Gobernaci\u00f3n del Huila y cerca de $124 millones por parte del Municipio para tal fin. Y en mejoramientos locativos rurales la inversi\u00f3n ha sido cercana a los $138 millones por parte del gobierno \u201cHuila Crece\u201d, y por parte del Municipio de $141 millones de pesos.<\/p>\n\n\n\n<p>Son&nbsp;<strong>281, las intervenciones realizadas en las viviendas del municipio<\/strong>, donde se han realizado 91 mejoramientos locativos, de los cuales 41 han sido rurales y 51 urbanos, 95 reubicaciones en vivienda nueva a familias afectadas por ola invernal y 95 rehabilitaciones de vivienda de familias afectadas por el mismo motivo.<\/p>\n","protected":false},"excerpt":{"rendered":"<p>Las inversiones del gobierno \u201cHuila Crece\u201d han llegado a la\u00a0zona rural y urbana del municipio de Timan\u00e1,\u00a0y seg\u00fan Migdonia Pati\u00f1o, directora de FONVIHUILA, han sido hist\u00f3ricas. \u201cEl Gobierno Departamental est\u00e1 ejecutando inversiones muy importantes en la zona rural y urbana del municipio de Timan\u00e1 las cuales consideramos hist\u00f3ricas. Son cerca de&nbsp;$3.200 millones la inversi\u00f3n representadas [&hellip;]<\/p>\n","protected":false},"author":2,"featured_media":0,"comment_status":"open","ping_status":"open","sticky":false,"template":"","format":"standard","meta":{"footnotes":""},"categories":[33],"tags":[],"class_list":["post-50226","post","type-post","status-publish","format-standard","hentry","category-huila"],"yoast_head":"<!-- This site is optimized with the Yoast SEO plugin v26.6 - https:\/\/yoast.com\/wordpress\/plugins\/seo\/ -->\n<title>Inversiones en vivienda para Timan\u00e1 -<\/title>\n<meta name=\"robots\" content=\"index, follow, max-snippet:-1, max-image-preview:large, max-video-preview:-1\" \/>\n<link rel=\"canonical\" href=\"https:\/\/luchonoticias.com\/editor\/inversiones-en-vivienda-para-timana\/\" \/>\n<meta property=\"og:locale\" content=\"es_ES\" \/>\n<meta property=\"og:type\" content=\"article\" \/>\n<meta property=\"og:title\" content=\"Inversiones en vivienda para Timan\u00e1 -\" \/>\n<meta property=\"og:url\" content=\"https:\/\/luchonoticias.com\/editor\/inversiones-en-vivienda-para-timana\/\" \/>\n<meta property=\"article:publisher\" content=\"https:\/\/www.facebook.com\/luchonoticiasneiva\" \/>\n<meta property=\"article:published_time\" content=\"2023-04-13T10:05:23+00:00\" \/>\n<meta property=\"article:modified_time\" content=\"2023-04-13T10:05:24+00:00\" \/>\n<meta name=\"author\" content=\"Editor General\" \/>\n<meta name=\"twitter:card\" content=\"summary_large_image\" \/>\n<meta name=\"twitter:label1\" content=\"Escrito por\" \/>\n\t<meta name=\"twitter:data1\" content=\"Editor General\" \/>\n\t<meta name=\"twitter:label2\" content=\"Tiempo de lectura\" \/>\n\t<meta name=\"twitter:data2\" content=\"1 minuto\" \/>\n<script type=\"application\/ld+json\" class=\"yoast-schema-graph\">{\"@context\":\"https:\/\/schema.org\",\"@graph\":[{\"@type\":\"Article\",\"@id\":\"https:\/\/luchonoticias.com\/editor\/inversiones-en-vivienda-para-timana\/#article\",\"isPartOf\":{\"@id\":\"https:\/\/luchonoticias.com\/editor\/inversiones-en-vivienda-para-timana\/\"},\"author\":{\"name\":\"Editor General\",\"@id\":\"https:\/\/luchonoticias.com\/editor\/#\/schema\/person\/29217990ddf6f14e35912b2866d591fb\"},\"headline\":\"Inversiones en vivienda para Timan\u00e1\",\"datePublished\":\"2023-04-13T10:05:23+00:00\",\"dateModified\":\"2023-04-13T10:05:24+00:00\",\"mainEntityOfPage\":{\"@id\":\"https:\/\/luchonoticias.com\/editor\/inversiones-en-vivienda-para-timana\/\"},\"wordCount\":275,\"commentCount\":0,\"publisher\":{\"@id\":\"https:\/\/luchonoticias.com\/editor\/#\/schema\/person\/7a7fd911f58561fd056dbac7b55af9cd\"},\"articleSection\":[\"Huila\"],\"inLanguage\":\"es\",\"potentialAction\":[{\"@type\":\"CommentAction\",\"name\":\"Comment\",\"target\":[\"https:\/\/luchonoticias.com\/editor\/inversiones-en-vivienda-para-timana\/#respond\"]}]},{\"@type\":\"WebPage\",\"@id\":\"https:\/\/luchonoticias.com\/editor\/inversiones-en-vivienda-para-timana\/\",\"url\":\"https:\/\/luchonoticias.com\/editor\/inversiones-en-vivienda-para-timana\/\",\"name\":\"Inversiones en vivienda para Timan\u00e1 -\",\"isPartOf\":{\"@id\":\"https:\/\/luchonoticias.com\/editor\/#website\"},\"datePublished\":\"2023-04-13T10:05:23+00:00\",\"dateModified\":\"2023-04-13T10:05:24+00:00\",\"breadcrumb\":{\"@id\":\"https:\/\/luchonoticias.com\/editor\/inversiones-en-vivienda-para-timana\/#breadcrumb\"},\"inLanguage\":\"es\",\"potentialAction\":[{\"@type\":\"ReadAction\",\"target\":[\"https:\/\/luchonoticias.com\/editor\/inversiones-en-vivienda-para-timana\/\"]}]},{\"@type\":\"BreadcrumbList\",\"@id\":\"https:\/\/luchonoticias.com\/editor\/inversiones-en-vivienda-para-timana\/#breadcrumb\",\"itemListElement\":[{\"@type\":\"ListItem\",\"position\":1,\"name\":\"Portada\",\"item\":\"https:\/\/luchonoticias.com\/editor\/\"},{\"@type\":\"ListItem\",\"position\":2,\"name\":\"Inversiones en vivienda para Timan\u00e1\"}]},{\"@type\":\"WebSite\",\"@id\":\"https:\/\/luchonoticias.com\/editor\/#website\",\"url\":\"https:\/\/luchonoticias.com\/editor\/\",\"name\":\"\",\"description\":\"\",\"publisher\":{\"@id\":\"https:\/\/luchonoticias.com\/editor\/#\/schema\/person\/7a7fd911f58561fd056dbac7b55af9cd\"},\"potentialAction\":[{\"@type\":\"SearchAction\",\"target\":{\"@type\":\"EntryPoint\",\"urlTemplate\":\"https:\/\/luchonoticias.com\/editor\/?s={search_term_string}\"},\"query-input\":{\"@type\":\"PropertyValueSpecification\",\"valueRequired\":true,\"valueName\":\"search_term_string\"}}],\"inLanguage\":\"es\"},{\"@type\":[\"Person\",\"Organization\"],\"@id\":\"https:\/\/luchonoticias.com\/editor\/#\/schema\/person\/7a7fd911f58561fd056dbac7b55af9cd\",\"name\":\"admin\",\"image\":{\"@type\":\"ImageObject\",\"inLanguage\":\"es\",\"@id\":\"https:\/\/luchonoticias.com\/editor\/#\/schema\/person\/image\/\",\"url\":\"https:\/\/luchonoticias.com\/editor\/wp-content\/uploads\/2024\/02\/cropped-cropped-logolu.webp\",\"contentUrl\":\"https:\/\/luchonoticias.com\/editor\/wp-content\/uploads\/2024\/02\/cropped-cropped-logolu.webp\",\"width\":382,\"height\":170,\"caption\":\"admin\"},\"logo\":{\"@id\":\"https:\/\/luchonoticias.com\/editor\/#\/schema\/person\/image\/\"},\"sameAs\":[\"https:\/\/www.facebook.com\/luchonoticiasneiva\"]},{\"@type\":\"Person\",\"@id\":\"https:\/\/luchonoticias.com\/editor\/#\/schema\/person\/29217990ddf6f14e35912b2866d591fb\",\"name\":\"Editor General\",\"image\":{\"@type\":\"ImageObject\",\"inLanguage\":\"es\",\"@id\":\"https:\/\/luchonoticias.com\/editor\/#\/schema\/person\/image\/\",\"url\":\"https:\/\/luchonoticias.com\/editor\/wp-content\/uploads\/2024\/02\/cropped-cropped-logolu-150x150.webp\",\"contentUrl\":\"https:\/\/luchonoticias.com\/editor\/wp-content\/uploads\/2024\/02\/cropped-cropped-logolu-150x150.webp\",\"caption\":\"Editor General\"},\"sameAs\":[\"https:\/\/luchonoticias.com\/\"],\"url\":\"https:\/\/luchonoticias.com\/editor\/author\/editor-general\/\"}]}<\/script>\n<!-- \/ Yoast SEO plugin. -->","yoast_head_json":{"title":"Inversiones en vivienda para Timan\u00e1 -","robots":{"index":"index","follow":"follow","max-snippet":"max-snippet:-1","max-image-preview":"max-image-preview:large","max-video-preview":"max-video-preview:-1"},"canonical":"https:\/\/luchonoticias.com\/editor\/inversiones-en-vivienda-para-timana\/","og_locale":"es_ES","og_type":"article","og_title":"Inversiones en vivienda para Timan\u00e1 -","og_url":"https:\/\/luchonoticias.com\/editor\/inversiones-en-vivienda-para-timana\/","article_publisher":"https:\/\/www.facebook.com\/luchonoticiasneiva","article_published_time":"2023-04-13T10:05:23+00:00","article_modified_time":"2023-04-13T10:05:24+00:00","author":"Editor General","twitter_card":"summary_large_image","twitter_misc":{"Escrito por":"Editor General","Tiempo de lectura":"1 minuto"},"schema":{"@context":"https:\/\/schema.org","@graph":[{"@type":"Article","@id":"https:\/\/luchonoticias.com\/editor\/inversiones-en-vivienda-para-timana\/#article","isPartOf":{"@id":"https:\/\/luchonoticias.com\/editor\/inversiones-en-vivienda-para-timana\/"},"author":{"name":"Editor General","@id":"https:\/\/luchonoticias.com\/editor\/#\/schema\/person\/29217990ddf6f14e35912b2866d591fb"},"headline":"Inversiones en vivienda para Timan\u00e1","datePublished":"2023-04-13T10:05:23+00:00","dateModified":"2023-04-13T10:05:24+00:00","mainEntityOfPage":{"@id":"https:\/\/luchonoticias.com\/editor\/inversiones-en-vivienda-para-timana\/"},"wordCount":275,"commentCount":0,"publisher":{"@id":"https:\/\/luchonoticias.com\/editor\/#\/schema\/person\/7a7fd911f58561fd056dbac7b55af9cd"},"articleSection":["Huila"],"inLanguage":"es","potentialAction":[{"@type":"CommentAction","name":"Comment","target":["https:\/\/luchonoticias.com\/editor\/inversiones-en-vivienda-para-timana\/#respond"]}]},{"@type":"WebPage","@id":"https:\/\/luchonoticias.com\/editor\/inversiones-en-vivienda-para-timana\/","url":"https:\/\/luchonoticias.com\/editor\/inversiones-en-vivienda-para-timana\/","name":"Inversiones en vivienda para Timan\u00e1 -","isPartOf":{"@id":"https:\/\/luchonoticias.com\/editor\/#website"},"datePublished":"2023-04-13T10:05:23+00:00","dateModified":"2023-04-13T10:05:24+00:00","breadcrumb":{"@id":"https:\/\/luchonoticias.com\/editor\/inversiones-en-vivienda-para-timana\/#breadcrumb"},"inLanguage":"es","potentialAction":[{"@type":"ReadAction","target":["https:\/\/luchonoticias.com\/editor\/inversiones-en-vivienda-para-timana\/"]}]},{"@type":"BreadcrumbList","@id":"https:\/\/luchonoticias.com\/editor\/inversiones-en-vivienda-para-timana\/#breadcrumb","itemListElement":[{"@type":"ListItem","position":1,"name":"Portada","item":"https:\/\/luchonoticias.com\/editor\/"},{"@type":"ListItem","position":2,"name":"Inversiones en vivienda para Timan\u00e1"}]},{"@type":"WebSite","@id":"https:\/\/luchonoticias.com\/editor\/#website","url":"https:\/\/luchonoticias.com\/editor\/","name":"","description":"","publisher":{"@id":"https:\/\/luchonoticias.com\/editor\/#\/schema\/person\/7a7fd911f58561fd056dbac7b55af9cd"},"potentialAction":[{"@type":"SearchAction","target":{"@type":"EntryPoint","urlTemplate":"https:\/\/luchonoticias.com\/editor\/?s={search_term_string}"},"query-input":{"@type":"PropertyValueSpecification","valueRequired":true,"valueName":"search_term_string"}}],"inLanguage":"es"},{"@type":["Person","Organization"],"@id":"https:\/\/luchonoticias.com\/editor\/#\/schema\/person\/7a7fd911f58561fd056dbac7b55af9cd","name":"admin","image":{"@type":"ImageObject","inLanguage":"es","@id":"https:\/\/luchonoticias.com\/editor\/#\/schema\/person\/image\/","url":"https:\/\/luchonoticias.com\/editor\/wp-content\/uploads\/2024\/02\/cropped-cropped-logolu.webp","contentUrl":"https:\/\/luchonoticias.com\/editor\/wp-content\/uploads\/2024\/02\/cropped-cropped-logolu.webp","width":382,"height":170,"caption":"admin"},"logo":{"@id":"https:\/\/luchonoticias.com\/editor\/#\/schema\/person\/image\/"},"sameAs":["https:\/\/www.facebook.com\/luchonoticiasneiva"]},{"@type":"Person","@id":"https:\/\/luchonoticias.com\/editor\/#\/schema\/person\/29217990ddf6f14e35912b2866d591fb","name":"Editor General","image":{"@type":"ImageObject","inLanguage":"es","@id":"https:\/\/luchonoticias.com\/editor\/#\/schema\/person\/image\/","url":"https:\/\/luchonoticias.com\/editor\/wp-content\/uploads\/2024\/02\/cropped-cropped-logolu-150x150.webp","contentUrl":"https:\/\/luchonoticias.com\/editor\/wp-content\/uploads\/2024\/02\/cropped-cropped-logolu-150x150.webp","caption":"Editor General"},"sameAs":["https:\/\/luchonoticias.com\/"],"url":"https:\/\/luchonoticias.com\/editor\/author\/editor-general\/"}]}},"_links":{"self":[{"href":"https:\/\/luchonoticias.com\/editor\/wp-json\/wp\/v2\/posts\/50226","targetHints":{"allow":["GET"]}}],"collection":[{"href":"https:\/\/luchonoticias.com\/editor\/wp-json\/wp\/v2\/posts"}],"about":[{"href":"https:\/\/luchonoticias.com\/editor\/wp-json\/wp\/v2\/types\/post"}],"author":[{"embeddable":true,"href":"https:\/\/luchonoticias.com\/editor\/wp-json\/wp\/v2\/users\/2"}],"replies":[{"embeddable":true,"href":"https:\/\/luchonoticias.com\/editor\/wp-json\/wp\/v2\/comments?post=50226"}],"version-history":[{"count":0,"href":"https:\/\/luchonoticias.com\/editor\/wp-json\/wp\/v2\/posts\/50226\/revisions"}],"wp:attachment":[{"href":"https:\/\/luchonoticias.com\/editor\/wp-json\/wp\/v2\/media?parent=50226"}],"wp:term":[{"taxonomy":"category","embeddable":true,"href":"https:\/\/luchonoticias.com\/editor\/wp-json\/wp\/v2\/categories?post=50226"},{"taxonomy":"post_tag","embeddable":true,"href":"https:\/\/luchonoticias.com\/editor\/wp-json\/wp\/v2\/tags?post=50226"}],"curies":[{"name":"wp","href":"https:\/\/api.w.org\/{rel}","templated":true}]}}