{"id":50227,"date":"2023-04-13T05:06:10","date_gmt":"2023-04-13T10:06:10","guid":{"rendered":"https:\/\/luchonoticias.com\/?p=50227"},"modified":"2023-04-13T05:06:11","modified_gmt":"2023-04-13T10:06:11","slug":"capturados-por-agredir-a-una-uniformada-en-un-procedimiento-policial","status":"publish","type":"post","link":"https:\/\/luchonoticias.com\/editor\/capturados-por-agredir-a-una-uniformada-en-un-procedimiento-policial\/","title":{"rendered":"Capturados por agredir a una uniformada en un procedimiento policial."},"content":{"rendered":"\n<p>En el acompa\u00f1amiento que realiza la Polic\u00eda Nacional y luego del cierre de establecimientos nocturnos en el municipio de Guadalupe, fueron capturados dos hombres por los delitos de violencia contra servidor p\u00fablico, lesiones personales y da\u00f1o en bien ajeno, luego que arremetieran contra los uniformadas de la patrulla del cuadrante que llegaron a restablecer el orden en la zona.<\/p>\n\n\n\n<p>Los dos hombres de 47 y 48 a\u00f1os de edad, en aparente estado de embriaguez, agredieron con una botella a la uniformada de la patrulla del cuadrante y le da\u00f1aron el celular luego que intentara grabar el procedimiento policial.<\/p>\n\n\n\n<p>Ante hechos como estos, el coronel Gustavo Adolfo Camargo Romero, comandante del Departamento de Polic\u00eda Huila indic\u00f3 que, \u00ablos polic\u00edas estamos para mantener el orden y la tranquilidad de todos los ciudadanos, y es triste que nos agredan a nuestros polic\u00edas quienes act\u00faan ante el llamado de la ciudadan\u00eda, solicitando poder descansar tranquilamente ante el ruido que generaban un grupo de personas. Esto es mucho m\u00e1s grave cuando la agresi\u00f3n la recibe una de nuestras mujeres polic\u00edas, quienes realizan una labor de mediadoras ante los conflictos que se generan en las calles.\u00bb<\/p>\n\n\n\n<p>Los dos capturados fueron puestos a disposici\u00f3n de las autoridades competentes, mientras que la uniformada fue valorada en el centro m\u00e9dico municipal y excusada por dos d\u00edas ante la lesi\u00f3n recibida.&nbsp;<\/p>\n","protected":false},"excerpt":{"rendered":"<p>En el acompa\u00f1amiento que realiza la Polic\u00eda Nacional y luego del cierre de establecimientos nocturnos en el municipio de Guadalupe, fueron capturados dos hombres por los delitos de violencia contra servidor p\u00fablico, lesiones personales y da\u00f1o en bien ajeno, luego que arremetieran contra los uniformadas de la patrulla del cuadrante que llegaron a restablecer el [&hellip;]<\/p>\n","protected":false},"author":2,"featured_media":0,"comment_status":"open","ping_status":"open","sticky":false,"template":"","format":"standard","meta":{"footnotes":""},"categories":[36,29],"tags":[],"class_list":["post-50227","post","type-post","status-publish","format-standard","hentry","category-destacado","category-judicial"],"yoast_head":"<!-- This site is optimized with the Yoast SEO plugin v26.6 - https:\/\/yoast.com\/wordpress\/plugins\/seo\/ -->\n<title>Capturados por agredir a una uniformada en un procedimiento policial. -<\/title>\n<meta name=\"robots\" content=\"index, follow, max-snippet:-1, max-image-preview:large, max-video-preview:-1\" \/>\n<link rel=\"canonical\" href=\"https:\/\/luchonoticias.com\/editor\/capturados-por-agredir-a-una-uniformada-en-un-procedimiento-policial\/\" \/>\n<meta property=\"og:locale\" content=\"es_ES\" \/>\n<meta property=\"og:type\" content=\"article\" \/>\n<meta property=\"og:title\" content=\"Capturados por agredir a una uniformada en un procedimiento policial. -\" \/>\n<meta property=\"og:url\" content=\"https:\/\/luchonoticias.com\/editor\/capturados-por-agredir-a-una-uniformada-en-un-procedimiento-policial\/\" \/>\n<meta property=\"article:publisher\" content=\"https:\/\/www.facebook.com\/luchonoticiasneiva\" \/>\n<meta property=\"article:published_time\" content=\"2023-04-13T10:06:10+00:00\" \/>\n<meta property=\"article:modified_time\" content=\"2023-04-13T10:06:11+00:00\" \/>\n<meta name=\"author\" content=\"Editor General\" \/>\n<meta name=\"twitter:card\" content=\"summary_large_image\" \/>\n<meta name=\"twitter:label1\" content=\"Escrito por\" \/>\n\t<meta name=\"twitter:data1\" content=\"Editor General\" \/>\n\t<meta name=\"twitter:label2\" content=\"Tiempo de lectura\" \/>\n\t<meta name=\"twitter:data2\" content=\"1 minuto\" \/>\n<script type=\"application\/ld+json\" class=\"yoast-schema-graph\">{\"@context\":\"https:\/\/schema.org\",\"@graph\":[{\"@type\":\"Article\",\"@id\":\"https:\/\/luchonoticias.com\/editor\/capturados-por-agredir-a-una-uniformada-en-un-procedimiento-policial\/#article\",\"isPartOf\":{\"@id\":\"https:\/\/luchonoticias.com\/editor\/capturados-por-agredir-a-una-uniformada-en-un-procedimiento-policial\/\"},\"author\":{\"name\":\"Editor General\",\"@id\":\"https:\/\/luchonoticias.com\/editor\/#\/schema\/person\/29217990ddf6f14e35912b2866d591fb\"},\"headline\":\"Capturados por agredir a una uniformada en un procedimiento policial.\",\"datePublished\":\"2023-04-13T10:06:10+00:00\",\"dateModified\":\"2023-04-13T10:06:11+00:00\",\"mainEntityOfPage\":{\"@id\":\"https:\/\/luchonoticias.com\/editor\/capturados-por-agredir-a-una-uniformada-en-un-procedimiento-policial\/\"},\"wordCount\":248,\"commentCount\":0,\"publisher\":{\"@id\":\"https:\/\/luchonoticias.com\/editor\/#\/schema\/person\/7a7fd911f58561fd056dbac7b55af9cd\"},\"articleSection\":[\"Destacado\",\"Judicial\"],\"inLanguage\":\"es\",\"potentialAction\":[{\"@type\":\"CommentAction\",\"name\":\"Comment\",\"target\":[\"https:\/\/luchonoticias.com\/editor\/capturados-por-agredir-a-una-uniformada-en-un-procedimiento-policial\/#respond\"]}]},{\"@type\":\"WebPage\",\"@id\":\"https:\/\/luchonoticias.com\/editor\/capturados-por-agredir-a-una-uniformada-en-un-procedimiento-policial\/\",\"url\":\"https:\/\/luchonoticias.com\/editor\/capturados-por-agredir-a-una-uniformada-en-un-procedimiento-policial\/\",\"name\":\"Capturados por agredir a una uniformada en un procedimiento policial. -\",\"isPartOf\":{\"@id\":\"https:\/\/luchonoticias.com\/editor\/#website\"},\"datePublished\":\"2023-04-13T10:06:10+00:00\",\"dateModified\":\"2023-04-13T10:06:11+00:00\",\"breadcrumb\":{\"@id\":\"https:\/\/luchonoticias.com\/editor\/capturados-por-agredir-a-una-uniformada-en-un-procedimiento-policial\/#breadcrumb\"},\"inLanguage\":\"es\",\"potentialAction\":[{\"@type\":\"ReadAction\",\"target\":[\"https:\/\/luchonoticias.com\/editor\/capturados-por-agredir-a-una-uniformada-en-un-procedimiento-policial\/\"]}]},{\"@type\":\"BreadcrumbList\",\"@id\":\"https:\/\/luchonoticias.com\/editor\/capturados-por-agredir-a-una-uniformada-en-un-procedimiento-policial\/#breadcrumb\",\"itemListElement\":[{\"@type\":\"ListItem\",\"position\":1,\"name\":\"Portada\",\"item\":\"https:\/\/luchonoticias.com\/editor\/\"},{\"@type\":\"ListItem\",\"position\":2,\"name\":\"Capturados por agredir a una uniformada en un procedimiento policial.\"}]},{\"@type\":\"WebSite\",\"@id\":\"https:\/\/luchonoticias.com\/editor\/#website\",\"url\":\"https:\/\/luchonoticias.com\/editor\/\",\"name\":\"\",\"description\":\"\",\"publisher\":{\"@id\":\"https:\/\/luchonoticias.com\/editor\/#\/schema\/person\/7a7fd911f58561fd056dbac7b55af9cd\"},\"potentialAction\":[{\"@type\":\"SearchAction\",\"target\":{\"@type\":\"EntryPoint\",\"urlTemplate\":\"https:\/\/luchonoticias.com\/editor\/?s={search_term_string}\"},\"query-input\":{\"@type\":\"PropertyValueSpecification\",\"valueRequired\":true,\"valueName\":\"search_term_string\"}}],\"inLanguage\":\"es\"},{\"@type\":[\"Person\",\"Organization\"],\"@id\":\"https:\/\/luchonoticias.com\/editor\/#\/schema\/person\/7a7fd911f58561fd056dbac7b55af9cd\",\"name\":\"admin\",\"image\":{\"@type\":\"ImageObject\",\"inLanguage\":\"es\",\"@id\":\"https:\/\/luchonoticias.com\/editor\/#\/schema\/person\/image\/\",\"url\":\"https:\/\/luchonoticias.com\/editor\/wp-content\/uploads\/2024\/02\/cropped-cropped-logolu.webp\",\"contentUrl\":\"https:\/\/luchonoticias.com\/editor\/wp-content\/uploads\/2024\/02\/cropped-cropped-logolu.webp\",\"width\":382,\"height\":170,\"caption\":\"admin\"},\"logo\":{\"@id\":\"https:\/\/luchonoticias.com\/editor\/#\/schema\/person\/image\/\"},\"sameAs\":[\"https:\/\/www.facebook.com\/luchonoticiasneiva\"]},{\"@type\":\"Person\",\"@id\":\"https:\/\/luchonoticias.com\/editor\/#\/schema\/person\/29217990ddf6f14e35912b2866d591fb\",\"name\":\"Editor General\",\"image\":{\"@type\":\"ImageObject\",\"inLanguage\":\"es\",\"@id\":\"https:\/\/luchonoticias.com\/editor\/#\/schema\/person\/image\/\",\"url\":\"https:\/\/luchonoticias.com\/editor\/wp-content\/uploads\/2024\/02\/cropped-cropped-logolu-150x150.webp\",\"contentUrl\":\"https:\/\/luchonoticias.com\/editor\/wp-content\/uploads\/2024\/02\/cropped-cropped-logolu-150x150.webp\",\"caption\":\"Editor General\"},\"sameAs\":[\"https:\/\/luchonoticias.com\/\"],\"url\":\"https:\/\/luchonoticias.com\/editor\/author\/editor-general\/\"}]}<\/script>\n<!-- \/ Yoast SEO plugin. -->","yoast_head_json":{"title":"Capturados por agredir a una uniformada en un procedimiento policial. -","robots":{"index":"index","follow":"follow","max-snippet":"max-snippet:-1","max-image-preview":"max-image-preview:large","max-video-preview":"max-video-preview:-1"},"canonical":"https:\/\/luchonoticias.com\/editor\/capturados-por-agredir-a-una-uniformada-en-un-procedimiento-policial\/","og_locale":"es_ES","og_type":"article","og_title":"Capturados por agredir a una uniformada en un procedimiento policial. -","og_url":"https:\/\/luchonoticias.com\/editor\/capturados-por-agredir-a-una-uniformada-en-un-procedimiento-policial\/","article_publisher":"https:\/\/www.facebook.com\/luchonoticiasneiva","article_published_time":"2023-04-13T10:06:10+00:00","article_modified_time":"2023-04-13T10:06:11+00:00","author":"Editor General","twitter_card":"summary_large_image","twitter_misc":{"Escrito por":"Editor General","Tiempo de lectura":"1 minuto"},"schema":{"@context":"https:\/\/schema.org","@graph":[{"@type":"Article","@id":"https:\/\/luchonoticias.com\/editor\/capturados-por-agredir-a-una-uniformada-en-un-procedimiento-policial\/#article","isPartOf":{"@id":"https:\/\/luchonoticias.com\/editor\/capturados-por-agredir-a-una-uniformada-en-un-procedimiento-policial\/"},"author":{"name":"Editor General","@id":"https:\/\/luchonoticias.com\/editor\/#\/schema\/person\/29217990ddf6f14e35912b2866d591fb"},"headline":"Capturados por agredir a una uniformada en un procedimiento policial.","datePublished":"2023-04-13T10:06:10+00:00","dateModified":"2023-04-13T10:06:11+00:00","mainEntityOfPage":{"@id":"https:\/\/luchonoticias.com\/editor\/capturados-por-agredir-a-una-uniformada-en-un-procedimiento-policial\/"},"wordCount":248,"commentCount":0,"publisher":{"@id":"https:\/\/luchonoticias.com\/editor\/#\/schema\/person\/7a7fd911f58561fd056dbac7b55af9cd"},"articleSection":["Destacado","Judicial"],"inLanguage":"es","potentialAction":[{"@type":"CommentAction","name":"Comment","target":["https:\/\/luchonoticias.com\/editor\/capturados-por-agredir-a-una-uniformada-en-un-procedimiento-policial\/#respond"]}]},{"@type":"WebPage","@id":"https:\/\/luchonoticias.com\/editor\/capturados-por-agredir-a-una-uniformada-en-un-procedimiento-policial\/","url":"https:\/\/luchonoticias.com\/editor\/capturados-por-agredir-a-una-uniformada-en-un-procedimiento-policial\/","name":"Capturados por agredir a una uniformada en un procedimiento policial. -","isPartOf":{"@id":"https:\/\/luchonoticias.com\/editor\/#website"},"datePublished":"2023-04-13T10:06:10+00:00","dateModified":"2023-04-13T10:06:11+00:00","breadcrumb":{"@id":"https:\/\/luchonoticias.com\/editor\/capturados-por-agredir-a-una-uniformada-en-un-procedimiento-policial\/#breadcrumb"},"inLanguage":"es","potentialAction":[{"@type":"ReadAction","target":["https:\/\/luchonoticias.com\/editor\/capturados-por-agredir-a-una-uniformada-en-un-procedimiento-policial\/"]}]},{"@type":"BreadcrumbList","@id":"https:\/\/luchonoticias.com\/editor\/capturados-por-agredir-a-una-uniformada-en-un-procedimiento-policial\/#breadcrumb","itemListElement":[{"@type":"ListItem","position":1,"name":"Portada","item":"https:\/\/luchonoticias.com\/editor\/"},{"@type":"ListItem","position":2,"name":"Capturados por agredir a una uniformada en un procedimiento policial."}]},{"@type":"WebSite","@id":"https:\/\/luchonoticias.com\/editor\/#website","url":"https:\/\/luchonoticias.com\/editor\/","name":"","description":"","publisher":{"@id":"https:\/\/luchonoticias.com\/editor\/#\/schema\/person\/7a7fd911f58561fd056dbac7b55af9cd"},"potentialAction":[{"@type":"SearchAction","target":{"@type":"EntryPoint","urlTemplate":"https:\/\/luchonoticias.com\/editor\/?s={search_term_string}"},"query-input":{"@type":"PropertyValueSpecification","valueRequired":true,"valueName":"search_term_string"}}],"inLanguage":"es"},{"@type":["Person","Organization"],"@id":"https:\/\/luchonoticias.com\/editor\/#\/schema\/person\/7a7fd911f58561fd056dbac7b55af9cd","name":"admin","image":{"@type":"ImageObject","inLanguage":"es","@id":"https:\/\/luchonoticias.com\/editor\/#\/schema\/person\/image\/","url":"https:\/\/luchonoticias.com\/editor\/wp-content\/uploads\/2024\/02\/cropped-cropped-logolu.webp","contentUrl":"https:\/\/luchonoticias.com\/editor\/wp-content\/uploads\/2024\/02\/cropped-cropped-logolu.webp","width":382,"height":170,"caption":"admin"},"logo":{"@id":"https:\/\/luchonoticias.com\/editor\/#\/schema\/person\/image\/"},"sameAs":["https:\/\/www.facebook.com\/luchonoticiasneiva"]},{"@type":"Person","@id":"https:\/\/luchonoticias.com\/editor\/#\/schema\/person\/29217990ddf6f14e35912b2866d591fb","name":"Editor General","image":{"@type":"ImageObject","inLanguage":"es","@id":"https:\/\/luchonoticias.com\/editor\/#\/schema\/person\/image\/","url":"https:\/\/luchonoticias.com\/editor\/wp-content\/uploads\/2024\/02\/cropped-cropped-logolu-150x150.webp","contentUrl":"https:\/\/luchonoticias.com\/editor\/wp-content\/uploads\/2024\/02\/cropped-cropped-logolu-150x150.webp","caption":"Editor General"},"sameAs":["https:\/\/luchonoticias.com\/"],"url":"https:\/\/luchonoticias.com\/editor\/author\/editor-general\/"}]}},"_links":{"self":[{"href":"https:\/\/luchonoticias.com\/editor\/wp-json\/wp\/v2\/posts\/50227","targetHints":{"allow":["GET"]}}],"collection":[{"href":"https:\/\/luchonoticias.com\/editor\/wp-json\/wp\/v2\/posts"}],"about":[{"href":"https:\/\/luchonoticias.com\/editor\/wp-json\/wp\/v2\/types\/post"}],"author":[{"embeddable":true,"href":"https:\/\/luchonoticias.com\/editor\/wp-json\/wp\/v2\/users\/2"}],"replies":[{"embeddable":true,"href":"https:\/\/luchonoticias.com\/editor\/wp-json\/wp\/v2\/comments?post=50227"}],"version-history":[{"count":0,"href":"https:\/\/luchonoticias.com\/editor\/wp-json\/wp\/v2\/posts\/50227\/revisions"}],"wp:attachment":[{"href":"https:\/\/luchonoticias.com\/editor\/wp-json\/wp\/v2\/media?parent=50227"}],"wp:term":[{"taxonomy":"category","embeddable":true,"href":"https:\/\/luchonoticias.com\/editor\/wp-json\/wp\/v2\/categories?post=50227"},{"taxonomy":"post_tag","embeddable":true,"href":"https:\/\/luchonoticias.com\/editor\/wp-json\/wp\/v2\/tags?post=50227"}],"curies":[{"name":"wp","href":"https:\/\/api.w.org\/{rel}","templated":true}]}}