{"id":50238,"date":"2023-04-13T05:12:24","date_gmt":"2023-04-13T10:12:24","guid":{"rendered":"https:\/\/luchonoticias.com\/?p=50238"},"modified":"2023-04-13T05:12:25","modified_gmt":"2023-04-13T10:12:25","slug":"petro-designo-nuevos-embajadores-en-portugal-ecuador-jamaica-trinidad-y-tobago-y-republica-dominicana","status":"publish","type":"post","link":"https:\/\/luchonoticias.com\/editor\/petro-designo-nuevos-embajadores-en-portugal-ecuador-jamaica-trinidad-y-tobago-y-republica-dominicana\/","title":{"rendered":"Petro design\u00f3 nuevos embajadores en Portugal, Ecuador, Jamaica, Trinidad y Tobago, y Republica Dominicana"},"content":{"rendered":"\n<p>El Presidente Gustavo Petro posesion\u00f3 este mi\u00e9rcoles en la Casa de Nari\u00f1o a los nuevos embajadores de Colombia en Portugal, Ecuador, Jamaica, Trinidad y Tobago, y Rep\u00fablica Dominicana, a quienes asign\u00f3 tareas concretas para incrementar el intercambio y la cooperaci\u00f3n entre Colombia y esas naciones.<\/p>\n\n\n\n<p>En el acto, efectuado en la Casa de Nari\u00f1o, el Jefe de Estado, en compa\u00f1\u00eda del Canciller (e), Francisco Coy, tom\u00f3 el juramento a los jefes de delegaciones diplom\u00e1ticas en Portugal, Jos\u00e9 Fernando Bautista Quintero; Ecuador, Mar\u00eda Antonia Velasco Guerrero; Jamaica, Emiliana Luc\u00eda Bernard Sthephenson; Trinidad y Tobago, William Sidney Bush Howard, y Rep\u00fablica Dominicana, Dar\u00edo Villamizar Herrera.<\/p>\n\n\n\n<p>Con Portugal, el Mandatario fij\u00f3 como prioridad la transici\u00f3n energ\u00e9tica y la apertura de fuentes de energ\u00edas limpias en Colombia, con el apoyo de empresas portuguesas.<\/p>\n\n\n\n<p>\u201cEcopetrol debe ser un socio fundamental en el tema de hidr\u00f3geno verde. No podemos perder tiempo. Europa necesita hidr\u00f3geno verde y nosotros necesitamos cambiar nuestra matriz de exportaciones\u201d, sostuvo, y pidi\u00f3 lograr la alianza estrat\u00e9gica con empresas portuguesas para el desarrollo de la energ\u00eda e\u00f3lica del norte del pa\u00eds.<\/p>\n\n\n\n<figure class=\"wp-block-image size-full is-style-rounded\"><img decoding=\"async\" src=\"https:\/\/luchonoticias.com\/wp-content\/uploads\/2023\/04\/WhatsApp-Image-2023-04-12-at-2.21.40-PM.jpeg\" alt=\"\" class=\"wp-image-50241\"\/><\/figure>\n\n\n\n<p>Sobre el turismo, campo en el que la naci\u00f3n europea tiene amplia experiencia, dijo que \u201cojal\u00e1 las l\u00edneas a\u00e9reas puedan abrir nuevos campos\u201d, ya que \u201call\u00e1 son una potencia\u201d.<\/p>\n\n\n\n<p>En cuanto a Ecuador, el Presidente Petro record\u00f3 que Colombia tuvo una crisis de transporte y abastecimiento este a\u00f1o por una falla geol\u00f3gica en el departamento del Cauca, que bloque\u00f3 la Carretera Panamericana e interrumpi\u00f3 la conexi\u00f3n con Am\u00e9rica del Sur.<\/p>\n\n\n\n<p>En ese sentido, recalc\u00f3 que la proyectada v\u00eda por el Litoral Pac\u00edfico, entre Tumaco (Nari\u00f1o) y Ecuador, resolver\u00eda el problema, por lo cual demand\u00f3 impulsar el proyecto y la adecuaci\u00f3n de controles fronterizos.<\/p>\n\n\n\n<p>El Presidente Petro destac\u00f3 la designaci\u00f3n de embajadores oriundos del Archipi\u00e9lago de San Andres, Providencia y Santa Catalina como representantes de Colombia en pa\u00edses angl\u00f3fonos del Caribe. \u201cFue una promesa de campa\u00f1a y lo estamos cumpliendo\u201d, dijo.<\/p>\n","protected":false},"excerpt":{"rendered":"<p>El Presidente Gustavo Petro posesion\u00f3 este mi\u00e9rcoles en la Casa de Nari\u00f1o a los nuevos embajadores de Colombia en Portugal, Ecuador, Jamaica, Trinidad y Tobago, y Rep\u00fablica Dominicana, a quienes asign\u00f3 tareas concretas para incrementar el intercambio y la cooperaci\u00f3n entre Colombia y esas naciones. En el acto, efectuado en la Casa de Nari\u00f1o, el [&hellip;]<\/p>\n","protected":false},"author":2,"featured_media":0,"comment_status":"open","ping_status":"open","sticky":false,"template":"","format":"standard","meta":{"footnotes":""},"categories":[28,36],"tags":[],"class_list":["post-50238","post","type-post","status-publish","format-standard","hentry","category-actualidad","category-destacado"],"yoast_head":"<!-- This site is optimized with the Yoast SEO plugin v26.6 - https:\/\/yoast.com\/wordpress\/plugins\/seo\/ -->\n<title>Petro design\u00f3 nuevos embajadores en Portugal, Ecuador, Jamaica, Trinidad y Tobago, y Republica Dominicana -<\/title>\n<meta name=\"robots\" content=\"index, follow, max-snippet:-1, max-image-preview:large, max-video-preview:-1\" \/>\n<link rel=\"canonical\" href=\"https:\/\/luchonoticias.com\/editor\/petro-designo-nuevos-embajadores-en-portugal-ecuador-jamaica-trinidad-y-tobago-y-republica-dominicana\/\" \/>\n<meta property=\"og:locale\" content=\"es_ES\" \/>\n<meta property=\"og:type\" content=\"article\" \/>\n<meta property=\"og:title\" content=\"Petro design\u00f3 nuevos embajadores en Portugal, Ecuador, Jamaica, Trinidad y Tobago, y Republica Dominicana -\" \/>\n<meta property=\"og:url\" content=\"https:\/\/luchonoticias.com\/editor\/petro-designo-nuevos-embajadores-en-portugal-ecuador-jamaica-trinidad-y-tobago-y-republica-dominicana\/\" \/>\n<meta property=\"article:publisher\" content=\"https:\/\/www.facebook.com\/luchonoticiasneiva\" \/>\n<meta property=\"article:published_time\" content=\"2023-04-13T10:12:24+00:00\" \/>\n<meta property=\"article:modified_time\" content=\"2023-04-13T10:12:25+00:00\" \/>\n<meta property=\"og:image\" content=\"https:\/\/luchonoticias.com\/wp-content\/uploads\/2023\/04\/WhatsApp-Image-2023-04-12-at-2.21.40-PM.jpeg\" \/>\n<meta name=\"author\" content=\"Editor General\" \/>\n<meta name=\"twitter:card\" content=\"summary_large_image\" \/>\n<meta name=\"twitter:label1\" content=\"Escrito por\" \/>\n\t<meta name=\"twitter:data1\" content=\"Editor General\" \/>\n\t<meta name=\"twitter:label2\" content=\"Tiempo de lectura\" \/>\n\t<meta name=\"twitter:data2\" content=\"2 minutos\" \/>\n<script type=\"application\/ld+json\" class=\"yoast-schema-graph\">{\"@context\":\"https:\/\/schema.org\",\"@graph\":[{\"@type\":\"Article\",\"@id\":\"https:\/\/luchonoticias.com\/editor\/petro-designo-nuevos-embajadores-en-portugal-ecuador-jamaica-trinidad-y-tobago-y-republica-dominicana\/#article\",\"isPartOf\":{\"@id\":\"https:\/\/luchonoticias.com\/editor\/petro-designo-nuevos-embajadores-en-portugal-ecuador-jamaica-trinidad-y-tobago-y-republica-dominicana\/\"},\"author\":{\"name\":\"Editor General\",\"@id\":\"https:\/\/luchonoticias.com\/editor\/#\/schema\/person\/29217990ddf6f14e35912b2866d591fb\"},\"headline\":\"Petro design\u00f3 nuevos embajadores en Portugal, Ecuador, Jamaica, Trinidad y Tobago, y Republica Dominicana\",\"datePublished\":\"2023-04-13T10:12:24+00:00\",\"dateModified\":\"2023-04-13T10:12:25+00:00\",\"mainEntityOfPage\":{\"@id\":\"https:\/\/luchonoticias.com\/editor\/petro-designo-nuevos-embajadores-en-portugal-ecuador-jamaica-trinidad-y-tobago-y-republica-dominicana\/\"},\"wordCount\":369,\"commentCount\":0,\"publisher\":{\"@id\":\"https:\/\/luchonoticias.com\/editor\/#\/schema\/person\/7a7fd911f58561fd056dbac7b55af9cd\"},\"image\":{\"@id\":\"https:\/\/luchonoticias.com\/editor\/petro-designo-nuevos-embajadores-en-portugal-ecuador-jamaica-trinidad-y-tobago-y-republica-dominicana\/#primaryimage\"},\"thumbnailUrl\":\"https:\/\/luchonoticias.com\/wp-content\/uploads\/2023\/04\/WhatsApp-Image-2023-04-12-at-2.21.40-PM.jpeg\",\"articleSection\":[\"Actualidad\",\"Destacado\"],\"inLanguage\":\"es\",\"potentialAction\":[{\"@type\":\"CommentAction\",\"name\":\"Comment\",\"target\":[\"https:\/\/luchonoticias.com\/editor\/petro-designo-nuevos-embajadores-en-portugal-ecuador-jamaica-trinidad-y-tobago-y-republica-dominicana\/#respond\"]}]},{\"@type\":\"WebPage\",\"@id\":\"https:\/\/luchonoticias.com\/editor\/petro-designo-nuevos-embajadores-en-portugal-ecuador-jamaica-trinidad-y-tobago-y-republica-dominicana\/\",\"url\":\"https:\/\/luchonoticias.com\/editor\/petro-designo-nuevos-embajadores-en-portugal-ecuador-jamaica-trinidad-y-tobago-y-republica-dominicana\/\",\"name\":\"Petro design\u00f3 nuevos embajadores en Portugal, Ecuador, Jamaica, Trinidad y Tobago, y Republica Dominicana -\",\"isPartOf\":{\"@id\":\"https:\/\/luchonoticias.com\/editor\/#website\"},\"primaryImageOfPage\":{\"@id\":\"https:\/\/luchonoticias.com\/editor\/petro-designo-nuevos-embajadores-en-portugal-ecuador-jamaica-trinidad-y-tobago-y-republica-dominicana\/#primaryimage\"},\"image\":{\"@id\":\"https:\/\/luchonoticias.com\/editor\/petro-designo-nuevos-embajadores-en-portugal-ecuador-jamaica-trinidad-y-tobago-y-republica-dominicana\/#primaryimage\"},\"thumbnailUrl\":\"https:\/\/luchonoticias.com\/wp-content\/uploads\/2023\/04\/WhatsApp-Image-2023-04-12-at-2.21.40-PM.jpeg\",\"datePublished\":\"2023-04-13T10:12:24+00:00\",\"dateModified\":\"2023-04-13T10:12:25+00:00\",\"breadcrumb\":{\"@id\":\"https:\/\/luchonoticias.com\/editor\/petro-designo-nuevos-embajadores-en-portugal-ecuador-jamaica-trinidad-y-tobago-y-republica-dominicana\/#breadcrumb\"},\"inLanguage\":\"es\",\"potentialAction\":[{\"@type\":\"ReadAction\",\"target\":[\"https:\/\/luchonoticias.com\/editor\/petro-designo-nuevos-embajadores-en-portugal-ecuador-jamaica-trinidad-y-tobago-y-republica-dominicana\/\"]}]},{\"@type\":\"ImageObject\",\"inLanguage\":\"es\",\"@id\":\"https:\/\/luchonoticias.com\/editor\/petro-designo-nuevos-embajadores-en-portugal-ecuador-jamaica-trinidad-y-tobago-y-republica-dominicana\/#primaryimage\",\"url\":\"https:\/\/luchonoticias.com\/wp-content\/uploads\/2023\/04\/WhatsApp-Image-2023-04-12-at-2.21.40-PM.jpeg\",\"contentUrl\":\"https:\/\/luchonoticias.com\/wp-content\/uploads\/2023\/04\/WhatsApp-Image-2023-04-12-at-2.21.40-PM.jpeg\"},{\"@type\":\"BreadcrumbList\",\"@id\":\"https:\/\/luchonoticias.com\/editor\/petro-designo-nuevos-embajadores-en-portugal-ecuador-jamaica-trinidad-y-tobago-y-republica-dominicana\/#breadcrumb\",\"itemListElement\":[{\"@type\":\"ListItem\",\"position\":1,\"name\":\"Portada\",\"item\":\"https:\/\/luchonoticias.com\/editor\/\"},{\"@type\":\"ListItem\",\"position\":2,\"name\":\"Petro design\u00f3 nuevos embajadores en Portugal, Ecuador, Jamaica, Trinidad y Tobago, y Republica Dominicana\"}]},{\"@type\":\"WebSite\",\"@id\":\"https:\/\/luchonoticias.com\/editor\/#website\",\"url\":\"https:\/\/luchonoticias.com\/editor\/\",\"name\":\"\",\"description\":\"\",\"publisher\":{\"@id\":\"https:\/\/luchonoticias.com\/editor\/#\/schema\/person\/7a7fd911f58561fd056dbac7b55af9cd\"},\"potentialAction\":[{\"@type\":\"SearchAction\",\"target\":{\"@type\":\"EntryPoint\",\"urlTemplate\":\"https:\/\/luchonoticias.com\/editor\/?s={search_term_string}\"},\"query-input\":{\"@type\":\"PropertyValueSpecification\",\"valueRequired\":true,\"valueName\":\"search_term_string\"}}],\"inLanguage\":\"es\"},{\"@type\":[\"Person\",\"Organization\"],\"@id\":\"https:\/\/luchonoticias.com\/editor\/#\/schema\/person\/7a7fd911f58561fd056dbac7b55af9cd\",\"name\":\"admin\",\"image\":{\"@type\":\"ImageObject\",\"inLanguage\":\"es\",\"@id\":\"https:\/\/luchonoticias.com\/editor\/#\/schema\/person\/image\/\",\"url\":\"https:\/\/luchonoticias.com\/editor\/wp-content\/uploads\/2024\/02\/cropped-cropped-logolu.webp\",\"contentUrl\":\"https:\/\/luchonoticias.com\/editor\/wp-content\/uploads\/2024\/02\/cropped-cropped-logolu.webp\",\"width\":382,\"height\":170,\"caption\":\"admin\"},\"logo\":{\"@id\":\"https:\/\/luchonoticias.com\/editor\/#\/schema\/person\/image\/\"},\"sameAs\":[\"https:\/\/www.facebook.com\/luchonoticiasneiva\"]},{\"@type\":\"Person\",\"@id\":\"https:\/\/luchonoticias.com\/editor\/#\/schema\/person\/29217990ddf6f14e35912b2866d591fb\",\"name\":\"Editor General\",\"image\":{\"@type\":\"ImageObject\",\"inLanguage\":\"es\",\"@id\":\"https:\/\/luchonoticias.com\/editor\/#\/schema\/person\/image\/\",\"url\":\"https:\/\/luchonoticias.com\/editor\/wp-content\/uploads\/2024\/02\/cropped-cropped-logolu-150x150.webp\",\"contentUrl\":\"https:\/\/luchonoticias.com\/editor\/wp-content\/uploads\/2024\/02\/cropped-cropped-logolu-150x150.webp\",\"caption\":\"Editor General\"},\"sameAs\":[\"https:\/\/luchonoticias.com\/\"],\"url\":\"https:\/\/luchonoticias.com\/editor\/author\/editor-general\/\"}]}<\/script>\n<!-- \/ Yoast SEO plugin. -->","yoast_head_json":{"title":"Petro design\u00f3 nuevos embajadores en Portugal, Ecuador, Jamaica, Trinidad y Tobago, y Republica Dominicana -","robots":{"index":"index","follow":"follow","max-snippet":"max-snippet:-1","max-image-preview":"max-image-preview:large","max-video-preview":"max-video-preview:-1"},"canonical":"https:\/\/luchonoticias.com\/editor\/petro-designo-nuevos-embajadores-en-portugal-ecuador-jamaica-trinidad-y-tobago-y-republica-dominicana\/","og_locale":"es_ES","og_type":"article","og_title":"Petro design\u00f3 nuevos embajadores en Portugal, Ecuador, Jamaica, Trinidad y Tobago, y Republica Dominicana -","og_url":"https:\/\/luchonoticias.com\/editor\/petro-designo-nuevos-embajadores-en-portugal-ecuador-jamaica-trinidad-y-tobago-y-republica-dominicana\/","article_publisher":"https:\/\/www.facebook.com\/luchonoticiasneiva","article_published_time":"2023-04-13T10:12:24+00:00","article_modified_time":"2023-04-13T10:12:25+00:00","og_image":[{"url":"https:\/\/luchonoticias.com\/wp-content\/uploads\/2023\/04\/WhatsApp-Image-2023-04-12-at-2.21.40-PM.jpeg","type":"","width":"","height":""}],"author":"Editor General","twitter_card":"summary_large_image","twitter_misc":{"Escrito por":"Editor General","Tiempo de lectura":"2 minutos"},"schema":{"@context":"https:\/\/schema.org","@graph":[{"@type":"Article","@id":"https:\/\/luchonoticias.com\/editor\/petro-designo-nuevos-embajadores-en-portugal-ecuador-jamaica-trinidad-y-tobago-y-republica-dominicana\/#article","isPartOf":{"@id":"https:\/\/luchonoticias.com\/editor\/petro-designo-nuevos-embajadores-en-portugal-ecuador-jamaica-trinidad-y-tobago-y-republica-dominicana\/"},"author":{"name":"Editor General","@id":"https:\/\/luchonoticias.com\/editor\/#\/schema\/person\/29217990ddf6f14e35912b2866d591fb"},"headline":"Petro design\u00f3 nuevos embajadores en Portugal, Ecuador, Jamaica, Trinidad y Tobago, y Republica Dominicana","datePublished":"2023-04-13T10:12:24+00:00","dateModified":"2023-04-13T10:12:25+00:00","mainEntityOfPage":{"@id":"https:\/\/luchonoticias.com\/editor\/petro-designo-nuevos-embajadores-en-portugal-ecuador-jamaica-trinidad-y-tobago-y-republica-dominicana\/"},"wordCount":369,"commentCount":0,"publisher":{"@id":"https:\/\/luchonoticias.com\/editor\/#\/schema\/person\/7a7fd911f58561fd056dbac7b55af9cd"},"image":{"@id":"https:\/\/luchonoticias.com\/editor\/petro-designo-nuevos-embajadores-en-portugal-ecuador-jamaica-trinidad-y-tobago-y-republica-dominicana\/#primaryimage"},"thumbnailUrl":"https:\/\/luchonoticias.com\/wp-content\/uploads\/2023\/04\/WhatsApp-Image-2023-04-12-at-2.21.40-PM.jpeg","articleSection":["Actualidad","Destacado"],"inLanguage":"es","potentialAction":[{"@type":"CommentAction","name":"Comment","target":["https:\/\/luchonoticias.com\/editor\/petro-designo-nuevos-embajadores-en-portugal-ecuador-jamaica-trinidad-y-tobago-y-republica-dominicana\/#respond"]}]},{"@type":"WebPage","@id":"https:\/\/luchonoticias.com\/editor\/petro-designo-nuevos-embajadores-en-portugal-ecuador-jamaica-trinidad-y-tobago-y-republica-dominicana\/","url":"https:\/\/luchonoticias.com\/editor\/petro-designo-nuevos-embajadores-en-portugal-ecuador-jamaica-trinidad-y-tobago-y-republica-dominicana\/","name":"Petro design\u00f3 nuevos embajadores en Portugal, Ecuador, Jamaica, Trinidad y Tobago, y Republica Dominicana -","isPartOf":{"@id":"https:\/\/luchonoticias.com\/editor\/#website"},"primaryImageOfPage":{"@id":"https:\/\/luchonoticias.com\/editor\/petro-designo-nuevos-embajadores-en-portugal-ecuador-jamaica-trinidad-y-tobago-y-republica-dominicana\/#primaryimage"},"image":{"@id":"https:\/\/luchonoticias.com\/editor\/petro-designo-nuevos-embajadores-en-portugal-ecuador-jamaica-trinidad-y-tobago-y-republica-dominicana\/#primaryimage"},"thumbnailUrl":"https:\/\/luchonoticias.com\/wp-content\/uploads\/2023\/04\/WhatsApp-Image-2023-04-12-at-2.21.40-PM.jpeg","datePublished":"2023-04-13T10:12:24+00:00","dateModified":"2023-04-13T10:12:25+00:00","breadcrumb":{"@id":"https:\/\/luchonoticias.com\/editor\/petro-designo-nuevos-embajadores-en-portugal-ecuador-jamaica-trinidad-y-tobago-y-republica-dominicana\/#breadcrumb"},"inLanguage":"es","potentialAction":[{"@type":"ReadAction","target":["https:\/\/luchonoticias.com\/editor\/petro-designo-nuevos-embajadores-en-portugal-ecuador-jamaica-trinidad-y-tobago-y-republica-dominicana\/"]}]},{"@type":"ImageObject","inLanguage":"es","@id":"https:\/\/luchonoticias.com\/editor\/petro-designo-nuevos-embajadores-en-portugal-ecuador-jamaica-trinidad-y-tobago-y-republica-dominicana\/#primaryimage","url":"https:\/\/luchonoticias.com\/wp-content\/uploads\/2023\/04\/WhatsApp-Image-2023-04-12-at-2.21.40-PM.jpeg","contentUrl":"https:\/\/luchonoticias.com\/wp-content\/uploads\/2023\/04\/WhatsApp-Image-2023-04-12-at-2.21.40-PM.jpeg"},{"@type":"BreadcrumbList","@id":"https:\/\/luchonoticias.com\/editor\/petro-designo-nuevos-embajadores-en-portugal-ecuador-jamaica-trinidad-y-tobago-y-republica-dominicana\/#breadcrumb","itemListElement":[{"@type":"ListItem","position":1,"name":"Portada","item":"https:\/\/luchonoticias.com\/editor\/"},{"@type":"ListItem","position":2,"name":"Petro design\u00f3 nuevos embajadores en Portugal, Ecuador, Jamaica, Trinidad y Tobago, y Republica Dominicana"}]},{"@type":"WebSite","@id":"https:\/\/luchonoticias.com\/editor\/#website","url":"https:\/\/luchonoticias.com\/editor\/","name":"","description":"","publisher":{"@id":"https:\/\/luchonoticias.com\/editor\/#\/schema\/person\/7a7fd911f58561fd056dbac7b55af9cd"},"potentialAction":[{"@type":"SearchAction","target":{"@type":"EntryPoint","urlTemplate":"https:\/\/luchonoticias.com\/editor\/?s={search_term_string}"},"query-input":{"@type":"PropertyValueSpecification","valueRequired":true,"valueName":"search_term_string"}}],"inLanguage":"es"},{"@type":["Person","Organization"],"@id":"https:\/\/luchonoticias.com\/editor\/#\/schema\/person\/7a7fd911f58561fd056dbac7b55af9cd","name":"admin","image":{"@type":"ImageObject","inLanguage":"es","@id":"https:\/\/luchonoticias.com\/editor\/#\/schema\/person\/image\/","url":"https:\/\/luchonoticias.com\/editor\/wp-content\/uploads\/2024\/02\/cropped-cropped-logolu.webp","contentUrl":"https:\/\/luchonoticias.com\/editor\/wp-content\/uploads\/2024\/02\/cropped-cropped-logolu.webp","width":382,"height":170,"caption":"admin"},"logo":{"@id":"https:\/\/luchonoticias.com\/editor\/#\/schema\/person\/image\/"},"sameAs":["https:\/\/www.facebook.com\/luchonoticiasneiva"]},{"@type":"Person","@id":"https:\/\/luchonoticias.com\/editor\/#\/schema\/person\/29217990ddf6f14e35912b2866d591fb","name":"Editor General","image":{"@type":"ImageObject","inLanguage":"es","@id":"https:\/\/luchonoticias.com\/editor\/#\/schema\/person\/image\/","url":"https:\/\/luchonoticias.com\/editor\/wp-content\/uploads\/2024\/02\/cropped-cropped-logolu-150x150.webp","contentUrl":"https:\/\/luchonoticias.com\/editor\/wp-content\/uploads\/2024\/02\/cropped-cropped-logolu-150x150.webp","caption":"Editor General"},"sameAs":["https:\/\/luchonoticias.com\/"],"url":"https:\/\/luchonoticias.com\/editor\/author\/editor-general\/"}]}},"_links":{"self":[{"href":"https:\/\/luchonoticias.com\/editor\/wp-json\/wp\/v2\/posts\/50238","targetHints":{"allow":["GET"]}}],"collection":[{"href":"https:\/\/luchonoticias.com\/editor\/wp-json\/wp\/v2\/posts"}],"about":[{"href":"https:\/\/luchonoticias.com\/editor\/wp-json\/wp\/v2\/types\/post"}],"author":[{"embeddable":true,"href":"https:\/\/luchonoticias.com\/editor\/wp-json\/wp\/v2\/users\/2"}],"replies":[{"embeddable":true,"href":"https:\/\/luchonoticias.com\/editor\/wp-json\/wp\/v2\/comments?post=50238"}],"version-history":[{"count":0,"href":"https:\/\/luchonoticias.com\/editor\/wp-json\/wp\/v2\/posts\/50238\/revisions"}],"wp:attachment":[{"href":"https:\/\/luchonoticias.com\/editor\/wp-json\/wp\/v2\/media?parent=50238"}],"wp:term":[{"taxonomy":"category","embeddable":true,"href":"https:\/\/luchonoticias.com\/editor\/wp-json\/wp\/v2\/categories?post=50238"},{"taxonomy":"post_tag","embeddable":true,"href":"https:\/\/luchonoticias.com\/editor\/wp-json\/wp\/v2\/tags?post=50238"}],"curies":[{"name":"wp","href":"https:\/\/api.w.org\/{rel}","templated":true}]}}