{"id":50253,"date":"2023-04-13T14:13:21","date_gmt":"2023-04-13T19:13:21","guid":{"rendered":"https:\/\/luchonoticias.com\/?p=50253"},"modified":"2023-04-13T14:13:22","modified_gmt":"2023-04-13T19:13:22","slug":"revista-time-incluye-al-presidente-petro-en-la-lista-de-100-personas-mas-influyentes-de-2023","status":"publish","type":"post","link":"https:\/\/luchonoticias.com\/editor\/revista-time-incluye-al-presidente-petro-en-la-lista-de-100-personas-mas-influyentes-de-2023\/","title":{"rendered":"Revista Time incluye al Presidente Petro en la lista de 100 personas m\u00e1s influyentes de 2023"},"content":{"rendered":"\n<p>La revista estadounidense Time incluy\u00f3 al Presidente de Colombia, Gustavo Petro, en la lista de las 100 personas m\u00e1s influyentes del mundo de 2023.<\/p>\n\n\n\n<p>En la relaci\u00f3n de l\u00edderes, el semanario ubica al Mandatario de Colombia junto a otras 19 figuras, entre ellas los presidentes de EE.UU., Joe Biden, y Brasil, Luiz In\u00e1cio Lula da Silva; el Primer Ministro de Jap\u00f3n, Fumio Kishida; el Primer Ministro de Australia, Anthony Albanese, y Olaf Scholz, Canciller de Alemania.<\/p>\n\n\n\n<p>La lista de 100 personas m\u00e1s influyentes publicada por Time se divide en las categor\u00edas de Artistas, Iconos, Pioneros, Titanes, Innovadores y L\u00edderes.<\/p>\n\n\n\n<p>En esta \u00faltima figuran, adem\u00e1s de los mandatarios citados, Olena Zelenska, primera dama de Ucrania; Hakeem Jeffries, miembro de la C\u00e1mara de Representantes de EE.UU., y el legislador republicano Mitch McConnell, l\u00edder de la minor\u00eda del Senado de ese pa\u00eds.<\/p>\n\n\n\n<p>Tambi\u00e9n integran la lista el periodista estadounidense Evan Gershkovich; la economista Janet Yellen, Secretaria del Tesoro de EE.UU.; la Ministra de Cambio Clim\u00e1tico de Pakist\u00e1n, Sherry Rehman; Margrethe Vestager, Comisaria Europea de Competencia; Samuel Alito, juez de la Corte Suprema de Justicia de EE.UU., y Gina Raimondo, Secretaria de Comercio de esa naci\u00f3n.<\/p>\n\n\n\n<p>Adem\u00e1s, est\u00e1n la Directora del Programa Mundial de Alimentos, Cindy McCain; Mar\u00eda Herrera Magdaleno, l\u00edder de las madres mexicanas; Oleksandra Matviichuk, abogada ucraniana; Bola Ahmed Tinubu, Presidente de Nigeria, y Min Aung Hlaing, Mandatario de Birmania.<\/p>\n\n\n\n<p>El perfil publicado por la revista sobre el Presidente de Colombia estuvo a cargo del Mandatario de Chile, Gabriel Boric, quien afirm\u00f3 que \u201ccuando Gustavo Petro asumi\u00f3 la presidencia de Colombia en agosto de 2022, tuve la suerte de estar all\u00ed para ver las calles de Bogot\u00e1 llenas de gente y de esperanza\u201d.<\/p>\n\n\n\n<p>Manifest\u00f3 que \u201cGustavo, el l\u00edder de una coalici\u00f3n pol\u00edtica hist\u00f3rica, ha construido un programa ambicioso y transformador. Con el pragmatismo requerido para ejercer el poder, ha construido amplias alianzas que le permiten dialogar con la mayor\u00eda de las fuerzas democr\u00e1ticas de su pa\u00eds. Su estrella polar es profundizar el plan de paz de Colombia, utilizando todo el conocimiento adquirido en los \u00faltimos a\u00f1os\u201d.<\/p>\n\n\n\n<p>\u201cEs un l\u00edder que toma decisiones dif\u00edciles y aprende r\u00e1pido. Lo respeto profundamente a \u00e9l y a los proyectos que encarna\u201d, sostuvo el gobernante chileno.<\/p>\n","protected":false},"excerpt":{"rendered":"<p>La revista estadounidense Time incluy\u00f3 al Presidente de Colombia, Gustavo Petro, en la lista de las 100 personas m\u00e1s influyentes del mundo de 2023. En la relaci\u00f3n de l\u00edderes, el semanario ubica al Mandatario de Colombia junto a otras 19 figuras, entre ellas los presidentes de EE.UU., Joe Biden, y Brasil, Luiz In\u00e1cio Lula da [&hellip;]<\/p>\n","protected":false},"author":2,"featured_media":0,"comment_status":"open","ping_status":"open","sticky":false,"template":"","format":"standard","meta":{"footnotes":""},"categories":[36,32],"tags":[],"class_list":["post-50253","post","type-post","status-publish","format-standard","hentry","category-destacado","category-nacional"],"yoast_head":"<!-- This site is optimized with the Yoast SEO plugin v26.6 - https:\/\/yoast.com\/wordpress\/plugins\/seo\/ -->\n<title>Revista Time incluye al Presidente Petro en la lista de 100 personas m\u00e1s influyentes de 2023 -<\/title>\n<meta name=\"robots\" content=\"index, follow, max-snippet:-1, max-image-preview:large, max-video-preview:-1\" \/>\n<link rel=\"canonical\" href=\"https:\/\/luchonoticias.com\/editor\/revista-time-incluye-al-presidente-petro-en-la-lista-de-100-personas-mas-influyentes-de-2023\/\" \/>\n<meta property=\"og:locale\" content=\"es_ES\" \/>\n<meta property=\"og:type\" content=\"article\" \/>\n<meta property=\"og:title\" content=\"Revista Time incluye al Presidente Petro en la lista de 100 personas m\u00e1s influyentes de 2023 -\" \/>\n<meta property=\"og:url\" content=\"https:\/\/luchonoticias.com\/editor\/revista-time-incluye-al-presidente-petro-en-la-lista-de-100-personas-mas-influyentes-de-2023\/\" \/>\n<meta property=\"article:publisher\" content=\"https:\/\/www.facebook.com\/luchonoticiasneiva\" \/>\n<meta property=\"article:published_time\" content=\"2023-04-13T19:13:21+00:00\" \/>\n<meta property=\"article:modified_time\" content=\"2023-04-13T19:13:22+00:00\" \/>\n<meta name=\"author\" content=\"Editor General\" \/>\n<meta name=\"twitter:card\" content=\"summary_large_image\" \/>\n<meta name=\"twitter:label1\" content=\"Escrito por\" \/>\n\t<meta name=\"twitter:data1\" content=\"Editor General\" \/>\n\t<meta name=\"twitter:label2\" content=\"Tiempo de lectura\" \/>\n\t<meta name=\"twitter:data2\" content=\"2 minutos\" \/>\n<script type=\"application\/ld+json\" class=\"yoast-schema-graph\">{\"@context\":\"https:\/\/schema.org\",\"@graph\":[{\"@type\":\"Article\",\"@id\":\"https:\/\/luchonoticias.com\/editor\/revista-time-incluye-al-presidente-petro-en-la-lista-de-100-personas-mas-influyentes-de-2023\/#article\",\"isPartOf\":{\"@id\":\"https:\/\/luchonoticias.com\/editor\/revista-time-incluye-al-presidente-petro-en-la-lista-de-100-personas-mas-influyentes-de-2023\/\"},\"author\":{\"name\":\"Editor General\",\"@id\":\"https:\/\/luchonoticias.com\/editor\/#\/schema\/person\/29217990ddf6f14e35912b2866d591fb\"},\"headline\":\"Revista Time incluye al Presidente Petro en la lista de 100 personas m\u00e1s influyentes de 2023\",\"datePublished\":\"2023-04-13T19:13:21+00:00\",\"dateModified\":\"2023-04-13T19:13:22+00:00\",\"mainEntityOfPage\":{\"@id\":\"https:\/\/luchonoticias.com\/editor\/revista-time-incluye-al-presidente-petro-en-la-lista-de-100-personas-mas-influyentes-de-2023\/\"},\"wordCount\":415,\"commentCount\":0,\"publisher\":{\"@id\":\"https:\/\/luchonoticias.com\/editor\/#\/schema\/person\/7a7fd911f58561fd056dbac7b55af9cd\"},\"articleSection\":[\"Destacado\",\"Nacional\"],\"inLanguage\":\"es\",\"potentialAction\":[{\"@type\":\"CommentAction\",\"name\":\"Comment\",\"target\":[\"https:\/\/luchonoticias.com\/editor\/revista-time-incluye-al-presidente-petro-en-la-lista-de-100-personas-mas-influyentes-de-2023\/#respond\"]}]},{\"@type\":\"WebPage\",\"@id\":\"https:\/\/luchonoticias.com\/editor\/revista-time-incluye-al-presidente-petro-en-la-lista-de-100-personas-mas-influyentes-de-2023\/\",\"url\":\"https:\/\/luchonoticias.com\/editor\/revista-time-incluye-al-presidente-petro-en-la-lista-de-100-personas-mas-influyentes-de-2023\/\",\"name\":\"Revista Time incluye al Presidente Petro en la lista de 100 personas m\u00e1s influyentes de 2023 -\",\"isPartOf\":{\"@id\":\"https:\/\/luchonoticias.com\/editor\/#website\"},\"datePublished\":\"2023-04-13T19:13:21+00:00\",\"dateModified\":\"2023-04-13T19:13:22+00:00\",\"breadcrumb\":{\"@id\":\"https:\/\/luchonoticias.com\/editor\/revista-time-incluye-al-presidente-petro-en-la-lista-de-100-personas-mas-influyentes-de-2023\/#breadcrumb\"},\"inLanguage\":\"es\",\"potentialAction\":[{\"@type\":\"ReadAction\",\"target\":[\"https:\/\/luchonoticias.com\/editor\/revista-time-incluye-al-presidente-petro-en-la-lista-de-100-personas-mas-influyentes-de-2023\/\"]}]},{\"@type\":\"BreadcrumbList\",\"@id\":\"https:\/\/luchonoticias.com\/editor\/revista-time-incluye-al-presidente-petro-en-la-lista-de-100-personas-mas-influyentes-de-2023\/#breadcrumb\",\"itemListElement\":[{\"@type\":\"ListItem\",\"position\":1,\"name\":\"Portada\",\"item\":\"https:\/\/luchonoticias.com\/editor\/\"},{\"@type\":\"ListItem\",\"position\":2,\"name\":\"Revista Time incluye al Presidente Petro en la lista de 100 personas m\u00e1s influyentes de 2023\"}]},{\"@type\":\"WebSite\",\"@id\":\"https:\/\/luchonoticias.com\/editor\/#website\",\"url\":\"https:\/\/luchonoticias.com\/editor\/\",\"name\":\"\",\"description\":\"\",\"publisher\":{\"@id\":\"https:\/\/luchonoticias.com\/editor\/#\/schema\/person\/7a7fd911f58561fd056dbac7b55af9cd\"},\"potentialAction\":[{\"@type\":\"SearchAction\",\"target\":{\"@type\":\"EntryPoint\",\"urlTemplate\":\"https:\/\/luchonoticias.com\/editor\/?s={search_term_string}\"},\"query-input\":{\"@type\":\"PropertyValueSpecification\",\"valueRequired\":true,\"valueName\":\"search_term_string\"}}],\"inLanguage\":\"es\"},{\"@type\":[\"Person\",\"Organization\"],\"@id\":\"https:\/\/luchonoticias.com\/editor\/#\/schema\/person\/7a7fd911f58561fd056dbac7b55af9cd\",\"name\":\"admin\",\"image\":{\"@type\":\"ImageObject\",\"inLanguage\":\"es\",\"@id\":\"https:\/\/luchonoticias.com\/editor\/#\/schema\/person\/image\/\",\"url\":\"https:\/\/luchonoticias.com\/editor\/wp-content\/uploads\/2024\/02\/cropped-cropped-logolu.webp\",\"contentUrl\":\"https:\/\/luchonoticias.com\/editor\/wp-content\/uploads\/2024\/02\/cropped-cropped-logolu.webp\",\"width\":382,\"height\":170,\"caption\":\"admin\"},\"logo\":{\"@id\":\"https:\/\/luchonoticias.com\/editor\/#\/schema\/person\/image\/\"},\"sameAs\":[\"https:\/\/www.facebook.com\/luchonoticiasneiva\"]},{\"@type\":\"Person\",\"@id\":\"https:\/\/luchonoticias.com\/editor\/#\/schema\/person\/29217990ddf6f14e35912b2866d591fb\",\"name\":\"Editor General\",\"image\":{\"@type\":\"ImageObject\",\"inLanguage\":\"es\",\"@id\":\"https:\/\/luchonoticias.com\/editor\/#\/schema\/person\/image\/\",\"url\":\"https:\/\/luchonoticias.com\/editor\/wp-content\/uploads\/2024\/02\/cropped-cropped-logolu-150x150.webp\",\"contentUrl\":\"https:\/\/luchonoticias.com\/editor\/wp-content\/uploads\/2024\/02\/cropped-cropped-logolu-150x150.webp\",\"caption\":\"Editor General\"},\"sameAs\":[\"https:\/\/luchonoticias.com\/\"],\"url\":\"https:\/\/luchonoticias.com\/editor\/author\/editor-general\/\"}]}<\/script>\n<!-- \/ Yoast SEO plugin. -->","yoast_head_json":{"title":"Revista Time incluye al Presidente Petro en la lista de 100 personas m\u00e1s influyentes de 2023 -","robots":{"index":"index","follow":"follow","max-snippet":"max-snippet:-1","max-image-preview":"max-image-preview:large","max-video-preview":"max-video-preview:-1"},"canonical":"https:\/\/luchonoticias.com\/editor\/revista-time-incluye-al-presidente-petro-en-la-lista-de-100-personas-mas-influyentes-de-2023\/","og_locale":"es_ES","og_type":"article","og_title":"Revista Time incluye al Presidente Petro en la lista de 100 personas m\u00e1s influyentes de 2023 -","og_url":"https:\/\/luchonoticias.com\/editor\/revista-time-incluye-al-presidente-petro-en-la-lista-de-100-personas-mas-influyentes-de-2023\/","article_publisher":"https:\/\/www.facebook.com\/luchonoticiasneiva","article_published_time":"2023-04-13T19:13:21+00:00","article_modified_time":"2023-04-13T19:13:22+00:00","author":"Editor General","twitter_card":"summary_large_image","twitter_misc":{"Escrito por":"Editor General","Tiempo de lectura":"2 minutos"},"schema":{"@context":"https:\/\/schema.org","@graph":[{"@type":"Article","@id":"https:\/\/luchonoticias.com\/editor\/revista-time-incluye-al-presidente-petro-en-la-lista-de-100-personas-mas-influyentes-de-2023\/#article","isPartOf":{"@id":"https:\/\/luchonoticias.com\/editor\/revista-time-incluye-al-presidente-petro-en-la-lista-de-100-personas-mas-influyentes-de-2023\/"},"author":{"name":"Editor General","@id":"https:\/\/luchonoticias.com\/editor\/#\/schema\/person\/29217990ddf6f14e35912b2866d591fb"},"headline":"Revista Time incluye al Presidente Petro en la lista de 100 personas m\u00e1s influyentes de 2023","datePublished":"2023-04-13T19:13:21+00:00","dateModified":"2023-04-13T19:13:22+00:00","mainEntityOfPage":{"@id":"https:\/\/luchonoticias.com\/editor\/revista-time-incluye-al-presidente-petro-en-la-lista-de-100-personas-mas-influyentes-de-2023\/"},"wordCount":415,"commentCount":0,"publisher":{"@id":"https:\/\/luchonoticias.com\/editor\/#\/schema\/person\/7a7fd911f58561fd056dbac7b55af9cd"},"articleSection":["Destacado","Nacional"],"inLanguage":"es","potentialAction":[{"@type":"CommentAction","name":"Comment","target":["https:\/\/luchonoticias.com\/editor\/revista-time-incluye-al-presidente-petro-en-la-lista-de-100-personas-mas-influyentes-de-2023\/#respond"]}]},{"@type":"WebPage","@id":"https:\/\/luchonoticias.com\/editor\/revista-time-incluye-al-presidente-petro-en-la-lista-de-100-personas-mas-influyentes-de-2023\/","url":"https:\/\/luchonoticias.com\/editor\/revista-time-incluye-al-presidente-petro-en-la-lista-de-100-personas-mas-influyentes-de-2023\/","name":"Revista Time incluye al Presidente Petro en la lista de 100 personas m\u00e1s influyentes de 2023 -","isPartOf":{"@id":"https:\/\/luchonoticias.com\/editor\/#website"},"datePublished":"2023-04-13T19:13:21+00:00","dateModified":"2023-04-13T19:13:22+00:00","breadcrumb":{"@id":"https:\/\/luchonoticias.com\/editor\/revista-time-incluye-al-presidente-petro-en-la-lista-de-100-personas-mas-influyentes-de-2023\/#breadcrumb"},"inLanguage":"es","potentialAction":[{"@type":"ReadAction","target":["https:\/\/luchonoticias.com\/editor\/revista-time-incluye-al-presidente-petro-en-la-lista-de-100-personas-mas-influyentes-de-2023\/"]}]},{"@type":"BreadcrumbList","@id":"https:\/\/luchonoticias.com\/editor\/revista-time-incluye-al-presidente-petro-en-la-lista-de-100-personas-mas-influyentes-de-2023\/#breadcrumb","itemListElement":[{"@type":"ListItem","position":1,"name":"Portada","item":"https:\/\/luchonoticias.com\/editor\/"},{"@type":"ListItem","position":2,"name":"Revista Time incluye al Presidente Petro en la lista de 100 personas m\u00e1s influyentes de 2023"}]},{"@type":"WebSite","@id":"https:\/\/luchonoticias.com\/editor\/#website","url":"https:\/\/luchonoticias.com\/editor\/","name":"","description":"","publisher":{"@id":"https:\/\/luchonoticias.com\/editor\/#\/schema\/person\/7a7fd911f58561fd056dbac7b55af9cd"},"potentialAction":[{"@type":"SearchAction","target":{"@type":"EntryPoint","urlTemplate":"https:\/\/luchonoticias.com\/editor\/?s={search_term_string}"},"query-input":{"@type":"PropertyValueSpecification","valueRequired":true,"valueName":"search_term_string"}}],"inLanguage":"es"},{"@type":["Person","Organization"],"@id":"https:\/\/luchonoticias.com\/editor\/#\/schema\/person\/7a7fd911f58561fd056dbac7b55af9cd","name":"admin","image":{"@type":"ImageObject","inLanguage":"es","@id":"https:\/\/luchonoticias.com\/editor\/#\/schema\/person\/image\/","url":"https:\/\/luchonoticias.com\/editor\/wp-content\/uploads\/2024\/02\/cropped-cropped-logolu.webp","contentUrl":"https:\/\/luchonoticias.com\/editor\/wp-content\/uploads\/2024\/02\/cropped-cropped-logolu.webp","width":382,"height":170,"caption":"admin"},"logo":{"@id":"https:\/\/luchonoticias.com\/editor\/#\/schema\/person\/image\/"},"sameAs":["https:\/\/www.facebook.com\/luchonoticiasneiva"]},{"@type":"Person","@id":"https:\/\/luchonoticias.com\/editor\/#\/schema\/person\/29217990ddf6f14e35912b2866d591fb","name":"Editor General","image":{"@type":"ImageObject","inLanguage":"es","@id":"https:\/\/luchonoticias.com\/editor\/#\/schema\/person\/image\/","url":"https:\/\/luchonoticias.com\/editor\/wp-content\/uploads\/2024\/02\/cropped-cropped-logolu-150x150.webp","contentUrl":"https:\/\/luchonoticias.com\/editor\/wp-content\/uploads\/2024\/02\/cropped-cropped-logolu-150x150.webp","caption":"Editor General"},"sameAs":["https:\/\/luchonoticias.com\/"],"url":"https:\/\/luchonoticias.com\/editor\/author\/editor-general\/"}]}},"_links":{"self":[{"href":"https:\/\/luchonoticias.com\/editor\/wp-json\/wp\/v2\/posts\/50253","targetHints":{"allow":["GET"]}}],"collection":[{"href":"https:\/\/luchonoticias.com\/editor\/wp-json\/wp\/v2\/posts"}],"about":[{"href":"https:\/\/luchonoticias.com\/editor\/wp-json\/wp\/v2\/types\/post"}],"author":[{"embeddable":true,"href":"https:\/\/luchonoticias.com\/editor\/wp-json\/wp\/v2\/users\/2"}],"replies":[{"embeddable":true,"href":"https:\/\/luchonoticias.com\/editor\/wp-json\/wp\/v2\/comments?post=50253"}],"version-history":[{"count":0,"href":"https:\/\/luchonoticias.com\/editor\/wp-json\/wp\/v2\/posts\/50253\/revisions"}],"wp:attachment":[{"href":"https:\/\/luchonoticias.com\/editor\/wp-json\/wp\/v2\/media?parent=50253"}],"wp:term":[{"taxonomy":"category","embeddable":true,"href":"https:\/\/luchonoticias.com\/editor\/wp-json\/wp\/v2\/categories?post=50253"},{"taxonomy":"post_tag","embeddable":true,"href":"https:\/\/luchonoticias.com\/editor\/wp-json\/wp\/v2\/tags?post=50253"}],"curies":[{"name":"wp","href":"https:\/\/api.w.org\/{rel}","templated":true}]}}