{"id":50256,"date":"2023-04-13T15:12:55","date_gmt":"2023-04-13T20:12:55","guid":{"rendered":"https:\/\/luchonoticias.com\/?p=50256"},"modified":"2023-04-13T15:12:56","modified_gmt":"2023-04-13T20:12:56","slug":"jugador-del-atletico-huila-rumbo-a-la-seleccion-colombia-sub-20","status":"publish","type":"post","link":"https:\/\/luchonoticias.com\/editor\/jugador-del-atletico-huila-rumbo-a-la-seleccion-colombia-sub-20\/","title":{"rendered":"Jugador del Atl\u00e9tico Huila, rumbo a la Selecci\u00f3n Colombia sub &#8211; 20"},"content":{"rendered":"\n<p>La Federaci\u00f3n Colombiana de F\u00fatbol dio a conocer los nombres de los 23 jugadores que estar\u00e1n&nbsp;<strong>convocados para un nuevo ciclo de preparaci\u00f3n<\/strong>&nbsp;con miras al&nbsp;<strong>mundial sub \u2013 20<\/strong>&nbsp;y del cual aun no se conoce una sede oficial.<\/p>\n\n\n\n<p>Dentro del grupo de&nbsp;<strong>convocados&nbsp;<\/strong>se encuentra un&nbsp;<strong>futbolista del Atl\u00e9tico Huila<\/strong>, se trata del&nbsp;<strong>volante cale\u00f1o John Lerma,<\/strong>&nbsp;que en lo que va de la temporada lleva 12 juegos diputados (973 minutos de juego) y un gol.<\/p>\n\n\n\n<p>La \u00abamarilla\u00bb Sub 20,&nbsp;<strong>se estar\u00e1 concentrando<\/strong>&nbsp;en la Sede Deportiva de la FCF, en la ciudad de Bogot\u00e1&nbsp;<strong>del 17 al 24 de abril<\/strong>; a continuaci\u00f3n los jugadores que conforman esta selecci\u00f3n nacional:<\/p>\n\n\n\n<p>ALEXIS CASTILLO MANYOMA \u2013 Cortulu\u00e1 F\u00fatbol Club S.A.<br>CRISTIAN DANIEL SANTANDER \u2013 Barranquilla FC<br>DANIEL ESTEBAN PEDROZO \u2013 Real Cartagena F.C. S.A<br>DEVAN AUSTIN TANTON Fulham \u2013 FC (GBR)<br>FERNANDO ANTONIO \u00c1LVAREZ \u2013 Club de F\u00fatbol Pachuca (MEX)<br>GUSTAVO ADOLFO PUERTA \u2013 1.FC N\u00fcrnberg (DEU)<br>JAN FRANC LUCUMI \u2013 Club Boca Juniors Cali S.A<br>JHON JAIDER VELEZ \u2013 Club Deportivo Popular Junior F.C. S.A.<br>JHOJAN CAMILO TORRES \u2013 Independiente Santa Fe S.A.<br><strong>JHON ANDERSON LERMA \u2013 Club Deportivo Atl\u00e9tico Huila S.A.<br><\/strong>JHONATAN RESTREPO \u2013 Leones F\u00fatbol Club S.A.<br>JORGE LEGUIN CABEZAS \u2013 El Equipo Del Pueblo S.A.<br>JOSEPH NICOLAS AREVALO \u2013 Azul y Blanco Millonarios FC S.A.<br>JUAN ANDR\u00c9S CASTILLA \u2013 Houston Dynamo FC (USA)<br>JUAN DIEGO CASTILLO \u2013 Fortaleza CEIF<br>JUAN PABLO TORRES \u2013 Atl\u00e9tico Nacional S.A.<br>JULI\u00c1N ANDR\u00c9S PALACIOS \u2013 Envigado F\u00fatbol Club S.A.<br>KEVIN ANDR\u00c9S MANTILLA \u2013 Independiente Santa Fe S.A.<br>LUIS \u00c1NGEL D\u00cdAZ Envigado \u2013 F\u00fatbol Club S.A.<br>LUIS EDUARDO QUINTERO \u2013 Villareal CF (ESP)<br>LUIS MIGUEL ANGULO \u2013 Alianza Petrolera F.C. S.A.<br>NEIDER STIVEN OSPINA \u2013 Llaneros F.C.<br>SAMUEL DAVID ASPRILLA \u2013 Azul y Blanco Millonarios FC S.A.<\/p>\n","protected":false},"excerpt":{"rendered":"<p>La Federaci\u00f3n Colombiana de F\u00fatbol dio a conocer los nombres de los 23 jugadores que estar\u00e1n&nbsp;convocados para un nuevo ciclo de preparaci\u00f3n&nbsp;con miras al&nbsp;mundial sub \u2013 20&nbsp;y del cual aun no se conoce una sede oficial. Dentro del grupo de&nbsp;convocados&nbsp;se encuentra un&nbsp;futbolista del Atl\u00e9tico Huila, se trata del&nbsp;volante cale\u00f1o John Lerma,&nbsp;que en lo que va [&hellip;]<\/p>\n","protected":false},"author":2,"featured_media":0,"comment_status":"open","ping_status":"open","sticky":false,"template":"","format":"standard","meta":{"footnotes":""},"categories":[34],"tags":[],"class_list":["post-50256","post","type-post","status-publish","format-standard","hentry","category-deportes"],"yoast_head":"<!-- This site is optimized with the Yoast SEO plugin v26.6 - https:\/\/yoast.com\/wordpress\/plugins\/seo\/ -->\n<title>Jugador del Atl\u00e9tico Huila, rumbo a la Selecci\u00f3n Colombia sub - 20 -<\/title>\n<meta name=\"robots\" content=\"index, follow, max-snippet:-1, max-image-preview:large, max-video-preview:-1\" \/>\n<link rel=\"canonical\" href=\"https:\/\/luchonoticias.com\/editor\/jugador-del-atletico-huila-rumbo-a-la-seleccion-colombia-sub-20\/\" \/>\n<meta property=\"og:locale\" content=\"es_ES\" \/>\n<meta property=\"og:type\" content=\"article\" \/>\n<meta property=\"og:title\" content=\"Jugador del Atl\u00e9tico Huila, rumbo a la Selecci\u00f3n Colombia sub - 20 -\" \/>\n<meta property=\"og:url\" content=\"https:\/\/luchonoticias.com\/editor\/jugador-del-atletico-huila-rumbo-a-la-seleccion-colombia-sub-20\/\" \/>\n<meta property=\"article:publisher\" content=\"https:\/\/www.facebook.com\/luchonoticiasneiva\" \/>\n<meta property=\"article:published_time\" content=\"2023-04-13T20:12:55+00:00\" \/>\n<meta property=\"article:modified_time\" content=\"2023-04-13T20:12:56+00:00\" \/>\n<meta name=\"author\" content=\"Editor General\" \/>\n<meta name=\"twitter:card\" content=\"summary_large_image\" \/>\n<meta name=\"twitter:label1\" content=\"Escrito por\" \/>\n\t<meta name=\"twitter:data1\" content=\"Editor General\" \/>\n\t<meta name=\"twitter:label2\" content=\"Tiempo de lectura\" \/>\n\t<meta name=\"twitter:data2\" content=\"2 minutos\" \/>\n<script type=\"application\/ld+json\" class=\"yoast-schema-graph\">{\"@context\":\"https:\/\/schema.org\",\"@graph\":[{\"@type\":\"Article\",\"@id\":\"https:\/\/luchonoticias.com\/editor\/jugador-del-atletico-huila-rumbo-a-la-seleccion-colombia-sub-20\/#article\",\"isPartOf\":{\"@id\":\"https:\/\/luchonoticias.com\/editor\/jugador-del-atletico-huila-rumbo-a-la-seleccion-colombia-sub-20\/\"},\"author\":{\"name\":\"Editor General\",\"@id\":\"https:\/\/luchonoticias.com\/editor\/#\/schema\/person\/29217990ddf6f14e35912b2866d591fb\"},\"headline\":\"Jugador del Atl\u00e9tico Huila, rumbo a la Selecci\u00f3n Colombia sub &#8211; 20\",\"datePublished\":\"2023-04-13T20:12:55+00:00\",\"dateModified\":\"2023-04-13T20:12:56+00:00\",\"mainEntityOfPage\":{\"@id\":\"https:\/\/luchonoticias.com\/editor\/jugador-del-atletico-huila-rumbo-a-la-seleccion-colombia-sub-20\/\"},\"wordCount\":325,\"commentCount\":0,\"publisher\":{\"@id\":\"https:\/\/luchonoticias.com\/editor\/#\/schema\/person\/7a7fd911f58561fd056dbac7b55af9cd\"},\"articleSection\":[\"Deportes\"],\"inLanguage\":\"es\",\"potentialAction\":[{\"@type\":\"CommentAction\",\"name\":\"Comment\",\"target\":[\"https:\/\/luchonoticias.com\/editor\/jugador-del-atletico-huila-rumbo-a-la-seleccion-colombia-sub-20\/#respond\"]}]},{\"@type\":\"WebPage\",\"@id\":\"https:\/\/luchonoticias.com\/editor\/jugador-del-atletico-huila-rumbo-a-la-seleccion-colombia-sub-20\/\",\"url\":\"https:\/\/luchonoticias.com\/editor\/jugador-del-atletico-huila-rumbo-a-la-seleccion-colombia-sub-20\/\",\"name\":\"Jugador del Atl\u00e9tico Huila, rumbo a la Selecci\u00f3n Colombia sub - 20 -\",\"isPartOf\":{\"@id\":\"https:\/\/luchonoticias.com\/editor\/#website\"},\"datePublished\":\"2023-04-13T20:12:55+00:00\",\"dateModified\":\"2023-04-13T20:12:56+00:00\",\"breadcrumb\":{\"@id\":\"https:\/\/luchonoticias.com\/editor\/jugador-del-atletico-huila-rumbo-a-la-seleccion-colombia-sub-20\/#breadcrumb\"},\"inLanguage\":\"es\",\"potentialAction\":[{\"@type\":\"ReadAction\",\"target\":[\"https:\/\/luchonoticias.com\/editor\/jugador-del-atletico-huila-rumbo-a-la-seleccion-colombia-sub-20\/\"]}]},{\"@type\":\"BreadcrumbList\",\"@id\":\"https:\/\/luchonoticias.com\/editor\/jugador-del-atletico-huila-rumbo-a-la-seleccion-colombia-sub-20\/#breadcrumb\",\"itemListElement\":[{\"@type\":\"ListItem\",\"position\":1,\"name\":\"Portada\",\"item\":\"https:\/\/luchonoticias.com\/editor\/\"},{\"@type\":\"ListItem\",\"position\":2,\"name\":\"Jugador del Atl\u00e9tico Huila, rumbo a la Selecci\u00f3n Colombia sub &#8211; 20\"}]},{\"@type\":\"WebSite\",\"@id\":\"https:\/\/luchonoticias.com\/editor\/#website\",\"url\":\"https:\/\/luchonoticias.com\/editor\/\",\"name\":\"\",\"description\":\"\",\"publisher\":{\"@id\":\"https:\/\/luchonoticias.com\/editor\/#\/schema\/person\/7a7fd911f58561fd056dbac7b55af9cd\"},\"potentialAction\":[{\"@type\":\"SearchAction\",\"target\":{\"@type\":\"EntryPoint\",\"urlTemplate\":\"https:\/\/luchonoticias.com\/editor\/?s={search_term_string}\"},\"query-input\":{\"@type\":\"PropertyValueSpecification\",\"valueRequired\":true,\"valueName\":\"search_term_string\"}}],\"inLanguage\":\"es\"},{\"@type\":[\"Person\",\"Organization\"],\"@id\":\"https:\/\/luchonoticias.com\/editor\/#\/schema\/person\/7a7fd911f58561fd056dbac7b55af9cd\",\"name\":\"admin\",\"image\":{\"@type\":\"ImageObject\",\"inLanguage\":\"es\",\"@id\":\"https:\/\/luchonoticias.com\/editor\/#\/schema\/person\/image\/\",\"url\":\"https:\/\/luchonoticias.com\/editor\/wp-content\/uploads\/2024\/02\/cropped-cropped-logolu.webp\",\"contentUrl\":\"https:\/\/luchonoticias.com\/editor\/wp-content\/uploads\/2024\/02\/cropped-cropped-logolu.webp\",\"width\":382,\"height\":170,\"caption\":\"admin\"},\"logo\":{\"@id\":\"https:\/\/luchonoticias.com\/editor\/#\/schema\/person\/image\/\"},\"sameAs\":[\"https:\/\/www.facebook.com\/luchonoticiasneiva\"]},{\"@type\":\"Person\",\"@id\":\"https:\/\/luchonoticias.com\/editor\/#\/schema\/person\/29217990ddf6f14e35912b2866d591fb\",\"name\":\"Editor General\",\"image\":{\"@type\":\"ImageObject\",\"inLanguage\":\"es\",\"@id\":\"https:\/\/luchonoticias.com\/editor\/#\/schema\/person\/image\/\",\"url\":\"https:\/\/luchonoticias.com\/editor\/wp-content\/uploads\/2024\/02\/cropped-cropped-logolu-150x150.webp\",\"contentUrl\":\"https:\/\/luchonoticias.com\/editor\/wp-content\/uploads\/2024\/02\/cropped-cropped-logolu-150x150.webp\",\"caption\":\"Editor General\"},\"sameAs\":[\"https:\/\/luchonoticias.com\/\"],\"url\":\"https:\/\/luchonoticias.com\/editor\/author\/editor-general\/\"}]}<\/script>\n<!-- \/ Yoast SEO plugin. -->","yoast_head_json":{"title":"Jugador del Atl\u00e9tico Huila, rumbo a la Selecci\u00f3n Colombia sub - 20 -","robots":{"index":"index","follow":"follow","max-snippet":"max-snippet:-1","max-image-preview":"max-image-preview:large","max-video-preview":"max-video-preview:-1"},"canonical":"https:\/\/luchonoticias.com\/editor\/jugador-del-atletico-huila-rumbo-a-la-seleccion-colombia-sub-20\/","og_locale":"es_ES","og_type":"article","og_title":"Jugador del Atl\u00e9tico Huila, rumbo a la Selecci\u00f3n Colombia sub - 20 -","og_url":"https:\/\/luchonoticias.com\/editor\/jugador-del-atletico-huila-rumbo-a-la-seleccion-colombia-sub-20\/","article_publisher":"https:\/\/www.facebook.com\/luchonoticiasneiva","article_published_time":"2023-04-13T20:12:55+00:00","article_modified_time":"2023-04-13T20:12:56+00:00","author":"Editor General","twitter_card":"summary_large_image","twitter_misc":{"Escrito por":"Editor General","Tiempo de lectura":"2 minutos"},"schema":{"@context":"https:\/\/schema.org","@graph":[{"@type":"Article","@id":"https:\/\/luchonoticias.com\/editor\/jugador-del-atletico-huila-rumbo-a-la-seleccion-colombia-sub-20\/#article","isPartOf":{"@id":"https:\/\/luchonoticias.com\/editor\/jugador-del-atletico-huila-rumbo-a-la-seleccion-colombia-sub-20\/"},"author":{"name":"Editor General","@id":"https:\/\/luchonoticias.com\/editor\/#\/schema\/person\/29217990ddf6f14e35912b2866d591fb"},"headline":"Jugador del Atl\u00e9tico Huila, rumbo a la Selecci\u00f3n Colombia sub &#8211; 20","datePublished":"2023-04-13T20:12:55+00:00","dateModified":"2023-04-13T20:12:56+00:00","mainEntityOfPage":{"@id":"https:\/\/luchonoticias.com\/editor\/jugador-del-atletico-huila-rumbo-a-la-seleccion-colombia-sub-20\/"},"wordCount":325,"commentCount":0,"publisher":{"@id":"https:\/\/luchonoticias.com\/editor\/#\/schema\/person\/7a7fd911f58561fd056dbac7b55af9cd"},"articleSection":["Deportes"],"inLanguage":"es","potentialAction":[{"@type":"CommentAction","name":"Comment","target":["https:\/\/luchonoticias.com\/editor\/jugador-del-atletico-huila-rumbo-a-la-seleccion-colombia-sub-20\/#respond"]}]},{"@type":"WebPage","@id":"https:\/\/luchonoticias.com\/editor\/jugador-del-atletico-huila-rumbo-a-la-seleccion-colombia-sub-20\/","url":"https:\/\/luchonoticias.com\/editor\/jugador-del-atletico-huila-rumbo-a-la-seleccion-colombia-sub-20\/","name":"Jugador del Atl\u00e9tico Huila, rumbo a la Selecci\u00f3n Colombia sub - 20 -","isPartOf":{"@id":"https:\/\/luchonoticias.com\/editor\/#website"},"datePublished":"2023-04-13T20:12:55+00:00","dateModified":"2023-04-13T20:12:56+00:00","breadcrumb":{"@id":"https:\/\/luchonoticias.com\/editor\/jugador-del-atletico-huila-rumbo-a-la-seleccion-colombia-sub-20\/#breadcrumb"},"inLanguage":"es","potentialAction":[{"@type":"ReadAction","target":["https:\/\/luchonoticias.com\/editor\/jugador-del-atletico-huila-rumbo-a-la-seleccion-colombia-sub-20\/"]}]},{"@type":"BreadcrumbList","@id":"https:\/\/luchonoticias.com\/editor\/jugador-del-atletico-huila-rumbo-a-la-seleccion-colombia-sub-20\/#breadcrumb","itemListElement":[{"@type":"ListItem","position":1,"name":"Portada","item":"https:\/\/luchonoticias.com\/editor\/"},{"@type":"ListItem","position":2,"name":"Jugador del Atl\u00e9tico Huila, rumbo a la Selecci\u00f3n Colombia sub &#8211; 20"}]},{"@type":"WebSite","@id":"https:\/\/luchonoticias.com\/editor\/#website","url":"https:\/\/luchonoticias.com\/editor\/","name":"","description":"","publisher":{"@id":"https:\/\/luchonoticias.com\/editor\/#\/schema\/person\/7a7fd911f58561fd056dbac7b55af9cd"},"potentialAction":[{"@type":"SearchAction","target":{"@type":"EntryPoint","urlTemplate":"https:\/\/luchonoticias.com\/editor\/?s={search_term_string}"},"query-input":{"@type":"PropertyValueSpecification","valueRequired":true,"valueName":"search_term_string"}}],"inLanguage":"es"},{"@type":["Person","Organization"],"@id":"https:\/\/luchonoticias.com\/editor\/#\/schema\/person\/7a7fd911f58561fd056dbac7b55af9cd","name":"admin","image":{"@type":"ImageObject","inLanguage":"es","@id":"https:\/\/luchonoticias.com\/editor\/#\/schema\/person\/image\/","url":"https:\/\/luchonoticias.com\/editor\/wp-content\/uploads\/2024\/02\/cropped-cropped-logolu.webp","contentUrl":"https:\/\/luchonoticias.com\/editor\/wp-content\/uploads\/2024\/02\/cropped-cropped-logolu.webp","width":382,"height":170,"caption":"admin"},"logo":{"@id":"https:\/\/luchonoticias.com\/editor\/#\/schema\/person\/image\/"},"sameAs":["https:\/\/www.facebook.com\/luchonoticiasneiva"]},{"@type":"Person","@id":"https:\/\/luchonoticias.com\/editor\/#\/schema\/person\/29217990ddf6f14e35912b2866d591fb","name":"Editor General","image":{"@type":"ImageObject","inLanguage":"es","@id":"https:\/\/luchonoticias.com\/editor\/#\/schema\/person\/image\/","url":"https:\/\/luchonoticias.com\/editor\/wp-content\/uploads\/2024\/02\/cropped-cropped-logolu-150x150.webp","contentUrl":"https:\/\/luchonoticias.com\/editor\/wp-content\/uploads\/2024\/02\/cropped-cropped-logolu-150x150.webp","caption":"Editor General"},"sameAs":["https:\/\/luchonoticias.com\/"],"url":"https:\/\/luchonoticias.com\/editor\/author\/editor-general\/"}]}},"_links":{"self":[{"href":"https:\/\/luchonoticias.com\/editor\/wp-json\/wp\/v2\/posts\/50256","targetHints":{"allow":["GET"]}}],"collection":[{"href":"https:\/\/luchonoticias.com\/editor\/wp-json\/wp\/v2\/posts"}],"about":[{"href":"https:\/\/luchonoticias.com\/editor\/wp-json\/wp\/v2\/types\/post"}],"author":[{"embeddable":true,"href":"https:\/\/luchonoticias.com\/editor\/wp-json\/wp\/v2\/users\/2"}],"replies":[{"embeddable":true,"href":"https:\/\/luchonoticias.com\/editor\/wp-json\/wp\/v2\/comments?post=50256"}],"version-history":[{"count":0,"href":"https:\/\/luchonoticias.com\/editor\/wp-json\/wp\/v2\/posts\/50256\/revisions"}],"wp:attachment":[{"href":"https:\/\/luchonoticias.com\/editor\/wp-json\/wp\/v2\/media?parent=50256"}],"wp:term":[{"taxonomy":"category","embeddable":true,"href":"https:\/\/luchonoticias.com\/editor\/wp-json\/wp\/v2\/categories?post=50256"},{"taxonomy":"post_tag","embeddable":true,"href":"https:\/\/luchonoticias.com\/editor\/wp-json\/wp\/v2\/tags?post=50256"}],"curies":[{"name":"wp","href":"https:\/\/api.w.org\/{rel}","templated":true}]}}