{"id":50319,"date":"2023-04-14T19:16:46","date_gmt":"2023-04-15T00:16:46","guid":{"rendered":"https:\/\/luchonoticias.com\/?p=50319"},"modified":"2023-04-14T19:16:50","modified_gmt":"2023-04-15T00:16:50","slug":"el-huila-le-rindio-tributo-al-cabo-segundo-candido-leguizamo","status":"publish","type":"post","link":"https:\/\/luchonoticias.com\/editor\/el-huila-le-rindio-tributo-al-cabo-segundo-candido-leguizamo\/","title":{"rendered":"El Huila le rindi\u00f3 tributo al cabo segundo C\u00e1ndido Legu\u00edzamo"},"content":{"rendered":"\n<p>El Batall\u00f3n de Apoyo y Servicios para el Combate N.\u00b0 9 de la Novena Brigada, la Cooperativa de Suboficiales \u2018Coolegu\u00edzamo\u2019, la Alcald\u00eda de Neiva y el Concejo Municipal, articularon esfuerzos para rendir un tributo al cabo segundo C\u00e1ndido Legu\u00edzamo en la conmemoraci\u00f3n del nonag\u00e9simo aniversario de su muerte durante el conflicto colombo \u2013 peruano.<\/p>\n\n\n\n<p>Con ofrenda floral, minuto de silencio y unas sentidas palabras, se homenaje\u00f3 la memoria del huilense, destacando su valor y entrega, fiel representaci\u00f3n de los soldados del Ej\u00e9rcito Nacional de Colombia.\u00a0<\/p>\n\n\n\n<figure class=\"wp-block-gallery has-nested-images columns-default is-cropped wp-block-gallery-1 is-layout-flex wp-block-gallery-is-layout-flex\">\n<figure class=\"wp-block-image size-large\"><img decoding=\"async\" data-id=\"50321\" src=\"https:\/\/luchonoticias.com\/wp-content\/uploads\/2023\/04\/WhatsApp-Image-2023-04-14-at-4.07.11-PM-1024x683.jpeg\" alt=\"\" class=\"wp-image-50321\"\/><\/figure>\n\n\n\n<figure class=\"wp-block-image size-large\"><img decoding=\"async\" data-id=\"50322\" src=\"https:\/\/luchonoticias.com\/wp-content\/uploads\/2023\/04\/WhatsApp-Image-2023-04-14-at-4.07.10-PM-2-1024x683.jpeg\" alt=\"\" class=\"wp-image-50322\"\/><\/figure>\n<\/figure>\n\n\n\n<p><strong>Su historia<\/strong><\/p>\n\n\n\n<p>Gerardo C\u00e1ndido Legu\u00edzamo Bonilla, en el a\u00f1o 1932, cuando ten\u00eda 22 a\u00f1os, hizo parte de un destacado grupo de soldados que partieron de Neiva, ciudad considerada la m\u00e1s pr\u00f3xima al Amazonas y la frontera con el Per\u00fa y Brasil.<\/p>\n\n\n\n<p>Seg\u00fan los historiadores, cuando Per\u00fa irrumpi\u00f3 en Leticia, se registr\u00f3 una reacci\u00f3n nacional contra la ocupaci\u00f3n, siendo el Batall\u00f3n B\u00e1rbula con sede en Neiva, el primero en dirigirse a la l\u00ednea de frontera en una f\u00e9rrea defensa por la Patria.<\/p>\n\n\n\n<p>Tras varios enfrentamientos b\u00e9licos, seg\u00fan los relatos hist\u00f3ricos, el soldado C\u00e1ndido Legu\u00edzamo y dos de sus compa\u00f1eros, atravesaron el r\u00edo Putumayo, valerosa acci\u00f3n en la que afectaron significativamente la invasi\u00f3n peruana, pero en ella result\u00f3 gravemente herido; con su cadera destrozada y el hombro roto, fue necesario iniciar una larga traves\u00eda hasta la ciudad de Bogot\u00e1, donde finalmente, a pesar de los esfuerzos m\u00e9dicos, falleci\u00f3.<\/p>\n\n\n\n<figure class=\"wp-block-gallery has-nested-images columns-default is-cropped wp-block-gallery-2 is-layout-flex wp-block-gallery-is-layout-flex\">\n<figure class=\"wp-block-image size-large\"><img decoding=\"async\" data-id=\"50323\" src=\"https:\/\/luchonoticias.com\/wp-content\/uploads\/2023\/04\/WhatsApp-Image-2023-04-14-at-4.07.10-PM-1-1024x683.jpeg\" alt=\"\" class=\"wp-image-50323\"\/><\/figure>\n\n\n\n<figure class=\"wp-block-image size-large\"><img decoding=\"async\" data-id=\"50324\" src=\"https:\/\/luchonoticias.com\/wp-content\/uploads\/2023\/04\/WhatsApp-Image-2023-04-14-at-4.07.10-PM-1024x683.jpeg\" alt=\"\" class=\"wp-image-50324\"\/><\/figure>\n<\/figure>\n\n\n\n<p>En su memoria, en la entrada principal del cementerio central de Neiva, se levant\u00f3 un monumento, en cuyo epitafio se puede leer: \u201cH\u00e9roe y m\u00e1rtir huilense en el conflicto colombo-peruano\u201d. Posterior se logr\u00f3 un reconocimiento m\u00e1s, con su ascenso a cabo segundo.<\/p>\n\n\n\n<p>Quiero morir de pie gritando Viva Colombia!, porque as\u00ed mueren los vencedores\u00bb, C\u00e1ndido Legu\u00edzamo.<\/p>\n","protected":false},"excerpt":{"rendered":"<p>El Batall\u00f3n de Apoyo y Servicios para el Combate N.\u00b0 9 de la Novena Brigada, la Cooperativa de Suboficiales \u2018Coolegu\u00edzamo\u2019, la Alcald\u00eda de Neiva y el Concejo Municipal, articularon esfuerzos para rendir un tributo al cabo segundo C\u00e1ndido Legu\u00edzamo en la conmemoraci\u00f3n del nonag\u00e9simo aniversario de su muerte durante el conflicto colombo \u2013 peruano. Con [&hellip;]<\/p>\n","protected":false},"author":2,"featured_media":0,"comment_status":"open","ping_status":"open","sticky":false,"template":"","format":"standard","meta":{"footnotes":""},"categories":[3961,36],"tags":[],"class_list":["post-50319","post","type-post","status-publish","format-standard","hentry","category-comunidad","category-destacado"],"yoast_head":"<!-- This site is optimized with the Yoast SEO plugin v26.6 - https:\/\/yoast.com\/wordpress\/plugins\/seo\/ -->\n<title>El Huila le rindi\u00f3 tributo al cabo segundo C\u00e1ndido Legu\u00edzamo -<\/title>\n<meta name=\"robots\" content=\"index, follow, max-snippet:-1, max-image-preview:large, max-video-preview:-1\" \/>\n<link rel=\"canonical\" href=\"https:\/\/luchonoticias.com\/editor\/el-huila-le-rindio-tributo-al-cabo-segundo-candido-leguizamo\/\" \/>\n<meta property=\"og:locale\" content=\"es_ES\" \/>\n<meta property=\"og:type\" content=\"article\" \/>\n<meta property=\"og:title\" content=\"El Huila le rindi\u00f3 tributo al cabo segundo C\u00e1ndido Legu\u00edzamo -\" \/>\n<meta property=\"og:url\" content=\"https:\/\/luchonoticias.com\/editor\/el-huila-le-rindio-tributo-al-cabo-segundo-candido-leguizamo\/\" \/>\n<meta property=\"article:publisher\" content=\"https:\/\/www.facebook.com\/luchonoticiasneiva\" \/>\n<meta property=\"article:published_time\" content=\"2023-04-15T00:16:46+00:00\" \/>\n<meta property=\"article:modified_time\" content=\"2023-04-15T00:16:50+00:00\" \/>\n<meta property=\"og:image\" content=\"https:\/\/luchonoticias.com\/wp-content\/uploads\/2023\/04\/WhatsApp-Image-2023-04-14-at-4.07.11-PM-1024x683.jpeg\" \/>\n<meta name=\"author\" content=\"Editor General\" \/>\n<meta name=\"twitter:card\" content=\"summary_large_image\" \/>\n<meta name=\"twitter:label1\" content=\"Escrito por\" \/>\n\t<meta name=\"twitter:data1\" content=\"Editor General\" \/>\n\t<meta name=\"twitter:label2\" content=\"Tiempo de lectura\" \/>\n\t<meta name=\"twitter:data2\" content=\"2 minutos\" \/>\n<script type=\"application\/ld+json\" class=\"yoast-schema-graph\">{\"@context\":\"https:\/\/schema.org\",\"@graph\":[{\"@type\":\"Article\",\"@id\":\"https:\/\/luchonoticias.com\/editor\/el-huila-le-rindio-tributo-al-cabo-segundo-candido-leguizamo\/#article\",\"isPartOf\":{\"@id\":\"https:\/\/luchonoticias.com\/editor\/el-huila-le-rindio-tributo-al-cabo-segundo-candido-leguizamo\/\"},\"author\":{\"name\":\"Editor General\",\"@id\":\"https:\/\/luchonoticias.com\/editor\/#\/schema\/person\/29217990ddf6f14e35912b2866d591fb\"},\"headline\":\"El Huila le rindi\u00f3 tributo al cabo segundo C\u00e1ndido Legu\u00edzamo\",\"datePublished\":\"2023-04-15T00:16:46+00:00\",\"dateModified\":\"2023-04-15T00:16:50+00:00\",\"mainEntityOfPage\":{\"@id\":\"https:\/\/luchonoticias.com\/editor\/el-huila-le-rindio-tributo-al-cabo-segundo-candido-leguizamo\/\"},\"wordCount\":334,\"commentCount\":0,\"publisher\":{\"@id\":\"https:\/\/luchonoticias.com\/editor\/#\/schema\/person\/7a7fd911f58561fd056dbac7b55af9cd\"},\"image\":{\"@id\":\"https:\/\/luchonoticias.com\/editor\/el-huila-le-rindio-tributo-al-cabo-segundo-candido-leguizamo\/#primaryimage\"},\"thumbnailUrl\":\"https:\/\/luchonoticias.com\/wp-content\/uploads\/2023\/04\/WhatsApp-Image-2023-04-14-at-4.07.11-PM-1024x683.jpeg\",\"articleSection\":[\"Comunidad\",\"Destacado\"],\"inLanguage\":\"es\",\"potentialAction\":[{\"@type\":\"CommentAction\",\"name\":\"Comment\",\"target\":[\"https:\/\/luchonoticias.com\/editor\/el-huila-le-rindio-tributo-al-cabo-segundo-candido-leguizamo\/#respond\"]}]},{\"@type\":\"WebPage\",\"@id\":\"https:\/\/luchonoticias.com\/editor\/el-huila-le-rindio-tributo-al-cabo-segundo-candido-leguizamo\/\",\"url\":\"https:\/\/luchonoticias.com\/editor\/el-huila-le-rindio-tributo-al-cabo-segundo-candido-leguizamo\/\",\"name\":\"El Huila le rindi\u00f3 tributo al cabo segundo C\u00e1ndido Legu\u00edzamo -\",\"isPartOf\":{\"@id\":\"https:\/\/luchonoticias.com\/editor\/#website\"},\"primaryImageOfPage\":{\"@id\":\"https:\/\/luchonoticias.com\/editor\/el-huila-le-rindio-tributo-al-cabo-segundo-candido-leguizamo\/#primaryimage\"},\"image\":{\"@id\":\"https:\/\/luchonoticias.com\/editor\/el-huila-le-rindio-tributo-al-cabo-segundo-candido-leguizamo\/#primaryimage\"},\"thumbnailUrl\":\"https:\/\/luchonoticias.com\/wp-content\/uploads\/2023\/04\/WhatsApp-Image-2023-04-14-at-4.07.11-PM-1024x683.jpeg\",\"datePublished\":\"2023-04-15T00:16:46+00:00\",\"dateModified\":\"2023-04-15T00:16:50+00:00\",\"breadcrumb\":{\"@id\":\"https:\/\/luchonoticias.com\/editor\/el-huila-le-rindio-tributo-al-cabo-segundo-candido-leguizamo\/#breadcrumb\"},\"inLanguage\":\"es\",\"potentialAction\":[{\"@type\":\"ReadAction\",\"target\":[\"https:\/\/luchonoticias.com\/editor\/el-huila-le-rindio-tributo-al-cabo-segundo-candido-leguizamo\/\"]}]},{\"@type\":\"ImageObject\",\"inLanguage\":\"es\",\"@id\":\"https:\/\/luchonoticias.com\/editor\/el-huila-le-rindio-tributo-al-cabo-segundo-candido-leguizamo\/#primaryimage\",\"url\":\"https:\/\/luchonoticias.com\/wp-content\/uploads\/2023\/04\/WhatsApp-Image-2023-04-14-at-4.07.11-PM-1024x683.jpeg\",\"contentUrl\":\"https:\/\/luchonoticias.com\/wp-content\/uploads\/2023\/04\/WhatsApp-Image-2023-04-14-at-4.07.11-PM-1024x683.jpeg\"},{\"@type\":\"BreadcrumbList\",\"@id\":\"https:\/\/luchonoticias.com\/editor\/el-huila-le-rindio-tributo-al-cabo-segundo-candido-leguizamo\/#breadcrumb\",\"itemListElement\":[{\"@type\":\"ListItem\",\"position\":1,\"name\":\"Portada\",\"item\":\"https:\/\/luchonoticias.com\/editor\/\"},{\"@type\":\"ListItem\",\"position\":2,\"name\":\"El Huila le rindi\u00f3 tributo al cabo segundo C\u00e1ndido Legu\u00edzamo\"}]},{\"@type\":\"WebSite\",\"@id\":\"https:\/\/luchonoticias.com\/editor\/#website\",\"url\":\"https:\/\/luchonoticias.com\/editor\/\",\"name\":\"\",\"description\":\"\",\"publisher\":{\"@id\":\"https:\/\/luchonoticias.com\/editor\/#\/schema\/person\/7a7fd911f58561fd056dbac7b55af9cd\"},\"potentialAction\":[{\"@type\":\"SearchAction\",\"target\":{\"@type\":\"EntryPoint\",\"urlTemplate\":\"https:\/\/luchonoticias.com\/editor\/?s={search_term_string}\"},\"query-input\":{\"@type\":\"PropertyValueSpecification\",\"valueRequired\":true,\"valueName\":\"search_term_string\"}}],\"inLanguage\":\"es\"},{\"@type\":[\"Person\",\"Organization\"],\"@id\":\"https:\/\/luchonoticias.com\/editor\/#\/schema\/person\/7a7fd911f58561fd056dbac7b55af9cd\",\"name\":\"admin\",\"image\":{\"@type\":\"ImageObject\",\"inLanguage\":\"es\",\"@id\":\"https:\/\/luchonoticias.com\/editor\/#\/schema\/person\/image\/\",\"url\":\"https:\/\/luchonoticias.com\/editor\/wp-content\/uploads\/2024\/02\/cropped-cropped-logolu.webp\",\"contentUrl\":\"https:\/\/luchonoticias.com\/editor\/wp-content\/uploads\/2024\/02\/cropped-cropped-logolu.webp\",\"width\":382,\"height\":170,\"caption\":\"admin\"},\"logo\":{\"@id\":\"https:\/\/luchonoticias.com\/editor\/#\/schema\/person\/image\/\"},\"sameAs\":[\"https:\/\/www.facebook.com\/luchonoticiasneiva\"]},{\"@type\":\"Person\",\"@id\":\"https:\/\/luchonoticias.com\/editor\/#\/schema\/person\/29217990ddf6f14e35912b2866d591fb\",\"name\":\"Editor General\",\"image\":{\"@type\":\"ImageObject\",\"inLanguage\":\"es\",\"@id\":\"https:\/\/luchonoticias.com\/editor\/#\/schema\/person\/image\/\",\"url\":\"https:\/\/luchonoticias.com\/editor\/wp-content\/uploads\/2024\/02\/cropped-cropped-logolu-150x150.webp\",\"contentUrl\":\"https:\/\/luchonoticias.com\/editor\/wp-content\/uploads\/2024\/02\/cropped-cropped-logolu-150x150.webp\",\"caption\":\"Editor General\"},\"sameAs\":[\"https:\/\/luchonoticias.com\/\"],\"url\":\"https:\/\/luchonoticias.com\/editor\/author\/editor-general\/\"}]}<\/script>\n<!-- \/ Yoast SEO plugin. -->","yoast_head_json":{"title":"El Huila le rindi\u00f3 tributo al cabo segundo C\u00e1ndido Legu\u00edzamo -","robots":{"index":"index","follow":"follow","max-snippet":"max-snippet:-1","max-image-preview":"max-image-preview:large","max-video-preview":"max-video-preview:-1"},"canonical":"https:\/\/luchonoticias.com\/editor\/el-huila-le-rindio-tributo-al-cabo-segundo-candido-leguizamo\/","og_locale":"es_ES","og_type":"article","og_title":"El Huila le rindi\u00f3 tributo al cabo segundo C\u00e1ndido Legu\u00edzamo -","og_url":"https:\/\/luchonoticias.com\/editor\/el-huila-le-rindio-tributo-al-cabo-segundo-candido-leguizamo\/","article_publisher":"https:\/\/www.facebook.com\/luchonoticiasneiva","article_published_time":"2023-04-15T00:16:46+00:00","article_modified_time":"2023-04-15T00:16:50+00:00","og_image":[{"url":"https:\/\/luchonoticias.com\/wp-content\/uploads\/2023\/04\/WhatsApp-Image-2023-04-14-at-4.07.11-PM-1024x683.jpeg","type":"","width":"","height":""}],"author":"Editor General","twitter_card":"summary_large_image","twitter_misc":{"Escrito por":"Editor General","Tiempo de lectura":"2 minutos"},"schema":{"@context":"https:\/\/schema.org","@graph":[{"@type":"Article","@id":"https:\/\/luchonoticias.com\/editor\/el-huila-le-rindio-tributo-al-cabo-segundo-candido-leguizamo\/#article","isPartOf":{"@id":"https:\/\/luchonoticias.com\/editor\/el-huila-le-rindio-tributo-al-cabo-segundo-candido-leguizamo\/"},"author":{"name":"Editor General","@id":"https:\/\/luchonoticias.com\/editor\/#\/schema\/person\/29217990ddf6f14e35912b2866d591fb"},"headline":"El Huila le rindi\u00f3 tributo al cabo segundo C\u00e1ndido Legu\u00edzamo","datePublished":"2023-04-15T00:16:46+00:00","dateModified":"2023-04-15T00:16:50+00:00","mainEntityOfPage":{"@id":"https:\/\/luchonoticias.com\/editor\/el-huila-le-rindio-tributo-al-cabo-segundo-candido-leguizamo\/"},"wordCount":334,"commentCount":0,"publisher":{"@id":"https:\/\/luchonoticias.com\/editor\/#\/schema\/person\/7a7fd911f58561fd056dbac7b55af9cd"},"image":{"@id":"https:\/\/luchonoticias.com\/editor\/el-huila-le-rindio-tributo-al-cabo-segundo-candido-leguizamo\/#primaryimage"},"thumbnailUrl":"https:\/\/luchonoticias.com\/wp-content\/uploads\/2023\/04\/WhatsApp-Image-2023-04-14-at-4.07.11-PM-1024x683.jpeg","articleSection":["Comunidad","Destacado"],"inLanguage":"es","potentialAction":[{"@type":"CommentAction","name":"Comment","target":["https:\/\/luchonoticias.com\/editor\/el-huila-le-rindio-tributo-al-cabo-segundo-candido-leguizamo\/#respond"]}]},{"@type":"WebPage","@id":"https:\/\/luchonoticias.com\/editor\/el-huila-le-rindio-tributo-al-cabo-segundo-candido-leguizamo\/","url":"https:\/\/luchonoticias.com\/editor\/el-huila-le-rindio-tributo-al-cabo-segundo-candido-leguizamo\/","name":"El Huila le rindi\u00f3 tributo al cabo segundo C\u00e1ndido Legu\u00edzamo -","isPartOf":{"@id":"https:\/\/luchonoticias.com\/editor\/#website"},"primaryImageOfPage":{"@id":"https:\/\/luchonoticias.com\/editor\/el-huila-le-rindio-tributo-al-cabo-segundo-candido-leguizamo\/#primaryimage"},"image":{"@id":"https:\/\/luchonoticias.com\/editor\/el-huila-le-rindio-tributo-al-cabo-segundo-candido-leguizamo\/#primaryimage"},"thumbnailUrl":"https:\/\/luchonoticias.com\/wp-content\/uploads\/2023\/04\/WhatsApp-Image-2023-04-14-at-4.07.11-PM-1024x683.jpeg","datePublished":"2023-04-15T00:16:46+00:00","dateModified":"2023-04-15T00:16:50+00:00","breadcrumb":{"@id":"https:\/\/luchonoticias.com\/editor\/el-huila-le-rindio-tributo-al-cabo-segundo-candido-leguizamo\/#breadcrumb"},"inLanguage":"es","potentialAction":[{"@type":"ReadAction","target":["https:\/\/luchonoticias.com\/editor\/el-huila-le-rindio-tributo-al-cabo-segundo-candido-leguizamo\/"]}]},{"@type":"ImageObject","inLanguage":"es","@id":"https:\/\/luchonoticias.com\/editor\/el-huila-le-rindio-tributo-al-cabo-segundo-candido-leguizamo\/#primaryimage","url":"https:\/\/luchonoticias.com\/wp-content\/uploads\/2023\/04\/WhatsApp-Image-2023-04-14-at-4.07.11-PM-1024x683.jpeg","contentUrl":"https:\/\/luchonoticias.com\/wp-content\/uploads\/2023\/04\/WhatsApp-Image-2023-04-14-at-4.07.11-PM-1024x683.jpeg"},{"@type":"BreadcrumbList","@id":"https:\/\/luchonoticias.com\/editor\/el-huila-le-rindio-tributo-al-cabo-segundo-candido-leguizamo\/#breadcrumb","itemListElement":[{"@type":"ListItem","position":1,"name":"Portada","item":"https:\/\/luchonoticias.com\/editor\/"},{"@type":"ListItem","position":2,"name":"El Huila le rindi\u00f3 tributo al cabo segundo C\u00e1ndido Legu\u00edzamo"}]},{"@type":"WebSite","@id":"https:\/\/luchonoticias.com\/editor\/#website","url":"https:\/\/luchonoticias.com\/editor\/","name":"","description":"","publisher":{"@id":"https:\/\/luchonoticias.com\/editor\/#\/schema\/person\/7a7fd911f58561fd056dbac7b55af9cd"},"potentialAction":[{"@type":"SearchAction","target":{"@type":"EntryPoint","urlTemplate":"https:\/\/luchonoticias.com\/editor\/?s={search_term_string}"},"query-input":{"@type":"PropertyValueSpecification","valueRequired":true,"valueName":"search_term_string"}}],"inLanguage":"es"},{"@type":["Person","Organization"],"@id":"https:\/\/luchonoticias.com\/editor\/#\/schema\/person\/7a7fd911f58561fd056dbac7b55af9cd","name":"admin","image":{"@type":"ImageObject","inLanguage":"es","@id":"https:\/\/luchonoticias.com\/editor\/#\/schema\/person\/image\/","url":"https:\/\/luchonoticias.com\/editor\/wp-content\/uploads\/2024\/02\/cropped-cropped-logolu.webp","contentUrl":"https:\/\/luchonoticias.com\/editor\/wp-content\/uploads\/2024\/02\/cropped-cropped-logolu.webp","width":382,"height":170,"caption":"admin"},"logo":{"@id":"https:\/\/luchonoticias.com\/editor\/#\/schema\/person\/image\/"},"sameAs":["https:\/\/www.facebook.com\/luchonoticiasneiva"]},{"@type":"Person","@id":"https:\/\/luchonoticias.com\/editor\/#\/schema\/person\/29217990ddf6f14e35912b2866d591fb","name":"Editor General","image":{"@type":"ImageObject","inLanguage":"es","@id":"https:\/\/luchonoticias.com\/editor\/#\/schema\/person\/image\/","url":"https:\/\/luchonoticias.com\/editor\/wp-content\/uploads\/2024\/02\/cropped-cropped-logolu-150x150.webp","contentUrl":"https:\/\/luchonoticias.com\/editor\/wp-content\/uploads\/2024\/02\/cropped-cropped-logolu-150x150.webp","caption":"Editor General"},"sameAs":["https:\/\/luchonoticias.com\/"],"url":"https:\/\/luchonoticias.com\/editor\/author\/editor-general\/"}]}},"_links":{"self":[{"href":"https:\/\/luchonoticias.com\/editor\/wp-json\/wp\/v2\/posts\/50319","targetHints":{"allow":["GET"]}}],"collection":[{"href":"https:\/\/luchonoticias.com\/editor\/wp-json\/wp\/v2\/posts"}],"about":[{"href":"https:\/\/luchonoticias.com\/editor\/wp-json\/wp\/v2\/types\/post"}],"author":[{"embeddable":true,"href":"https:\/\/luchonoticias.com\/editor\/wp-json\/wp\/v2\/users\/2"}],"replies":[{"embeddable":true,"href":"https:\/\/luchonoticias.com\/editor\/wp-json\/wp\/v2\/comments?post=50319"}],"version-history":[{"count":0,"href":"https:\/\/luchonoticias.com\/editor\/wp-json\/wp\/v2\/posts\/50319\/revisions"}],"wp:attachment":[{"href":"https:\/\/luchonoticias.com\/editor\/wp-json\/wp\/v2\/media?parent=50319"}],"wp:term":[{"taxonomy":"category","embeddable":true,"href":"https:\/\/luchonoticias.com\/editor\/wp-json\/wp\/v2\/categories?post=50319"},{"taxonomy":"post_tag","embeddable":true,"href":"https:\/\/luchonoticias.com\/editor\/wp-json\/wp\/v2\/tags?post=50319"}],"curies":[{"name":"wp","href":"https:\/\/api.w.org\/{rel}","templated":true}]}}