{"id":50476,"date":"2023-04-17T07:20:37","date_gmt":"2023-04-17T12:20:37","guid":{"rendered":"https:\/\/luchonoticias.com\/?p=50476"},"modified":"2023-04-17T07:20:38","modified_gmt":"2023-04-17T12:20:38","slug":"con-gremio-de-taxistas-de-neiva-arranco-campeonato-de-futbol-9-juega-por-la-vida","status":"publish","type":"post","link":"https:\/\/luchonoticias.com\/editor\/con-gremio-de-taxistas-de-neiva-arranco-campeonato-de-futbol-9-juega-por-la-vida\/","title":{"rendered":"Con gremio de taxistas de Neiva, arranc\u00f3 campeonato de f\u00fatbol 9 &#8216;Juega por la vida&#8217;"},"content":{"rendered":"\n<p>La Secretar\u00eda de Movilidad dio apertura al Campeonato de F\u00fatbol 9 &#8216;Juega por La Vida&#8217;, que cont\u00f3 con la participaci\u00f3n de 16 equipos integrados por el gremio de taxistas que disfrutar\u00e1n de estos espacios que buscan generar y fomentar el deporte, como un mecanismo de alternativa de salud, pero tambi\u00e9n de integraci\u00f3n para las familias del sector de los transportadores que prestan el servicio de taxi en el municipio. El evento se extender\u00e1 por mes y medio y entregar\u00e1 premios para los tres primeros lugares, adem\u00e1s al goleador y a la valla menos vencida.<\/p>\n\n\n\n<p>El alcalde de Neiva, Gorky Mu\u00f1oz Calder\u00f3n, quien lidera el evento, estuvo presente durante la apertura del Campeonato manifestando que, \u00abes importante que la \u2018mancha amarilla\u2019, tambi\u00e9n tenga momentos de esparcimiento, con sus familias y compa\u00f1eros para poder recrearse.<\/p>\n\n\n\n<figure class=\"wp-block-gallery has-nested-images columns-default is-cropped wp-block-gallery-1 is-layout-flex wp-block-gallery-is-layout-flex\">\n<figure class=\"wp-block-image size-large\"><img decoding=\"async\" data-id=\"50478\" src=\"https:\/\/luchonoticias.com\/wp-content\/uploads\/2023\/04\/WhatsApp-Image-2023-04-16-at-10.52.18-PM-1-1024x682.jpeg\" alt=\"\" class=\"wp-image-50478\"\/><\/figure>\n\n\n\n<figure class=\"wp-block-image size-large\"><img decoding=\"async\" data-id=\"50479\" src=\"https:\/\/luchonoticias.com\/wp-content\/uploads\/2023\/04\/WhatsApp-Image-2023-04-16-at-10.52.18-PM-1024x682.jpeg\" alt=\"\" class=\"wp-image-50479\"\/><\/figure>\n\n\n\n<figure class=\"wp-block-image size-large\"><img decoding=\"async\" data-id=\"50480\" src=\"https:\/\/luchonoticias.com\/wp-content\/uploads\/2023\/04\/WhatsApp-Image-2023-04-16-at-10.52.16-PM-1024x682.jpeg\" alt=\"\" class=\"wp-image-50480\"\/><\/figure>\n<\/figure>\n\n\n\n<p>Esto hace parte de ese esquema deportivo, pero tambi\u00e9n que genera no solamente el esparcimiento, sino poder compartir con la familia, momentos agradables y saludables. As\u00ed mismo, como me encuentro entregando obras, tambi\u00e9n genero condiciones integrales a los seres humanos\u00bb.<\/p>\n\n\n\n<p>El prop\u00f3sito, es continuar creando este tipo de espacios recreativos y saludables. Es as\u00ed como, Luisa Fernanda Robles Rodr\u00edguez, secretaria de Movilidad, expres\u00f3 que \u00abvamos a tener much\u00edsimas actividades m\u00e1s, recordarles que el campeonato tuvo una apertura con un desfile inaugural que inici\u00f3 desde el Centro Comercial Unicentro, hasta el Parque Mirador del Sur.<\/p>\n\n\n\n<figure class=\"wp-block-gallery has-nested-images columns-default is-cropped wp-block-gallery-2 is-layout-flex wp-block-gallery-is-layout-flex\">\n<figure class=\"wp-block-image size-large\"><img decoding=\"async\" data-id=\"50481\" src=\"https:\/\/luchonoticias.com\/wp-content\/uploads\/2023\/04\/WhatsApp-Image-2023-04-16-at-10.52.21-PM-1-1024x682.jpeg\" alt=\"\" class=\"wp-image-50481\"\/><\/figure>\n\n\n\n<figure class=\"wp-block-image size-large\"><img decoding=\"async\" data-id=\"50482\" src=\"https:\/\/luchonoticias.com\/wp-content\/uploads\/2023\/04\/WhatsApp-Image-2023-04-16-at-10.52.21-PM-1024x682.jpeg\" alt=\"\" class=\"wp-image-50482\"\/><\/figure>\n\n\n\n<figure class=\"wp-block-image size-large\"><img decoding=\"async\" data-id=\"50483\" src=\"https:\/\/luchonoticias.com\/wp-content\/uploads\/2023\/04\/WhatsApp-Image-2023-04-16-at-10.52.17-PM-1024x682.jpeg\" alt=\"\" class=\"wp-image-50483\"\/><\/figure>\n<\/figure>\n\n\n\n<p>Estos son eventos familiares y dirigidos a la ciudadan\u00eda para que tenga unos espacios donde puedan venir a compartir, tener una ocupaci\u00f3n de tiempo productiva y que esto les permita tambi\u00e9n mejorar esos lazos de familiaridad, de amistad, integridad entre todos los ciudadanos\u00bb.<\/p>\n\n\n\n<p>La Secretar\u00eda de Movilidad, seguir\u00e1 trabajando en diferentes estrategias implementadas, para la dignificaci\u00f3n de calidad de vida de los ciudadanos.<\/p>\n","protected":false},"excerpt":{"rendered":"<p>La Secretar\u00eda de Movilidad dio apertura al Campeonato de F\u00fatbol 9 &#8216;Juega por La Vida&#8217;, que cont\u00f3 con la participaci\u00f3n de 16 equipos integrados por el gremio de taxistas que disfrutar\u00e1n de estos espacios que buscan generar y fomentar el deporte, como un mecanismo de alternativa de salud, pero tambi\u00e9n de integraci\u00f3n para las familias [&hellip;]<\/p>\n","protected":false},"author":2,"featured_media":0,"comment_status":"open","ping_status":"open","sticky":false,"template":"","format":"standard","meta":{"footnotes":""},"categories":[34,36],"tags":[],"class_list":["post-50476","post","type-post","status-publish","format-standard","hentry","category-deportes","category-destacado"],"yoast_head":"<!-- This site is optimized with the Yoast SEO plugin v26.6 - https:\/\/yoast.com\/wordpress\/plugins\/seo\/ -->\n<title>Con gremio de taxistas de Neiva, arranc\u00f3 campeonato de f\u00fatbol 9 &#039;Juega por la vida&#039; -<\/title>\n<meta name=\"robots\" content=\"index, follow, max-snippet:-1, max-image-preview:large, max-video-preview:-1\" \/>\n<link rel=\"canonical\" href=\"https:\/\/luchonoticias.com\/editor\/con-gremio-de-taxistas-de-neiva-arranco-campeonato-de-futbol-9-juega-por-la-vida\/\" \/>\n<meta property=\"og:locale\" content=\"es_ES\" \/>\n<meta property=\"og:type\" content=\"article\" \/>\n<meta property=\"og:title\" content=\"Con gremio de taxistas de Neiva, arranc\u00f3 campeonato de f\u00fatbol 9 &#039;Juega por la vida&#039; -\" \/>\n<meta property=\"og:url\" content=\"https:\/\/luchonoticias.com\/editor\/con-gremio-de-taxistas-de-neiva-arranco-campeonato-de-futbol-9-juega-por-la-vida\/\" \/>\n<meta property=\"article:publisher\" content=\"https:\/\/www.facebook.com\/luchonoticiasneiva\" \/>\n<meta property=\"article:published_time\" content=\"2023-04-17T12:20:37+00:00\" \/>\n<meta property=\"article:modified_time\" content=\"2023-04-17T12:20:38+00:00\" \/>\n<meta property=\"og:image\" content=\"https:\/\/luchonoticias.com\/wp-content\/uploads\/2023\/04\/WhatsApp-Image-2023-04-16-at-10.52.18-PM-1-1024x682.jpeg\" \/>\n<meta name=\"author\" content=\"Editor General\" \/>\n<meta name=\"twitter:card\" content=\"summary_large_image\" \/>\n<meta name=\"twitter:label1\" content=\"Escrito por\" \/>\n\t<meta name=\"twitter:data1\" content=\"Editor General\" \/>\n\t<meta name=\"twitter:label2\" content=\"Tiempo de lectura\" \/>\n\t<meta name=\"twitter:data2\" content=\"2 minutos\" \/>\n<script type=\"application\/ld+json\" class=\"yoast-schema-graph\">{\"@context\":\"https:\/\/schema.org\",\"@graph\":[{\"@type\":\"Article\",\"@id\":\"https:\/\/luchonoticias.com\/editor\/con-gremio-de-taxistas-de-neiva-arranco-campeonato-de-futbol-9-juega-por-la-vida\/#article\",\"isPartOf\":{\"@id\":\"https:\/\/luchonoticias.com\/editor\/con-gremio-de-taxistas-de-neiva-arranco-campeonato-de-futbol-9-juega-por-la-vida\/\"},\"author\":{\"name\":\"Editor General\",\"@id\":\"https:\/\/luchonoticias.com\/editor\/#\/schema\/person\/29217990ddf6f14e35912b2866d591fb\"},\"headline\":\"Con gremio de taxistas de Neiva, arranc\u00f3 campeonato de f\u00fatbol 9 &#8216;Juega por la vida&#8217;\",\"datePublished\":\"2023-04-17T12:20:37+00:00\",\"dateModified\":\"2023-04-17T12:20:38+00:00\",\"mainEntityOfPage\":{\"@id\":\"https:\/\/luchonoticias.com\/editor\/con-gremio-de-taxistas-de-neiva-arranco-campeonato-de-futbol-9-juega-por-la-vida\/\"},\"wordCount\":325,\"commentCount\":0,\"publisher\":{\"@id\":\"https:\/\/luchonoticias.com\/editor\/#\/schema\/person\/7a7fd911f58561fd056dbac7b55af9cd\"},\"image\":{\"@id\":\"https:\/\/luchonoticias.com\/editor\/con-gremio-de-taxistas-de-neiva-arranco-campeonato-de-futbol-9-juega-por-la-vida\/#primaryimage\"},\"thumbnailUrl\":\"https:\/\/luchonoticias.com\/wp-content\/uploads\/2023\/04\/WhatsApp-Image-2023-04-16-at-10.52.18-PM-1-1024x682.jpeg\",\"articleSection\":[\"Deportes\",\"Destacado\"],\"inLanguage\":\"es\",\"potentialAction\":[{\"@type\":\"CommentAction\",\"name\":\"Comment\",\"target\":[\"https:\/\/luchonoticias.com\/editor\/con-gremio-de-taxistas-de-neiva-arranco-campeonato-de-futbol-9-juega-por-la-vida\/#respond\"]}]},{\"@type\":\"WebPage\",\"@id\":\"https:\/\/luchonoticias.com\/editor\/con-gremio-de-taxistas-de-neiva-arranco-campeonato-de-futbol-9-juega-por-la-vida\/\",\"url\":\"https:\/\/luchonoticias.com\/editor\/con-gremio-de-taxistas-de-neiva-arranco-campeonato-de-futbol-9-juega-por-la-vida\/\",\"name\":\"Con gremio de taxistas de Neiva, arranc\u00f3 campeonato de f\u00fatbol 9 'Juega por la vida' -\",\"isPartOf\":{\"@id\":\"https:\/\/luchonoticias.com\/editor\/#website\"},\"primaryImageOfPage\":{\"@id\":\"https:\/\/luchonoticias.com\/editor\/con-gremio-de-taxistas-de-neiva-arranco-campeonato-de-futbol-9-juega-por-la-vida\/#primaryimage\"},\"image\":{\"@id\":\"https:\/\/luchonoticias.com\/editor\/con-gremio-de-taxistas-de-neiva-arranco-campeonato-de-futbol-9-juega-por-la-vida\/#primaryimage\"},\"thumbnailUrl\":\"https:\/\/luchonoticias.com\/wp-content\/uploads\/2023\/04\/WhatsApp-Image-2023-04-16-at-10.52.18-PM-1-1024x682.jpeg\",\"datePublished\":\"2023-04-17T12:20:37+00:00\",\"dateModified\":\"2023-04-17T12:20:38+00:00\",\"breadcrumb\":{\"@id\":\"https:\/\/luchonoticias.com\/editor\/con-gremio-de-taxistas-de-neiva-arranco-campeonato-de-futbol-9-juega-por-la-vida\/#breadcrumb\"},\"inLanguage\":\"es\",\"potentialAction\":[{\"@type\":\"ReadAction\",\"target\":[\"https:\/\/luchonoticias.com\/editor\/con-gremio-de-taxistas-de-neiva-arranco-campeonato-de-futbol-9-juega-por-la-vida\/\"]}]},{\"@type\":\"ImageObject\",\"inLanguage\":\"es\",\"@id\":\"https:\/\/luchonoticias.com\/editor\/con-gremio-de-taxistas-de-neiva-arranco-campeonato-de-futbol-9-juega-por-la-vida\/#primaryimage\",\"url\":\"https:\/\/luchonoticias.com\/wp-content\/uploads\/2023\/04\/WhatsApp-Image-2023-04-16-at-10.52.18-PM-1-1024x682.jpeg\",\"contentUrl\":\"https:\/\/luchonoticias.com\/wp-content\/uploads\/2023\/04\/WhatsApp-Image-2023-04-16-at-10.52.18-PM-1-1024x682.jpeg\"},{\"@type\":\"BreadcrumbList\",\"@id\":\"https:\/\/luchonoticias.com\/editor\/con-gremio-de-taxistas-de-neiva-arranco-campeonato-de-futbol-9-juega-por-la-vida\/#breadcrumb\",\"itemListElement\":[{\"@type\":\"ListItem\",\"position\":1,\"name\":\"Portada\",\"item\":\"https:\/\/luchonoticias.com\/editor\/\"},{\"@type\":\"ListItem\",\"position\":2,\"name\":\"Con gremio de taxistas de Neiva, arranc\u00f3 campeonato de f\u00fatbol 9 &#8216;Juega por la vida&#8217;\"}]},{\"@type\":\"WebSite\",\"@id\":\"https:\/\/luchonoticias.com\/editor\/#website\",\"url\":\"https:\/\/luchonoticias.com\/editor\/\",\"name\":\"\",\"description\":\"\",\"publisher\":{\"@id\":\"https:\/\/luchonoticias.com\/editor\/#\/schema\/person\/7a7fd911f58561fd056dbac7b55af9cd\"},\"potentialAction\":[{\"@type\":\"SearchAction\",\"target\":{\"@type\":\"EntryPoint\",\"urlTemplate\":\"https:\/\/luchonoticias.com\/editor\/?s={search_term_string}\"},\"query-input\":{\"@type\":\"PropertyValueSpecification\",\"valueRequired\":true,\"valueName\":\"search_term_string\"}}],\"inLanguage\":\"es\"},{\"@type\":[\"Person\",\"Organization\"],\"@id\":\"https:\/\/luchonoticias.com\/editor\/#\/schema\/person\/7a7fd911f58561fd056dbac7b55af9cd\",\"name\":\"admin\",\"image\":{\"@type\":\"ImageObject\",\"inLanguage\":\"es\",\"@id\":\"https:\/\/luchonoticias.com\/editor\/#\/schema\/person\/image\/\",\"url\":\"https:\/\/luchonoticias.com\/editor\/wp-content\/uploads\/2024\/02\/cropped-cropped-logolu.webp\",\"contentUrl\":\"https:\/\/luchonoticias.com\/editor\/wp-content\/uploads\/2024\/02\/cropped-cropped-logolu.webp\",\"width\":382,\"height\":170,\"caption\":\"admin\"},\"logo\":{\"@id\":\"https:\/\/luchonoticias.com\/editor\/#\/schema\/person\/image\/\"},\"sameAs\":[\"https:\/\/www.facebook.com\/luchonoticiasneiva\"]},{\"@type\":\"Person\",\"@id\":\"https:\/\/luchonoticias.com\/editor\/#\/schema\/person\/29217990ddf6f14e35912b2866d591fb\",\"name\":\"Editor General\",\"image\":{\"@type\":\"ImageObject\",\"inLanguage\":\"es\",\"@id\":\"https:\/\/luchonoticias.com\/editor\/#\/schema\/person\/image\/\",\"url\":\"https:\/\/luchonoticias.com\/editor\/wp-content\/uploads\/2024\/02\/cropped-cropped-logolu-150x150.webp\",\"contentUrl\":\"https:\/\/luchonoticias.com\/editor\/wp-content\/uploads\/2024\/02\/cropped-cropped-logolu-150x150.webp\",\"caption\":\"Editor General\"},\"sameAs\":[\"https:\/\/luchonoticias.com\/\"],\"url\":\"https:\/\/luchonoticias.com\/editor\/author\/editor-general\/\"}]}<\/script>\n<!-- \/ Yoast SEO plugin. -->","yoast_head_json":{"title":"Con gremio de taxistas de Neiva, arranc\u00f3 campeonato de f\u00fatbol 9 'Juega por la vida' -","robots":{"index":"index","follow":"follow","max-snippet":"max-snippet:-1","max-image-preview":"max-image-preview:large","max-video-preview":"max-video-preview:-1"},"canonical":"https:\/\/luchonoticias.com\/editor\/con-gremio-de-taxistas-de-neiva-arranco-campeonato-de-futbol-9-juega-por-la-vida\/","og_locale":"es_ES","og_type":"article","og_title":"Con gremio de taxistas de Neiva, arranc\u00f3 campeonato de f\u00fatbol 9 'Juega por la vida' -","og_url":"https:\/\/luchonoticias.com\/editor\/con-gremio-de-taxistas-de-neiva-arranco-campeonato-de-futbol-9-juega-por-la-vida\/","article_publisher":"https:\/\/www.facebook.com\/luchonoticiasneiva","article_published_time":"2023-04-17T12:20:37+00:00","article_modified_time":"2023-04-17T12:20:38+00:00","og_image":[{"url":"https:\/\/luchonoticias.com\/wp-content\/uploads\/2023\/04\/WhatsApp-Image-2023-04-16-at-10.52.18-PM-1-1024x682.jpeg","type":"","width":"","height":""}],"author":"Editor General","twitter_card":"summary_large_image","twitter_misc":{"Escrito por":"Editor General","Tiempo de lectura":"2 minutos"},"schema":{"@context":"https:\/\/schema.org","@graph":[{"@type":"Article","@id":"https:\/\/luchonoticias.com\/editor\/con-gremio-de-taxistas-de-neiva-arranco-campeonato-de-futbol-9-juega-por-la-vida\/#article","isPartOf":{"@id":"https:\/\/luchonoticias.com\/editor\/con-gremio-de-taxistas-de-neiva-arranco-campeonato-de-futbol-9-juega-por-la-vida\/"},"author":{"name":"Editor General","@id":"https:\/\/luchonoticias.com\/editor\/#\/schema\/person\/29217990ddf6f14e35912b2866d591fb"},"headline":"Con gremio de taxistas de Neiva, arranc\u00f3 campeonato de f\u00fatbol 9 &#8216;Juega por la vida&#8217;","datePublished":"2023-04-17T12:20:37+00:00","dateModified":"2023-04-17T12:20:38+00:00","mainEntityOfPage":{"@id":"https:\/\/luchonoticias.com\/editor\/con-gremio-de-taxistas-de-neiva-arranco-campeonato-de-futbol-9-juega-por-la-vida\/"},"wordCount":325,"commentCount":0,"publisher":{"@id":"https:\/\/luchonoticias.com\/editor\/#\/schema\/person\/7a7fd911f58561fd056dbac7b55af9cd"},"image":{"@id":"https:\/\/luchonoticias.com\/editor\/con-gremio-de-taxistas-de-neiva-arranco-campeonato-de-futbol-9-juega-por-la-vida\/#primaryimage"},"thumbnailUrl":"https:\/\/luchonoticias.com\/wp-content\/uploads\/2023\/04\/WhatsApp-Image-2023-04-16-at-10.52.18-PM-1-1024x682.jpeg","articleSection":["Deportes","Destacado"],"inLanguage":"es","potentialAction":[{"@type":"CommentAction","name":"Comment","target":["https:\/\/luchonoticias.com\/editor\/con-gremio-de-taxistas-de-neiva-arranco-campeonato-de-futbol-9-juega-por-la-vida\/#respond"]}]},{"@type":"WebPage","@id":"https:\/\/luchonoticias.com\/editor\/con-gremio-de-taxistas-de-neiva-arranco-campeonato-de-futbol-9-juega-por-la-vida\/","url":"https:\/\/luchonoticias.com\/editor\/con-gremio-de-taxistas-de-neiva-arranco-campeonato-de-futbol-9-juega-por-la-vida\/","name":"Con gremio de taxistas de Neiva, arranc\u00f3 campeonato de f\u00fatbol 9 'Juega por la vida' -","isPartOf":{"@id":"https:\/\/luchonoticias.com\/editor\/#website"},"primaryImageOfPage":{"@id":"https:\/\/luchonoticias.com\/editor\/con-gremio-de-taxistas-de-neiva-arranco-campeonato-de-futbol-9-juega-por-la-vida\/#primaryimage"},"image":{"@id":"https:\/\/luchonoticias.com\/editor\/con-gremio-de-taxistas-de-neiva-arranco-campeonato-de-futbol-9-juega-por-la-vida\/#primaryimage"},"thumbnailUrl":"https:\/\/luchonoticias.com\/wp-content\/uploads\/2023\/04\/WhatsApp-Image-2023-04-16-at-10.52.18-PM-1-1024x682.jpeg","datePublished":"2023-04-17T12:20:37+00:00","dateModified":"2023-04-17T12:20:38+00:00","breadcrumb":{"@id":"https:\/\/luchonoticias.com\/editor\/con-gremio-de-taxistas-de-neiva-arranco-campeonato-de-futbol-9-juega-por-la-vida\/#breadcrumb"},"inLanguage":"es","potentialAction":[{"@type":"ReadAction","target":["https:\/\/luchonoticias.com\/editor\/con-gremio-de-taxistas-de-neiva-arranco-campeonato-de-futbol-9-juega-por-la-vida\/"]}]},{"@type":"ImageObject","inLanguage":"es","@id":"https:\/\/luchonoticias.com\/editor\/con-gremio-de-taxistas-de-neiva-arranco-campeonato-de-futbol-9-juega-por-la-vida\/#primaryimage","url":"https:\/\/luchonoticias.com\/wp-content\/uploads\/2023\/04\/WhatsApp-Image-2023-04-16-at-10.52.18-PM-1-1024x682.jpeg","contentUrl":"https:\/\/luchonoticias.com\/wp-content\/uploads\/2023\/04\/WhatsApp-Image-2023-04-16-at-10.52.18-PM-1-1024x682.jpeg"},{"@type":"BreadcrumbList","@id":"https:\/\/luchonoticias.com\/editor\/con-gremio-de-taxistas-de-neiva-arranco-campeonato-de-futbol-9-juega-por-la-vida\/#breadcrumb","itemListElement":[{"@type":"ListItem","position":1,"name":"Portada","item":"https:\/\/luchonoticias.com\/editor\/"},{"@type":"ListItem","position":2,"name":"Con gremio de taxistas de Neiva, arranc\u00f3 campeonato de f\u00fatbol 9 &#8216;Juega por la vida&#8217;"}]},{"@type":"WebSite","@id":"https:\/\/luchonoticias.com\/editor\/#website","url":"https:\/\/luchonoticias.com\/editor\/","name":"","description":"","publisher":{"@id":"https:\/\/luchonoticias.com\/editor\/#\/schema\/person\/7a7fd911f58561fd056dbac7b55af9cd"},"potentialAction":[{"@type":"SearchAction","target":{"@type":"EntryPoint","urlTemplate":"https:\/\/luchonoticias.com\/editor\/?s={search_term_string}"},"query-input":{"@type":"PropertyValueSpecification","valueRequired":true,"valueName":"search_term_string"}}],"inLanguage":"es"},{"@type":["Person","Organization"],"@id":"https:\/\/luchonoticias.com\/editor\/#\/schema\/person\/7a7fd911f58561fd056dbac7b55af9cd","name":"admin","image":{"@type":"ImageObject","inLanguage":"es","@id":"https:\/\/luchonoticias.com\/editor\/#\/schema\/person\/image\/","url":"https:\/\/luchonoticias.com\/editor\/wp-content\/uploads\/2024\/02\/cropped-cropped-logolu.webp","contentUrl":"https:\/\/luchonoticias.com\/editor\/wp-content\/uploads\/2024\/02\/cropped-cropped-logolu.webp","width":382,"height":170,"caption":"admin"},"logo":{"@id":"https:\/\/luchonoticias.com\/editor\/#\/schema\/person\/image\/"},"sameAs":["https:\/\/www.facebook.com\/luchonoticiasneiva"]},{"@type":"Person","@id":"https:\/\/luchonoticias.com\/editor\/#\/schema\/person\/29217990ddf6f14e35912b2866d591fb","name":"Editor General","image":{"@type":"ImageObject","inLanguage":"es","@id":"https:\/\/luchonoticias.com\/editor\/#\/schema\/person\/image\/","url":"https:\/\/luchonoticias.com\/editor\/wp-content\/uploads\/2024\/02\/cropped-cropped-logolu-150x150.webp","contentUrl":"https:\/\/luchonoticias.com\/editor\/wp-content\/uploads\/2024\/02\/cropped-cropped-logolu-150x150.webp","caption":"Editor General"},"sameAs":["https:\/\/luchonoticias.com\/"],"url":"https:\/\/luchonoticias.com\/editor\/author\/editor-general\/"}]}},"_links":{"self":[{"href":"https:\/\/luchonoticias.com\/editor\/wp-json\/wp\/v2\/posts\/50476","targetHints":{"allow":["GET"]}}],"collection":[{"href":"https:\/\/luchonoticias.com\/editor\/wp-json\/wp\/v2\/posts"}],"about":[{"href":"https:\/\/luchonoticias.com\/editor\/wp-json\/wp\/v2\/types\/post"}],"author":[{"embeddable":true,"href":"https:\/\/luchonoticias.com\/editor\/wp-json\/wp\/v2\/users\/2"}],"replies":[{"embeddable":true,"href":"https:\/\/luchonoticias.com\/editor\/wp-json\/wp\/v2\/comments?post=50476"}],"version-history":[{"count":0,"href":"https:\/\/luchonoticias.com\/editor\/wp-json\/wp\/v2\/posts\/50476\/revisions"}],"wp:attachment":[{"href":"https:\/\/luchonoticias.com\/editor\/wp-json\/wp\/v2\/media?parent=50476"}],"wp:term":[{"taxonomy":"category","embeddable":true,"href":"https:\/\/luchonoticias.com\/editor\/wp-json\/wp\/v2\/categories?post=50476"},{"taxonomy":"post_tag","embeddable":true,"href":"https:\/\/luchonoticias.com\/editor\/wp-json\/wp\/v2\/tags?post=50476"}],"curies":[{"name":"wp","href":"https:\/\/api.w.org\/{rel}","templated":true}]}}