{"id":50491,"date":"2023-04-17T07:43:55","date_gmt":"2023-04-17T12:43:55","guid":{"rendered":"https:\/\/luchonoticias.com\/?p=50491"},"modified":"2023-04-17T07:43:56","modified_gmt":"2023-04-17T12:43:56","slug":"convocatoria-para-el-gremio-cafetero-huilense","status":"publish","type":"post","link":"https:\/\/luchonoticias.com\/editor\/convocatoria-para-el-gremio-cafetero-huilense\/","title":{"rendered":"Convocatoria para el gremio cafetero huilense"},"content":{"rendered":"\n<p>El&nbsp;<strong>Huila es un departamento con una fuerte vocaci\u00f3n cafetera,<\/strong>&nbsp;y as\u00ed lo demuestran las cifras entregadas por la Federaci\u00f3n Nacional de Cafeteros al cierre de 2022, donde se da cuenta que este departamento contin\u00faa con el liderazgo en la producci\u00f3n del grano, con un&nbsp;<strong>aporte del 18.13% a la cosecha cafetera nacional,<\/strong>&nbsp;logro que ha sido posible gracias al esfuerzo y la dedicaci\u00f3n de las m\u00e1s de 83.000 familias caficultoras de la regi\u00f3n.<\/p>\n\n\n\n<p>A esto se le suma que la caficultura&nbsp;<strong>es la cadena de valor que m\u00e1s genera empleos en el campo huilense<\/strong>, teniendo en cuenta la mano de obra contratada desde las labores de siembra, hasta la recolecci\u00f3n de la cosecha y beneficio del grano, sumado a los procesos de transformaci\u00f3n del producto.<\/p>\n\n\n\n<p>En ese sentido la Gobernaci\u00f3n del Huila y la Secretar\u00eda de Agricultura y Miner\u00eda del Departamento,&nbsp;<strong>ha convocado a todos los actores estrat\u00e9gicos de la Cadena Productiva de Caf\u00e9<\/strong>, a una importante reuni\u00f3n para la&nbsp;<strong>conformaci\u00f3n del Comit\u00e9 Regional de la Cadena \u2013 CRC<\/strong>.<\/p>\n\n\n\n<p>Este importante ejercicio organizacional tiene como prop\u00f3sito,&nbsp;<strong>ser un espacio de di\u00e1logo para la coordinaci\u00f3n y articulaci\u00f3n de actores<\/strong>&nbsp;en busca de mejorar la productividad y sostenibilidad del de este rengl\u00f3n, mediante la construcci\u00f3n del acuerdo de competitividad, y dem\u00e1s estrategias para impulsar los eslabones de la cadena de valor del Caf\u00e9 (producci\u00f3n, transformaci\u00f3n, comercializaci\u00f3n, y exportaci\u00f3n).<\/p>\n\n\n\n<p>Durante la reuni\u00f3n&nbsp;<strong>programada para el pr\u00f3ximo jueves 20 de abril<\/strong>&nbsp;a partir de las 9:00 de la ma\u00f1ana, en la sede Huila E de la C\u00e1mara de Comercio del Huila, ubicada en la Calle 21 Sur No. 25-41 en Neiva, tambi\u00e9n se har\u00e1 la socializaci\u00f3n del Reglamento de Funcionamiento del Comit\u00e9 Regional de la Cadena del sector Caf\u00e9 en el departamento del Huila.<\/p>\n\n\n\n<p>A esta reuni\u00f3n est\u00e1n convocados todos los actores estrat\u00e9gicos de la cadena del caf\u00e9, con el prop\u00f3sito de participar en esta disertaci\u00f3n, y contribuir de manera propositiva con el fortalecimiento de la caficultura huilense.<\/p>\n","protected":false},"excerpt":{"rendered":"<p>El&nbsp;Huila es un departamento con una fuerte vocaci\u00f3n cafetera,&nbsp;y as\u00ed lo demuestran las cifras entregadas por la Federaci\u00f3n Nacional de Cafeteros al cierre de 2022, donde se da cuenta que este departamento contin\u00faa con el liderazgo en la producci\u00f3n del grano, con un&nbsp;aporte del 18.13% a la cosecha cafetera nacional,&nbsp;logro que ha sido posible gracias [&hellip;]<\/p>\n","protected":false},"author":2,"featured_media":0,"comment_status":"open","ping_status":"open","sticky":false,"template":"","format":"standard","meta":{"footnotes":""},"categories":[33],"tags":[],"class_list":["post-50491","post","type-post","status-publish","format-standard","hentry","category-huila"],"yoast_head":"<!-- This site is optimized with the Yoast SEO plugin v26.6 - https:\/\/yoast.com\/wordpress\/plugins\/seo\/ -->\n<title>Convocatoria para el gremio cafetero huilense -<\/title>\n<meta name=\"robots\" content=\"index, follow, max-snippet:-1, max-image-preview:large, max-video-preview:-1\" \/>\n<link rel=\"canonical\" href=\"https:\/\/luchonoticias.com\/editor\/convocatoria-para-el-gremio-cafetero-huilense\/\" \/>\n<meta property=\"og:locale\" content=\"es_ES\" \/>\n<meta property=\"og:type\" content=\"article\" \/>\n<meta property=\"og:title\" content=\"Convocatoria para el gremio cafetero huilense -\" \/>\n<meta property=\"og:url\" content=\"https:\/\/luchonoticias.com\/editor\/convocatoria-para-el-gremio-cafetero-huilense\/\" \/>\n<meta property=\"article:publisher\" content=\"https:\/\/www.facebook.com\/luchonoticiasneiva\" \/>\n<meta property=\"article:published_time\" content=\"2023-04-17T12:43:55+00:00\" \/>\n<meta property=\"article:modified_time\" content=\"2023-04-17T12:43:56+00:00\" \/>\n<meta name=\"author\" content=\"Editor General\" \/>\n<meta name=\"twitter:card\" content=\"summary_large_image\" \/>\n<meta name=\"twitter:label1\" content=\"Escrito por\" \/>\n\t<meta name=\"twitter:data1\" content=\"Editor General\" \/>\n\t<meta name=\"twitter:label2\" content=\"Tiempo de lectura\" \/>\n\t<meta name=\"twitter:data2\" content=\"2 minutos\" \/>\n<script type=\"application\/ld+json\" class=\"yoast-schema-graph\">{\"@context\":\"https:\/\/schema.org\",\"@graph\":[{\"@type\":\"Article\",\"@id\":\"https:\/\/luchonoticias.com\/editor\/convocatoria-para-el-gremio-cafetero-huilense\/#article\",\"isPartOf\":{\"@id\":\"https:\/\/luchonoticias.com\/editor\/convocatoria-para-el-gremio-cafetero-huilense\/\"},\"author\":{\"name\":\"Editor General\",\"@id\":\"https:\/\/luchonoticias.com\/editor\/#\/schema\/person\/29217990ddf6f14e35912b2866d591fb\"},\"headline\":\"Convocatoria para el gremio cafetero huilense\",\"datePublished\":\"2023-04-17T12:43:55+00:00\",\"dateModified\":\"2023-04-17T12:43:56+00:00\",\"mainEntityOfPage\":{\"@id\":\"https:\/\/luchonoticias.com\/editor\/convocatoria-para-el-gremio-cafetero-huilense\/\"},\"wordCount\":373,\"commentCount\":0,\"publisher\":{\"@id\":\"https:\/\/luchonoticias.com\/editor\/#\/schema\/person\/7a7fd911f58561fd056dbac7b55af9cd\"},\"articleSection\":[\"Huila\"],\"inLanguage\":\"es\",\"potentialAction\":[{\"@type\":\"CommentAction\",\"name\":\"Comment\",\"target\":[\"https:\/\/luchonoticias.com\/editor\/convocatoria-para-el-gremio-cafetero-huilense\/#respond\"]}]},{\"@type\":\"WebPage\",\"@id\":\"https:\/\/luchonoticias.com\/editor\/convocatoria-para-el-gremio-cafetero-huilense\/\",\"url\":\"https:\/\/luchonoticias.com\/editor\/convocatoria-para-el-gremio-cafetero-huilense\/\",\"name\":\"Convocatoria para el gremio cafetero huilense -\",\"isPartOf\":{\"@id\":\"https:\/\/luchonoticias.com\/editor\/#website\"},\"datePublished\":\"2023-04-17T12:43:55+00:00\",\"dateModified\":\"2023-04-17T12:43:56+00:00\",\"breadcrumb\":{\"@id\":\"https:\/\/luchonoticias.com\/editor\/convocatoria-para-el-gremio-cafetero-huilense\/#breadcrumb\"},\"inLanguage\":\"es\",\"potentialAction\":[{\"@type\":\"ReadAction\",\"target\":[\"https:\/\/luchonoticias.com\/editor\/convocatoria-para-el-gremio-cafetero-huilense\/\"]}]},{\"@type\":\"BreadcrumbList\",\"@id\":\"https:\/\/luchonoticias.com\/editor\/convocatoria-para-el-gremio-cafetero-huilense\/#breadcrumb\",\"itemListElement\":[{\"@type\":\"ListItem\",\"position\":1,\"name\":\"Portada\",\"item\":\"https:\/\/luchonoticias.com\/editor\/\"},{\"@type\":\"ListItem\",\"position\":2,\"name\":\"Convocatoria para el gremio cafetero huilense\"}]},{\"@type\":\"WebSite\",\"@id\":\"https:\/\/luchonoticias.com\/editor\/#website\",\"url\":\"https:\/\/luchonoticias.com\/editor\/\",\"name\":\"\",\"description\":\"\",\"publisher\":{\"@id\":\"https:\/\/luchonoticias.com\/editor\/#\/schema\/person\/7a7fd911f58561fd056dbac7b55af9cd\"},\"potentialAction\":[{\"@type\":\"SearchAction\",\"target\":{\"@type\":\"EntryPoint\",\"urlTemplate\":\"https:\/\/luchonoticias.com\/editor\/?s={search_term_string}\"},\"query-input\":{\"@type\":\"PropertyValueSpecification\",\"valueRequired\":true,\"valueName\":\"search_term_string\"}}],\"inLanguage\":\"es\"},{\"@type\":[\"Person\",\"Organization\"],\"@id\":\"https:\/\/luchonoticias.com\/editor\/#\/schema\/person\/7a7fd911f58561fd056dbac7b55af9cd\",\"name\":\"admin\",\"image\":{\"@type\":\"ImageObject\",\"inLanguage\":\"es\",\"@id\":\"https:\/\/luchonoticias.com\/editor\/#\/schema\/person\/image\/\",\"url\":\"https:\/\/luchonoticias.com\/editor\/wp-content\/uploads\/2024\/02\/cropped-cropped-logolu.webp\",\"contentUrl\":\"https:\/\/luchonoticias.com\/editor\/wp-content\/uploads\/2024\/02\/cropped-cropped-logolu.webp\",\"width\":382,\"height\":170,\"caption\":\"admin\"},\"logo\":{\"@id\":\"https:\/\/luchonoticias.com\/editor\/#\/schema\/person\/image\/\"},\"sameAs\":[\"https:\/\/www.facebook.com\/luchonoticiasneiva\"]},{\"@type\":\"Person\",\"@id\":\"https:\/\/luchonoticias.com\/editor\/#\/schema\/person\/29217990ddf6f14e35912b2866d591fb\",\"name\":\"Editor General\",\"image\":{\"@type\":\"ImageObject\",\"inLanguage\":\"es\",\"@id\":\"https:\/\/luchonoticias.com\/editor\/#\/schema\/person\/image\/\",\"url\":\"https:\/\/luchonoticias.com\/editor\/wp-content\/uploads\/2024\/02\/cropped-cropped-logolu-150x150.webp\",\"contentUrl\":\"https:\/\/luchonoticias.com\/editor\/wp-content\/uploads\/2024\/02\/cropped-cropped-logolu-150x150.webp\",\"caption\":\"Editor General\"},\"sameAs\":[\"https:\/\/luchonoticias.com\/\"],\"url\":\"https:\/\/luchonoticias.com\/editor\/author\/editor-general\/\"}]}<\/script>\n<!-- \/ Yoast SEO plugin. -->","yoast_head_json":{"title":"Convocatoria para el gremio cafetero huilense -","robots":{"index":"index","follow":"follow","max-snippet":"max-snippet:-1","max-image-preview":"max-image-preview:large","max-video-preview":"max-video-preview:-1"},"canonical":"https:\/\/luchonoticias.com\/editor\/convocatoria-para-el-gremio-cafetero-huilense\/","og_locale":"es_ES","og_type":"article","og_title":"Convocatoria para el gremio cafetero huilense -","og_url":"https:\/\/luchonoticias.com\/editor\/convocatoria-para-el-gremio-cafetero-huilense\/","article_publisher":"https:\/\/www.facebook.com\/luchonoticiasneiva","article_published_time":"2023-04-17T12:43:55+00:00","article_modified_time":"2023-04-17T12:43:56+00:00","author":"Editor General","twitter_card":"summary_large_image","twitter_misc":{"Escrito por":"Editor General","Tiempo de lectura":"2 minutos"},"schema":{"@context":"https:\/\/schema.org","@graph":[{"@type":"Article","@id":"https:\/\/luchonoticias.com\/editor\/convocatoria-para-el-gremio-cafetero-huilense\/#article","isPartOf":{"@id":"https:\/\/luchonoticias.com\/editor\/convocatoria-para-el-gremio-cafetero-huilense\/"},"author":{"name":"Editor General","@id":"https:\/\/luchonoticias.com\/editor\/#\/schema\/person\/29217990ddf6f14e35912b2866d591fb"},"headline":"Convocatoria para el gremio cafetero huilense","datePublished":"2023-04-17T12:43:55+00:00","dateModified":"2023-04-17T12:43:56+00:00","mainEntityOfPage":{"@id":"https:\/\/luchonoticias.com\/editor\/convocatoria-para-el-gremio-cafetero-huilense\/"},"wordCount":373,"commentCount":0,"publisher":{"@id":"https:\/\/luchonoticias.com\/editor\/#\/schema\/person\/7a7fd911f58561fd056dbac7b55af9cd"},"articleSection":["Huila"],"inLanguage":"es","potentialAction":[{"@type":"CommentAction","name":"Comment","target":["https:\/\/luchonoticias.com\/editor\/convocatoria-para-el-gremio-cafetero-huilense\/#respond"]}]},{"@type":"WebPage","@id":"https:\/\/luchonoticias.com\/editor\/convocatoria-para-el-gremio-cafetero-huilense\/","url":"https:\/\/luchonoticias.com\/editor\/convocatoria-para-el-gremio-cafetero-huilense\/","name":"Convocatoria para el gremio cafetero huilense -","isPartOf":{"@id":"https:\/\/luchonoticias.com\/editor\/#website"},"datePublished":"2023-04-17T12:43:55+00:00","dateModified":"2023-04-17T12:43:56+00:00","breadcrumb":{"@id":"https:\/\/luchonoticias.com\/editor\/convocatoria-para-el-gremio-cafetero-huilense\/#breadcrumb"},"inLanguage":"es","potentialAction":[{"@type":"ReadAction","target":["https:\/\/luchonoticias.com\/editor\/convocatoria-para-el-gremio-cafetero-huilense\/"]}]},{"@type":"BreadcrumbList","@id":"https:\/\/luchonoticias.com\/editor\/convocatoria-para-el-gremio-cafetero-huilense\/#breadcrumb","itemListElement":[{"@type":"ListItem","position":1,"name":"Portada","item":"https:\/\/luchonoticias.com\/editor\/"},{"@type":"ListItem","position":2,"name":"Convocatoria para el gremio cafetero huilense"}]},{"@type":"WebSite","@id":"https:\/\/luchonoticias.com\/editor\/#website","url":"https:\/\/luchonoticias.com\/editor\/","name":"","description":"","publisher":{"@id":"https:\/\/luchonoticias.com\/editor\/#\/schema\/person\/7a7fd911f58561fd056dbac7b55af9cd"},"potentialAction":[{"@type":"SearchAction","target":{"@type":"EntryPoint","urlTemplate":"https:\/\/luchonoticias.com\/editor\/?s={search_term_string}"},"query-input":{"@type":"PropertyValueSpecification","valueRequired":true,"valueName":"search_term_string"}}],"inLanguage":"es"},{"@type":["Person","Organization"],"@id":"https:\/\/luchonoticias.com\/editor\/#\/schema\/person\/7a7fd911f58561fd056dbac7b55af9cd","name":"admin","image":{"@type":"ImageObject","inLanguage":"es","@id":"https:\/\/luchonoticias.com\/editor\/#\/schema\/person\/image\/","url":"https:\/\/luchonoticias.com\/editor\/wp-content\/uploads\/2024\/02\/cropped-cropped-logolu.webp","contentUrl":"https:\/\/luchonoticias.com\/editor\/wp-content\/uploads\/2024\/02\/cropped-cropped-logolu.webp","width":382,"height":170,"caption":"admin"},"logo":{"@id":"https:\/\/luchonoticias.com\/editor\/#\/schema\/person\/image\/"},"sameAs":["https:\/\/www.facebook.com\/luchonoticiasneiva"]},{"@type":"Person","@id":"https:\/\/luchonoticias.com\/editor\/#\/schema\/person\/29217990ddf6f14e35912b2866d591fb","name":"Editor General","image":{"@type":"ImageObject","inLanguage":"es","@id":"https:\/\/luchonoticias.com\/editor\/#\/schema\/person\/image\/","url":"https:\/\/luchonoticias.com\/editor\/wp-content\/uploads\/2024\/02\/cropped-cropped-logolu-150x150.webp","contentUrl":"https:\/\/luchonoticias.com\/editor\/wp-content\/uploads\/2024\/02\/cropped-cropped-logolu-150x150.webp","caption":"Editor General"},"sameAs":["https:\/\/luchonoticias.com\/"],"url":"https:\/\/luchonoticias.com\/editor\/author\/editor-general\/"}]}},"_links":{"self":[{"href":"https:\/\/luchonoticias.com\/editor\/wp-json\/wp\/v2\/posts\/50491","targetHints":{"allow":["GET"]}}],"collection":[{"href":"https:\/\/luchonoticias.com\/editor\/wp-json\/wp\/v2\/posts"}],"about":[{"href":"https:\/\/luchonoticias.com\/editor\/wp-json\/wp\/v2\/types\/post"}],"author":[{"embeddable":true,"href":"https:\/\/luchonoticias.com\/editor\/wp-json\/wp\/v2\/users\/2"}],"replies":[{"embeddable":true,"href":"https:\/\/luchonoticias.com\/editor\/wp-json\/wp\/v2\/comments?post=50491"}],"version-history":[{"count":0,"href":"https:\/\/luchonoticias.com\/editor\/wp-json\/wp\/v2\/posts\/50491\/revisions"}],"wp:attachment":[{"href":"https:\/\/luchonoticias.com\/editor\/wp-json\/wp\/v2\/media?parent=50491"}],"wp:term":[{"taxonomy":"category","embeddable":true,"href":"https:\/\/luchonoticias.com\/editor\/wp-json\/wp\/v2\/categories?post=50491"},{"taxonomy":"post_tag","embeddable":true,"href":"https:\/\/luchonoticias.com\/editor\/wp-json\/wp\/v2\/tags?post=50491"}],"curies":[{"name":"wp","href":"https:\/\/api.w.org\/{rel}","templated":true}]}}