{"id":50501,"date":"2023-04-17T15:32:07","date_gmt":"2023-04-17T20:32:07","guid":{"rendered":"https:\/\/luchonoticias.com\/?p=50501"},"modified":"2023-04-17T15:32:09","modified_gmt":"2023-04-17T20:32:09","slug":"alcaldia-continua-caracterizando-a-los-recuperadores-de-oficio","status":"publish","type":"post","link":"https:\/\/luchonoticias.com\/editor\/alcaldia-continua-caracterizando-a-los-recuperadores-de-oficio\/","title":{"rendered":"Alcald\u00eda contin\u00faa caracterizando a los recuperadores de oficio"},"content":{"rendered":"\n<p>Una nueva jornada de caracterizaci\u00f3n se realiz\u00f3 en la Comuna 10 de Neiva con los recuperadores de oficio, a cargo de la Secretar\u00eda de Medio Ambiente de la Alcald\u00eda. Esta administraci\u00f3n ha venido trabajando arduamente en la dignificaci\u00f3n del ser humano, y ellos no son la excepci\u00f3n pues hacen un arduo trabajo al separar los residuos en la fuente.<\/p>\n\n\n\n<p>\u201cEn esta Administraci\u00f3n se ha logrado carnetizar a 535 recuperadores de oficio, al igual que hacerle la sociocaracterizaci\u00f3n a 420 recicladores, con ellos venimos haci\u00e9ndole acompa\u00f1amiento en las diferentes actividades que ellos realizan, as\u00ed mismo se les gestiona el carn\u00e9 para que puedan realizar su labor normalmente\u201d, dijo Luz \u00c1ngela Camacho Reina, contratista de la Secretar\u00eda de Medio Ambiente.<\/p>\n\n\n\n<figure class=\"wp-block-gallery has-nested-images columns-default is-cropped wp-block-gallery-1 is-layout-flex wp-block-gallery-is-layout-flex\">\n<figure class=\"wp-block-image size-large\"><img decoding=\"async\" data-id=\"50504\" src=\"https:\/\/luchonoticias.com\/wp-content\/uploads\/2023\/04\/WhatsApp-Image-2023-04-17-at-11.20.57-AM-1024x683.jpeg\" alt=\"\" class=\"wp-image-50504\"\/><\/figure>\n\n\n\n<figure class=\"wp-block-image size-large\"><img decoding=\"async\" data-id=\"50503\" src=\"https:\/\/luchonoticias.com\/wp-content\/uploads\/2023\/04\/WhatsApp-Image-2023-04-17-at-11.20.56-AM-1-1024x683.jpeg\" alt=\"\" class=\"wp-image-50503\"\/><\/figure>\n\n\n\n<figure class=\"wp-block-image size-large\"><img decoding=\"async\" data-id=\"50505\" src=\"https:\/\/luchonoticias.com\/wp-content\/uploads\/2023\/04\/WhatsApp-Image-2023-04-17-at-11.20.56-AM-1024x683.jpeg\" alt=\"\" class=\"wp-image-50505\"\/><\/figure>\n<\/figure>\n\n\n\n<p>El beneficio de que cada reciclador porte su carn\u00e9, es que los dejan laborar tranquilamente, con eso la comunidad identifica que son recuperadores y muchos les suministran con m\u00e1s facilidad los elementos de reciclaje, a su vez la polic\u00eda tambi\u00e9n identifica su labor.<\/p>\n\n\n\n<p>\u201cNosotros empezamos con la formalizaci\u00f3n de los recicladores, desde que se constituy\u00f3 como chatarrer\u00eda, ahora estamos en una dignificaci\u00f3n de trabajo, velando por el m\u00ednimo vital de ellos\u201d, expres\u00f3 Rosa Helena Torres, representante legal de la Recuperadora Alape SAS ESP.<\/p>\n\n\n\n<p>En aras de dignificar este oficio y de culturizar a la poblaci\u00f3n neivana, la Administraci\u00f3n Municipal ha realizado m\u00e1s de cien campa\u00f1as de sensibilizaci\u00f3n puerta a puerta en lo relacionado con separaci\u00f3n de residuos en la fuente; a su vez, ha carnetizado a m\u00e1s de 500 recuperadores de oficio sobre las 12 Estaci\u00f3n de Clasificaci\u00f3n y Aprovechamiento ECA.<\/p>\n\n\n\n<figure class=\"wp-block-gallery has-nested-images columns-default is-cropped wp-block-gallery-2 is-layout-flex wp-block-gallery-is-layout-flex\">\n<figure class=\"wp-block-image size-large\"><img decoding=\"async\" data-id=\"50506\" src=\"https:\/\/luchonoticias.com\/wp-content\/uploads\/2023\/04\/WhatsApp-Image-2023-04-17-at-11.20.59-AM-1024x683.jpeg\" alt=\"\" class=\"wp-image-50506\"\/><\/figure>\n\n\n\n<figure class=\"wp-block-image size-large\"><img decoding=\"async\" data-id=\"50508\" src=\"https:\/\/luchonoticias.com\/wp-content\/uploads\/2023\/04\/WhatsApp-Image-2023-04-17-at-11.20.58-AM-1024x683.jpeg\" alt=\"\" class=\"wp-image-50508\"\/><\/figure>\n\n\n\n<figure class=\"wp-block-image size-large\"><img decoding=\"async\" data-id=\"50507\" src=\"https:\/\/luchonoticias.com\/wp-content\/uploads\/2023\/04\/WhatsApp-Image-2023-04-17-at-11.20.57-AM-1-1024x683.jpeg\" alt=\"\" class=\"wp-image-50507\"\/><\/figure>\n<\/figure>\n\n\n\n<p>Finalmente, Rubiela Jovel, recuperadora de oficio de la Comuna 10, agradeci\u00f3 la labor que ha hecho el alcalde de Neiva, Gorky Mu\u00f1oz Calder\u00f3n, en querer identificar su trabajo, pues les han brindado todas las garant\u00edas para poder seguir ejerciendo su actividad sin ning\u00fan inconveniente.<\/p>\n\n\n\n<p>\u201cSoy recicladora desde el 2005, y es una labor muy buena tanto para uno como para los ni\u00f1os m\u00e1s adelante, esto nos sirve para sobrevivir, y es muy buena la ayuda de la Alcald\u00eda porque nos tienen en cuenta, nos apoyan y nos colaboran porque de este trabajo depende mi hija y mi nieta\u201d, sostuvo.<\/p>\n","protected":false},"excerpt":{"rendered":"<p>Una nueva jornada de caracterizaci\u00f3n se realiz\u00f3 en la Comuna 10 de Neiva con los recuperadores de oficio, a cargo de la Secretar\u00eda de Medio Ambiente de la Alcald\u00eda. Esta administraci\u00f3n ha venido trabajando arduamente en la dignificaci\u00f3n del ser humano, y ellos no son la excepci\u00f3n pues hacen un arduo trabajo al separar los [&hellip;]<\/p>\n","protected":false},"author":2,"featured_media":0,"comment_status":"open","ping_status":"open","sticky":false,"template":"","format":"standard","meta":{"footnotes":""},"categories":[36,53],"tags":[],"class_list":["post-50501","post","type-post","status-publish","format-standard","hentry","category-destacado","category-neiva"],"yoast_head":"<!-- This site is optimized with the Yoast SEO plugin v26.6 - https:\/\/yoast.com\/wordpress\/plugins\/seo\/ -->\n<title>Alcald\u00eda contin\u00faa caracterizando a los recuperadores de oficio -<\/title>\n<meta name=\"robots\" content=\"index, follow, max-snippet:-1, max-image-preview:large, max-video-preview:-1\" \/>\n<link rel=\"canonical\" href=\"https:\/\/luchonoticias.com\/editor\/alcaldia-continua-caracterizando-a-los-recuperadores-de-oficio\/\" \/>\n<meta property=\"og:locale\" content=\"es_ES\" \/>\n<meta property=\"og:type\" content=\"article\" \/>\n<meta property=\"og:title\" content=\"Alcald\u00eda contin\u00faa caracterizando a los recuperadores de oficio -\" \/>\n<meta property=\"og:url\" content=\"https:\/\/luchonoticias.com\/editor\/alcaldia-continua-caracterizando-a-los-recuperadores-de-oficio\/\" \/>\n<meta property=\"article:publisher\" content=\"https:\/\/www.facebook.com\/luchonoticiasneiva\" \/>\n<meta property=\"article:published_time\" content=\"2023-04-17T20:32:07+00:00\" \/>\n<meta property=\"article:modified_time\" content=\"2023-04-17T20:32:09+00:00\" \/>\n<meta property=\"og:image\" content=\"https:\/\/luchonoticias.com\/wp-content\/uploads\/2023\/04\/WhatsApp-Image-2023-04-17-at-11.20.57-AM-1024x683.jpeg\" \/>\n<meta name=\"author\" content=\"Editor General\" \/>\n<meta name=\"twitter:card\" content=\"summary_large_image\" \/>\n<meta name=\"twitter:label1\" content=\"Escrito por\" \/>\n\t<meta name=\"twitter:data1\" content=\"Editor General\" \/>\n\t<meta name=\"twitter:label2\" content=\"Tiempo de lectura\" \/>\n\t<meta name=\"twitter:data2\" content=\"2 minutos\" \/>\n<script type=\"application\/ld+json\" class=\"yoast-schema-graph\">{\"@context\":\"https:\/\/schema.org\",\"@graph\":[{\"@type\":\"Article\",\"@id\":\"https:\/\/luchonoticias.com\/editor\/alcaldia-continua-caracterizando-a-los-recuperadores-de-oficio\/#article\",\"isPartOf\":{\"@id\":\"https:\/\/luchonoticias.com\/editor\/alcaldia-continua-caracterizando-a-los-recuperadores-de-oficio\/\"},\"author\":{\"name\":\"Editor General\",\"@id\":\"https:\/\/luchonoticias.com\/editor\/#\/schema\/person\/29217990ddf6f14e35912b2866d591fb\"},\"headline\":\"Alcald\u00eda contin\u00faa caracterizando a los recuperadores de oficio\",\"datePublished\":\"2023-04-17T20:32:07+00:00\",\"dateModified\":\"2023-04-17T20:32:09+00:00\",\"mainEntityOfPage\":{\"@id\":\"https:\/\/luchonoticias.com\/editor\/alcaldia-continua-caracterizando-a-los-recuperadores-de-oficio\/\"},\"wordCount\":395,\"commentCount\":0,\"publisher\":{\"@id\":\"https:\/\/luchonoticias.com\/editor\/#\/schema\/person\/7a7fd911f58561fd056dbac7b55af9cd\"},\"image\":{\"@id\":\"https:\/\/luchonoticias.com\/editor\/alcaldia-continua-caracterizando-a-los-recuperadores-de-oficio\/#primaryimage\"},\"thumbnailUrl\":\"https:\/\/luchonoticias.com\/wp-content\/uploads\/2023\/04\/WhatsApp-Image-2023-04-17-at-11.20.57-AM-1024x683.jpeg\",\"articleSection\":[\"Destacado\",\"Neiva\"],\"inLanguage\":\"es\",\"potentialAction\":[{\"@type\":\"CommentAction\",\"name\":\"Comment\",\"target\":[\"https:\/\/luchonoticias.com\/editor\/alcaldia-continua-caracterizando-a-los-recuperadores-de-oficio\/#respond\"]}]},{\"@type\":\"WebPage\",\"@id\":\"https:\/\/luchonoticias.com\/editor\/alcaldia-continua-caracterizando-a-los-recuperadores-de-oficio\/\",\"url\":\"https:\/\/luchonoticias.com\/editor\/alcaldia-continua-caracterizando-a-los-recuperadores-de-oficio\/\",\"name\":\"Alcald\u00eda contin\u00faa caracterizando a los recuperadores de oficio -\",\"isPartOf\":{\"@id\":\"https:\/\/luchonoticias.com\/editor\/#website\"},\"primaryImageOfPage\":{\"@id\":\"https:\/\/luchonoticias.com\/editor\/alcaldia-continua-caracterizando-a-los-recuperadores-de-oficio\/#primaryimage\"},\"image\":{\"@id\":\"https:\/\/luchonoticias.com\/editor\/alcaldia-continua-caracterizando-a-los-recuperadores-de-oficio\/#primaryimage\"},\"thumbnailUrl\":\"https:\/\/luchonoticias.com\/wp-content\/uploads\/2023\/04\/WhatsApp-Image-2023-04-17-at-11.20.57-AM-1024x683.jpeg\",\"datePublished\":\"2023-04-17T20:32:07+00:00\",\"dateModified\":\"2023-04-17T20:32:09+00:00\",\"breadcrumb\":{\"@id\":\"https:\/\/luchonoticias.com\/editor\/alcaldia-continua-caracterizando-a-los-recuperadores-de-oficio\/#breadcrumb\"},\"inLanguage\":\"es\",\"potentialAction\":[{\"@type\":\"ReadAction\",\"target\":[\"https:\/\/luchonoticias.com\/editor\/alcaldia-continua-caracterizando-a-los-recuperadores-de-oficio\/\"]}]},{\"@type\":\"ImageObject\",\"inLanguage\":\"es\",\"@id\":\"https:\/\/luchonoticias.com\/editor\/alcaldia-continua-caracterizando-a-los-recuperadores-de-oficio\/#primaryimage\",\"url\":\"https:\/\/luchonoticias.com\/wp-content\/uploads\/2023\/04\/WhatsApp-Image-2023-04-17-at-11.20.57-AM-1024x683.jpeg\",\"contentUrl\":\"https:\/\/luchonoticias.com\/wp-content\/uploads\/2023\/04\/WhatsApp-Image-2023-04-17-at-11.20.57-AM-1024x683.jpeg\"},{\"@type\":\"BreadcrumbList\",\"@id\":\"https:\/\/luchonoticias.com\/editor\/alcaldia-continua-caracterizando-a-los-recuperadores-de-oficio\/#breadcrumb\",\"itemListElement\":[{\"@type\":\"ListItem\",\"position\":1,\"name\":\"Portada\",\"item\":\"https:\/\/luchonoticias.com\/editor\/\"},{\"@type\":\"ListItem\",\"position\":2,\"name\":\"Alcald\u00eda contin\u00faa caracterizando a los recuperadores de oficio\"}]},{\"@type\":\"WebSite\",\"@id\":\"https:\/\/luchonoticias.com\/editor\/#website\",\"url\":\"https:\/\/luchonoticias.com\/editor\/\",\"name\":\"\",\"description\":\"\",\"publisher\":{\"@id\":\"https:\/\/luchonoticias.com\/editor\/#\/schema\/person\/7a7fd911f58561fd056dbac7b55af9cd\"},\"potentialAction\":[{\"@type\":\"SearchAction\",\"target\":{\"@type\":\"EntryPoint\",\"urlTemplate\":\"https:\/\/luchonoticias.com\/editor\/?s={search_term_string}\"},\"query-input\":{\"@type\":\"PropertyValueSpecification\",\"valueRequired\":true,\"valueName\":\"search_term_string\"}}],\"inLanguage\":\"es\"},{\"@type\":[\"Person\",\"Organization\"],\"@id\":\"https:\/\/luchonoticias.com\/editor\/#\/schema\/person\/7a7fd911f58561fd056dbac7b55af9cd\",\"name\":\"admin\",\"image\":{\"@type\":\"ImageObject\",\"inLanguage\":\"es\",\"@id\":\"https:\/\/luchonoticias.com\/editor\/#\/schema\/person\/image\/\",\"url\":\"https:\/\/luchonoticias.com\/editor\/wp-content\/uploads\/2024\/02\/cropped-cropped-logolu.webp\",\"contentUrl\":\"https:\/\/luchonoticias.com\/editor\/wp-content\/uploads\/2024\/02\/cropped-cropped-logolu.webp\",\"width\":382,\"height\":170,\"caption\":\"admin\"},\"logo\":{\"@id\":\"https:\/\/luchonoticias.com\/editor\/#\/schema\/person\/image\/\"},\"sameAs\":[\"https:\/\/www.facebook.com\/luchonoticiasneiva\"]},{\"@type\":\"Person\",\"@id\":\"https:\/\/luchonoticias.com\/editor\/#\/schema\/person\/29217990ddf6f14e35912b2866d591fb\",\"name\":\"Editor General\",\"image\":{\"@type\":\"ImageObject\",\"inLanguage\":\"es\",\"@id\":\"https:\/\/luchonoticias.com\/editor\/#\/schema\/person\/image\/\",\"url\":\"https:\/\/luchonoticias.com\/editor\/wp-content\/uploads\/2024\/02\/cropped-cropped-logolu-150x150.webp\",\"contentUrl\":\"https:\/\/luchonoticias.com\/editor\/wp-content\/uploads\/2024\/02\/cropped-cropped-logolu-150x150.webp\",\"caption\":\"Editor General\"},\"sameAs\":[\"https:\/\/luchonoticias.com\/\"],\"url\":\"https:\/\/luchonoticias.com\/editor\/author\/editor-general\/\"}]}<\/script>\n<!-- \/ Yoast SEO plugin. -->","yoast_head_json":{"title":"Alcald\u00eda contin\u00faa caracterizando a los recuperadores de oficio -","robots":{"index":"index","follow":"follow","max-snippet":"max-snippet:-1","max-image-preview":"max-image-preview:large","max-video-preview":"max-video-preview:-1"},"canonical":"https:\/\/luchonoticias.com\/editor\/alcaldia-continua-caracterizando-a-los-recuperadores-de-oficio\/","og_locale":"es_ES","og_type":"article","og_title":"Alcald\u00eda contin\u00faa caracterizando a los recuperadores de oficio -","og_url":"https:\/\/luchonoticias.com\/editor\/alcaldia-continua-caracterizando-a-los-recuperadores-de-oficio\/","article_publisher":"https:\/\/www.facebook.com\/luchonoticiasneiva","article_published_time":"2023-04-17T20:32:07+00:00","article_modified_time":"2023-04-17T20:32:09+00:00","og_image":[{"url":"https:\/\/luchonoticias.com\/wp-content\/uploads\/2023\/04\/WhatsApp-Image-2023-04-17-at-11.20.57-AM-1024x683.jpeg","type":"","width":"","height":""}],"author":"Editor General","twitter_card":"summary_large_image","twitter_misc":{"Escrito por":"Editor General","Tiempo de lectura":"2 minutos"},"schema":{"@context":"https:\/\/schema.org","@graph":[{"@type":"Article","@id":"https:\/\/luchonoticias.com\/editor\/alcaldia-continua-caracterizando-a-los-recuperadores-de-oficio\/#article","isPartOf":{"@id":"https:\/\/luchonoticias.com\/editor\/alcaldia-continua-caracterizando-a-los-recuperadores-de-oficio\/"},"author":{"name":"Editor General","@id":"https:\/\/luchonoticias.com\/editor\/#\/schema\/person\/29217990ddf6f14e35912b2866d591fb"},"headline":"Alcald\u00eda contin\u00faa caracterizando a los recuperadores de oficio","datePublished":"2023-04-17T20:32:07+00:00","dateModified":"2023-04-17T20:32:09+00:00","mainEntityOfPage":{"@id":"https:\/\/luchonoticias.com\/editor\/alcaldia-continua-caracterizando-a-los-recuperadores-de-oficio\/"},"wordCount":395,"commentCount":0,"publisher":{"@id":"https:\/\/luchonoticias.com\/editor\/#\/schema\/person\/7a7fd911f58561fd056dbac7b55af9cd"},"image":{"@id":"https:\/\/luchonoticias.com\/editor\/alcaldia-continua-caracterizando-a-los-recuperadores-de-oficio\/#primaryimage"},"thumbnailUrl":"https:\/\/luchonoticias.com\/wp-content\/uploads\/2023\/04\/WhatsApp-Image-2023-04-17-at-11.20.57-AM-1024x683.jpeg","articleSection":["Destacado","Neiva"],"inLanguage":"es","potentialAction":[{"@type":"CommentAction","name":"Comment","target":["https:\/\/luchonoticias.com\/editor\/alcaldia-continua-caracterizando-a-los-recuperadores-de-oficio\/#respond"]}]},{"@type":"WebPage","@id":"https:\/\/luchonoticias.com\/editor\/alcaldia-continua-caracterizando-a-los-recuperadores-de-oficio\/","url":"https:\/\/luchonoticias.com\/editor\/alcaldia-continua-caracterizando-a-los-recuperadores-de-oficio\/","name":"Alcald\u00eda contin\u00faa caracterizando a los recuperadores de oficio -","isPartOf":{"@id":"https:\/\/luchonoticias.com\/editor\/#website"},"primaryImageOfPage":{"@id":"https:\/\/luchonoticias.com\/editor\/alcaldia-continua-caracterizando-a-los-recuperadores-de-oficio\/#primaryimage"},"image":{"@id":"https:\/\/luchonoticias.com\/editor\/alcaldia-continua-caracterizando-a-los-recuperadores-de-oficio\/#primaryimage"},"thumbnailUrl":"https:\/\/luchonoticias.com\/wp-content\/uploads\/2023\/04\/WhatsApp-Image-2023-04-17-at-11.20.57-AM-1024x683.jpeg","datePublished":"2023-04-17T20:32:07+00:00","dateModified":"2023-04-17T20:32:09+00:00","breadcrumb":{"@id":"https:\/\/luchonoticias.com\/editor\/alcaldia-continua-caracterizando-a-los-recuperadores-de-oficio\/#breadcrumb"},"inLanguage":"es","potentialAction":[{"@type":"ReadAction","target":["https:\/\/luchonoticias.com\/editor\/alcaldia-continua-caracterizando-a-los-recuperadores-de-oficio\/"]}]},{"@type":"ImageObject","inLanguage":"es","@id":"https:\/\/luchonoticias.com\/editor\/alcaldia-continua-caracterizando-a-los-recuperadores-de-oficio\/#primaryimage","url":"https:\/\/luchonoticias.com\/wp-content\/uploads\/2023\/04\/WhatsApp-Image-2023-04-17-at-11.20.57-AM-1024x683.jpeg","contentUrl":"https:\/\/luchonoticias.com\/wp-content\/uploads\/2023\/04\/WhatsApp-Image-2023-04-17-at-11.20.57-AM-1024x683.jpeg"},{"@type":"BreadcrumbList","@id":"https:\/\/luchonoticias.com\/editor\/alcaldia-continua-caracterizando-a-los-recuperadores-de-oficio\/#breadcrumb","itemListElement":[{"@type":"ListItem","position":1,"name":"Portada","item":"https:\/\/luchonoticias.com\/editor\/"},{"@type":"ListItem","position":2,"name":"Alcald\u00eda contin\u00faa caracterizando a los recuperadores de oficio"}]},{"@type":"WebSite","@id":"https:\/\/luchonoticias.com\/editor\/#website","url":"https:\/\/luchonoticias.com\/editor\/","name":"","description":"","publisher":{"@id":"https:\/\/luchonoticias.com\/editor\/#\/schema\/person\/7a7fd911f58561fd056dbac7b55af9cd"},"potentialAction":[{"@type":"SearchAction","target":{"@type":"EntryPoint","urlTemplate":"https:\/\/luchonoticias.com\/editor\/?s={search_term_string}"},"query-input":{"@type":"PropertyValueSpecification","valueRequired":true,"valueName":"search_term_string"}}],"inLanguage":"es"},{"@type":["Person","Organization"],"@id":"https:\/\/luchonoticias.com\/editor\/#\/schema\/person\/7a7fd911f58561fd056dbac7b55af9cd","name":"admin","image":{"@type":"ImageObject","inLanguage":"es","@id":"https:\/\/luchonoticias.com\/editor\/#\/schema\/person\/image\/","url":"https:\/\/luchonoticias.com\/editor\/wp-content\/uploads\/2024\/02\/cropped-cropped-logolu.webp","contentUrl":"https:\/\/luchonoticias.com\/editor\/wp-content\/uploads\/2024\/02\/cropped-cropped-logolu.webp","width":382,"height":170,"caption":"admin"},"logo":{"@id":"https:\/\/luchonoticias.com\/editor\/#\/schema\/person\/image\/"},"sameAs":["https:\/\/www.facebook.com\/luchonoticiasneiva"]},{"@type":"Person","@id":"https:\/\/luchonoticias.com\/editor\/#\/schema\/person\/29217990ddf6f14e35912b2866d591fb","name":"Editor General","image":{"@type":"ImageObject","inLanguage":"es","@id":"https:\/\/luchonoticias.com\/editor\/#\/schema\/person\/image\/","url":"https:\/\/luchonoticias.com\/editor\/wp-content\/uploads\/2024\/02\/cropped-cropped-logolu-150x150.webp","contentUrl":"https:\/\/luchonoticias.com\/editor\/wp-content\/uploads\/2024\/02\/cropped-cropped-logolu-150x150.webp","caption":"Editor General"},"sameAs":["https:\/\/luchonoticias.com\/"],"url":"https:\/\/luchonoticias.com\/editor\/author\/editor-general\/"}]}},"_links":{"self":[{"href":"https:\/\/luchonoticias.com\/editor\/wp-json\/wp\/v2\/posts\/50501","targetHints":{"allow":["GET"]}}],"collection":[{"href":"https:\/\/luchonoticias.com\/editor\/wp-json\/wp\/v2\/posts"}],"about":[{"href":"https:\/\/luchonoticias.com\/editor\/wp-json\/wp\/v2\/types\/post"}],"author":[{"embeddable":true,"href":"https:\/\/luchonoticias.com\/editor\/wp-json\/wp\/v2\/users\/2"}],"replies":[{"embeddable":true,"href":"https:\/\/luchonoticias.com\/editor\/wp-json\/wp\/v2\/comments?post=50501"}],"version-history":[{"count":0,"href":"https:\/\/luchonoticias.com\/editor\/wp-json\/wp\/v2\/posts\/50501\/revisions"}],"wp:attachment":[{"href":"https:\/\/luchonoticias.com\/editor\/wp-json\/wp\/v2\/media?parent=50501"}],"wp:term":[{"taxonomy":"category","embeddable":true,"href":"https:\/\/luchonoticias.com\/editor\/wp-json\/wp\/v2\/categories?post=50501"},{"taxonomy":"post_tag","embeddable":true,"href":"https:\/\/luchonoticias.com\/editor\/wp-json\/wp\/v2\/tags?post=50501"}],"curies":[{"name":"wp","href":"https:\/\/api.w.org\/{rel}","templated":true}]}}