{"id":50510,"date":"2023-04-17T15:35:09","date_gmt":"2023-04-17T20:35:09","guid":{"rendered":"https:\/\/luchonoticias.com\/?p=50510"},"modified":"2023-04-17T15:35:10","modified_gmt":"2023-04-17T20:35:10","slug":"capturados-dos-sujetos-con-un-arma-de-fuego-ilegal-tipo-artesanal","status":"publish","type":"post","link":"https:\/\/luchonoticias.com\/editor\/capturados-dos-sujetos-con-un-arma-de-fuego-ilegal-tipo-artesanal\/","title":{"rendered":"Capturados dos sujetos con un arma de fuego ilegal tipo artesanal"},"content":{"rendered":"\n<p>La Polic\u00eda Nacional construyendo seguridad y dando continuidad al Plan \u00abChoque\u00bb, se logra la captura de una persona con un arma de fuego ilegal.<\/p>\n\n\n\n<p>Es as\u00ed como uniformados adscritos al Cuadrante 42 del CAI Santa Rosa, mediante planes de registro y control sobre la calle 80 con carrera 1f del barrio Minuto de DIOS, logran la captura de dos sujetos de 22 a\u00f1os de edad, los cuales ten\u00edan en su poder un arma de fuego tipo artesanal con 5 cartuchos para la misma.<\/p>\n\n\n\n<p>Los capturados fueron dejados a disposici\u00f3n por el delito de Tr\u00e1fico, Fabricaci\u00f3n o Porte Ilegal de Armas de Fuego, ante un juez de control y garant\u00edas, quien en las \u00faltimas horas definir\u00e1n su situaci\u00f3n jur\u00eddica.<\/p>\n\n\n\n<p>La Polic\u00eda Metropolitana de Neiva contin\u00faa arrojando importantes resultados operativos en favor de la seguridad y la convivencia en la ciudad de Neiva.<\/p>\n","protected":false},"excerpt":{"rendered":"<p>La Polic\u00eda Nacional construyendo seguridad y dando continuidad al Plan \u00abChoque\u00bb, se logra la captura de una persona con un arma de fuego ilegal. Es as\u00ed como uniformados adscritos al Cuadrante 42 del CAI Santa Rosa, mediante planes de registro y control sobre la calle 80 con carrera 1f del barrio Minuto de DIOS, logran [&hellip;]<\/p>\n","protected":false},"author":2,"featured_media":0,"comment_status":"open","ping_status":"open","sticky":false,"template":"","format":"standard","meta":{"footnotes":""},"categories":[36,29],"tags":[],"class_list":["post-50510","post","type-post","status-publish","format-standard","hentry","category-destacado","category-judicial"],"yoast_head":"<!-- This site is optimized with the Yoast SEO plugin v26.6 - https:\/\/yoast.com\/wordpress\/plugins\/seo\/ -->\n<title>Capturados dos sujetos con un arma de fuego ilegal tipo artesanal -<\/title>\n<meta name=\"robots\" content=\"index, follow, max-snippet:-1, max-image-preview:large, max-video-preview:-1\" \/>\n<link rel=\"canonical\" href=\"https:\/\/luchonoticias.com\/editor\/capturados-dos-sujetos-con-un-arma-de-fuego-ilegal-tipo-artesanal\/\" \/>\n<meta property=\"og:locale\" content=\"es_ES\" \/>\n<meta property=\"og:type\" content=\"article\" \/>\n<meta property=\"og:title\" content=\"Capturados dos sujetos con un arma de fuego ilegal tipo artesanal -\" \/>\n<meta property=\"og:url\" content=\"https:\/\/luchonoticias.com\/editor\/capturados-dos-sujetos-con-un-arma-de-fuego-ilegal-tipo-artesanal\/\" \/>\n<meta property=\"article:publisher\" content=\"https:\/\/www.facebook.com\/luchonoticiasneiva\" \/>\n<meta property=\"article:published_time\" content=\"2023-04-17T20:35:09+00:00\" \/>\n<meta property=\"article:modified_time\" content=\"2023-04-17T20:35:10+00:00\" \/>\n<meta name=\"author\" content=\"Editor General\" \/>\n<meta name=\"twitter:card\" content=\"summary_large_image\" \/>\n<meta name=\"twitter:label1\" content=\"Escrito por\" \/>\n\t<meta name=\"twitter:data1\" content=\"Editor General\" \/>\n\t<meta name=\"twitter:label2\" content=\"Tiempo de lectura\" \/>\n\t<meta name=\"twitter:data2\" content=\"1 minuto\" \/>\n<script type=\"application\/ld+json\" class=\"yoast-schema-graph\">{\"@context\":\"https:\/\/schema.org\",\"@graph\":[{\"@type\":\"Article\",\"@id\":\"https:\/\/luchonoticias.com\/editor\/capturados-dos-sujetos-con-un-arma-de-fuego-ilegal-tipo-artesanal\/#article\",\"isPartOf\":{\"@id\":\"https:\/\/luchonoticias.com\/editor\/capturados-dos-sujetos-con-un-arma-de-fuego-ilegal-tipo-artesanal\/\"},\"author\":{\"name\":\"Editor General\",\"@id\":\"https:\/\/luchonoticias.com\/editor\/#\/schema\/person\/29217990ddf6f14e35912b2866d591fb\"},\"headline\":\"Capturados dos sujetos con un arma de fuego ilegal tipo artesanal\",\"datePublished\":\"2023-04-17T20:35:09+00:00\",\"dateModified\":\"2023-04-17T20:35:10+00:00\",\"mainEntityOfPage\":{\"@id\":\"https:\/\/luchonoticias.com\/editor\/capturados-dos-sujetos-con-un-arma-de-fuego-ilegal-tipo-artesanal\/\"},\"wordCount\":160,\"commentCount\":0,\"publisher\":{\"@id\":\"https:\/\/luchonoticias.com\/editor\/#\/schema\/person\/7a7fd911f58561fd056dbac7b55af9cd\"},\"articleSection\":[\"Destacado\",\"Judicial\"],\"inLanguage\":\"es\",\"potentialAction\":[{\"@type\":\"CommentAction\",\"name\":\"Comment\",\"target\":[\"https:\/\/luchonoticias.com\/editor\/capturados-dos-sujetos-con-un-arma-de-fuego-ilegal-tipo-artesanal\/#respond\"]}]},{\"@type\":\"WebPage\",\"@id\":\"https:\/\/luchonoticias.com\/editor\/capturados-dos-sujetos-con-un-arma-de-fuego-ilegal-tipo-artesanal\/\",\"url\":\"https:\/\/luchonoticias.com\/editor\/capturados-dos-sujetos-con-un-arma-de-fuego-ilegal-tipo-artesanal\/\",\"name\":\"Capturados dos sujetos con un arma de fuego ilegal tipo artesanal -\",\"isPartOf\":{\"@id\":\"https:\/\/luchonoticias.com\/editor\/#website\"},\"datePublished\":\"2023-04-17T20:35:09+00:00\",\"dateModified\":\"2023-04-17T20:35:10+00:00\",\"breadcrumb\":{\"@id\":\"https:\/\/luchonoticias.com\/editor\/capturados-dos-sujetos-con-un-arma-de-fuego-ilegal-tipo-artesanal\/#breadcrumb\"},\"inLanguage\":\"es\",\"potentialAction\":[{\"@type\":\"ReadAction\",\"target\":[\"https:\/\/luchonoticias.com\/editor\/capturados-dos-sujetos-con-un-arma-de-fuego-ilegal-tipo-artesanal\/\"]}]},{\"@type\":\"BreadcrumbList\",\"@id\":\"https:\/\/luchonoticias.com\/editor\/capturados-dos-sujetos-con-un-arma-de-fuego-ilegal-tipo-artesanal\/#breadcrumb\",\"itemListElement\":[{\"@type\":\"ListItem\",\"position\":1,\"name\":\"Portada\",\"item\":\"https:\/\/luchonoticias.com\/editor\/\"},{\"@type\":\"ListItem\",\"position\":2,\"name\":\"Capturados dos sujetos con un arma de fuego ilegal tipo artesanal\"}]},{\"@type\":\"WebSite\",\"@id\":\"https:\/\/luchonoticias.com\/editor\/#website\",\"url\":\"https:\/\/luchonoticias.com\/editor\/\",\"name\":\"\",\"description\":\"\",\"publisher\":{\"@id\":\"https:\/\/luchonoticias.com\/editor\/#\/schema\/person\/7a7fd911f58561fd056dbac7b55af9cd\"},\"potentialAction\":[{\"@type\":\"SearchAction\",\"target\":{\"@type\":\"EntryPoint\",\"urlTemplate\":\"https:\/\/luchonoticias.com\/editor\/?s={search_term_string}\"},\"query-input\":{\"@type\":\"PropertyValueSpecification\",\"valueRequired\":true,\"valueName\":\"search_term_string\"}}],\"inLanguage\":\"es\"},{\"@type\":[\"Person\",\"Organization\"],\"@id\":\"https:\/\/luchonoticias.com\/editor\/#\/schema\/person\/7a7fd911f58561fd056dbac7b55af9cd\",\"name\":\"admin\",\"image\":{\"@type\":\"ImageObject\",\"inLanguage\":\"es\",\"@id\":\"https:\/\/luchonoticias.com\/editor\/#\/schema\/person\/image\/\",\"url\":\"https:\/\/luchonoticias.com\/editor\/wp-content\/uploads\/2024\/02\/cropped-cropped-logolu.webp\",\"contentUrl\":\"https:\/\/luchonoticias.com\/editor\/wp-content\/uploads\/2024\/02\/cropped-cropped-logolu.webp\",\"width\":382,\"height\":170,\"caption\":\"admin\"},\"logo\":{\"@id\":\"https:\/\/luchonoticias.com\/editor\/#\/schema\/person\/image\/\"},\"sameAs\":[\"https:\/\/www.facebook.com\/luchonoticiasneiva\"]},{\"@type\":\"Person\",\"@id\":\"https:\/\/luchonoticias.com\/editor\/#\/schema\/person\/29217990ddf6f14e35912b2866d591fb\",\"name\":\"Editor General\",\"image\":{\"@type\":\"ImageObject\",\"inLanguage\":\"es\",\"@id\":\"https:\/\/luchonoticias.com\/editor\/#\/schema\/person\/image\/\",\"url\":\"https:\/\/luchonoticias.com\/editor\/wp-content\/uploads\/2024\/02\/cropped-cropped-logolu-150x150.webp\",\"contentUrl\":\"https:\/\/luchonoticias.com\/editor\/wp-content\/uploads\/2024\/02\/cropped-cropped-logolu-150x150.webp\",\"caption\":\"Editor General\"},\"sameAs\":[\"https:\/\/luchonoticias.com\/\"],\"url\":\"https:\/\/luchonoticias.com\/editor\/author\/editor-general\/\"}]}<\/script>\n<!-- \/ Yoast SEO plugin. -->","yoast_head_json":{"title":"Capturados dos sujetos con un arma de fuego ilegal tipo artesanal -","robots":{"index":"index","follow":"follow","max-snippet":"max-snippet:-1","max-image-preview":"max-image-preview:large","max-video-preview":"max-video-preview:-1"},"canonical":"https:\/\/luchonoticias.com\/editor\/capturados-dos-sujetos-con-un-arma-de-fuego-ilegal-tipo-artesanal\/","og_locale":"es_ES","og_type":"article","og_title":"Capturados dos sujetos con un arma de fuego ilegal tipo artesanal -","og_url":"https:\/\/luchonoticias.com\/editor\/capturados-dos-sujetos-con-un-arma-de-fuego-ilegal-tipo-artesanal\/","article_publisher":"https:\/\/www.facebook.com\/luchonoticiasneiva","article_published_time":"2023-04-17T20:35:09+00:00","article_modified_time":"2023-04-17T20:35:10+00:00","author":"Editor General","twitter_card":"summary_large_image","twitter_misc":{"Escrito por":"Editor General","Tiempo de lectura":"1 minuto"},"schema":{"@context":"https:\/\/schema.org","@graph":[{"@type":"Article","@id":"https:\/\/luchonoticias.com\/editor\/capturados-dos-sujetos-con-un-arma-de-fuego-ilegal-tipo-artesanal\/#article","isPartOf":{"@id":"https:\/\/luchonoticias.com\/editor\/capturados-dos-sujetos-con-un-arma-de-fuego-ilegal-tipo-artesanal\/"},"author":{"name":"Editor General","@id":"https:\/\/luchonoticias.com\/editor\/#\/schema\/person\/29217990ddf6f14e35912b2866d591fb"},"headline":"Capturados dos sujetos con un arma de fuego ilegal tipo artesanal","datePublished":"2023-04-17T20:35:09+00:00","dateModified":"2023-04-17T20:35:10+00:00","mainEntityOfPage":{"@id":"https:\/\/luchonoticias.com\/editor\/capturados-dos-sujetos-con-un-arma-de-fuego-ilegal-tipo-artesanal\/"},"wordCount":160,"commentCount":0,"publisher":{"@id":"https:\/\/luchonoticias.com\/editor\/#\/schema\/person\/7a7fd911f58561fd056dbac7b55af9cd"},"articleSection":["Destacado","Judicial"],"inLanguage":"es","potentialAction":[{"@type":"CommentAction","name":"Comment","target":["https:\/\/luchonoticias.com\/editor\/capturados-dos-sujetos-con-un-arma-de-fuego-ilegal-tipo-artesanal\/#respond"]}]},{"@type":"WebPage","@id":"https:\/\/luchonoticias.com\/editor\/capturados-dos-sujetos-con-un-arma-de-fuego-ilegal-tipo-artesanal\/","url":"https:\/\/luchonoticias.com\/editor\/capturados-dos-sujetos-con-un-arma-de-fuego-ilegal-tipo-artesanal\/","name":"Capturados dos sujetos con un arma de fuego ilegal tipo artesanal -","isPartOf":{"@id":"https:\/\/luchonoticias.com\/editor\/#website"},"datePublished":"2023-04-17T20:35:09+00:00","dateModified":"2023-04-17T20:35:10+00:00","breadcrumb":{"@id":"https:\/\/luchonoticias.com\/editor\/capturados-dos-sujetos-con-un-arma-de-fuego-ilegal-tipo-artesanal\/#breadcrumb"},"inLanguage":"es","potentialAction":[{"@type":"ReadAction","target":["https:\/\/luchonoticias.com\/editor\/capturados-dos-sujetos-con-un-arma-de-fuego-ilegal-tipo-artesanal\/"]}]},{"@type":"BreadcrumbList","@id":"https:\/\/luchonoticias.com\/editor\/capturados-dos-sujetos-con-un-arma-de-fuego-ilegal-tipo-artesanal\/#breadcrumb","itemListElement":[{"@type":"ListItem","position":1,"name":"Portada","item":"https:\/\/luchonoticias.com\/editor\/"},{"@type":"ListItem","position":2,"name":"Capturados dos sujetos con un arma de fuego ilegal tipo artesanal"}]},{"@type":"WebSite","@id":"https:\/\/luchonoticias.com\/editor\/#website","url":"https:\/\/luchonoticias.com\/editor\/","name":"","description":"","publisher":{"@id":"https:\/\/luchonoticias.com\/editor\/#\/schema\/person\/7a7fd911f58561fd056dbac7b55af9cd"},"potentialAction":[{"@type":"SearchAction","target":{"@type":"EntryPoint","urlTemplate":"https:\/\/luchonoticias.com\/editor\/?s={search_term_string}"},"query-input":{"@type":"PropertyValueSpecification","valueRequired":true,"valueName":"search_term_string"}}],"inLanguage":"es"},{"@type":["Person","Organization"],"@id":"https:\/\/luchonoticias.com\/editor\/#\/schema\/person\/7a7fd911f58561fd056dbac7b55af9cd","name":"admin","image":{"@type":"ImageObject","inLanguage":"es","@id":"https:\/\/luchonoticias.com\/editor\/#\/schema\/person\/image\/","url":"https:\/\/luchonoticias.com\/editor\/wp-content\/uploads\/2024\/02\/cropped-cropped-logolu.webp","contentUrl":"https:\/\/luchonoticias.com\/editor\/wp-content\/uploads\/2024\/02\/cropped-cropped-logolu.webp","width":382,"height":170,"caption":"admin"},"logo":{"@id":"https:\/\/luchonoticias.com\/editor\/#\/schema\/person\/image\/"},"sameAs":["https:\/\/www.facebook.com\/luchonoticiasneiva"]},{"@type":"Person","@id":"https:\/\/luchonoticias.com\/editor\/#\/schema\/person\/29217990ddf6f14e35912b2866d591fb","name":"Editor General","image":{"@type":"ImageObject","inLanguage":"es","@id":"https:\/\/luchonoticias.com\/editor\/#\/schema\/person\/image\/","url":"https:\/\/luchonoticias.com\/editor\/wp-content\/uploads\/2024\/02\/cropped-cropped-logolu-150x150.webp","contentUrl":"https:\/\/luchonoticias.com\/editor\/wp-content\/uploads\/2024\/02\/cropped-cropped-logolu-150x150.webp","caption":"Editor General"},"sameAs":["https:\/\/luchonoticias.com\/"],"url":"https:\/\/luchonoticias.com\/editor\/author\/editor-general\/"}]}},"_links":{"self":[{"href":"https:\/\/luchonoticias.com\/editor\/wp-json\/wp\/v2\/posts\/50510","targetHints":{"allow":["GET"]}}],"collection":[{"href":"https:\/\/luchonoticias.com\/editor\/wp-json\/wp\/v2\/posts"}],"about":[{"href":"https:\/\/luchonoticias.com\/editor\/wp-json\/wp\/v2\/types\/post"}],"author":[{"embeddable":true,"href":"https:\/\/luchonoticias.com\/editor\/wp-json\/wp\/v2\/users\/2"}],"replies":[{"embeddable":true,"href":"https:\/\/luchonoticias.com\/editor\/wp-json\/wp\/v2\/comments?post=50510"}],"version-history":[{"count":0,"href":"https:\/\/luchonoticias.com\/editor\/wp-json\/wp\/v2\/posts\/50510\/revisions"}],"wp:attachment":[{"href":"https:\/\/luchonoticias.com\/editor\/wp-json\/wp\/v2\/media?parent=50510"}],"wp:term":[{"taxonomy":"category","embeddable":true,"href":"https:\/\/luchonoticias.com\/editor\/wp-json\/wp\/v2\/categories?post=50510"},{"taxonomy":"post_tag","embeddable":true,"href":"https:\/\/luchonoticias.com\/editor\/wp-json\/wp\/v2\/tags?post=50510"}],"curies":[{"name":"wp","href":"https:\/\/api.w.org\/{rel}","templated":true}]}}