{"id":50584,"date":"2023-04-18T15:26:59","date_gmt":"2023-04-18T20:26:59","guid":{"rendered":"https:\/\/luchonoticias.com\/?p=50584"},"modified":"2023-04-18T15:27:00","modified_gmt":"2023-04-18T20:27:00","slug":"petro-confirmo-cumbre-de-alto-nivel-para-reactivar-dialogo-entre-gobierno-y-oposicion-venezolana-en-bogota","status":"publish","type":"post","link":"https:\/\/luchonoticias.com\/editor\/petro-confirmo-cumbre-de-alto-nivel-para-reactivar-dialogo-entre-gobierno-y-oposicion-venezolana-en-bogota\/","title":{"rendered":"Petro confirm\u00f3 cumbre de alto nivel para reactivar di\u00e1logo entre Gobierno y oposici\u00f3n venezolana, en Bogot\u00e1"},"content":{"rendered":"\n<p>Bogot\u00e1 ser\u00e1 sede, la pr\u00f3xima semana, de una cumbre de alto nivel con el fin de reactivar los di\u00e1logos entre el Gobierno de Venezuela y la oposici\u00f3n pol\u00edtica del vecino pa\u00eds, y que no han avanzado en M\u00e9xico.<\/p>\n\n\n\n<p>As\u00ed lo confirm\u00f3 este lunes el Presidente de Colombia, Gustavo Petro, al t\u00e9rmino de su intervenci\u00f3n en el Foro de Cuestiones Ind\u00edgenas, que lider\u00f3 la Organizaci\u00f3n de las Naciones Unidas (ONU) en su sede de Nueva York.<\/p>\n\n\n\n<p>La reuni\u00f3n contar\u00e1 con la asistencia confirmada de los ministros y funcionarios de exteriores de pa\u00edses americanos, como Estados Unidos, de la Uni\u00f3n Europea y de naciones del continente, con el fin de buscar una salida a la crisis pol\u00edtica venezolana.<\/p>\n\n\n\n<p>\u201cEsta cumbre de cancilleres de gobiernos europeos, de Estados Unidos, de pa\u00edses de Am\u00e9rica Latina, en pos de destrabar las negociaciones que realiza Venezuela, Estados Unidos, M\u00e9xico y Noruega, con un objetivo: que no haya sanciones y que haya mucha m\u00e1s democracia. M\u00e1s democracia, cero sanciones, es el objetivo de la conferencia en Bogot\u00e1\u201d, puntualiz\u00f3.<\/p>\n\n\n\n<p>Sobre la importancia de lograr avanzar en las negociaciones en Venezuela, el Presidente Petro, agreg\u00f3 que Colombia tambi\u00e9n se ver\u00e1 beneficiada como naci\u00f3n, si las salidas democr\u00e1ticas se logran en el vecino pa\u00eds.<\/p>\n\n\n\n<p>\u201cYo pienso, sin entrometerme en la discusi\u00f3n pol\u00edtica interna venezolana, que el camino del di\u00e1logo, el camino de la democracia es clave. He invitado al gobierno venezolano a reintegrarse al Sistema Interamericano de Derechos Humanos que me parece un instrumento a fortalecer en todo el Continente, es el camino adecuado. Es decir, que sea lo que el pueblo venezolano, libre, sin presiones, decida sobre su futuro inmediato\u201d, aclar\u00f3.<\/p>\n\n\n\n<p>Dijo, adem\u00e1s, que \u201cla paz colombiana est\u00e1 articulada a unos objetivos globales y se escapan, de la sociedad misma de Colombia, muchos de los hechos que incentivan la violencia en el pa\u00eds, por ejemplo, las econom\u00edas il\u00edcitas, los cambios en la geopol\u00edtica mundial\u201d.<\/p>\n\n\n\n<p>\u201cEn esa medida el relacionamiento con Venezuela, la reapertura de la frontera, la reconstrucci\u00f3n de lazos diplom\u00e1ticos, la posibilidad de que tampoco la violencia anegue a Venezuela, hace que hoy Venezuela sea un aliado de la paz\u201d, afirm\u00f3.<\/p>\n","protected":false},"excerpt":{"rendered":"<p>Bogot\u00e1 ser\u00e1 sede, la pr\u00f3xima semana, de una cumbre de alto nivel con el fin de reactivar los di\u00e1logos entre el Gobierno de Venezuela y la oposici\u00f3n pol\u00edtica del vecino pa\u00eds, y que no han avanzado en M\u00e9xico. As\u00ed lo confirm\u00f3 este lunes el Presidente de Colombia, Gustavo Petro, al t\u00e9rmino de su intervenci\u00f3n en [&hellip;]<\/p>\n","protected":false},"author":2,"featured_media":0,"comment_status":"open","ping_status":"open","sticky":false,"template":"","format":"standard","meta":{"footnotes":""},"categories":[28,36],"tags":[],"class_list":["post-50584","post","type-post","status-publish","format-standard","hentry","category-actualidad","category-destacado"],"yoast_head":"<!-- This site is optimized with the Yoast SEO plugin v26.6 - https:\/\/yoast.com\/wordpress\/plugins\/seo\/ -->\n<title>Petro confirm\u00f3 cumbre de alto nivel para reactivar di\u00e1logo entre Gobierno y oposici\u00f3n venezolana, en Bogot\u00e1 -<\/title>\n<meta name=\"robots\" content=\"index, follow, max-snippet:-1, max-image-preview:large, max-video-preview:-1\" \/>\n<link rel=\"canonical\" href=\"https:\/\/luchonoticias.com\/editor\/petro-confirmo-cumbre-de-alto-nivel-para-reactivar-dialogo-entre-gobierno-y-oposicion-venezolana-en-bogota\/\" \/>\n<meta property=\"og:locale\" content=\"es_ES\" \/>\n<meta property=\"og:type\" content=\"article\" \/>\n<meta property=\"og:title\" content=\"Petro confirm\u00f3 cumbre de alto nivel para reactivar di\u00e1logo entre Gobierno y oposici\u00f3n venezolana, en Bogot\u00e1 -\" \/>\n<meta property=\"og:url\" content=\"https:\/\/luchonoticias.com\/editor\/petro-confirmo-cumbre-de-alto-nivel-para-reactivar-dialogo-entre-gobierno-y-oposicion-venezolana-en-bogota\/\" \/>\n<meta property=\"article:publisher\" content=\"https:\/\/www.facebook.com\/luchonoticiasneiva\" \/>\n<meta property=\"article:published_time\" content=\"2023-04-18T20:26:59+00:00\" \/>\n<meta property=\"article:modified_time\" content=\"2023-04-18T20:27:00+00:00\" \/>\n<meta name=\"author\" content=\"Editor General\" \/>\n<meta name=\"twitter:card\" content=\"summary_large_image\" \/>\n<meta name=\"twitter:label1\" content=\"Escrito por\" \/>\n\t<meta name=\"twitter:data1\" content=\"Editor General\" \/>\n\t<meta name=\"twitter:label2\" content=\"Tiempo de lectura\" \/>\n\t<meta name=\"twitter:data2\" content=\"2 minutos\" \/>\n<script type=\"application\/ld+json\" class=\"yoast-schema-graph\">{\"@context\":\"https:\/\/schema.org\",\"@graph\":[{\"@type\":\"Article\",\"@id\":\"https:\/\/luchonoticias.com\/editor\/petro-confirmo-cumbre-de-alto-nivel-para-reactivar-dialogo-entre-gobierno-y-oposicion-venezolana-en-bogota\/#article\",\"isPartOf\":{\"@id\":\"https:\/\/luchonoticias.com\/editor\/petro-confirmo-cumbre-de-alto-nivel-para-reactivar-dialogo-entre-gobierno-y-oposicion-venezolana-en-bogota\/\"},\"author\":{\"name\":\"Editor General\",\"@id\":\"https:\/\/luchonoticias.com\/editor\/#\/schema\/person\/29217990ddf6f14e35912b2866d591fb\"},\"headline\":\"Petro confirm\u00f3 cumbre de alto nivel para reactivar di\u00e1logo entre Gobierno y oposici\u00f3n venezolana, en Bogot\u00e1\",\"datePublished\":\"2023-04-18T20:26:59+00:00\",\"dateModified\":\"2023-04-18T20:27:00+00:00\",\"mainEntityOfPage\":{\"@id\":\"https:\/\/luchonoticias.com\/editor\/petro-confirmo-cumbre-de-alto-nivel-para-reactivar-dialogo-entre-gobierno-y-oposicion-venezolana-en-bogota\/\"},\"wordCount\":404,\"commentCount\":0,\"publisher\":{\"@id\":\"https:\/\/luchonoticias.com\/editor\/#\/schema\/person\/7a7fd911f58561fd056dbac7b55af9cd\"},\"articleSection\":[\"Actualidad\",\"Destacado\"],\"inLanguage\":\"es\",\"potentialAction\":[{\"@type\":\"CommentAction\",\"name\":\"Comment\",\"target\":[\"https:\/\/luchonoticias.com\/editor\/petro-confirmo-cumbre-de-alto-nivel-para-reactivar-dialogo-entre-gobierno-y-oposicion-venezolana-en-bogota\/#respond\"]}]},{\"@type\":\"WebPage\",\"@id\":\"https:\/\/luchonoticias.com\/editor\/petro-confirmo-cumbre-de-alto-nivel-para-reactivar-dialogo-entre-gobierno-y-oposicion-venezolana-en-bogota\/\",\"url\":\"https:\/\/luchonoticias.com\/editor\/petro-confirmo-cumbre-de-alto-nivel-para-reactivar-dialogo-entre-gobierno-y-oposicion-venezolana-en-bogota\/\",\"name\":\"Petro confirm\u00f3 cumbre de alto nivel para reactivar di\u00e1logo entre Gobierno y oposici\u00f3n venezolana, en Bogot\u00e1 -\",\"isPartOf\":{\"@id\":\"https:\/\/luchonoticias.com\/editor\/#website\"},\"datePublished\":\"2023-04-18T20:26:59+00:00\",\"dateModified\":\"2023-04-18T20:27:00+00:00\",\"breadcrumb\":{\"@id\":\"https:\/\/luchonoticias.com\/editor\/petro-confirmo-cumbre-de-alto-nivel-para-reactivar-dialogo-entre-gobierno-y-oposicion-venezolana-en-bogota\/#breadcrumb\"},\"inLanguage\":\"es\",\"potentialAction\":[{\"@type\":\"ReadAction\",\"target\":[\"https:\/\/luchonoticias.com\/editor\/petro-confirmo-cumbre-de-alto-nivel-para-reactivar-dialogo-entre-gobierno-y-oposicion-venezolana-en-bogota\/\"]}]},{\"@type\":\"BreadcrumbList\",\"@id\":\"https:\/\/luchonoticias.com\/editor\/petro-confirmo-cumbre-de-alto-nivel-para-reactivar-dialogo-entre-gobierno-y-oposicion-venezolana-en-bogota\/#breadcrumb\",\"itemListElement\":[{\"@type\":\"ListItem\",\"position\":1,\"name\":\"Portada\",\"item\":\"https:\/\/luchonoticias.com\/editor\/\"},{\"@type\":\"ListItem\",\"position\":2,\"name\":\"Petro confirm\u00f3 cumbre de alto nivel para reactivar di\u00e1logo entre Gobierno y oposici\u00f3n venezolana, en Bogot\u00e1\"}]},{\"@type\":\"WebSite\",\"@id\":\"https:\/\/luchonoticias.com\/editor\/#website\",\"url\":\"https:\/\/luchonoticias.com\/editor\/\",\"name\":\"\",\"description\":\"\",\"publisher\":{\"@id\":\"https:\/\/luchonoticias.com\/editor\/#\/schema\/person\/7a7fd911f58561fd056dbac7b55af9cd\"},\"potentialAction\":[{\"@type\":\"SearchAction\",\"target\":{\"@type\":\"EntryPoint\",\"urlTemplate\":\"https:\/\/luchonoticias.com\/editor\/?s={search_term_string}\"},\"query-input\":{\"@type\":\"PropertyValueSpecification\",\"valueRequired\":true,\"valueName\":\"search_term_string\"}}],\"inLanguage\":\"es\"},{\"@type\":[\"Person\",\"Organization\"],\"@id\":\"https:\/\/luchonoticias.com\/editor\/#\/schema\/person\/7a7fd911f58561fd056dbac7b55af9cd\",\"name\":\"admin\",\"image\":{\"@type\":\"ImageObject\",\"inLanguage\":\"es\",\"@id\":\"https:\/\/luchonoticias.com\/editor\/#\/schema\/person\/image\/\",\"url\":\"https:\/\/luchonoticias.com\/editor\/wp-content\/uploads\/2024\/02\/cropped-cropped-logolu.webp\",\"contentUrl\":\"https:\/\/luchonoticias.com\/editor\/wp-content\/uploads\/2024\/02\/cropped-cropped-logolu.webp\",\"width\":382,\"height\":170,\"caption\":\"admin\"},\"logo\":{\"@id\":\"https:\/\/luchonoticias.com\/editor\/#\/schema\/person\/image\/\"},\"sameAs\":[\"https:\/\/www.facebook.com\/luchonoticiasneiva\"]},{\"@type\":\"Person\",\"@id\":\"https:\/\/luchonoticias.com\/editor\/#\/schema\/person\/29217990ddf6f14e35912b2866d591fb\",\"name\":\"Editor General\",\"image\":{\"@type\":\"ImageObject\",\"inLanguage\":\"es\",\"@id\":\"https:\/\/luchonoticias.com\/editor\/#\/schema\/person\/image\/\",\"url\":\"https:\/\/luchonoticias.com\/editor\/wp-content\/uploads\/2024\/02\/cropped-cropped-logolu-150x150.webp\",\"contentUrl\":\"https:\/\/luchonoticias.com\/editor\/wp-content\/uploads\/2024\/02\/cropped-cropped-logolu-150x150.webp\",\"caption\":\"Editor General\"},\"sameAs\":[\"https:\/\/luchonoticias.com\/\"],\"url\":\"https:\/\/luchonoticias.com\/editor\/author\/editor-general\/\"}]}<\/script>\n<!-- \/ Yoast SEO plugin. -->","yoast_head_json":{"title":"Petro confirm\u00f3 cumbre de alto nivel para reactivar di\u00e1logo entre Gobierno y oposici\u00f3n venezolana, en Bogot\u00e1 -","robots":{"index":"index","follow":"follow","max-snippet":"max-snippet:-1","max-image-preview":"max-image-preview:large","max-video-preview":"max-video-preview:-1"},"canonical":"https:\/\/luchonoticias.com\/editor\/petro-confirmo-cumbre-de-alto-nivel-para-reactivar-dialogo-entre-gobierno-y-oposicion-venezolana-en-bogota\/","og_locale":"es_ES","og_type":"article","og_title":"Petro confirm\u00f3 cumbre de alto nivel para reactivar di\u00e1logo entre Gobierno y oposici\u00f3n venezolana, en Bogot\u00e1 -","og_url":"https:\/\/luchonoticias.com\/editor\/petro-confirmo-cumbre-de-alto-nivel-para-reactivar-dialogo-entre-gobierno-y-oposicion-venezolana-en-bogota\/","article_publisher":"https:\/\/www.facebook.com\/luchonoticiasneiva","article_published_time":"2023-04-18T20:26:59+00:00","article_modified_time":"2023-04-18T20:27:00+00:00","author":"Editor General","twitter_card":"summary_large_image","twitter_misc":{"Escrito por":"Editor General","Tiempo de lectura":"2 minutos"},"schema":{"@context":"https:\/\/schema.org","@graph":[{"@type":"Article","@id":"https:\/\/luchonoticias.com\/editor\/petro-confirmo-cumbre-de-alto-nivel-para-reactivar-dialogo-entre-gobierno-y-oposicion-venezolana-en-bogota\/#article","isPartOf":{"@id":"https:\/\/luchonoticias.com\/editor\/petro-confirmo-cumbre-de-alto-nivel-para-reactivar-dialogo-entre-gobierno-y-oposicion-venezolana-en-bogota\/"},"author":{"name":"Editor General","@id":"https:\/\/luchonoticias.com\/editor\/#\/schema\/person\/29217990ddf6f14e35912b2866d591fb"},"headline":"Petro confirm\u00f3 cumbre de alto nivel para reactivar di\u00e1logo entre Gobierno y oposici\u00f3n venezolana, en Bogot\u00e1","datePublished":"2023-04-18T20:26:59+00:00","dateModified":"2023-04-18T20:27:00+00:00","mainEntityOfPage":{"@id":"https:\/\/luchonoticias.com\/editor\/petro-confirmo-cumbre-de-alto-nivel-para-reactivar-dialogo-entre-gobierno-y-oposicion-venezolana-en-bogota\/"},"wordCount":404,"commentCount":0,"publisher":{"@id":"https:\/\/luchonoticias.com\/editor\/#\/schema\/person\/7a7fd911f58561fd056dbac7b55af9cd"},"articleSection":["Actualidad","Destacado"],"inLanguage":"es","potentialAction":[{"@type":"CommentAction","name":"Comment","target":["https:\/\/luchonoticias.com\/editor\/petro-confirmo-cumbre-de-alto-nivel-para-reactivar-dialogo-entre-gobierno-y-oposicion-venezolana-en-bogota\/#respond"]}]},{"@type":"WebPage","@id":"https:\/\/luchonoticias.com\/editor\/petro-confirmo-cumbre-de-alto-nivel-para-reactivar-dialogo-entre-gobierno-y-oposicion-venezolana-en-bogota\/","url":"https:\/\/luchonoticias.com\/editor\/petro-confirmo-cumbre-de-alto-nivel-para-reactivar-dialogo-entre-gobierno-y-oposicion-venezolana-en-bogota\/","name":"Petro confirm\u00f3 cumbre de alto nivel para reactivar di\u00e1logo entre Gobierno y oposici\u00f3n venezolana, en Bogot\u00e1 -","isPartOf":{"@id":"https:\/\/luchonoticias.com\/editor\/#website"},"datePublished":"2023-04-18T20:26:59+00:00","dateModified":"2023-04-18T20:27:00+00:00","breadcrumb":{"@id":"https:\/\/luchonoticias.com\/editor\/petro-confirmo-cumbre-de-alto-nivel-para-reactivar-dialogo-entre-gobierno-y-oposicion-venezolana-en-bogota\/#breadcrumb"},"inLanguage":"es","potentialAction":[{"@type":"ReadAction","target":["https:\/\/luchonoticias.com\/editor\/petro-confirmo-cumbre-de-alto-nivel-para-reactivar-dialogo-entre-gobierno-y-oposicion-venezolana-en-bogota\/"]}]},{"@type":"BreadcrumbList","@id":"https:\/\/luchonoticias.com\/editor\/petro-confirmo-cumbre-de-alto-nivel-para-reactivar-dialogo-entre-gobierno-y-oposicion-venezolana-en-bogota\/#breadcrumb","itemListElement":[{"@type":"ListItem","position":1,"name":"Portada","item":"https:\/\/luchonoticias.com\/editor\/"},{"@type":"ListItem","position":2,"name":"Petro confirm\u00f3 cumbre de alto nivel para reactivar di\u00e1logo entre Gobierno y oposici\u00f3n venezolana, en Bogot\u00e1"}]},{"@type":"WebSite","@id":"https:\/\/luchonoticias.com\/editor\/#website","url":"https:\/\/luchonoticias.com\/editor\/","name":"","description":"","publisher":{"@id":"https:\/\/luchonoticias.com\/editor\/#\/schema\/person\/7a7fd911f58561fd056dbac7b55af9cd"},"potentialAction":[{"@type":"SearchAction","target":{"@type":"EntryPoint","urlTemplate":"https:\/\/luchonoticias.com\/editor\/?s={search_term_string}"},"query-input":{"@type":"PropertyValueSpecification","valueRequired":true,"valueName":"search_term_string"}}],"inLanguage":"es"},{"@type":["Person","Organization"],"@id":"https:\/\/luchonoticias.com\/editor\/#\/schema\/person\/7a7fd911f58561fd056dbac7b55af9cd","name":"admin","image":{"@type":"ImageObject","inLanguage":"es","@id":"https:\/\/luchonoticias.com\/editor\/#\/schema\/person\/image\/","url":"https:\/\/luchonoticias.com\/editor\/wp-content\/uploads\/2024\/02\/cropped-cropped-logolu.webp","contentUrl":"https:\/\/luchonoticias.com\/editor\/wp-content\/uploads\/2024\/02\/cropped-cropped-logolu.webp","width":382,"height":170,"caption":"admin"},"logo":{"@id":"https:\/\/luchonoticias.com\/editor\/#\/schema\/person\/image\/"},"sameAs":["https:\/\/www.facebook.com\/luchonoticiasneiva"]},{"@type":"Person","@id":"https:\/\/luchonoticias.com\/editor\/#\/schema\/person\/29217990ddf6f14e35912b2866d591fb","name":"Editor General","image":{"@type":"ImageObject","inLanguage":"es","@id":"https:\/\/luchonoticias.com\/editor\/#\/schema\/person\/image\/","url":"https:\/\/luchonoticias.com\/editor\/wp-content\/uploads\/2024\/02\/cropped-cropped-logolu-150x150.webp","contentUrl":"https:\/\/luchonoticias.com\/editor\/wp-content\/uploads\/2024\/02\/cropped-cropped-logolu-150x150.webp","caption":"Editor General"},"sameAs":["https:\/\/luchonoticias.com\/"],"url":"https:\/\/luchonoticias.com\/editor\/author\/editor-general\/"}]}},"_links":{"self":[{"href":"https:\/\/luchonoticias.com\/editor\/wp-json\/wp\/v2\/posts\/50584","targetHints":{"allow":["GET"]}}],"collection":[{"href":"https:\/\/luchonoticias.com\/editor\/wp-json\/wp\/v2\/posts"}],"about":[{"href":"https:\/\/luchonoticias.com\/editor\/wp-json\/wp\/v2\/types\/post"}],"author":[{"embeddable":true,"href":"https:\/\/luchonoticias.com\/editor\/wp-json\/wp\/v2\/users\/2"}],"replies":[{"embeddable":true,"href":"https:\/\/luchonoticias.com\/editor\/wp-json\/wp\/v2\/comments?post=50584"}],"version-history":[{"count":0,"href":"https:\/\/luchonoticias.com\/editor\/wp-json\/wp\/v2\/posts\/50584\/revisions"}],"wp:attachment":[{"href":"https:\/\/luchonoticias.com\/editor\/wp-json\/wp\/v2\/media?parent=50584"}],"wp:term":[{"taxonomy":"category","embeddable":true,"href":"https:\/\/luchonoticias.com\/editor\/wp-json\/wp\/v2\/categories?post=50584"},{"taxonomy":"post_tag","embeddable":true,"href":"https:\/\/luchonoticias.com\/editor\/wp-json\/wp\/v2\/tags?post=50584"}],"curies":[{"name":"wp","href":"https:\/\/api.w.org\/{rel}","templated":true}]}}