{"id":50620,"date":"2023-04-19T13:56:54","date_gmt":"2023-04-19T18:56:54","guid":{"rendered":"https:\/\/luchonoticias.com\/?p=50620"},"modified":"2023-04-19T13:56:55","modified_gmt":"2023-04-19T18:56:55","slug":"inscripciones-abiertas-para-los-reinados-sampedrinos","status":"publish","type":"post","link":"https:\/\/luchonoticias.com\/editor\/inscripciones-abiertas-para-los-reinados-sampedrinos\/","title":{"rendered":"Inscripciones abiertas para los reinados sampedrinos"},"content":{"rendered":"\n<p>El&nbsp;<strong>Festival del Bambuco en San Juan y San Pedro,<\/strong>&nbsp;que este a\u00f1o desarrollar\u00e1 su edici\u00f3n 62, abri\u00f3 de manera oficial las&nbsp;<strong>convocatorias para la inscripci\u00f3n de candidatas a los Reinados departamental y nacional del Bambuco<\/strong>, que se convertir\u00e1n en el mejor escenario para la protecci\u00f3n y salvaguarda de las costumbres y tradiciones del departamento del Huila.<\/p>\n\n\n\n<p>La convocatoria fue abierta por la Corporaci\u00f3n para la Promoci\u00f3n de la Cultura y el Turismo del Huila, CORPOSANPEDRO, y la Secretar\u00eda de Cultura y Turismo del Huila, y fija de manera clara los t\u00e9rminos a trav\u00e9s de los cuales se surtir\u00e1n los procesos de inscripci\u00f3n y participaci\u00f3n de las aspirantes a estos t\u00edtulos.<\/p>\n\n\n\n<p>Adem\u00e1s,&nbsp;<strong>se detallan los compromisos que adquirir\u00e1n quienes sean elegidas como soberanas<\/strong>, junto a las garant\u00edas de la organizaci\u00f3n del Festival para asegurar el normal y exitoso desarrollo de todo el evento y de la intervenci\u00f3n como embajadoras de la cultura y el folclor de todas y cada una de las candidatas.<\/p>\n\n\n\n<h5 class=\"wp-block-heading\">Algunos de los requisitos<\/h5>\n\n\n\n<p>Tanto en el caso de las candidatas por los municipios del Huila al Reinado departamental como de los departamentos y distritos al Reinado nacional, todas las inscritas deber\u00e1n de acreditar una importante serie de requisitos, entregar documentos que avalen esa representaci\u00f3n y&nbsp;<strong>presentar su aspiraci\u00f3n a m\u00e1s tardar el lunes 15 de mayo de 2023<\/strong>&nbsp;antes de las 6:00 p.m.<\/p>\n\n\n\n<p>En ambos Reinados, los requisitos demandan -entre otros aspectos-, que&nbsp;<strong>todas las candidatas sean mujeres de nacimiento, tener 18 y no m\u00e1s de 27 a\u00f1os<\/strong>&nbsp;al momento de su inscripci\u00f3n, ser colombianas de nacimiento, demostrar conocimiento sobre el folclor del Huila y de la entidad territorial que representa, de la que tambi\u00e9n debe ejecutar sus bailes t\u00edpicos, ejecutar el baile del Sanjuanero huilense en su coreograf\u00eda oficial y, por supuesto, no haber participado en versiones anteriores de los reinados Popular, se\u00f1orita Neiva, Reinado departamental y nacional del Bambuco.<\/p>\n\n\n\n<p>Las participantes tambi\u00e9n deber\u00e1n&nbsp;<strong>presentar ante el p\u00fablico y el jurado calificador una muestra folcl\u00f3rica<\/strong>&nbsp;con bailes t\u00edpicos de la entidad territorial -municipio, departamento o distrito- que representan.<\/p>\n\n\n\n<p>En su interpretaci\u00f3n del Sanjuanero huilense, cada candidata deber\u00e1 estar acompa\u00f1ada por un parejo que cuente con el respaldo oficial de CORPOSANPEDRO y que adem\u00e1s est\u00e9 inscrito en el Sistema de Informaci\u00f3n Tur\u00edstica y Cultural (SITYC) de la Secretaria de Cultura y Turismo del Huila.<\/p>\n","protected":false},"excerpt":{"rendered":"<p>El&nbsp;Festival del Bambuco en San Juan y San Pedro,&nbsp;que este a\u00f1o desarrollar\u00e1 su edici\u00f3n 62, abri\u00f3 de manera oficial las&nbsp;convocatorias para la inscripci\u00f3n de candidatas a los Reinados departamental y nacional del Bambuco, que se convertir\u00e1n en el mejor escenario para la protecci\u00f3n y salvaguarda de las costumbres y tradiciones del departamento del Huila. La [&hellip;]<\/p>\n","protected":false},"author":2,"featured_media":0,"comment_status":"open","ping_status":"open","sticky":false,"template":"","format":"standard","meta":{"footnotes":""},"categories":[33],"tags":[],"class_list":["post-50620","post","type-post","status-publish","format-standard","hentry","category-huila"],"yoast_head":"<!-- This site is optimized with the Yoast SEO plugin v26.6 - https:\/\/yoast.com\/wordpress\/plugins\/seo\/ -->\n<title>Inscripciones abiertas para los reinados sampedrinos -<\/title>\n<meta name=\"robots\" content=\"index, follow, max-snippet:-1, max-image-preview:large, max-video-preview:-1\" \/>\n<link rel=\"canonical\" href=\"https:\/\/luchonoticias.com\/editor\/inscripciones-abiertas-para-los-reinados-sampedrinos\/\" \/>\n<meta property=\"og:locale\" content=\"es_ES\" \/>\n<meta property=\"og:type\" content=\"article\" \/>\n<meta property=\"og:title\" content=\"Inscripciones abiertas para los reinados sampedrinos -\" \/>\n<meta property=\"og:url\" content=\"https:\/\/luchonoticias.com\/editor\/inscripciones-abiertas-para-los-reinados-sampedrinos\/\" \/>\n<meta property=\"article:publisher\" content=\"https:\/\/www.facebook.com\/luchonoticiasneiva\" \/>\n<meta property=\"article:published_time\" content=\"2023-04-19T18:56:54+00:00\" \/>\n<meta property=\"article:modified_time\" content=\"2023-04-19T18:56:55+00:00\" \/>\n<meta name=\"author\" content=\"Editor General\" \/>\n<meta name=\"twitter:card\" content=\"summary_large_image\" \/>\n<meta name=\"twitter:label1\" content=\"Escrito por\" \/>\n\t<meta name=\"twitter:data1\" content=\"Editor General\" \/>\n\t<meta name=\"twitter:label2\" content=\"Tiempo de lectura\" \/>\n\t<meta name=\"twitter:data2\" content=\"2 minutos\" \/>\n<script type=\"application\/ld+json\" class=\"yoast-schema-graph\">{\"@context\":\"https:\/\/schema.org\",\"@graph\":[{\"@type\":\"Article\",\"@id\":\"https:\/\/luchonoticias.com\/editor\/inscripciones-abiertas-para-los-reinados-sampedrinos\/#article\",\"isPartOf\":{\"@id\":\"https:\/\/luchonoticias.com\/editor\/inscripciones-abiertas-para-los-reinados-sampedrinos\/\"},\"author\":{\"name\":\"Editor General\",\"@id\":\"https:\/\/luchonoticias.com\/editor\/#\/schema\/person\/29217990ddf6f14e35912b2866d591fb\"},\"headline\":\"Inscripciones abiertas para los reinados sampedrinos\",\"datePublished\":\"2023-04-19T18:56:54+00:00\",\"dateModified\":\"2023-04-19T18:56:55+00:00\",\"mainEntityOfPage\":{\"@id\":\"https:\/\/luchonoticias.com\/editor\/inscripciones-abiertas-para-los-reinados-sampedrinos\/\"},\"wordCount\":439,\"commentCount\":0,\"publisher\":{\"@id\":\"https:\/\/luchonoticias.com\/editor\/#\/schema\/person\/7a7fd911f58561fd056dbac7b55af9cd\"},\"articleSection\":[\"Huila\"],\"inLanguage\":\"es\",\"potentialAction\":[{\"@type\":\"CommentAction\",\"name\":\"Comment\",\"target\":[\"https:\/\/luchonoticias.com\/editor\/inscripciones-abiertas-para-los-reinados-sampedrinos\/#respond\"]}]},{\"@type\":\"WebPage\",\"@id\":\"https:\/\/luchonoticias.com\/editor\/inscripciones-abiertas-para-los-reinados-sampedrinos\/\",\"url\":\"https:\/\/luchonoticias.com\/editor\/inscripciones-abiertas-para-los-reinados-sampedrinos\/\",\"name\":\"Inscripciones abiertas para los reinados sampedrinos -\",\"isPartOf\":{\"@id\":\"https:\/\/luchonoticias.com\/editor\/#website\"},\"datePublished\":\"2023-04-19T18:56:54+00:00\",\"dateModified\":\"2023-04-19T18:56:55+00:00\",\"breadcrumb\":{\"@id\":\"https:\/\/luchonoticias.com\/editor\/inscripciones-abiertas-para-los-reinados-sampedrinos\/#breadcrumb\"},\"inLanguage\":\"es\",\"potentialAction\":[{\"@type\":\"ReadAction\",\"target\":[\"https:\/\/luchonoticias.com\/editor\/inscripciones-abiertas-para-los-reinados-sampedrinos\/\"]}]},{\"@type\":\"BreadcrumbList\",\"@id\":\"https:\/\/luchonoticias.com\/editor\/inscripciones-abiertas-para-los-reinados-sampedrinos\/#breadcrumb\",\"itemListElement\":[{\"@type\":\"ListItem\",\"position\":1,\"name\":\"Portada\",\"item\":\"https:\/\/luchonoticias.com\/editor\/\"},{\"@type\":\"ListItem\",\"position\":2,\"name\":\"Inscripciones abiertas para los reinados sampedrinos\"}]},{\"@type\":\"WebSite\",\"@id\":\"https:\/\/luchonoticias.com\/editor\/#website\",\"url\":\"https:\/\/luchonoticias.com\/editor\/\",\"name\":\"\",\"description\":\"\",\"publisher\":{\"@id\":\"https:\/\/luchonoticias.com\/editor\/#\/schema\/person\/7a7fd911f58561fd056dbac7b55af9cd\"},\"potentialAction\":[{\"@type\":\"SearchAction\",\"target\":{\"@type\":\"EntryPoint\",\"urlTemplate\":\"https:\/\/luchonoticias.com\/editor\/?s={search_term_string}\"},\"query-input\":{\"@type\":\"PropertyValueSpecification\",\"valueRequired\":true,\"valueName\":\"search_term_string\"}}],\"inLanguage\":\"es\"},{\"@type\":[\"Person\",\"Organization\"],\"@id\":\"https:\/\/luchonoticias.com\/editor\/#\/schema\/person\/7a7fd911f58561fd056dbac7b55af9cd\",\"name\":\"admin\",\"image\":{\"@type\":\"ImageObject\",\"inLanguage\":\"es\",\"@id\":\"https:\/\/luchonoticias.com\/editor\/#\/schema\/person\/image\/\",\"url\":\"https:\/\/luchonoticias.com\/editor\/wp-content\/uploads\/2024\/02\/cropped-cropped-logolu.webp\",\"contentUrl\":\"https:\/\/luchonoticias.com\/editor\/wp-content\/uploads\/2024\/02\/cropped-cropped-logolu.webp\",\"width\":382,\"height\":170,\"caption\":\"admin\"},\"logo\":{\"@id\":\"https:\/\/luchonoticias.com\/editor\/#\/schema\/person\/image\/\"},\"sameAs\":[\"https:\/\/www.facebook.com\/luchonoticiasneiva\"]},{\"@type\":\"Person\",\"@id\":\"https:\/\/luchonoticias.com\/editor\/#\/schema\/person\/29217990ddf6f14e35912b2866d591fb\",\"name\":\"Editor General\",\"image\":{\"@type\":\"ImageObject\",\"inLanguage\":\"es\",\"@id\":\"https:\/\/luchonoticias.com\/editor\/#\/schema\/person\/image\/\",\"url\":\"https:\/\/luchonoticias.com\/editor\/wp-content\/uploads\/2024\/02\/cropped-cropped-logolu-150x150.webp\",\"contentUrl\":\"https:\/\/luchonoticias.com\/editor\/wp-content\/uploads\/2024\/02\/cropped-cropped-logolu-150x150.webp\",\"caption\":\"Editor General\"},\"sameAs\":[\"https:\/\/luchonoticias.com\/\"],\"url\":\"https:\/\/luchonoticias.com\/editor\/author\/editor-general\/\"}]}<\/script>\n<!-- \/ Yoast SEO plugin. -->","yoast_head_json":{"title":"Inscripciones abiertas para los reinados sampedrinos -","robots":{"index":"index","follow":"follow","max-snippet":"max-snippet:-1","max-image-preview":"max-image-preview:large","max-video-preview":"max-video-preview:-1"},"canonical":"https:\/\/luchonoticias.com\/editor\/inscripciones-abiertas-para-los-reinados-sampedrinos\/","og_locale":"es_ES","og_type":"article","og_title":"Inscripciones abiertas para los reinados sampedrinos -","og_url":"https:\/\/luchonoticias.com\/editor\/inscripciones-abiertas-para-los-reinados-sampedrinos\/","article_publisher":"https:\/\/www.facebook.com\/luchonoticiasneiva","article_published_time":"2023-04-19T18:56:54+00:00","article_modified_time":"2023-04-19T18:56:55+00:00","author":"Editor General","twitter_card":"summary_large_image","twitter_misc":{"Escrito por":"Editor General","Tiempo de lectura":"2 minutos"},"schema":{"@context":"https:\/\/schema.org","@graph":[{"@type":"Article","@id":"https:\/\/luchonoticias.com\/editor\/inscripciones-abiertas-para-los-reinados-sampedrinos\/#article","isPartOf":{"@id":"https:\/\/luchonoticias.com\/editor\/inscripciones-abiertas-para-los-reinados-sampedrinos\/"},"author":{"name":"Editor General","@id":"https:\/\/luchonoticias.com\/editor\/#\/schema\/person\/29217990ddf6f14e35912b2866d591fb"},"headline":"Inscripciones abiertas para los reinados sampedrinos","datePublished":"2023-04-19T18:56:54+00:00","dateModified":"2023-04-19T18:56:55+00:00","mainEntityOfPage":{"@id":"https:\/\/luchonoticias.com\/editor\/inscripciones-abiertas-para-los-reinados-sampedrinos\/"},"wordCount":439,"commentCount":0,"publisher":{"@id":"https:\/\/luchonoticias.com\/editor\/#\/schema\/person\/7a7fd911f58561fd056dbac7b55af9cd"},"articleSection":["Huila"],"inLanguage":"es","potentialAction":[{"@type":"CommentAction","name":"Comment","target":["https:\/\/luchonoticias.com\/editor\/inscripciones-abiertas-para-los-reinados-sampedrinos\/#respond"]}]},{"@type":"WebPage","@id":"https:\/\/luchonoticias.com\/editor\/inscripciones-abiertas-para-los-reinados-sampedrinos\/","url":"https:\/\/luchonoticias.com\/editor\/inscripciones-abiertas-para-los-reinados-sampedrinos\/","name":"Inscripciones abiertas para los reinados sampedrinos -","isPartOf":{"@id":"https:\/\/luchonoticias.com\/editor\/#website"},"datePublished":"2023-04-19T18:56:54+00:00","dateModified":"2023-04-19T18:56:55+00:00","breadcrumb":{"@id":"https:\/\/luchonoticias.com\/editor\/inscripciones-abiertas-para-los-reinados-sampedrinos\/#breadcrumb"},"inLanguage":"es","potentialAction":[{"@type":"ReadAction","target":["https:\/\/luchonoticias.com\/editor\/inscripciones-abiertas-para-los-reinados-sampedrinos\/"]}]},{"@type":"BreadcrumbList","@id":"https:\/\/luchonoticias.com\/editor\/inscripciones-abiertas-para-los-reinados-sampedrinos\/#breadcrumb","itemListElement":[{"@type":"ListItem","position":1,"name":"Portada","item":"https:\/\/luchonoticias.com\/editor\/"},{"@type":"ListItem","position":2,"name":"Inscripciones abiertas para los reinados sampedrinos"}]},{"@type":"WebSite","@id":"https:\/\/luchonoticias.com\/editor\/#website","url":"https:\/\/luchonoticias.com\/editor\/","name":"","description":"","publisher":{"@id":"https:\/\/luchonoticias.com\/editor\/#\/schema\/person\/7a7fd911f58561fd056dbac7b55af9cd"},"potentialAction":[{"@type":"SearchAction","target":{"@type":"EntryPoint","urlTemplate":"https:\/\/luchonoticias.com\/editor\/?s={search_term_string}"},"query-input":{"@type":"PropertyValueSpecification","valueRequired":true,"valueName":"search_term_string"}}],"inLanguage":"es"},{"@type":["Person","Organization"],"@id":"https:\/\/luchonoticias.com\/editor\/#\/schema\/person\/7a7fd911f58561fd056dbac7b55af9cd","name":"admin","image":{"@type":"ImageObject","inLanguage":"es","@id":"https:\/\/luchonoticias.com\/editor\/#\/schema\/person\/image\/","url":"https:\/\/luchonoticias.com\/editor\/wp-content\/uploads\/2024\/02\/cropped-cropped-logolu.webp","contentUrl":"https:\/\/luchonoticias.com\/editor\/wp-content\/uploads\/2024\/02\/cropped-cropped-logolu.webp","width":382,"height":170,"caption":"admin"},"logo":{"@id":"https:\/\/luchonoticias.com\/editor\/#\/schema\/person\/image\/"},"sameAs":["https:\/\/www.facebook.com\/luchonoticiasneiva"]},{"@type":"Person","@id":"https:\/\/luchonoticias.com\/editor\/#\/schema\/person\/29217990ddf6f14e35912b2866d591fb","name":"Editor General","image":{"@type":"ImageObject","inLanguage":"es","@id":"https:\/\/luchonoticias.com\/editor\/#\/schema\/person\/image\/","url":"https:\/\/luchonoticias.com\/editor\/wp-content\/uploads\/2024\/02\/cropped-cropped-logolu-150x150.webp","contentUrl":"https:\/\/luchonoticias.com\/editor\/wp-content\/uploads\/2024\/02\/cropped-cropped-logolu-150x150.webp","caption":"Editor General"},"sameAs":["https:\/\/luchonoticias.com\/"],"url":"https:\/\/luchonoticias.com\/editor\/author\/editor-general\/"}]}},"_links":{"self":[{"href":"https:\/\/luchonoticias.com\/editor\/wp-json\/wp\/v2\/posts\/50620","targetHints":{"allow":["GET"]}}],"collection":[{"href":"https:\/\/luchonoticias.com\/editor\/wp-json\/wp\/v2\/posts"}],"about":[{"href":"https:\/\/luchonoticias.com\/editor\/wp-json\/wp\/v2\/types\/post"}],"author":[{"embeddable":true,"href":"https:\/\/luchonoticias.com\/editor\/wp-json\/wp\/v2\/users\/2"}],"replies":[{"embeddable":true,"href":"https:\/\/luchonoticias.com\/editor\/wp-json\/wp\/v2\/comments?post=50620"}],"version-history":[{"count":0,"href":"https:\/\/luchonoticias.com\/editor\/wp-json\/wp\/v2\/posts\/50620\/revisions"}],"wp:attachment":[{"href":"https:\/\/luchonoticias.com\/editor\/wp-json\/wp\/v2\/media?parent=50620"}],"wp:term":[{"taxonomy":"category","embeddable":true,"href":"https:\/\/luchonoticias.com\/editor\/wp-json\/wp\/v2\/categories?post=50620"},{"taxonomy":"post_tag","embeddable":true,"href":"https:\/\/luchonoticias.com\/editor\/wp-json\/wp\/v2\/tags?post=50620"}],"curies":[{"name":"wp","href":"https:\/\/api.w.org\/{rel}","templated":true}]}}