{"id":50635,"date":"2023-04-19T14:24:35","date_gmt":"2023-04-19T19:24:35","guid":{"rendered":"https:\/\/luchonoticias.com\/?p=50635"},"modified":"2023-04-19T14:24:36","modified_gmt":"2023-04-19T19:24:36","slug":"presidente-petro-propone-rehacer-la-carta-democratica-de-la-organizacion-de-estados-americanos","status":"publish","type":"post","link":"https:\/\/luchonoticias.com\/editor\/presidente-petro-propone-rehacer-la-carta-democratica-de-la-organizacion-de-estados-americanos\/","title":{"rendered":"Presidente Petro propone rehacer la Carta Democr\u00e1tica de la Organizaci\u00f3n de Estados Americanos"},"content":{"rendered":"\n<p>Al intervenir en la Sesi\u00f3n Plenaria del Consejo Permanente de la Organizaci\u00f3n de Estados Americanos (OEA), el Presidente Gustavo Petro propuso rehacer la Carta Democr\u00e1tica de este organismo multilateral, con el fin de fortalecer la democracia y la defensa de los Derechos Humanos en la regi\u00f3n.<\/p>\n\n\n\n<p>\u201cYo les propongo rehacer la Carta Democr\u00e1tica y en ese camino arreglar nuestras cuentas. Indudablemente, no solo yo fui v\u00edctima de una ruptura de esa Carta cuando se me quitaron mis derechos pol\u00edticos \u2014que recuper\u00e9 gracias a una sentencia; por eso creo en este sistema\u2014 sino son miles y miles de latinoamericanos o latinoamericanas\u201d, asever\u00f3 el Mandatario.<\/p>\n\n\n\n<p>El Jefe de Estado, asimismo, revalid\u00f3 ante la OEA su inter\u00e9s de que Venezuela vuelva al Sistema Interamericano de Derechos Humanos y, adem\u00e1s, se refiri\u00f3 a la situaci\u00f3n que se registra en Per\u00fa.<\/p>\n\n\n\n<p>\u201cClaro que s\u00ed me interesa y estoy luchando para que Venezuela reingrese al Sistema Interamericano de Derechos Humanos. Claro que deber\u00edamos conversarlo con Cuba, que nunca estuvo. \u00bfPero no miramos Per\u00fa, entonces; \u00bfno hay all\u00ed un Presidente preso sin sentencia judicial y sin sus derechos pol\u00edticos, es decir, en contrav\u00eda de la Carta Democr\u00e1tica?\u201d, enfatiz\u00f3 el Presidente Petro.<\/p>\n","protected":false},"excerpt":{"rendered":"<p>Al intervenir en la Sesi\u00f3n Plenaria del Consejo Permanente de la Organizaci\u00f3n de Estados Americanos (OEA), el Presidente Gustavo Petro propuso rehacer la Carta Democr\u00e1tica de este organismo multilateral, con el fin de fortalecer la democracia y la defensa de los Derechos Humanos en la regi\u00f3n. \u201cYo les propongo rehacer la Carta Democr\u00e1tica y en [&hellip;]<\/p>\n","protected":false},"author":2,"featured_media":0,"comment_status":"open","ping_status":"open","sticky":false,"template":"","format":"standard","meta":{"footnotes":""},"categories":[36,32],"tags":[],"class_list":["post-50635","post","type-post","status-publish","format-standard","hentry","category-destacado","category-nacional"],"yoast_head":"<!-- This site is optimized with the Yoast SEO plugin v26.6 - https:\/\/yoast.com\/wordpress\/plugins\/seo\/ -->\n<title>Presidente Petro propone rehacer la Carta Democr\u00e1tica de la Organizaci\u00f3n de Estados Americanos -<\/title>\n<meta name=\"robots\" content=\"index, follow, max-snippet:-1, max-image-preview:large, max-video-preview:-1\" \/>\n<link rel=\"canonical\" href=\"https:\/\/luchonoticias.com\/editor\/presidente-petro-propone-rehacer-la-carta-democratica-de-la-organizacion-de-estados-americanos\/\" \/>\n<meta property=\"og:locale\" content=\"es_ES\" \/>\n<meta property=\"og:type\" content=\"article\" \/>\n<meta property=\"og:title\" content=\"Presidente Petro propone rehacer la Carta Democr\u00e1tica de la Organizaci\u00f3n de Estados Americanos -\" \/>\n<meta property=\"og:url\" content=\"https:\/\/luchonoticias.com\/editor\/presidente-petro-propone-rehacer-la-carta-democratica-de-la-organizacion-de-estados-americanos\/\" \/>\n<meta property=\"article:publisher\" content=\"https:\/\/www.facebook.com\/luchonoticiasneiva\" \/>\n<meta property=\"article:published_time\" content=\"2023-04-19T19:24:35+00:00\" \/>\n<meta property=\"article:modified_time\" content=\"2023-04-19T19:24:36+00:00\" \/>\n<meta name=\"author\" content=\"Editor General\" \/>\n<meta name=\"twitter:card\" content=\"summary_large_image\" \/>\n<meta name=\"twitter:label1\" content=\"Escrito por\" \/>\n\t<meta name=\"twitter:data1\" content=\"Editor General\" \/>\n\t<meta name=\"twitter:label2\" content=\"Tiempo de lectura\" \/>\n\t<meta name=\"twitter:data2\" content=\"1 minuto\" \/>\n<script type=\"application\/ld+json\" class=\"yoast-schema-graph\">{\"@context\":\"https:\/\/schema.org\",\"@graph\":[{\"@type\":\"Article\",\"@id\":\"https:\/\/luchonoticias.com\/editor\/presidente-petro-propone-rehacer-la-carta-democratica-de-la-organizacion-de-estados-americanos\/#article\",\"isPartOf\":{\"@id\":\"https:\/\/luchonoticias.com\/editor\/presidente-petro-propone-rehacer-la-carta-democratica-de-la-organizacion-de-estados-americanos\/\"},\"author\":{\"name\":\"Editor General\",\"@id\":\"https:\/\/luchonoticias.com\/editor\/#\/schema\/person\/29217990ddf6f14e35912b2866d591fb\"},\"headline\":\"Presidente Petro propone rehacer la Carta Democr\u00e1tica de la Organizaci\u00f3n de Estados Americanos\",\"datePublished\":\"2023-04-19T19:24:35+00:00\",\"dateModified\":\"2023-04-19T19:24:36+00:00\",\"mainEntityOfPage\":{\"@id\":\"https:\/\/luchonoticias.com\/editor\/presidente-petro-propone-rehacer-la-carta-democratica-de-la-organizacion-de-estados-americanos\/\"},\"wordCount\":223,\"commentCount\":0,\"publisher\":{\"@id\":\"https:\/\/luchonoticias.com\/editor\/#\/schema\/person\/7a7fd911f58561fd056dbac7b55af9cd\"},\"articleSection\":[\"Destacado\",\"Nacional\"],\"inLanguage\":\"es\",\"potentialAction\":[{\"@type\":\"CommentAction\",\"name\":\"Comment\",\"target\":[\"https:\/\/luchonoticias.com\/editor\/presidente-petro-propone-rehacer-la-carta-democratica-de-la-organizacion-de-estados-americanos\/#respond\"]}]},{\"@type\":\"WebPage\",\"@id\":\"https:\/\/luchonoticias.com\/editor\/presidente-petro-propone-rehacer-la-carta-democratica-de-la-organizacion-de-estados-americanos\/\",\"url\":\"https:\/\/luchonoticias.com\/editor\/presidente-petro-propone-rehacer-la-carta-democratica-de-la-organizacion-de-estados-americanos\/\",\"name\":\"Presidente Petro propone rehacer la Carta Democr\u00e1tica de la Organizaci\u00f3n de Estados Americanos -\",\"isPartOf\":{\"@id\":\"https:\/\/luchonoticias.com\/editor\/#website\"},\"datePublished\":\"2023-04-19T19:24:35+00:00\",\"dateModified\":\"2023-04-19T19:24:36+00:00\",\"breadcrumb\":{\"@id\":\"https:\/\/luchonoticias.com\/editor\/presidente-petro-propone-rehacer-la-carta-democratica-de-la-organizacion-de-estados-americanos\/#breadcrumb\"},\"inLanguage\":\"es\",\"potentialAction\":[{\"@type\":\"ReadAction\",\"target\":[\"https:\/\/luchonoticias.com\/editor\/presidente-petro-propone-rehacer-la-carta-democratica-de-la-organizacion-de-estados-americanos\/\"]}]},{\"@type\":\"BreadcrumbList\",\"@id\":\"https:\/\/luchonoticias.com\/editor\/presidente-petro-propone-rehacer-la-carta-democratica-de-la-organizacion-de-estados-americanos\/#breadcrumb\",\"itemListElement\":[{\"@type\":\"ListItem\",\"position\":1,\"name\":\"Portada\",\"item\":\"https:\/\/luchonoticias.com\/editor\/\"},{\"@type\":\"ListItem\",\"position\":2,\"name\":\"Presidente Petro propone rehacer la Carta Democr\u00e1tica de la Organizaci\u00f3n de Estados Americanos\"}]},{\"@type\":\"WebSite\",\"@id\":\"https:\/\/luchonoticias.com\/editor\/#website\",\"url\":\"https:\/\/luchonoticias.com\/editor\/\",\"name\":\"\",\"description\":\"\",\"publisher\":{\"@id\":\"https:\/\/luchonoticias.com\/editor\/#\/schema\/person\/7a7fd911f58561fd056dbac7b55af9cd\"},\"potentialAction\":[{\"@type\":\"SearchAction\",\"target\":{\"@type\":\"EntryPoint\",\"urlTemplate\":\"https:\/\/luchonoticias.com\/editor\/?s={search_term_string}\"},\"query-input\":{\"@type\":\"PropertyValueSpecification\",\"valueRequired\":true,\"valueName\":\"search_term_string\"}}],\"inLanguage\":\"es\"},{\"@type\":[\"Person\",\"Organization\"],\"@id\":\"https:\/\/luchonoticias.com\/editor\/#\/schema\/person\/7a7fd911f58561fd056dbac7b55af9cd\",\"name\":\"admin\",\"image\":{\"@type\":\"ImageObject\",\"inLanguage\":\"es\",\"@id\":\"https:\/\/luchonoticias.com\/editor\/#\/schema\/person\/image\/\",\"url\":\"https:\/\/luchonoticias.com\/editor\/wp-content\/uploads\/2024\/02\/cropped-cropped-logolu.webp\",\"contentUrl\":\"https:\/\/luchonoticias.com\/editor\/wp-content\/uploads\/2024\/02\/cropped-cropped-logolu.webp\",\"width\":382,\"height\":170,\"caption\":\"admin\"},\"logo\":{\"@id\":\"https:\/\/luchonoticias.com\/editor\/#\/schema\/person\/image\/\"},\"sameAs\":[\"https:\/\/www.facebook.com\/luchonoticiasneiva\"]},{\"@type\":\"Person\",\"@id\":\"https:\/\/luchonoticias.com\/editor\/#\/schema\/person\/29217990ddf6f14e35912b2866d591fb\",\"name\":\"Editor General\",\"image\":{\"@type\":\"ImageObject\",\"inLanguage\":\"es\",\"@id\":\"https:\/\/luchonoticias.com\/editor\/#\/schema\/person\/image\/\",\"url\":\"https:\/\/luchonoticias.com\/editor\/wp-content\/uploads\/2024\/02\/cropped-cropped-logolu-150x150.webp\",\"contentUrl\":\"https:\/\/luchonoticias.com\/editor\/wp-content\/uploads\/2024\/02\/cropped-cropped-logolu-150x150.webp\",\"caption\":\"Editor General\"},\"sameAs\":[\"https:\/\/luchonoticias.com\/\"],\"url\":\"https:\/\/luchonoticias.com\/editor\/author\/editor-general\/\"}]}<\/script>\n<!-- \/ Yoast SEO plugin. -->","yoast_head_json":{"title":"Presidente Petro propone rehacer la Carta Democr\u00e1tica de la Organizaci\u00f3n de Estados Americanos -","robots":{"index":"index","follow":"follow","max-snippet":"max-snippet:-1","max-image-preview":"max-image-preview:large","max-video-preview":"max-video-preview:-1"},"canonical":"https:\/\/luchonoticias.com\/editor\/presidente-petro-propone-rehacer-la-carta-democratica-de-la-organizacion-de-estados-americanos\/","og_locale":"es_ES","og_type":"article","og_title":"Presidente Petro propone rehacer la Carta Democr\u00e1tica de la Organizaci\u00f3n de Estados Americanos -","og_url":"https:\/\/luchonoticias.com\/editor\/presidente-petro-propone-rehacer-la-carta-democratica-de-la-organizacion-de-estados-americanos\/","article_publisher":"https:\/\/www.facebook.com\/luchonoticiasneiva","article_published_time":"2023-04-19T19:24:35+00:00","article_modified_time":"2023-04-19T19:24:36+00:00","author":"Editor General","twitter_card":"summary_large_image","twitter_misc":{"Escrito por":"Editor General","Tiempo de lectura":"1 minuto"},"schema":{"@context":"https:\/\/schema.org","@graph":[{"@type":"Article","@id":"https:\/\/luchonoticias.com\/editor\/presidente-petro-propone-rehacer-la-carta-democratica-de-la-organizacion-de-estados-americanos\/#article","isPartOf":{"@id":"https:\/\/luchonoticias.com\/editor\/presidente-petro-propone-rehacer-la-carta-democratica-de-la-organizacion-de-estados-americanos\/"},"author":{"name":"Editor General","@id":"https:\/\/luchonoticias.com\/editor\/#\/schema\/person\/29217990ddf6f14e35912b2866d591fb"},"headline":"Presidente Petro propone rehacer la Carta Democr\u00e1tica de la Organizaci\u00f3n de Estados Americanos","datePublished":"2023-04-19T19:24:35+00:00","dateModified":"2023-04-19T19:24:36+00:00","mainEntityOfPage":{"@id":"https:\/\/luchonoticias.com\/editor\/presidente-petro-propone-rehacer-la-carta-democratica-de-la-organizacion-de-estados-americanos\/"},"wordCount":223,"commentCount":0,"publisher":{"@id":"https:\/\/luchonoticias.com\/editor\/#\/schema\/person\/7a7fd911f58561fd056dbac7b55af9cd"},"articleSection":["Destacado","Nacional"],"inLanguage":"es","potentialAction":[{"@type":"CommentAction","name":"Comment","target":["https:\/\/luchonoticias.com\/editor\/presidente-petro-propone-rehacer-la-carta-democratica-de-la-organizacion-de-estados-americanos\/#respond"]}]},{"@type":"WebPage","@id":"https:\/\/luchonoticias.com\/editor\/presidente-petro-propone-rehacer-la-carta-democratica-de-la-organizacion-de-estados-americanos\/","url":"https:\/\/luchonoticias.com\/editor\/presidente-petro-propone-rehacer-la-carta-democratica-de-la-organizacion-de-estados-americanos\/","name":"Presidente Petro propone rehacer la Carta Democr\u00e1tica de la Organizaci\u00f3n de Estados Americanos -","isPartOf":{"@id":"https:\/\/luchonoticias.com\/editor\/#website"},"datePublished":"2023-04-19T19:24:35+00:00","dateModified":"2023-04-19T19:24:36+00:00","breadcrumb":{"@id":"https:\/\/luchonoticias.com\/editor\/presidente-petro-propone-rehacer-la-carta-democratica-de-la-organizacion-de-estados-americanos\/#breadcrumb"},"inLanguage":"es","potentialAction":[{"@type":"ReadAction","target":["https:\/\/luchonoticias.com\/editor\/presidente-petro-propone-rehacer-la-carta-democratica-de-la-organizacion-de-estados-americanos\/"]}]},{"@type":"BreadcrumbList","@id":"https:\/\/luchonoticias.com\/editor\/presidente-petro-propone-rehacer-la-carta-democratica-de-la-organizacion-de-estados-americanos\/#breadcrumb","itemListElement":[{"@type":"ListItem","position":1,"name":"Portada","item":"https:\/\/luchonoticias.com\/editor\/"},{"@type":"ListItem","position":2,"name":"Presidente Petro propone rehacer la Carta Democr\u00e1tica de la Organizaci\u00f3n de Estados Americanos"}]},{"@type":"WebSite","@id":"https:\/\/luchonoticias.com\/editor\/#website","url":"https:\/\/luchonoticias.com\/editor\/","name":"","description":"","publisher":{"@id":"https:\/\/luchonoticias.com\/editor\/#\/schema\/person\/7a7fd911f58561fd056dbac7b55af9cd"},"potentialAction":[{"@type":"SearchAction","target":{"@type":"EntryPoint","urlTemplate":"https:\/\/luchonoticias.com\/editor\/?s={search_term_string}"},"query-input":{"@type":"PropertyValueSpecification","valueRequired":true,"valueName":"search_term_string"}}],"inLanguage":"es"},{"@type":["Person","Organization"],"@id":"https:\/\/luchonoticias.com\/editor\/#\/schema\/person\/7a7fd911f58561fd056dbac7b55af9cd","name":"admin","image":{"@type":"ImageObject","inLanguage":"es","@id":"https:\/\/luchonoticias.com\/editor\/#\/schema\/person\/image\/","url":"https:\/\/luchonoticias.com\/editor\/wp-content\/uploads\/2024\/02\/cropped-cropped-logolu.webp","contentUrl":"https:\/\/luchonoticias.com\/editor\/wp-content\/uploads\/2024\/02\/cropped-cropped-logolu.webp","width":382,"height":170,"caption":"admin"},"logo":{"@id":"https:\/\/luchonoticias.com\/editor\/#\/schema\/person\/image\/"},"sameAs":["https:\/\/www.facebook.com\/luchonoticiasneiva"]},{"@type":"Person","@id":"https:\/\/luchonoticias.com\/editor\/#\/schema\/person\/29217990ddf6f14e35912b2866d591fb","name":"Editor General","image":{"@type":"ImageObject","inLanguage":"es","@id":"https:\/\/luchonoticias.com\/editor\/#\/schema\/person\/image\/","url":"https:\/\/luchonoticias.com\/editor\/wp-content\/uploads\/2024\/02\/cropped-cropped-logolu-150x150.webp","contentUrl":"https:\/\/luchonoticias.com\/editor\/wp-content\/uploads\/2024\/02\/cropped-cropped-logolu-150x150.webp","caption":"Editor General"},"sameAs":["https:\/\/luchonoticias.com\/"],"url":"https:\/\/luchonoticias.com\/editor\/author\/editor-general\/"}]}},"_links":{"self":[{"href":"https:\/\/luchonoticias.com\/editor\/wp-json\/wp\/v2\/posts\/50635","targetHints":{"allow":["GET"]}}],"collection":[{"href":"https:\/\/luchonoticias.com\/editor\/wp-json\/wp\/v2\/posts"}],"about":[{"href":"https:\/\/luchonoticias.com\/editor\/wp-json\/wp\/v2\/types\/post"}],"author":[{"embeddable":true,"href":"https:\/\/luchonoticias.com\/editor\/wp-json\/wp\/v2\/users\/2"}],"replies":[{"embeddable":true,"href":"https:\/\/luchonoticias.com\/editor\/wp-json\/wp\/v2\/comments?post=50635"}],"version-history":[{"count":0,"href":"https:\/\/luchonoticias.com\/editor\/wp-json\/wp\/v2\/posts\/50635\/revisions"}],"wp:attachment":[{"href":"https:\/\/luchonoticias.com\/editor\/wp-json\/wp\/v2\/media?parent=50635"}],"wp:term":[{"taxonomy":"category","embeddable":true,"href":"https:\/\/luchonoticias.com\/editor\/wp-json\/wp\/v2\/categories?post=50635"},{"taxonomy":"post_tag","embeddable":true,"href":"https:\/\/luchonoticias.com\/editor\/wp-json\/wp\/v2\/tags?post=50635"}],"curies":[{"name":"wp","href":"https:\/\/api.w.org\/{rel}","templated":true}]}}