{"id":50638,"date":"2023-04-19T14:27:20","date_gmt":"2023-04-19T19:27:20","guid":{"rendered":"https:\/\/luchonoticias.com\/?p=50638"},"modified":"2023-04-19T14:27:21","modified_gmt":"2023-04-19T19:27:21","slug":"alcalde-de-neiva-advierte-que-hay-presion-mediatica-en-su-contra-por-parte-de-la-firma-de-la-espriella-lawyers","status":"publish","type":"post","link":"https:\/\/luchonoticias.com\/editor\/alcalde-de-neiva-advierte-que-hay-presion-mediatica-en-su-contra-por-parte-de-la-firma-de-la-espriella-lawyers\/","title":{"rendered":"Alcalde de Neiva advierte que hay presi\u00f3n medi\u00e1tica en su contra, por parte de la firma De la Espriella Lawyers"},"content":{"rendered":"\n<p>En las \u00faltimas horas, empez\u00f3 a circular un comunicado por parte de la firma De la Espriella Lawyers, refiri\u00e9ndose a la denuncia que interpuso en contra del actual Alcalde de Neiva, en torno a una supuesta vulneraci\u00f3n de la ley, durante la \u00e9poca electoral y la decisi\u00f3n que tom\u00f3 el Consejo de Estado de poner estos hechos en conocimiento de la Fiscal\u00eda y la Procuradur\u00eda General de la Naci\u00f3n.<\/p>\n\n\n\n<p>Al respecto, el burgomaestre se pronunci\u00f3 muy temprano este mi\u00e9rcoles, confirmando que el Juzgado Cuarto Civil del Circuito de Neiva ya rechaz\u00f3 dicha demanda \u201cpor las delicadas inconsistencias en el monto de la obligaci\u00f3n y su supuesta fecha de exigibilidad\u201d. Hay que se\u00f1alar, que la firma de abogados, act\u00faa en representaci\u00f3n del se\u00f1or Jos\u00e9 Gregorio Mardo Mercado.<\/p>\n\n\n\n<p>\u201cEs claro que las divulgaciones hechas por la citada firma de abogados no son m\u00e1s que un indebido mecanismo de presi\u00f3n medi\u00e1tico, provocado por la derrota que sufrieron en los estrados judiciales, donde no admitieron siquiera la demanda en mi contra\u201d indic\u00f3 el Alcalde Mu\u00f1oz a trav\u00e9s de sus redes sociales.<\/p>\n\n\n\n<p>Seg\u00fan se conoci\u00f3, el mandatario se encuentra evaluando con su equipo legal, la viabilidad de iniciar acciones penales y disciplinarias sobre estos hechos, indicando, que se est\u00e1 abusando del derecho, enga\u00f1ando a la administraci\u00f3n de justicia, y presionando a trav\u00e9s de los medios de comunicaci\u00f3n, el pago de obligaciones inexistentes, sobre las que ya se pronunci\u00f3 la jurisdicci\u00f3n civil.<\/p>\n\n\n\n<p>As\u00ed mismo, el Alcalde de Neiva recalc\u00f3 que siempre estar\u00e1 atento a responder por los cuestionamientos que se hagan en su contra frente a cualquier tema, como lo ha venido haciendo a lo largo de su Administraci\u00f3n.<\/p>\n","protected":false},"excerpt":{"rendered":"<p>En las \u00faltimas horas, empez\u00f3 a circular un comunicado por parte de la firma De la Espriella Lawyers, refiri\u00e9ndose a la denuncia que interpuso en contra del actual Alcalde de Neiva, en torno a una supuesta vulneraci\u00f3n de la ley, durante la \u00e9poca electoral y la decisi\u00f3n que tom\u00f3 el Consejo de Estado de poner [&hellip;]<\/p>\n","protected":false},"author":2,"featured_media":0,"comment_status":"open","ping_status":"open","sticky":false,"template":"","format":"standard","meta":{"footnotes":""},"categories":[36,53],"tags":[],"class_list":["post-50638","post","type-post","status-publish","format-standard","hentry","category-destacado","category-neiva"],"yoast_head":"<!-- This site is optimized with the Yoast SEO plugin v26.6 - https:\/\/yoast.com\/wordpress\/plugins\/seo\/ -->\n<title>Alcalde de Neiva advierte que hay presi\u00f3n medi\u00e1tica en su contra, por parte de la firma De la Espriella Lawyers -<\/title>\n<meta name=\"robots\" content=\"index, follow, max-snippet:-1, max-image-preview:large, max-video-preview:-1\" \/>\n<link rel=\"canonical\" href=\"https:\/\/luchonoticias.com\/editor\/alcalde-de-neiva-advierte-que-hay-presion-mediatica-en-su-contra-por-parte-de-la-firma-de-la-espriella-lawyers\/\" \/>\n<meta property=\"og:locale\" content=\"es_ES\" \/>\n<meta property=\"og:type\" content=\"article\" \/>\n<meta property=\"og:title\" content=\"Alcalde de Neiva advierte que hay presi\u00f3n medi\u00e1tica en su contra, por parte de la firma De la Espriella Lawyers -\" \/>\n<meta property=\"og:url\" content=\"https:\/\/luchonoticias.com\/editor\/alcalde-de-neiva-advierte-que-hay-presion-mediatica-en-su-contra-por-parte-de-la-firma-de-la-espriella-lawyers\/\" \/>\n<meta property=\"article:publisher\" content=\"https:\/\/www.facebook.com\/luchonoticiasneiva\" \/>\n<meta property=\"article:published_time\" content=\"2023-04-19T19:27:20+00:00\" \/>\n<meta property=\"article:modified_time\" content=\"2023-04-19T19:27:21+00:00\" \/>\n<meta name=\"author\" content=\"Editor General\" \/>\n<meta name=\"twitter:card\" content=\"summary_large_image\" \/>\n<meta name=\"twitter:label1\" content=\"Escrito por\" \/>\n\t<meta name=\"twitter:data1\" content=\"Editor General\" \/>\n\t<meta name=\"twitter:label2\" content=\"Tiempo de lectura\" \/>\n\t<meta name=\"twitter:data2\" content=\"1 minuto\" \/>\n<script type=\"application\/ld+json\" class=\"yoast-schema-graph\">{\"@context\":\"https:\/\/schema.org\",\"@graph\":[{\"@type\":\"Article\",\"@id\":\"https:\/\/luchonoticias.com\/editor\/alcalde-de-neiva-advierte-que-hay-presion-mediatica-en-su-contra-por-parte-de-la-firma-de-la-espriella-lawyers\/#article\",\"isPartOf\":{\"@id\":\"https:\/\/luchonoticias.com\/editor\/alcalde-de-neiva-advierte-que-hay-presion-mediatica-en-su-contra-por-parte-de-la-firma-de-la-espriella-lawyers\/\"},\"author\":{\"name\":\"Editor General\",\"@id\":\"https:\/\/luchonoticias.com\/editor\/#\/schema\/person\/29217990ddf6f14e35912b2866d591fb\"},\"headline\":\"Alcalde de Neiva advierte que hay presi\u00f3n medi\u00e1tica en su contra, por parte de la firma De la Espriella Lawyers\",\"datePublished\":\"2023-04-19T19:27:20+00:00\",\"dateModified\":\"2023-04-19T19:27:21+00:00\",\"mainEntityOfPage\":{\"@id\":\"https:\/\/luchonoticias.com\/editor\/alcalde-de-neiva-advierte-que-hay-presion-mediatica-en-su-contra-por-parte-de-la-firma-de-la-espriella-lawyers\/\"},\"wordCount\":319,\"commentCount\":0,\"publisher\":{\"@id\":\"https:\/\/luchonoticias.com\/editor\/#\/schema\/person\/7a7fd911f58561fd056dbac7b55af9cd\"},\"articleSection\":[\"Destacado\",\"Neiva\"],\"inLanguage\":\"es\",\"potentialAction\":[{\"@type\":\"CommentAction\",\"name\":\"Comment\",\"target\":[\"https:\/\/luchonoticias.com\/editor\/alcalde-de-neiva-advierte-que-hay-presion-mediatica-en-su-contra-por-parte-de-la-firma-de-la-espriella-lawyers\/#respond\"]}]},{\"@type\":\"WebPage\",\"@id\":\"https:\/\/luchonoticias.com\/editor\/alcalde-de-neiva-advierte-que-hay-presion-mediatica-en-su-contra-por-parte-de-la-firma-de-la-espriella-lawyers\/\",\"url\":\"https:\/\/luchonoticias.com\/editor\/alcalde-de-neiva-advierte-que-hay-presion-mediatica-en-su-contra-por-parte-de-la-firma-de-la-espriella-lawyers\/\",\"name\":\"Alcalde de Neiva advierte que hay presi\u00f3n medi\u00e1tica en su contra, por parte de la firma De la Espriella Lawyers -\",\"isPartOf\":{\"@id\":\"https:\/\/luchonoticias.com\/editor\/#website\"},\"datePublished\":\"2023-04-19T19:27:20+00:00\",\"dateModified\":\"2023-04-19T19:27:21+00:00\",\"breadcrumb\":{\"@id\":\"https:\/\/luchonoticias.com\/editor\/alcalde-de-neiva-advierte-que-hay-presion-mediatica-en-su-contra-por-parte-de-la-firma-de-la-espriella-lawyers\/#breadcrumb\"},\"inLanguage\":\"es\",\"potentialAction\":[{\"@type\":\"ReadAction\",\"target\":[\"https:\/\/luchonoticias.com\/editor\/alcalde-de-neiva-advierte-que-hay-presion-mediatica-en-su-contra-por-parte-de-la-firma-de-la-espriella-lawyers\/\"]}]},{\"@type\":\"BreadcrumbList\",\"@id\":\"https:\/\/luchonoticias.com\/editor\/alcalde-de-neiva-advierte-que-hay-presion-mediatica-en-su-contra-por-parte-de-la-firma-de-la-espriella-lawyers\/#breadcrumb\",\"itemListElement\":[{\"@type\":\"ListItem\",\"position\":1,\"name\":\"Portada\",\"item\":\"https:\/\/luchonoticias.com\/editor\/\"},{\"@type\":\"ListItem\",\"position\":2,\"name\":\"Alcalde de Neiva advierte que hay presi\u00f3n medi\u00e1tica en su contra, por parte de la firma De la Espriella Lawyers\"}]},{\"@type\":\"WebSite\",\"@id\":\"https:\/\/luchonoticias.com\/editor\/#website\",\"url\":\"https:\/\/luchonoticias.com\/editor\/\",\"name\":\"\",\"description\":\"\",\"publisher\":{\"@id\":\"https:\/\/luchonoticias.com\/editor\/#\/schema\/person\/7a7fd911f58561fd056dbac7b55af9cd\"},\"potentialAction\":[{\"@type\":\"SearchAction\",\"target\":{\"@type\":\"EntryPoint\",\"urlTemplate\":\"https:\/\/luchonoticias.com\/editor\/?s={search_term_string}\"},\"query-input\":{\"@type\":\"PropertyValueSpecification\",\"valueRequired\":true,\"valueName\":\"search_term_string\"}}],\"inLanguage\":\"es\"},{\"@type\":[\"Person\",\"Organization\"],\"@id\":\"https:\/\/luchonoticias.com\/editor\/#\/schema\/person\/7a7fd911f58561fd056dbac7b55af9cd\",\"name\":\"admin\",\"image\":{\"@type\":\"ImageObject\",\"inLanguage\":\"es\",\"@id\":\"https:\/\/luchonoticias.com\/editor\/#\/schema\/person\/image\/\",\"url\":\"https:\/\/luchonoticias.com\/editor\/wp-content\/uploads\/2024\/02\/cropped-cropped-logolu.webp\",\"contentUrl\":\"https:\/\/luchonoticias.com\/editor\/wp-content\/uploads\/2024\/02\/cropped-cropped-logolu.webp\",\"width\":382,\"height\":170,\"caption\":\"admin\"},\"logo\":{\"@id\":\"https:\/\/luchonoticias.com\/editor\/#\/schema\/person\/image\/\"},\"sameAs\":[\"https:\/\/www.facebook.com\/luchonoticiasneiva\"]},{\"@type\":\"Person\",\"@id\":\"https:\/\/luchonoticias.com\/editor\/#\/schema\/person\/29217990ddf6f14e35912b2866d591fb\",\"name\":\"Editor General\",\"image\":{\"@type\":\"ImageObject\",\"inLanguage\":\"es\",\"@id\":\"https:\/\/luchonoticias.com\/editor\/#\/schema\/person\/image\/\",\"url\":\"https:\/\/luchonoticias.com\/editor\/wp-content\/uploads\/2024\/02\/cropped-cropped-logolu-150x150.webp\",\"contentUrl\":\"https:\/\/luchonoticias.com\/editor\/wp-content\/uploads\/2024\/02\/cropped-cropped-logolu-150x150.webp\",\"caption\":\"Editor General\"},\"sameAs\":[\"https:\/\/luchonoticias.com\/\"],\"url\":\"https:\/\/luchonoticias.com\/editor\/author\/editor-general\/\"}]}<\/script>\n<!-- \/ Yoast SEO plugin. -->","yoast_head_json":{"title":"Alcalde de Neiva advierte que hay presi\u00f3n medi\u00e1tica en su contra, por parte de la firma De la Espriella Lawyers -","robots":{"index":"index","follow":"follow","max-snippet":"max-snippet:-1","max-image-preview":"max-image-preview:large","max-video-preview":"max-video-preview:-1"},"canonical":"https:\/\/luchonoticias.com\/editor\/alcalde-de-neiva-advierte-que-hay-presion-mediatica-en-su-contra-por-parte-de-la-firma-de-la-espriella-lawyers\/","og_locale":"es_ES","og_type":"article","og_title":"Alcalde de Neiva advierte que hay presi\u00f3n medi\u00e1tica en su contra, por parte de la firma De la Espriella Lawyers -","og_url":"https:\/\/luchonoticias.com\/editor\/alcalde-de-neiva-advierte-que-hay-presion-mediatica-en-su-contra-por-parte-de-la-firma-de-la-espriella-lawyers\/","article_publisher":"https:\/\/www.facebook.com\/luchonoticiasneiva","article_published_time":"2023-04-19T19:27:20+00:00","article_modified_time":"2023-04-19T19:27:21+00:00","author":"Editor General","twitter_card":"summary_large_image","twitter_misc":{"Escrito por":"Editor General","Tiempo de lectura":"1 minuto"},"schema":{"@context":"https:\/\/schema.org","@graph":[{"@type":"Article","@id":"https:\/\/luchonoticias.com\/editor\/alcalde-de-neiva-advierte-que-hay-presion-mediatica-en-su-contra-por-parte-de-la-firma-de-la-espriella-lawyers\/#article","isPartOf":{"@id":"https:\/\/luchonoticias.com\/editor\/alcalde-de-neiva-advierte-que-hay-presion-mediatica-en-su-contra-por-parte-de-la-firma-de-la-espriella-lawyers\/"},"author":{"name":"Editor General","@id":"https:\/\/luchonoticias.com\/editor\/#\/schema\/person\/29217990ddf6f14e35912b2866d591fb"},"headline":"Alcalde de Neiva advierte que hay presi\u00f3n medi\u00e1tica en su contra, por parte de la firma De la Espriella Lawyers","datePublished":"2023-04-19T19:27:20+00:00","dateModified":"2023-04-19T19:27:21+00:00","mainEntityOfPage":{"@id":"https:\/\/luchonoticias.com\/editor\/alcalde-de-neiva-advierte-que-hay-presion-mediatica-en-su-contra-por-parte-de-la-firma-de-la-espriella-lawyers\/"},"wordCount":319,"commentCount":0,"publisher":{"@id":"https:\/\/luchonoticias.com\/editor\/#\/schema\/person\/7a7fd911f58561fd056dbac7b55af9cd"},"articleSection":["Destacado","Neiva"],"inLanguage":"es","potentialAction":[{"@type":"CommentAction","name":"Comment","target":["https:\/\/luchonoticias.com\/editor\/alcalde-de-neiva-advierte-que-hay-presion-mediatica-en-su-contra-por-parte-de-la-firma-de-la-espriella-lawyers\/#respond"]}]},{"@type":"WebPage","@id":"https:\/\/luchonoticias.com\/editor\/alcalde-de-neiva-advierte-que-hay-presion-mediatica-en-su-contra-por-parte-de-la-firma-de-la-espriella-lawyers\/","url":"https:\/\/luchonoticias.com\/editor\/alcalde-de-neiva-advierte-que-hay-presion-mediatica-en-su-contra-por-parte-de-la-firma-de-la-espriella-lawyers\/","name":"Alcalde de Neiva advierte que hay presi\u00f3n medi\u00e1tica en su contra, por parte de la firma De la Espriella Lawyers -","isPartOf":{"@id":"https:\/\/luchonoticias.com\/editor\/#website"},"datePublished":"2023-04-19T19:27:20+00:00","dateModified":"2023-04-19T19:27:21+00:00","breadcrumb":{"@id":"https:\/\/luchonoticias.com\/editor\/alcalde-de-neiva-advierte-que-hay-presion-mediatica-en-su-contra-por-parte-de-la-firma-de-la-espriella-lawyers\/#breadcrumb"},"inLanguage":"es","potentialAction":[{"@type":"ReadAction","target":["https:\/\/luchonoticias.com\/editor\/alcalde-de-neiva-advierte-que-hay-presion-mediatica-en-su-contra-por-parte-de-la-firma-de-la-espriella-lawyers\/"]}]},{"@type":"BreadcrumbList","@id":"https:\/\/luchonoticias.com\/editor\/alcalde-de-neiva-advierte-que-hay-presion-mediatica-en-su-contra-por-parte-de-la-firma-de-la-espriella-lawyers\/#breadcrumb","itemListElement":[{"@type":"ListItem","position":1,"name":"Portada","item":"https:\/\/luchonoticias.com\/editor\/"},{"@type":"ListItem","position":2,"name":"Alcalde de Neiva advierte que hay presi\u00f3n medi\u00e1tica en su contra, por parte de la firma De la Espriella Lawyers"}]},{"@type":"WebSite","@id":"https:\/\/luchonoticias.com\/editor\/#website","url":"https:\/\/luchonoticias.com\/editor\/","name":"","description":"","publisher":{"@id":"https:\/\/luchonoticias.com\/editor\/#\/schema\/person\/7a7fd911f58561fd056dbac7b55af9cd"},"potentialAction":[{"@type":"SearchAction","target":{"@type":"EntryPoint","urlTemplate":"https:\/\/luchonoticias.com\/editor\/?s={search_term_string}"},"query-input":{"@type":"PropertyValueSpecification","valueRequired":true,"valueName":"search_term_string"}}],"inLanguage":"es"},{"@type":["Person","Organization"],"@id":"https:\/\/luchonoticias.com\/editor\/#\/schema\/person\/7a7fd911f58561fd056dbac7b55af9cd","name":"admin","image":{"@type":"ImageObject","inLanguage":"es","@id":"https:\/\/luchonoticias.com\/editor\/#\/schema\/person\/image\/","url":"https:\/\/luchonoticias.com\/editor\/wp-content\/uploads\/2024\/02\/cropped-cropped-logolu.webp","contentUrl":"https:\/\/luchonoticias.com\/editor\/wp-content\/uploads\/2024\/02\/cropped-cropped-logolu.webp","width":382,"height":170,"caption":"admin"},"logo":{"@id":"https:\/\/luchonoticias.com\/editor\/#\/schema\/person\/image\/"},"sameAs":["https:\/\/www.facebook.com\/luchonoticiasneiva"]},{"@type":"Person","@id":"https:\/\/luchonoticias.com\/editor\/#\/schema\/person\/29217990ddf6f14e35912b2866d591fb","name":"Editor General","image":{"@type":"ImageObject","inLanguage":"es","@id":"https:\/\/luchonoticias.com\/editor\/#\/schema\/person\/image\/","url":"https:\/\/luchonoticias.com\/editor\/wp-content\/uploads\/2024\/02\/cropped-cropped-logolu-150x150.webp","contentUrl":"https:\/\/luchonoticias.com\/editor\/wp-content\/uploads\/2024\/02\/cropped-cropped-logolu-150x150.webp","caption":"Editor General"},"sameAs":["https:\/\/luchonoticias.com\/"],"url":"https:\/\/luchonoticias.com\/editor\/author\/editor-general\/"}]}},"_links":{"self":[{"href":"https:\/\/luchonoticias.com\/editor\/wp-json\/wp\/v2\/posts\/50638","targetHints":{"allow":["GET"]}}],"collection":[{"href":"https:\/\/luchonoticias.com\/editor\/wp-json\/wp\/v2\/posts"}],"about":[{"href":"https:\/\/luchonoticias.com\/editor\/wp-json\/wp\/v2\/types\/post"}],"author":[{"embeddable":true,"href":"https:\/\/luchonoticias.com\/editor\/wp-json\/wp\/v2\/users\/2"}],"replies":[{"embeddable":true,"href":"https:\/\/luchonoticias.com\/editor\/wp-json\/wp\/v2\/comments?post=50638"}],"version-history":[{"count":0,"href":"https:\/\/luchonoticias.com\/editor\/wp-json\/wp\/v2\/posts\/50638\/revisions"}],"wp:attachment":[{"href":"https:\/\/luchonoticias.com\/editor\/wp-json\/wp\/v2\/media?parent=50638"}],"wp:term":[{"taxonomy":"category","embeddable":true,"href":"https:\/\/luchonoticias.com\/editor\/wp-json\/wp\/v2\/categories?post=50638"},{"taxonomy":"post_tag","embeddable":true,"href":"https:\/\/luchonoticias.com\/editor\/wp-json\/wp\/v2\/tags?post=50638"}],"curies":[{"name":"wp","href":"https:\/\/api.w.org\/{rel}","templated":true}]}}