{"id":50641,"date":"2023-04-19T14:31:48","date_gmt":"2023-04-19T19:31:48","guid":{"rendered":"https:\/\/luchonoticias.com\/?p=50641"},"modified":"2023-04-19T14:31:49","modified_gmt":"2023-04-19T19:31:49","slug":"capturado-mandibula-presuntamente-cuando-pretendia-comercializar-estupefacientes","status":"publish","type":"post","link":"https:\/\/luchonoticias.com\/editor\/capturado-mandibula-presuntamente-cuando-pretendia-comercializar-estupefacientes\/","title":{"rendered":"Capturado \u2018Mand\u00edbula\u2019 presuntamente cuando pretend\u00eda comercializar estupefacientes"},"content":{"rendered":"\n<p>La Polic\u00eda Metropolitana de Neiva, en desarrollo del \u201cPlan Cazador\u201d, logr\u00f3 en las ultimas horas la captura de una persona, presuntamente dedicada al tr\u00e1fico de narc\u00f3ticos en la comuna 10 de Neiva.<\/p>\n\n\n\n<p>\u201cEs as\u00ed como en las \u00faltimas horas, gracias al despliegue efectivo del cuadrante 32 adscrito al CAI Palmas en coordinaci\u00f3n con el grupo operativo UNIPOL, se logra sobre la carrera 56&nbsp; del Asentamiento \u00c1lvaro Uribe de la comuna 10, la captura de \u00abValencia\u00bb, conocido como \u00abMand\u00edbula\u00bb de 18 a\u00f1os de edad, quien ten\u00eda en su poder 60 dosis de Marihuana listas para ser comercializar\u201d, indicaron las autoridades en un comunicado,<\/p>\n\n\n\n<p>Finalmente, las fuentes oficiales confirmaron que este sujeto fue dejado a disposici\u00f3n de autoridad competente, con el fin de ser judicializado por el delito de Tr\u00e1fico, Fabricaci\u00f3n o porte de estupefacientes, donde, un juez de control de garant\u00edas, les definir\u00e1 su situaci\u00f3n jur\u00eddica.<\/p>\n\n\n\n<p>\u201ccontinuaremos de manera ininterrumpida realizando acciones en los diferentes barrios y comunas de nuestra jurisdicci\u00f3n en contra del tr\u00e1fico de estupefacientes, que tanto afecta nuestros ni\u00f1os, ni\u00f1as y adolescentes\u201d, indic\u00f3 el Coronel Juan Pablo Ruiz Rodr\u00edguez, Comandante de la Polic\u00eda Metropolitana de Neiva.<\/p>\n","protected":false},"excerpt":{"rendered":"<p>La Polic\u00eda Metropolitana de Neiva, en desarrollo del \u201cPlan Cazador\u201d, logr\u00f3 en las ultimas horas la captura de una persona, presuntamente dedicada al tr\u00e1fico de narc\u00f3ticos en la comuna 10 de Neiva. \u201cEs as\u00ed como en las \u00faltimas horas, gracias al despliegue efectivo del cuadrante 32 adscrito al CAI Palmas en coordinaci\u00f3n con el grupo [&hellip;]<\/p>\n","protected":false},"author":2,"featured_media":0,"comment_status":"open","ping_status":"open","sticky":false,"template":"","format":"standard","meta":{"footnotes":""},"categories":[36,29],"tags":[],"class_list":["post-50641","post","type-post","status-publish","format-standard","hentry","category-destacado","category-judicial"],"yoast_head":"<!-- This site is optimized with the Yoast SEO plugin v26.6 - https:\/\/yoast.com\/wordpress\/plugins\/seo\/ -->\n<title>Capturado \u2018Mand\u00edbula\u2019 presuntamente cuando pretend\u00eda comercializar estupefacientes -<\/title>\n<meta name=\"robots\" content=\"index, follow, max-snippet:-1, max-image-preview:large, max-video-preview:-1\" \/>\n<link rel=\"canonical\" href=\"https:\/\/luchonoticias.com\/editor\/capturado-mandibula-presuntamente-cuando-pretendia-comercializar-estupefacientes\/\" \/>\n<meta property=\"og:locale\" content=\"es_ES\" \/>\n<meta property=\"og:type\" content=\"article\" \/>\n<meta property=\"og:title\" content=\"Capturado \u2018Mand\u00edbula\u2019 presuntamente cuando pretend\u00eda comercializar estupefacientes -\" \/>\n<meta property=\"og:url\" content=\"https:\/\/luchonoticias.com\/editor\/capturado-mandibula-presuntamente-cuando-pretendia-comercializar-estupefacientes\/\" \/>\n<meta property=\"article:publisher\" content=\"https:\/\/www.facebook.com\/luchonoticiasneiva\" \/>\n<meta property=\"article:published_time\" content=\"2023-04-19T19:31:48+00:00\" \/>\n<meta property=\"article:modified_time\" content=\"2023-04-19T19:31:49+00:00\" \/>\n<meta name=\"author\" content=\"Editor General\" \/>\n<meta name=\"twitter:card\" content=\"summary_large_image\" \/>\n<meta name=\"twitter:label1\" content=\"Escrito por\" \/>\n\t<meta name=\"twitter:data1\" content=\"Editor General\" \/>\n\t<meta name=\"twitter:label2\" content=\"Tiempo de lectura\" \/>\n\t<meta name=\"twitter:data2\" content=\"1 minuto\" \/>\n<script type=\"application\/ld+json\" class=\"yoast-schema-graph\">{\"@context\":\"https:\/\/schema.org\",\"@graph\":[{\"@type\":\"Article\",\"@id\":\"https:\/\/luchonoticias.com\/editor\/capturado-mandibula-presuntamente-cuando-pretendia-comercializar-estupefacientes\/#article\",\"isPartOf\":{\"@id\":\"https:\/\/luchonoticias.com\/editor\/capturado-mandibula-presuntamente-cuando-pretendia-comercializar-estupefacientes\/\"},\"author\":{\"name\":\"Editor General\",\"@id\":\"https:\/\/luchonoticias.com\/editor\/#\/schema\/person\/29217990ddf6f14e35912b2866d591fb\"},\"headline\":\"Capturado \u2018Mand\u00edbula\u2019 presuntamente cuando pretend\u00eda comercializar estupefacientes\",\"datePublished\":\"2023-04-19T19:31:48+00:00\",\"dateModified\":\"2023-04-19T19:31:49+00:00\",\"mainEntityOfPage\":{\"@id\":\"https:\/\/luchonoticias.com\/editor\/capturado-mandibula-presuntamente-cuando-pretendia-comercializar-estupefacientes\/\"},\"wordCount\":211,\"commentCount\":0,\"publisher\":{\"@id\":\"https:\/\/luchonoticias.com\/editor\/#\/schema\/person\/7a7fd911f58561fd056dbac7b55af9cd\"},\"articleSection\":[\"Destacado\",\"Judicial\"],\"inLanguage\":\"es\",\"potentialAction\":[{\"@type\":\"CommentAction\",\"name\":\"Comment\",\"target\":[\"https:\/\/luchonoticias.com\/editor\/capturado-mandibula-presuntamente-cuando-pretendia-comercializar-estupefacientes\/#respond\"]}]},{\"@type\":\"WebPage\",\"@id\":\"https:\/\/luchonoticias.com\/editor\/capturado-mandibula-presuntamente-cuando-pretendia-comercializar-estupefacientes\/\",\"url\":\"https:\/\/luchonoticias.com\/editor\/capturado-mandibula-presuntamente-cuando-pretendia-comercializar-estupefacientes\/\",\"name\":\"Capturado \u2018Mand\u00edbula\u2019 presuntamente cuando pretend\u00eda comercializar estupefacientes -\",\"isPartOf\":{\"@id\":\"https:\/\/luchonoticias.com\/editor\/#website\"},\"datePublished\":\"2023-04-19T19:31:48+00:00\",\"dateModified\":\"2023-04-19T19:31:49+00:00\",\"breadcrumb\":{\"@id\":\"https:\/\/luchonoticias.com\/editor\/capturado-mandibula-presuntamente-cuando-pretendia-comercializar-estupefacientes\/#breadcrumb\"},\"inLanguage\":\"es\",\"potentialAction\":[{\"@type\":\"ReadAction\",\"target\":[\"https:\/\/luchonoticias.com\/editor\/capturado-mandibula-presuntamente-cuando-pretendia-comercializar-estupefacientes\/\"]}]},{\"@type\":\"BreadcrumbList\",\"@id\":\"https:\/\/luchonoticias.com\/editor\/capturado-mandibula-presuntamente-cuando-pretendia-comercializar-estupefacientes\/#breadcrumb\",\"itemListElement\":[{\"@type\":\"ListItem\",\"position\":1,\"name\":\"Portada\",\"item\":\"https:\/\/luchonoticias.com\/editor\/\"},{\"@type\":\"ListItem\",\"position\":2,\"name\":\"Capturado \u2018Mand\u00edbula\u2019 presuntamente cuando pretend\u00eda comercializar estupefacientes\"}]},{\"@type\":\"WebSite\",\"@id\":\"https:\/\/luchonoticias.com\/editor\/#website\",\"url\":\"https:\/\/luchonoticias.com\/editor\/\",\"name\":\"\",\"description\":\"\",\"publisher\":{\"@id\":\"https:\/\/luchonoticias.com\/editor\/#\/schema\/person\/7a7fd911f58561fd056dbac7b55af9cd\"},\"potentialAction\":[{\"@type\":\"SearchAction\",\"target\":{\"@type\":\"EntryPoint\",\"urlTemplate\":\"https:\/\/luchonoticias.com\/editor\/?s={search_term_string}\"},\"query-input\":{\"@type\":\"PropertyValueSpecification\",\"valueRequired\":true,\"valueName\":\"search_term_string\"}}],\"inLanguage\":\"es\"},{\"@type\":[\"Person\",\"Organization\"],\"@id\":\"https:\/\/luchonoticias.com\/editor\/#\/schema\/person\/7a7fd911f58561fd056dbac7b55af9cd\",\"name\":\"admin\",\"image\":{\"@type\":\"ImageObject\",\"inLanguage\":\"es\",\"@id\":\"https:\/\/luchonoticias.com\/editor\/#\/schema\/person\/image\/\",\"url\":\"https:\/\/luchonoticias.com\/editor\/wp-content\/uploads\/2024\/02\/cropped-cropped-logolu.webp\",\"contentUrl\":\"https:\/\/luchonoticias.com\/editor\/wp-content\/uploads\/2024\/02\/cropped-cropped-logolu.webp\",\"width\":382,\"height\":170,\"caption\":\"admin\"},\"logo\":{\"@id\":\"https:\/\/luchonoticias.com\/editor\/#\/schema\/person\/image\/\"},\"sameAs\":[\"https:\/\/www.facebook.com\/luchonoticiasneiva\"]},{\"@type\":\"Person\",\"@id\":\"https:\/\/luchonoticias.com\/editor\/#\/schema\/person\/29217990ddf6f14e35912b2866d591fb\",\"name\":\"Editor General\",\"image\":{\"@type\":\"ImageObject\",\"inLanguage\":\"es\",\"@id\":\"https:\/\/luchonoticias.com\/editor\/#\/schema\/person\/image\/\",\"url\":\"https:\/\/luchonoticias.com\/editor\/wp-content\/uploads\/2024\/02\/cropped-cropped-logolu-150x150.webp\",\"contentUrl\":\"https:\/\/luchonoticias.com\/editor\/wp-content\/uploads\/2024\/02\/cropped-cropped-logolu-150x150.webp\",\"caption\":\"Editor General\"},\"sameAs\":[\"https:\/\/luchonoticias.com\/\"],\"url\":\"https:\/\/luchonoticias.com\/editor\/author\/editor-general\/\"}]}<\/script>\n<!-- \/ Yoast SEO plugin. -->","yoast_head_json":{"title":"Capturado \u2018Mand\u00edbula\u2019 presuntamente cuando pretend\u00eda comercializar estupefacientes -","robots":{"index":"index","follow":"follow","max-snippet":"max-snippet:-1","max-image-preview":"max-image-preview:large","max-video-preview":"max-video-preview:-1"},"canonical":"https:\/\/luchonoticias.com\/editor\/capturado-mandibula-presuntamente-cuando-pretendia-comercializar-estupefacientes\/","og_locale":"es_ES","og_type":"article","og_title":"Capturado \u2018Mand\u00edbula\u2019 presuntamente cuando pretend\u00eda comercializar estupefacientes -","og_url":"https:\/\/luchonoticias.com\/editor\/capturado-mandibula-presuntamente-cuando-pretendia-comercializar-estupefacientes\/","article_publisher":"https:\/\/www.facebook.com\/luchonoticiasneiva","article_published_time":"2023-04-19T19:31:48+00:00","article_modified_time":"2023-04-19T19:31:49+00:00","author":"Editor General","twitter_card":"summary_large_image","twitter_misc":{"Escrito por":"Editor General","Tiempo de lectura":"1 minuto"},"schema":{"@context":"https:\/\/schema.org","@graph":[{"@type":"Article","@id":"https:\/\/luchonoticias.com\/editor\/capturado-mandibula-presuntamente-cuando-pretendia-comercializar-estupefacientes\/#article","isPartOf":{"@id":"https:\/\/luchonoticias.com\/editor\/capturado-mandibula-presuntamente-cuando-pretendia-comercializar-estupefacientes\/"},"author":{"name":"Editor General","@id":"https:\/\/luchonoticias.com\/editor\/#\/schema\/person\/29217990ddf6f14e35912b2866d591fb"},"headline":"Capturado \u2018Mand\u00edbula\u2019 presuntamente cuando pretend\u00eda comercializar estupefacientes","datePublished":"2023-04-19T19:31:48+00:00","dateModified":"2023-04-19T19:31:49+00:00","mainEntityOfPage":{"@id":"https:\/\/luchonoticias.com\/editor\/capturado-mandibula-presuntamente-cuando-pretendia-comercializar-estupefacientes\/"},"wordCount":211,"commentCount":0,"publisher":{"@id":"https:\/\/luchonoticias.com\/editor\/#\/schema\/person\/7a7fd911f58561fd056dbac7b55af9cd"},"articleSection":["Destacado","Judicial"],"inLanguage":"es","potentialAction":[{"@type":"CommentAction","name":"Comment","target":["https:\/\/luchonoticias.com\/editor\/capturado-mandibula-presuntamente-cuando-pretendia-comercializar-estupefacientes\/#respond"]}]},{"@type":"WebPage","@id":"https:\/\/luchonoticias.com\/editor\/capturado-mandibula-presuntamente-cuando-pretendia-comercializar-estupefacientes\/","url":"https:\/\/luchonoticias.com\/editor\/capturado-mandibula-presuntamente-cuando-pretendia-comercializar-estupefacientes\/","name":"Capturado \u2018Mand\u00edbula\u2019 presuntamente cuando pretend\u00eda comercializar estupefacientes -","isPartOf":{"@id":"https:\/\/luchonoticias.com\/editor\/#website"},"datePublished":"2023-04-19T19:31:48+00:00","dateModified":"2023-04-19T19:31:49+00:00","breadcrumb":{"@id":"https:\/\/luchonoticias.com\/editor\/capturado-mandibula-presuntamente-cuando-pretendia-comercializar-estupefacientes\/#breadcrumb"},"inLanguage":"es","potentialAction":[{"@type":"ReadAction","target":["https:\/\/luchonoticias.com\/editor\/capturado-mandibula-presuntamente-cuando-pretendia-comercializar-estupefacientes\/"]}]},{"@type":"BreadcrumbList","@id":"https:\/\/luchonoticias.com\/editor\/capturado-mandibula-presuntamente-cuando-pretendia-comercializar-estupefacientes\/#breadcrumb","itemListElement":[{"@type":"ListItem","position":1,"name":"Portada","item":"https:\/\/luchonoticias.com\/editor\/"},{"@type":"ListItem","position":2,"name":"Capturado \u2018Mand\u00edbula\u2019 presuntamente cuando pretend\u00eda comercializar estupefacientes"}]},{"@type":"WebSite","@id":"https:\/\/luchonoticias.com\/editor\/#website","url":"https:\/\/luchonoticias.com\/editor\/","name":"","description":"","publisher":{"@id":"https:\/\/luchonoticias.com\/editor\/#\/schema\/person\/7a7fd911f58561fd056dbac7b55af9cd"},"potentialAction":[{"@type":"SearchAction","target":{"@type":"EntryPoint","urlTemplate":"https:\/\/luchonoticias.com\/editor\/?s={search_term_string}"},"query-input":{"@type":"PropertyValueSpecification","valueRequired":true,"valueName":"search_term_string"}}],"inLanguage":"es"},{"@type":["Person","Organization"],"@id":"https:\/\/luchonoticias.com\/editor\/#\/schema\/person\/7a7fd911f58561fd056dbac7b55af9cd","name":"admin","image":{"@type":"ImageObject","inLanguage":"es","@id":"https:\/\/luchonoticias.com\/editor\/#\/schema\/person\/image\/","url":"https:\/\/luchonoticias.com\/editor\/wp-content\/uploads\/2024\/02\/cropped-cropped-logolu.webp","contentUrl":"https:\/\/luchonoticias.com\/editor\/wp-content\/uploads\/2024\/02\/cropped-cropped-logolu.webp","width":382,"height":170,"caption":"admin"},"logo":{"@id":"https:\/\/luchonoticias.com\/editor\/#\/schema\/person\/image\/"},"sameAs":["https:\/\/www.facebook.com\/luchonoticiasneiva"]},{"@type":"Person","@id":"https:\/\/luchonoticias.com\/editor\/#\/schema\/person\/29217990ddf6f14e35912b2866d591fb","name":"Editor General","image":{"@type":"ImageObject","inLanguage":"es","@id":"https:\/\/luchonoticias.com\/editor\/#\/schema\/person\/image\/","url":"https:\/\/luchonoticias.com\/editor\/wp-content\/uploads\/2024\/02\/cropped-cropped-logolu-150x150.webp","contentUrl":"https:\/\/luchonoticias.com\/editor\/wp-content\/uploads\/2024\/02\/cropped-cropped-logolu-150x150.webp","caption":"Editor General"},"sameAs":["https:\/\/luchonoticias.com\/"],"url":"https:\/\/luchonoticias.com\/editor\/author\/editor-general\/"}]}},"_links":{"self":[{"href":"https:\/\/luchonoticias.com\/editor\/wp-json\/wp\/v2\/posts\/50641","targetHints":{"allow":["GET"]}}],"collection":[{"href":"https:\/\/luchonoticias.com\/editor\/wp-json\/wp\/v2\/posts"}],"about":[{"href":"https:\/\/luchonoticias.com\/editor\/wp-json\/wp\/v2\/types\/post"}],"author":[{"embeddable":true,"href":"https:\/\/luchonoticias.com\/editor\/wp-json\/wp\/v2\/users\/2"}],"replies":[{"embeddable":true,"href":"https:\/\/luchonoticias.com\/editor\/wp-json\/wp\/v2\/comments?post=50641"}],"version-history":[{"count":0,"href":"https:\/\/luchonoticias.com\/editor\/wp-json\/wp\/v2\/posts\/50641\/revisions"}],"wp:attachment":[{"href":"https:\/\/luchonoticias.com\/editor\/wp-json\/wp\/v2\/media?parent=50641"}],"wp:term":[{"taxonomy":"category","embeddable":true,"href":"https:\/\/luchonoticias.com\/editor\/wp-json\/wp\/v2\/categories?post=50641"},{"taxonomy":"post_tag","embeddable":true,"href":"https:\/\/luchonoticias.com\/editor\/wp-json\/wp\/v2\/tags?post=50641"}],"curies":[{"name":"wp","href":"https:\/\/api.w.org\/{rel}","templated":true}]}}