{"id":50715,"date":"2023-04-20T14:15:26","date_gmt":"2023-04-20T19:15:26","guid":{"rendered":"https:\/\/luchonoticias.com\/?p=50715"},"modified":"2023-04-20T14:15:27","modified_gmt":"2023-04-20T19:15:27","slug":"presidente-petro-inicio-reunion-con-el-mandatario-de-ee-uu-joe-biden-en-la-casa-blanca","status":"publish","type":"post","link":"https:\/\/luchonoticias.com\/editor\/presidente-petro-inicio-reunion-con-el-mandatario-de-ee-uu-joe-biden-en-la-casa-blanca\/","title":{"rendered":"Presidente Petro inici\u00f3 reuni\u00f3n con el Mandatario de EE.UU., Joe Biden, en la Casa Blanca"},"content":{"rendered":"\n<p>El Mandatario, invitado por Biden a visitar EE.UU., entr\u00f3 a la sede presidencial en Washington hacia las 2:30 p.m. (1:30 p.m. hora colombiana).<\/p>\n\n\n\n<p>\u201cEs un encuentro de dos personas que son diferentes, obviamente, que tienen unos puntos de com\u00fan en la agenda internacional. Indudablemente el tema clim\u00e1tico es una agenda com\u00fan entre el Presidente Biden y nosotros\u201d, manifest\u00f3 el Mandatario en Washington, antes de la cita presidencial.<\/p>\n\n\n\n<p>Explic\u00f3 que \u201cindudablemente hay diferencias\u201d y entre los dos gobiernos y se refiri\u00f3 a la pol\u00edtica contra las drogas. \u201cNosotros creemos que la guerra contra las drogas ha fracasado. Estos 50 a\u00f1os demuestran un balance en n\u00fameros absolutamente desastroso, tanto aqu\u00ed en los Estados Unidos como en toda nuestra Am\u00e9rica Latina\u201d, sostuvo.<\/p>\n\n\n\n<p>\u201cEntonces queremos abrir la discusi\u00f3n frente a este tema y c\u00f3mo se articula la pol\u00edtica internacional de las drogas con el crecimiento de la violencia en toda Am\u00e9rica y la violencia en Colombia\u201d, declar\u00f3 el Jefe de Estado y agreg\u00f3 que \u201cel camino de la paz pasa por entender estas circunstancias que vive la humanidad de una manera diferente\u201d.<\/p>\n\n\n\n<p>Record\u00f3 que en 1961 el entonces Presidente EE.UU., John F. Kennedy, visit\u00f3 a Colombia y promovi\u00f3 la Alianza para el Progreso.<\/p>\n\n\n\n<p>\u201cYo creo que ese indispensable hoy una alianza por el progreso que, tal como \u00e9l la propuso, comienza por una democratizaci\u00f3n del mundo agrario, porque el campesinado pueda tener acceso a la tierra f\u00e9rtil\u201d, indic\u00f3 el Presidente Petro, y recalc\u00f3 que \u201centre m\u00e1s alimentos produzcamos, menos drogas exportaremos\u201d.<\/p>\n","protected":false},"excerpt":{"rendered":"<p>El Mandatario, invitado por Biden a visitar EE.UU., entr\u00f3 a la sede presidencial en Washington hacia las 2:30 p.m. (1:30 p.m. hora colombiana). \u201cEs un encuentro de dos personas que son diferentes, obviamente, que tienen unos puntos de com\u00fan en la agenda internacional. Indudablemente el tema clim\u00e1tico es una agenda com\u00fan entre el Presidente Biden [&hellip;]<\/p>\n","protected":false},"author":2,"featured_media":0,"comment_status":"open","ping_status":"open","sticky":false,"template":"","format":"standard","meta":{"footnotes":""},"categories":[36,32],"tags":[],"class_list":["post-50715","post","type-post","status-publish","format-standard","hentry","category-destacado","category-nacional"],"yoast_head":"<!-- This site is optimized with the Yoast SEO plugin v26.6 - https:\/\/yoast.com\/wordpress\/plugins\/seo\/ -->\n<title>Presidente Petro inici\u00f3 reuni\u00f3n con el Mandatario de EE.UU., Joe Biden, en la Casa Blanca -<\/title>\n<meta name=\"robots\" content=\"index, follow, max-snippet:-1, max-image-preview:large, max-video-preview:-1\" \/>\n<link rel=\"canonical\" href=\"https:\/\/luchonoticias.com\/editor\/presidente-petro-inicio-reunion-con-el-mandatario-de-ee-uu-joe-biden-en-la-casa-blanca\/\" \/>\n<meta property=\"og:locale\" content=\"es_ES\" \/>\n<meta property=\"og:type\" content=\"article\" \/>\n<meta property=\"og:title\" content=\"Presidente Petro inici\u00f3 reuni\u00f3n con el Mandatario de EE.UU., Joe Biden, en la Casa Blanca -\" \/>\n<meta property=\"og:url\" content=\"https:\/\/luchonoticias.com\/editor\/presidente-petro-inicio-reunion-con-el-mandatario-de-ee-uu-joe-biden-en-la-casa-blanca\/\" \/>\n<meta property=\"article:publisher\" content=\"https:\/\/www.facebook.com\/luchonoticiasneiva\" \/>\n<meta property=\"article:published_time\" content=\"2023-04-20T19:15:26+00:00\" \/>\n<meta property=\"article:modified_time\" content=\"2023-04-20T19:15:27+00:00\" \/>\n<meta name=\"author\" content=\"Editor General\" \/>\n<meta name=\"twitter:card\" content=\"summary_large_image\" \/>\n<meta name=\"twitter:label1\" content=\"Escrito por\" \/>\n\t<meta name=\"twitter:data1\" content=\"Editor General\" \/>\n\t<meta name=\"twitter:label2\" content=\"Tiempo de lectura\" \/>\n\t<meta name=\"twitter:data2\" content=\"1 minuto\" \/>\n<script type=\"application\/ld+json\" class=\"yoast-schema-graph\">{\"@context\":\"https:\/\/schema.org\",\"@graph\":[{\"@type\":\"Article\",\"@id\":\"https:\/\/luchonoticias.com\/editor\/presidente-petro-inicio-reunion-con-el-mandatario-de-ee-uu-joe-biden-en-la-casa-blanca\/#article\",\"isPartOf\":{\"@id\":\"https:\/\/luchonoticias.com\/editor\/presidente-petro-inicio-reunion-con-el-mandatario-de-ee-uu-joe-biden-en-la-casa-blanca\/\"},\"author\":{\"name\":\"Editor General\",\"@id\":\"https:\/\/luchonoticias.com\/editor\/#\/schema\/person\/29217990ddf6f14e35912b2866d591fb\"},\"headline\":\"Presidente Petro inici\u00f3 reuni\u00f3n con el Mandatario de EE.UU., Joe Biden, en la Casa Blanca\",\"datePublished\":\"2023-04-20T19:15:26+00:00\",\"dateModified\":\"2023-04-20T19:15:27+00:00\",\"mainEntityOfPage\":{\"@id\":\"https:\/\/luchonoticias.com\/editor\/presidente-petro-inicio-reunion-con-el-mandatario-de-ee-uu-joe-biden-en-la-casa-blanca\/\"},\"wordCount\":278,\"commentCount\":0,\"publisher\":{\"@id\":\"https:\/\/luchonoticias.com\/editor\/#\/schema\/person\/7a7fd911f58561fd056dbac7b55af9cd\"},\"articleSection\":[\"Destacado\",\"Nacional\"],\"inLanguage\":\"es\",\"potentialAction\":[{\"@type\":\"CommentAction\",\"name\":\"Comment\",\"target\":[\"https:\/\/luchonoticias.com\/editor\/presidente-petro-inicio-reunion-con-el-mandatario-de-ee-uu-joe-biden-en-la-casa-blanca\/#respond\"]}]},{\"@type\":\"WebPage\",\"@id\":\"https:\/\/luchonoticias.com\/editor\/presidente-petro-inicio-reunion-con-el-mandatario-de-ee-uu-joe-biden-en-la-casa-blanca\/\",\"url\":\"https:\/\/luchonoticias.com\/editor\/presidente-petro-inicio-reunion-con-el-mandatario-de-ee-uu-joe-biden-en-la-casa-blanca\/\",\"name\":\"Presidente Petro inici\u00f3 reuni\u00f3n con el Mandatario de EE.UU., Joe Biden, en la Casa Blanca -\",\"isPartOf\":{\"@id\":\"https:\/\/luchonoticias.com\/editor\/#website\"},\"datePublished\":\"2023-04-20T19:15:26+00:00\",\"dateModified\":\"2023-04-20T19:15:27+00:00\",\"breadcrumb\":{\"@id\":\"https:\/\/luchonoticias.com\/editor\/presidente-petro-inicio-reunion-con-el-mandatario-de-ee-uu-joe-biden-en-la-casa-blanca\/#breadcrumb\"},\"inLanguage\":\"es\",\"potentialAction\":[{\"@type\":\"ReadAction\",\"target\":[\"https:\/\/luchonoticias.com\/editor\/presidente-petro-inicio-reunion-con-el-mandatario-de-ee-uu-joe-biden-en-la-casa-blanca\/\"]}]},{\"@type\":\"BreadcrumbList\",\"@id\":\"https:\/\/luchonoticias.com\/editor\/presidente-petro-inicio-reunion-con-el-mandatario-de-ee-uu-joe-biden-en-la-casa-blanca\/#breadcrumb\",\"itemListElement\":[{\"@type\":\"ListItem\",\"position\":1,\"name\":\"Portada\",\"item\":\"https:\/\/luchonoticias.com\/editor\/\"},{\"@type\":\"ListItem\",\"position\":2,\"name\":\"Presidente Petro inici\u00f3 reuni\u00f3n con el Mandatario de EE.UU., Joe Biden, en la Casa Blanca\"}]},{\"@type\":\"WebSite\",\"@id\":\"https:\/\/luchonoticias.com\/editor\/#website\",\"url\":\"https:\/\/luchonoticias.com\/editor\/\",\"name\":\"\",\"description\":\"\",\"publisher\":{\"@id\":\"https:\/\/luchonoticias.com\/editor\/#\/schema\/person\/7a7fd911f58561fd056dbac7b55af9cd\"},\"potentialAction\":[{\"@type\":\"SearchAction\",\"target\":{\"@type\":\"EntryPoint\",\"urlTemplate\":\"https:\/\/luchonoticias.com\/editor\/?s={search_term_string}\"},\"query-input\":{\"@type\":\"PropertyValueSpecification\",\"valueRequired\":true,\"valueName\":\"search_term_string\"}}],\"inLanguage\":\"es\"},{\"@type\":[\"Person\",\"Organization\"],\"@id\":\"https:\/\/luchonoticias.com\/editor\/#\/schema\/person\/7a7fd911f58561fd056dbac7b55af9cd\",\"name\":\"admin\",\"image\":{\"@type\":\"ImageObject\",\"inLanguage\":\"es\",\"@id\":\"https:\/\/luchonoticias.com\/editor\/#\/schema\/person\/image\/\",\"url\":\"https:\/\/luchonoticias.com\/editor\/wp-content\/uploads\/2024\/02\/cropped-cropped-logolu.webp\",\"contentUrl\":\"https:\/\/luchonoticias.com\/editor\/wp-content\/uploads\/2024\/02\/cropped-cropped-logolu.webp\",\"width\":382,\"height\":170,\"caption\":\"admin\"},\"logo\":{\"@id\":\"https:\/\/luchonoticias.com\/editor\/#\/schema\/person\/image\/\"},\"sameAs\":[\"https:\/\/www.facebook.com\/luchonoticiasneiva\"]},{\"@type\":\"Person\",\"@id\":\"https:\/\/luchonoticias.com\/editor\/#\/schema\/person\/29217990ddf6f14e35912b2866d591fb\",\"name\":\"Editor General\",\"image\":{\"@type\":\"ImageObject\",\"inLanguage\":\"es\",\"@id\":\"https:\/\/luchonoticias.com\/editor\/#\/schema\/person\/image\/\",\"url\":\"https:\/\/luchonoticias.com\/editor\/wp-content\/uploads\/2024\/02\/cropped-cropped-logolu-150x150.webp\",\"contentUrl\":\"https:\/\/luchonoticias.com\/editor\/wp-content\/uploads\/2024\/02\/cropped-cropped-logolu-150x150.webp\",\"caption\":\"Editor General\"},\"sameAs\":[\"https:\/\/luchonoticias.com\/\"],\"url\":\"https:\/\/luchonoticias.com\/editor\/author\/editor-general\/\"}]}<\/script>\n<!-- \/ Yoast SEO plugin. -->","yoast_head_json":{"title":"Presidente Petro inici\u00f3 reuni\u00f3n con el Mandatario de EE.UU., Joe Biden, en la Casa Blanca -","robots":{"index":"index","follow":"follow","max-snippet":"max-snippet:-1","max-image-preview":"max-image-preview:large","max-video-preview":"max-video-preview:-1"},"canonical":"https:\/\/luchonoticias.com\/editor\/presidente-petro-inicio-reunion-con-el-mandatario-de-ee-uu-joe-biden-en-la-casa-blanca\/","og_locale":"es_ES","og_type":"article","og_title":"Presidente Petro inici\u00f3 reuni\u00f3n con el Mandatario de EE.UU., Joe Biden, en la Casa Blanca -","og_url":"https:\/\/luchonoticias.com\/editor\/presidente-petro-inicio-reunion-con-el-mandatario-de-ee-uu-joe-biden-en-la-casa-blanca\/","article_publisher":"https:\/\/www.facebook.com\/luchonoticiasneiva","article_published_time":"2023-04-20T19:15:26+00:00","article_modified_time":"2023-04-20T19:15:27+00:00","author":"Editor General","twitter_card":"summary_large_image","twitter_misc":{"Escrito por":"Editor General","Tiempo de lectura":"1 minuto"},"schema":{"@context":"https:\/\/schema.org","@graph":[{"@type":"Article","@id":"https:\/\/luchonoticias.com\/editor\/presidente-petro-inicio-reunion-con-el-mandatario-de-ee-uu-joe-biden-en-la-casa-blanca\/#article","isPartOf":{"@id":"https:\/\/luchonoticias.com\/editor\/presidente-petro-inicio-reunion-con-el-mandatario-de-ee-uu-joe-biden-en-la-casa-blanca\/"},"author":{"name":"Editor General","@id":"https:\/\/luchonoticias.com\/editor\/#\/schema\/person\/29217990ddf6f14e35912b2866d591fb"},"headline":"Presidente Petro inici\u00f3 reuni\u00f3n con el Mandatario de EE.UU., Joe Biden, en la Casa Blanca","datePublished":"2023-04-20T19:15:26+00:00","dateModified":"2023-04-20T19:15:27+00:00","mainEntityOfPage":{"@id":"https:\/\/luchonoticias.com\/editor\/presidente-petro-inicio-reunion-con-el-mandatario-de-ee-uu-joe-biden-en-la-casa-blanca\/"},"wordCount":278,"commentCount":0,"publisher":{"@id":"https:\/\/luchonoticias.com\/editor\/#\/schema\/person\/7a7fd911f58561fd056dbac7b55af9cd"},"articleSection":["Destacado","Nacional"],"inLanguage":"es","potentialAction":[{"@type":"CommentAction","name":"Comment","target":["https:\/\/luchonoticias.com\/editor\/presidente-petro-inicio-reunion-con-el-mandatario-de-ee-uu-joe-biden-en-la-casa-blanca\/#respond"]}]},{"@type":"WebPage","@id":"https:\/\/luchonoticias.com\/editor\/presidente-petro-inicio-reunion-con-el-mandatario-de-ee-uu-joe-biden-en-la-casa-blanca\/","url":"https:\/\/luchonoticias.com\/editor\/presidente-petro-inicio-reunion-con-el-mandatario-de-ee-uu-joe-biden-en-la-casa-blanca\/","name":"Presidente Petro inici\u00f3 reuni\u00f3n con el Mandatario de EE.UU., Joe Biden, en la Casa Blanca -","isPartOf":{"@id":"https:\/\/luchonoticias.com\/editor\/#website"},"datePublished":"2023-04-20T19:15:26+00:00","dateModified":"2023-04-20T19:15:27+00:00","breadcrumb":{"@id":"https:\/\/luchonoticias.com\/editor\/presidente-petro-inicio-reunion-con-el-mandatario-de-ee-uu-joe-biden-en-la-casa-blanca\/#breadcrumb"},"inLanguage":"es","potentialAction":[{"@type":"ReadAction","target":["https:\/\/luchonoticias.com\/editor\/presidente-petro-inicio-reunion-con-el-mandatario-de-ee-uu-joe-biden-en-la-casa-blanca\/"]}]},{"@type":"BreadcrumbList","@id":"https:\/\/luchonoticias.com\/editor\/presidente-petro-inicio-reunion-con-el-mandatario-de-ee-uu-joe-biden-en-la-casa-blanca\/#breadcrumb","itemListElement":[{"@type":"ListItem","position":1,"name":"Portada","item":"https:\/\/luchonoticias.com\/editor\/"},{"@type":"ListItem","position":2,"name":"Presidente Petro inici\u00f3 reuni\u00f3n con el Mandatario de EE.UU., Joe Biden, en la Casa Blanca"}]},{"@type":"WebSite","@id":"https:\/\/luchonoticias.com\/editor\/#website","url":"https:\/\/luchonoticias.com\/editor\/","name":"","description":"","publisher":{"@id":"https:\/\/luchonoticias.com\/editor\/#\/schema\/person\/7a7fd911f58561fd056dbac7b55af9cd"},"potentialAction":[{"@type":"SearchAction","target":{"@type":"EntryPoint","urlTemplate":"https:\/\/luchonoticias.com\/editor\/?s={search_term_string}"},"query-input":{"@type":"PropertyValueSpecification","valueRequired":true,"valueName":"search_term_string"}}],"inLanguage":"es"},{"@type":["Person","Organization"],"@id":"https:\/\/luchonoticias.com\/editor\/#\/schema\/person\/7a7fd911f58561fd056dbac7b55af9cd","name":"admin","image":{"@type":"ImageObject","inLanguage":"es","@id":"https:\/\/luchonoticias.com\/editor\/#\/schema\/person\/image\/","url":"https:\/\/luchonoticias.com\/editor\/wp-content\/uploads\/2024\/02\/cropped-cropped-logolu.webp","contentUrl":"https:\/\/luchonoticias.com\/editor\/wp-content\/uploads\/2024\/02\/cropped-cropped-logolu.webp","width":382,"height":170,"caption":"admin"},"logo":{"@id":"https:\/\/luchonoticias.com\/editor\/#\/schema\/person\/image\/"},"sameAs":["https:\/\/www.facebook.com\/luchonoticiasneiva"]},{"@type":"Person","@id":"https:\/\/luchonoticias.com\/editor\/#\/schema\/person\/29217990ddf6f14e35912b2866d591fb","name":"Editor General","image":{"@type":"ImageObject","inLanguage":"es","@id":"https:\/\/luchonoticias.com\/editor\/#\/schema\/person\/image\/","url":"https:\/\/luchonoticias.com\/editor\/wp-content\/uploads\/2024\/02\/cropped-cropped-logolu-150x150.webp","contentUrl":"https:\/\/luchonoticias.com\/editor\/wp-content\/uploads\/2024\/02\/cropped-cropped-logolu-150x150.webp","caption":"Editor General"},"sameAs":["https:\/\/luchonoticias.com\/"],"url":"https:\/\/luchonoticias.com\/editor\/author\/editor-general\/"}]}},"_links":{"self":[{"href":"https:\/\/luchonoticias.com\/editor\/wp-json\/wp\/v2\/posts\/50715","targetHints":{"allow":["GET"]}}],"collection":[{"href":"https:\/\/luchonoticias.com\/editor\/wp-json\/wp\/v2\/posts"}],"about":[{"href":"https:\/\/luchonoticias.com\/editor\/wp-json\/wp\/v2\/types\/post"}],"author":[{"embeddable":true,"href":"https:\/\/luchonoticias.com\/editor\/wp-json\/wp\/v2\/users\/2"}],"replies":[{"embeddable":true,"href":"https:\/\/luchonoticias.com\/editor\/wp-json\/wp\/v2\/comments?post=50715"}],"version-history":[{"count":0,"href":"https:\/\/luchonoticias.com\/editor\/wp-json\/wp\/v2\/posts\/50715\/revisions"}],"wp:attachment":[{"href":"https:\/\/luchonoticias.com\/editor\/wp-json\/wp\/v2\/media?parent=50715"}],"wp:term":[{"taxonomy":"category","embeddable":true,"href":"https:\/\/luchonoticias.com\/editor\/wp-json\/wp\/v2\/categories?post=50715"},{"taxonomy":"post_tag","embeddable":true,"href":"https:\/\/luchonoticias.com\/editor\/wp-json\/wp\/v2\/tags?post=50715"}],"curies":[{"name":"wp","href":"https:\/\/api.w.org\/{rel}","templated":true}]}}