{"id":50718,"date":"2023-04-20T14:30:59","date_gmt":"2023-04-20T19:30:59","guid":{"rendered":"https:\/\/luchonoticias.com\/?p=50718"},"modified":"2023-04-20T14:31:00","modified_gmt":"2023-04-20T19:31:00","slug":"erupcion-del-volcan-nevado-del-ruiz-es-probable-en-termino-de-dias-o-semanas-servicio-geologico-colombiano","status":"publish","type":"post","link":"https:\/\/luchonoticias.com\/editor\/erupcion-del-volcan-nevado-del-ruiz-es-probable-en-termino-de-dias-o-semanas-servicio-geologico-colombiano\/","title":{"rendered":"Erupci\u00f3n del Volc\u00e1n Nevado del Ruiz es probable en t\u00e9rmino de d\u00edas o semanas: Servicio Geol\u00f3gico Colombiano"},"content":{"rendered":"\n<p>El Ministerio de Minas Y Energ\u00eda a trav\u00e9s del Servicio Geol\u00f3gico Colombiano inform\u00f3 en un comunicado que, la actividad s\u00edsmica predominante en el volc\u00e1n Nevado del Ruiz durante el d\u00eda de ayer, estuvo relacionada con el movimiento de fluidos al interior de los conductos volc\u00e1nicos, y asociada a emisi\u00f3n de gases y ceniza.<\/p>\n\n\n\n<p>\u201cEsta sismicidad present\u00f3 un incremento con respecto al d\u00eda anterior (18 de abril). Paralelamente, continu\u00f3 el registro de sismicidad asociada a fracturamiento de roca al interior del edificio volc\u00e1nico, la cual mostr\u00f3 tambi\u00e9n un leve aumento en el n\u00famero de sismos\u201d, afirmaron en su comunicado.<\/p>\n\n\n\n<p>En relaci\u00f3n a la actividad superficial, el SGC afirm\u00f3 que la altura m\u00e1xima de la columna de gases fue de 1800 m, medidos desde la cima del volc\u00e1n, \u201cla cual estuvo asociada a una emisi\u00f3n de ceniza registrada el 19 de abril a las 22:35 p.m. Durante el d\u00eda de ayer, la dispersi\u00f3n de la columna predomin\u00f3 hacia al suroriente. Contin\u00faa la desgasificaci\u00f3n de di\u00f3xido de azufre a la atm\u00f3sfera y de vapor de agua en el volc\u00e1n y el registro anomal\u00edas t\u00e9rmicas en el fondo del cr\u00e1ter, las cuales se observan desde las plataformas de monitoreo satelital\u201d, agregaron.<\/p>\n\n\n\n<p><strong>Sobrevuelo al cr\u00e1ter por la FAC<\/strong><\/p>\n\n\n\n<p>Del mismo modo la Fuerza Aerea Colombiana inform\u00f3, que con el apoyo de expertos del Servicio Geol\u00f3gico Colombiano, realizaron un sobrevuelo alrededor del cr\u00e1ter del volc\u00e1n, donde pudieron evidenciar y recolectar diversas informaciones del comportamiento del Nevado del Ruiz.<\/p>\n\n\n\n<p>\u201cEn este momento se est\u00e1 analizando y procesando la informaci\u00f3n obtenida y tan pronto se tengan resultados, se informar\u00e1 sobre los mismos. Todos estos indicadores ratifican lo que desde el SGC hemos reiterado: que la actividad del volc\u00e1n Nevado del Ruiz sigue siendo muy inestable. Si bien la sismicidad de fractura puede variar y cambiar de localizaci\u00f3n, la presencia de anomal\u00edas t\u00e9rmicas en el fondo del cr\u00e1ter mayores a las presentadas en meses anteriores, asociadas con la salida -en ocasiones continua- de ceniza, son par\u00e1metros que indican un nivel mayor de actividad de este con respecto a semanas anteriores, los cuales deben ser monitoreados de manera permanente y especial\u201d, puntualizaron.<\/p>\n\n\n\n<p><strong>Se mantiene la Alerta Naranja<\/strong><\/p>\n\n\n\n<p>Adicionalmente, reiteraron que la actividad del volc\u00e1n Nevado del Ruiz contin\u00faa en Nivel Naranja, lo que indica que existe una probabilidad de que en d\u00edas o semanas haga una erupci\u00f3n mayor a las que ha hecho en los \u00faltimos 10 a\u00f1os.<\/p>\n\n\n\n<p>\u201cPara cambiar de nivel y retornar a nivel amarillo se requiere un tiempo prudencial donde se puedan observar tendencias y patrones que permitan inferir la posible disminuci\u00f3n de la actividad, raz\u00f3n por la cual se advierte que el nivel de actividad del volc\u00e1n Nevado del Ruiz permanecer\u00e1 en Nivel Naranja por varias semanas. Durante este tiempo, en caso de que se produzca una aceleraci\u00f3n de los procesos que sugieran una erupci\u00f3n inminente o que se produzca la erupci\u00f3n en s\u00ed, el nivel de actividad se cambiar\u00e1 a rojo\u201d, afirmaron.<\/p>\n\n\n\n<p><strong>Recomendaciones<\/strong><\/p>\n\n\n\n<p>Finalmente, las autoridades dieron algunas recomendaciones a la comunidad, como el conservar la calma, seguir todas las instrucciones de la Unidad Nacional para la Gesti\u00f3n del Riesgo de Desastres (UNGRD) y autoridades locales, y estar atenta a la informaci\u00f3n proporcionada por el Servicio Geol\u00f3gico Colombiano sobre la evoluci\u00f3n del estado del volc\u00e1n.<\/p>\n","protected":false},"excerpt":{"rendered":"<p>El Ministerio de Minas Y Energ\u00eda a trav\u00e9s del Servicio Geol\u00f3gico Colombiano inform\u00f3 en un comunicado que, la actividad s\u00edsmica predominante en el volc\u00e1n Nevado del Ruiz durante el d\u00eda de ayer, estuvo relacionada con el movimiento de fluidos al interior de los conductos volc\u00e1nicos, y asociada a emisi\u00f3n de gases y ceniza. \u201cEsta sismicidad [&hellip;]<\/p>\n","protected":false},"author":2,"featured_media":0,"comment_status":"open","ping_status":"open","sticky":false,"template":"","format":"standard","meta":{"footnotes":""},"categories":[28,36],"tags":[],"class_list":["post-50718","post","type-post","status-publish","format-standard","hentry","category-actualidad","category-destacado"],"yoast_head":"<!-- This site is optimized with the Yoast SEO plugin v26.6 - https:\/\/yoast.com\/wordpress\/plugins\/seo\/ -->\n<title>Erupci\u00f3n del Volc\u00e1n Nevado del Ruiz es probable en t\u00e9rmino de d\u00edas o semanas: Servicio Geol\u00f3gico Colombiano -<\/title>\n<meta name=\"robots\" content=\"index, follow, max-snippet:-1, max-image-preview:large, max-video-preview:-1\" \/>\n<link rel=\"canonical\" href=\"https:\/\/luchonoticias.com\/editor\/erupcion-del-volcan-nevado-del-ruiz-es-probable-en-termino-de-dias-o-semanas-servicio-geologico-colombiano\/\" \/>\n<meta property=\"og:locale\" content=\"es_ES\" \/>\n<meta property=\"og:type\" content=\"article\" \/>\n<meta property=\"og:title\" content=\"Erupci\u00f3n del Volc\u00e1n Nevado del Ruiz es probable en t\u00e9rmino de d\u00edas o semanas: Servicio Geol\u00f3gico Colombiano -\" \/>\n<meta property=\"og:url\" content=\"https:\/\/luchonoticias.com\/editor\/erupcion-del-volcan-nevado-del-ruiz-es-probable-en-termino-de-dias-o-semanas-servicio-geologico-colombiano\/\" \/>\n<meta property=\"article:publisher\" content=\"https:\/\/www.facebook.com\/luchonoticiasneiva\" \/>\n<meta property=\"article:published_time\" content=\"2023-04-20T19:30:59+00:00\" \/>\n<meta property=\"article:modified_time\" content=\"2023-04-20T19:31:00+00:00\" \/>\n<meta name=\"author\" content=\"Editor General\" \/>\n<meta name=\"twitter:card\" content=\"summary_large_image\" \/>\n<meta name=\"twitter:label1\" content=\"Escrito por\" \/>\n\t<meta name=\"twitter:data1\" content=\"Editor General\" \/>\n\t<meta name=\"twitter:label2\" content=\"Tiempo de lectura\" \/>\n\t<meta name=\"twitter:data2\" content=\"3 minutos\" \/>\n<script type=\"application\/ld+json\" class=\"yoast-schema-graph\">{\"@context\":\"https:\/\/schema.org\",\"@graph\":[{\"@type\":\"Article\",\"@id\":\"https:\/\/luchonoticias.com\/editor\/erupcion-del-volcan-nevado-del-ruiz-es-probable-en-termino-de-dias-o-semanas-servicio-geologico-colombiano\/#article\",\"isPartOf\":{\"@id\":\"https:\/\/luchonoticias.com\/editor\/erupcion-del-volcan-nevado-del-ruiz-es-probable-en-termino-de-dias-o-semanas-servicio-geologico-colombiano\/\"},\"author\":{\"name\":\"Editor General\",\"@id\":\"https:\/\/luchonoticias.com\/editor\/#\/schema\/person\/29217990ddf6f14e35912b2866d591fb\"},\"headline\":\"Erupci\u00f3n del Volc\u00e1n Nevado del Ruiz es probable en t\u00e9rmino de d\u00edas o semanas: Servicio Geol\u00f3gico Colombiano\",\"datePublished\":\"2023-04-20T19:30:59+00:00\",\"dateModified\":\"2023-04-20T19:31:00+00:00\",\"mainEntityOfPage\":{\"@id\":\"https:\/\/luchonoticias.com\/editor\/erupcion-del-volcan-nevado-del-ruiz-es-probable-en-termino-de-dias-o-semanas-servicio-geologico-colombiano\/\"},\"wordCount\":611,\"commentCount\":0,\"publisher\":{\"@id\":\"https:\/\/luchonoticias.com\/editor\/#\/schema\/person\/7a7fd911f58561fd056dbac7b55af9cd\"},\"articleSection\":[\"Actualidad\",\"Destacado\"],\"inLanguage\":\"es\",\"potentialAction\":[{\"@type\":\"CommentAction\",\"name\":\"Comment\",\"target\":[\"https:\/\/luchonoticias.com\/editor\/erupcion-del-volcan-nevado-del-ruiz-es-probable-en-termino-de-dias-o-semanas-servicio-geologico-colombiano\/#respond\"]}]},{\"@type\":\"WebPage\",\"@id\":\"https:\/\/luchonoticias.com\/editor\/erupcion-del-volcan-nevado-del-ruiz-es-probable-en-termino-de-dias-o-semanas-servicio-geologico-colombiano\/\",\"url\":\"https:\/\/luchonoticias.com\/editor\/erupcion-del-volcan-nevado-del-ruiz-es-probable-en-termino-de-dias-o-semanas-servicio-geologico-colombiano\/\",\"name\":\"Erupci\u00f3n del Volc\u00e1n Nevado del Ruiz es probable en t\u00e9rmino de d\u00edas o semanas: Servicio Geol\u00f3gico Colombiano -\",\"isPartOf\":{\"@id\":\"https:\/\/luchonoticias.com\/editor\/#website\"},\"datePublished\":\"2023-04-20T19:30:59+00:00\",\"dateModified\":\"2023-04-20T19:31:00+00:00\",\"breadcrumb\":{\"@id\":\"https:\/\/luchonoticias.com\/editor\/erupcion-del-volcan-nevado-del-ruiz-es-probable-en-termino-de-dias-o-semanas-servicio-geologico-colombiano\/#breadcrumb\"},\"inLanguage\":\"es\",\"potentialAction\":[{\"@type\":\"ReadAction\",\"target\":[\"https:\/\/luchonoticias.com\/editor\/erupcion-del-volcan-nevado-del-ruiz-es-probable-en-termino-de-dias-o-semanas-servicio-geologico-colombiano\/\"]}]},{\"@type\":\"BreadcrumbList\",\"@id\":\"https:\/\/luchonoticias.com\/editor\/erupcion-del-volcan-nevado-del-ruiz-es-probable-en-termino-de-dias-o-semanas-servicio-geologico-colombiano\/#breadcrumb\",\"itemListElement\":[{\"@type\":\"ListItem\",\"position\":1,\"name\":\"Portada\",\"item\":\"https:\/\/luchonoticias.com\/editor\/\"},{\"@type\":\"ListItem\",\"position\":2,\"name\":\"Erupci\u00f3n del Volc\u00e1n Nevado del Ruiz es probable en t\u00e9rmino de d\u00edas o semanas: Servicio Geol\u00f3gico Colombiano\"}]},{\"@type\":\"WebSite\",\"@id\":\"https:\/\/luchonoticias.com\/editor\/#website\",\"url\":\"https:\/\/luchonoticias.com\/editor\/\",\"name\":\"\",\"description\":\"\",\"publisher\":{\"@id\":\"https:\/\/luchonoticias.com\/editor\/#\/schema\/person\/7a7fd911f58561fd056dbac7b55af9cd\"},\"potentialAction\":[{\"@type\":\"SearchAction\",\"target\":{\"@type\":\"EntryPoint\",\"urlTemplate\":\"https:\/\/luchonoticias.com\/editor\/?s={search_term_string}\"},\"query-input\":{\"@type\":\"PropertyValueSpecification\",\"valueRequired\":true,\"valueName\":\"search_term_string\"}}],\"inLanguage\":\"es\"},{\"@type\":[\"Person\",\"Organization\"],\"@id\":\"https:\/\/luchonoticias.com\/editor\/#\/schema\/person\/7a7fd911f58561fd056dbac7b55af9cd\",\"name\":\"admin\",\"image\":{\"@type\":\"ImageObject\",\"inLanguage\":\"es\",\"@id\":\"https:\/\/luchonoticias.com\/editor\/#\/schema\/person\/image\/\",\"url\":\"https:\/\/luchonoticias.com\/editor\/wp-content\/uploads\/2024\/02\/cropped-cropped-logolu.webp\",\"contentUrl\":\"https:\/\/luchonoticias.com\/editor\/wp-content\/uploads\/2024\/02\/cropped-cropped-logolu.webp\",\"width\":382,\"height\":170,\"caption\":\"admin\"},\"logo\":{\"@id\":\"https:\/\/luchonoticias.com\/editor\/#\/schema\/person\/image\/\"},\"sameAs\":[\"https:\/\/www.facebook.com\/luchonoticiasneiva\"]},{\"@type\":\"Person\",\"@id\":\"https:\/\/luchonoticias.com\/editor\/#\/schema\/person\/29217990ddf6f14e35912b2866d591fb\",\"name\":\"Editor General\",\"image\":{\"@type\":\"ImageObject\",\"inLanguage\":\"es\",\"@id\":\"https:\/\/luchonoticias.com\/editor\/#\/schema\/person\/image\/\",\"url\":\"https:\/\/luchonoticias.com\/editor\/wp-content\/uploads\/2024\/02\/cropped-cropped-logolu-150x150.webp\",\"contentUrl\":\"https:\/\/luchonoticias.com\/editor\/wp-content\/uploads\/2024\/02\/cropped-cropped-logolu-150x150.webp\",\"caption\":\"Editor General\"},\"sameAs\":[\"https:\/\/luchonoticias.com\/\"],\"url\":\"https:\/\/luchonoticias.com\/editor\/author\/editor-general\/\"}]}<\/script>\n<!-- \/ Yoast SEO plugin. -->","yoast_head_json":{"title":"Erupci\u00f3n del Volc\u00e1n Nevado del Ruiz es probable en t\u00e9rmino de d\u00edas o semanas: Servicio Geol\u00f3gico Colombiano -","robots":{"index":"index","follow":"follow","max-snippet":"max-snippet:-1","max-image-preview":"max-image-preview:large","max-video-preview":"max-video-preview:-1"},"canonical":"https:\/\/luchonoticias.com\/editor\/erupcion-del-volcan-nevado-del-ruiz-es-probable-en-termino-de-dias-o-semanas-servicio-geologico-colombiano\/","og_locale":"es_ES","og_type":"article","og_title":"Erupci\u00f3n del Volc\u00e1n Nevado del Ruiz es probable en t\u00e9rmino de d\u00edas o semanas: Servicio Geol\u00f3gico Colombiano -","og_url":"https:\/\/luchonoticias.com\/editor\/erupcion-del-volcan-nevado-del-ruiz-es-probable-en-termino-de-dias-o-semanas-servicio-geologico-colombiano\/","article_publisher":"https:\/\/www.facebook.com\/luchonoticiasneiva","article_published_time":"2023-04-20T19:30:59+00:00","article_modified_time":"2023-04-20T19:31:00+00:00","author":"Editor General","twitter_card":"summary_large_image","twitter_misc":{"Escrito por":"Editor General","Tiempo de lectura":"3 minutos"},"schema":{"@context":"https:\/\/schema.org","@graph":[{"@type":"Article","@id":"https:\/\/luchonoticias.com\/editor\/erupcion-del-volcan-nevado-del-ruiz-es-probable-en-termino-de-dias-o-semanas-servicio-geologico-colombiano\/#article","isPartOf":{"@id":"https:\/\/luchonoticias.com\/editor\/erupcion-del-volcan-nevado-del-ruiz-es-probable-en-termino-de-dias-o-semanas-servicio-geologico-colombiano\/"},"author":{"name":"Editor General","@id":"https:\/\/luchonoticias.com\/editor\/#\/schema\/person\/29217990ddf6f14e35912b2866d591fb"},"headline":"Erupci\u00f3n del Volc\u00e1n Nevado del Ruiz es probable en t\u00e9rmino de d\u00edas o semanas: Servicio Geol\u00f3gico Colombiano","datePublished":"2023-04-20T19:30:59+00:00","dateModified":"2023-04-20T19:31:00+00:00","mainEntityOfPage":{"@id":"https:\/\/luchonoticias.com\/editor\/erupcion-del-volcan-nevado-del-ruiz-es-probable-en-termino-de-dias-o-semanas-servicio-geologico-colombiano\/"},"wordCount":611,"commentCount":0,"publisher":{"@id":"https:\/\/luchonoticias.com\/editor\/#\/schema\/person\/7a7fd911f58561fd056dbac7b55af9cd"},"articleSection":["Actualidad","Destacado"],"inLanguage":"es","potentialAction":[{"@type":"CommentAction","name":"Comment","target":["https:\/\/luchonoticias.com\/editor\/erupcion-del-volcan-nevado-del-ruiz-es-probable-en-termino-de-dias-o-semanas-servicio-geologico-colombiano\/#respond"]}]},{"@type":"WebPage","@id":"https:\/\/luchonoticias.com\/editor\/erupcion-del-volcan-nevado-del-ruiz-es-probable-en-termino-de-dias-o-semanas-servicio-geologico-colombiano\/","url":"https:\/\/luchonoticias.com\/editor\/erupcion-del-volcan-nevado-del-ruiz-es-probable-en-termino-de-dias-o-semanas-servicio-geologico-colombiano\/","name":"Erupci\u00f3n del Volc\u00e1n Nevado del Ruiz es probable en t\u00e9rmino de d\u00edas o semanas: Servicio Geol\u00f3gico Colombiano -","isPartOf":{"@id":"https:\/\/luchonoticias.com\/editor\/#website"},"datePublished":"2023-04-20T19:30:59+00:00","dateModified":"2023-04-20T19:31:00+00:00","breadcrumb":{"@id":"https:\/\/luchonoticias.com\/editor\/erupcion-del-volcan-nevado-del-ruiz-es-probable-en-termino-de-dias-o-semanas-servicio-geologico-colombiano\/#breadcrumb"},"inLanguage":"es","potentialAction":[{"@type":"ReadAction","target":["https:\/\/luchonoticias.com\/editor\/erupcion-del-volcan-nevado-del-ruiz-es-probable-en-termino-de-dias-o-semanas-servicio-geologico-colombiano\/"]}]},{"@type":"BreadcrumbList","@id":"https:\/\/luchonoticias.com\/editor\/erupcion-del-volcan-nevado-del-ruiz-es-probable-en-termino-de-dias-o-semanas-servicio-geologico-colombiano\/#breadcrumb","itemListElement":[{"@type":"ListItem","position":1,"name":"Portada","item":"https:\/\/luchonoticias.com\/editor\/"},{"@type":"ListItem","position":2,"name":"Erupci\u00f3n del Volc\u00e1n Nevado del Ruiz es probable en t\u00e9rmino de d\u00edas o semanas: Servicio Geol\u00f3gico Colombiano"}]},{"@type":"WebSite","@id":"https:\/\/luchonoticias.com\/editor\/#website","url":"https:\/\/luchonoticias.com\/editor\/","name":"","description":"","publisher":{"@id":"https:\/\/luchonoticias.com\/editor\/#\/schema\/person\/7a7fd911f58561fd056dbac7b55af9cd"},"potentialAction":[{"@type":"SearchAction","target":{"@type":"EntryPoint","urlTemplate":"https:\/\/luchonoticias.com\/editor\/?s={search_term_string}"},"query-input":{"@type":"PropertyValueSpecification","valueRequired":true,"valueName":"search_term_string"}}],"inLanguage":"es"},{"@type":["Person","Organization"],"@id":"https:\/\/luchonoticias.com\/editor\/#\/schema\/person\/7a7fd911f58561fd056dbac7b55af9cd","name":"admin","image":{"@type":"ImageObject","inLanguage":"es","@id":"https:\/\/luchonoticias.com\/editor\/#\/schema\/person\/image\/","url":"https:\/\/luchonoticias.com\/editor\/wp-content\/uploads\/2024\/02\/cropped-cropped-logolu.webp","contentUrl":"https:\/\/luchonoticias.com\/editor\/wp-content\/uploads\/2024\/02\/cropped-cropped-logolu.webp","width":382,"height":170,"caption":"admin"},"logo":{"@id":"https:\/\/luchonoticias.com\/editor\/#\/schema\/person\/image\/"},"sameAs":["https:\/\/www.facebook.com\/luchonoticiasneiva"]},{"@type":"Person","@id":"https:\/\/luchonoticias.com\/editor\/#\/schema\/person\/29217990ddf6f14e35912b2866d591fb","name":"Editor General","image":{"@type":"ImageObject","inLanguage":"es","@id":"https:\/\/luchonoticias.com\/editor\/#\/schema\/person\/image\/","url":"https:\/\/luchonoticias.com\/editor\/wp-content\/uploads\/2024\/02\/cropped-cropped-logolu-150x150.webp","contentUrl":"https:\/\/luchonoticias.com\/editor\/wp-content\/uploads\/2024\/02\/cropped-cropped-logolu-150x150.webp","caption":"Editor General"},"sameAs":["https:\/\/luchonoticias.com\/"],"url":"https:\/\/luchonoticias.com\/editor\/author\/editor-general\/"}]}},"_links":{"self":[{"href":"https:\/\/luchonoticias.com\/editor\/wp-json\/wp\/v2\/posts\/50718","targetHints":{"allow":["GET"]}}],"collection":[{"href":"https:\/\/luchonoticias.com\/editor\/wp-json\/wp\/v2\/posts"}],"about":[{"href":"https:\/\/luchonoticias.com\/editor\/wp-json\/wp\/v2\/types\/post"}],"author":[{"embeddable":true,"href":"https:\/\/luchonoticias.com\/editor\/wp-json\/wp\/v2\/users\/2"}],"replies":[{"embeddable":true,"href":"https:\/\/luchonoticias.com\/editor\/wp-json\/wp\/v2\/comments?post=50718"}],"version-history":[{"count":0,"href":"https:\/\/luchonoticias.com\/editor\/wp-json\/wp\/v2\/posts\/50718\/revisions"}],"wp:attachment":[{"href":"https:\/\/luchonoticias.com\/editor\/wp-json\/wp\/v2\/media?parent=50718"}],"wp:term":[{"taxonomy":"category","embeddable":true,"href":"https:\/\/luchonoticias.com\/editor\/wp-json\/wp\/v2\/categories?post=50718"},{"taxonomy":"post_tag","embeddable":true,"href":"https:\/\/luchonoticias.com\/editor\/wp-json\/wp\/v2\/tags?post=50718"}],"curies":[{"name":"wp","href":"https:\/\/api.w.org\/{rel}","templated":true}]}}