{"id":50721,"date":"2023-04-20T16:40:53","date_gmt":"2023-04-20T21:40:53","guid":{"rendered":"https:\/\/luchonoticias.com\/?p=50721"},"modified":"2023-04-20T16:40:53","modified_gmt":"2023-04-20T21:40:53","slug":"20-anos-de-carcel-por-abusar-de-sus-hijastras","status":"publish","type":"post","link":"https:\/\/luchonoticias.com\/editor\/20-anos-de-carcel-por-abusar-de-sus-hijastras\/","title":{"rendered":"20 a\u00f1os de c\u00e1rcel por abusar de sus hijastras"},"content":{"rendered":"\n<p>El aberrante caso ocurri\u00f3 en la vereda Las Acacias en el municipio de Tarqui, donde el depravado conviv\u00eda con su compa\u00f1era sentimental y mam\u00e1 de las menores v\u00edctimas.<\/p>\n\n\n\n<p>El hombre, de 51 a\u00f1os de edad, fue condenado por un juez de conocimiento, por el delito de abuso sexual , luego de evaluar y analizar las pruebas que present\u00f3 el Fiscal Seccional del Centro de Atenci\u00f3n Integral a V\u00edctimas de Abuso Sexual (Caivas).<\/p>\n\n\n\n<p>La Fiscal\u00eda se\u00f1al\u00f3 que las agresiones iniciaron cuando las v\u00edctimas contaban con 9 y 10 a\u00f1os. Labores de polic\u00eda judicial evidenciaron que los abusos se presentaron, al menos, desde 2014 cuando una de las menores ten\u00eda 9 a\u00f1os. La ni\u00f1a fue agredida con tocamientos y agresiones de \u00edndole sexual.<\/p>\n\n\n\n<p>Situaciones que, seg\u00fan la informaci\u00f3n en poder de la Fiscal\u00eda, se presentaban de manera constante. Tan solo en 2019 se presentaron 10 actos de abuso sexual. Los abusos contra la otra menor de edad se registraron en 2018, \u00e9poca en la cual la ni\u00f1a contaba con 10 a\u00f1os; y se prolongaron hasta finales de 2021.<\/p>\n\n\n\n<p>La evidencia f\u00edsica recaudada determin\u00f3 que el sentenciado se acostaba en la cama de la ni\u00f1a donde la acced\u00eda carnalmente. Circunstancias similares se presentaban cuando la menor deb\u00eda ayudar al hombre en labores propias de la finca.<\/p>\n\n\n\n<p>Producto de estos hechos entre julio y agosto de 2021 la v\u00edctima qued\u00f3 en embarazo. El investigado fue encontrado responsable del delito de acceso carnal abusivo con menor de 14 a\u00f1os agravado, cargo que acept\u00f3 en audiencias preparatorias.<\/p>\n","protected":false},"excerpt":{"rendered":"<p>El aberrante caso ocurri\u00f3 en la vereda Las Acacias en el municipio de Tarqui, donde el depravado conviv\u00eda con su compa\u00f1era sentimental y mam\u00e1 de las menores v\u00edctimas. El hombre, de 51 a\u00f1os de edad, fue condenado por un juez de conocimiento, por el delito de abuso sexual , luego de evaluar y analizar las [&hellip;]<\/p>\n","protected":false},"author":2,"featured_media":0,"comment_status":"open","ping_status":"open","sticky":false,"template":"","format":"standard","meta":{"footnotes":""},"categories":[36,29],"tags":[],"class_list":["post-50721","post","type-post","status-publish","format-standard","hentry","category-destacado","category-judicial"],"yoast_head":"<!-- This site is optimized with the Yoast SEO plugin v26.6 - https:\/\/yoast.com\/wordpress\/plugins\/seo\/ -->\n<title>20 a\u00f1os de c\u00e1rcel por abusar de sus hijastras -<\/title>\n<meta name=\"robots\" content=\"index, follow, max-snippet:-1, max-image-preview:large, max-video-preview:-1\" \/>\n<link rel=\"canonical\" href=\"https:\/\/luchonoticias.com\/editor\/20-anos-de-carcel-por-abusar-de-sus-hijastras\/\" \/>\n<meta property=\"og:locale\" content=\"es_ES\" \/>\n<meta property=\"og:type\" content=\"article\" \/>\n<meta property=\"og:title\" content=\"20 a\u00f1os de c\u00e1rcel por abusar de sus hijastras -\" \/>\n<meta property=\"og:url\" content=\"https:\/\/luchonoticias.com\/editor\/20-anos-de-carcel-por-abusar-de-sus-hijastras\/\" \/>\n<meta property=\"article:publisher\" content=\"https:\/\/www.facebook.com\/luchonoticiasneiva\" \/>\n<meta property=\"article:published_time\" content=\"2023-04-20T21:40:53+00:00\" \/>\n<meta name=\"author\" content=\"Editor General\" \/>\n<meta name=\"twitter:card\" content=\"summary_large_image\" \/>\n<meta name=\"twitter:label1\" content=\"Escrito por\" \/>\n\t<meta name=\"twitter:data1\" content=\"Editor General\" \/>\n\t<meta name=\"twitter:label2\" content=\"Tiempo de lectura\" \/>\n\t<meta name=\"twitter:data2\" content=\"1 minuto\" \/>\n<script type=\"application\/ld+json\" class=\"yoast-schema-graph\">{\"@context\":\"https:\/\/schema.org\",\"@graph\":[{\"@type\":\"Article\",\"@id\":\"https:\/\/luchonoticias.com\/editor\/20-anos-de-carcel-por-abusar-de-sus-hijastras\/#article\",\"isPartOf\":{\"@id\":\"https:\/\/luchonoticias.com\/editor\/20-anos-de-carcel-por-abusar-de-sus-hijastras\/\"},\"author\":{\"name\":\"Editor General\",\"@id\":\"https:\/\/luchonoticias.com\/editor\/#\/schema\/person\/29217990ddf6f14e35912b2866d591fb\"},\"headline\":\"20 a\u00f1os de c\u00e1rcel por abusar de sus hijastras\",\"datePublished\":\"2023-04-20T21:40:53+00:00\",\"mainEntityOfPage\":{\"@id\":\"https:\/\/luchonoticias.com\/editor\/20-anos-de-carcel-por-abusar-de-sus-hijastras\/\"},\"wordCount\":273,\"commentCount\":0,\"publisher\":{\"@id\":\"https:\/\/luchonoticias.com\/editor\/#\/schema\/person\/7a7fd911f58561fd056dbac7b55af9cd\"},\"articleSection\":[\"Destacado\",\"Judicial\"],\"inLanguage\":\"es\",\"potentialAction\":[{\"@type\":\"CommentAction\",\"name\":\"Comment\",\"target\":[\"https:\/\/luchonoticias.com\/editor\/20-anos-de-carcel-por-abusar-de-sus-hijastras\/#respond\"]}]},{\"@type\":\"WebPage\",\"@id\":\"https:\/\/luchonoticias.com\/editor\/20-anos-de-carcel-por-abusar-de-sus-hijastras\/\",\"url\":\"https:\/\/luchonoticias.com\/editor\/20-anos-de-carcel-por-abusar-de-sus-hijastras\/\",\"name\":\"20 a\u00f1os de c\u00e1rcel por abusar de sus hijastras -\",\"isPartOf\":{\"@id\":\"https:\/\/luchonoticias.com\/editor\/#website\"},\"datePublished\":\"2023-04-20T21:40:53+00:00\",\"breadcrumb\":{\"@id\":\"https:\/\/luchonoticias.com\/editor\/20-anos-de-carcel-por-abusar-de-sus-hijastras\/#breadcrumb\"},\"inLanguage\":\"es\",\"potentialAction\":[{\"@type\":\"ReadAction\",\"target\":[\"https:\/\/luchonoticias.com\/editor\/20-anos-de-carcel-por-abusar-de-sus-hijastras\/\"]}]},{\"@type\":\"BreadcrumbList\",\"@id\":\"https:\/\/luchonoticias.com\/editor\/20-anos-de-carcel-por-abusar-de-sus-hijastras\/#breadcrumb\",\"itemListElement\":[{\"@type\":\"ListItem\",\"position\":1,\"name\":\"Portada\",\"item\":\"https:\/\/luchonoticias.com\/editor\/\"},{\"@type\":\"ListItem\",\"position\":2,\"name\":\"20 a\u00f1os de c\u00e1rcel por abusar de sus hijastras\"}]},{\"@type\":\"WebSite\",\"@id\":\"https:\/\/luchonoticias.com\/editor\/#website\",\"url\":\"https:\/\/luchonoticias.com\/editor\/\",\"name\":\"\",\"description\":\"\",\"publisher\":{\"@id\":\"https:\/\/luchonoticias.com\/editor\/#\/schema\/person\/7a7fd911f58561fd056dbac7b55af9cd\"},\"potentialAction\":[{\"@type\":\"SearchAction\",\"target\":{\"@type\":\"EntryPoint\",\"urlTemplate\":\"https:\/\/luchonoticias.com\/editor\/?s={search_term_string}\"},\"query-input\":{\"@type\":\"PropertyValueSpecification\",\"valueRequired\":true,\"valueName\":\"search_term_string\"}}],\"inLanguage\":\"es\"},{\"@type\":[\"Person\",\"Organization\"],\"@id\":\"https:\/\/luchonoticias.com\/editor\/#\/schema\/person\/7a7fd911f58561fd056dbac7b55af9cd\",\"name\":\"admin\",\"image\":{\"@type\":\"ImageObject\",\"inLanguage\":\"es\",\"@id\":\"https:\/\/luchonoticias.com\/editor\/#\/schema\/person\/image\/\",\"url\":\"https:\/\/luchonoticias.com\/editor\/wp-content\/uploads\/2024\/02\/cropped-cropped-logolu.webp\",\"contentUrl\":\"https:\/\/luchonoticias.com\/editor\/wp-content\/uploads\/2024\/02\/cropped-cropped-logolu.webp\",\"width\":382,\"height\":170,\"caption\":\"admin\"},\"logo\":{\"@id\":\"https:\/\/luchonoticias.com\/editor\/#\/schema\/person\/image\/\"},\"sameAs\":[\"https:\/\/www.facebook.com\/luchonoticiasneiva\"]},{\"@type\":\"Person\",\"@id\":\"https:\/\/luchonoticias.com\/editor\/#\/schema\/person\/29217990ddf6f14e35912b2866d591fb\",\"name\":\"Editor General\",\"image\":{\"@type\":\"ImageObject\",\"inLanguage\":\"es\",\"@id\":\"https:\/\/luchonoticias.com\/editor\/#\/schema\/person\/image\/\",\"url\":\"https:\/\/luchonoticias.com\/editor\/wp-content\/uploads\/2024\/02\/cropped-cropped-logolu-150x150.webp\",\"contentUrl\":\"https:\/\/luchonoticias.com\/editor\/wp-content\/uploads\/2024\/02\/cropped-cropped-logolu-150x150.webp\",\"caption\":\"Editor General\"},\"sameAs\":[\"https:\/\/luchonoticias.com\/\"],\"url\":\"https:\/\/luchonoticias.com\/editor\/author\/editor-general\/\"}]}<\/script>\n<!-- \/ Yoast SEO plugin. -->","yoast_head_json":{"title":"20 a\u00f1os de c\u00e1rcel por abusar de sus hijastras -","robots":{"index":"index","follow":"follow","max-snippet":"max-snippet:-1","max-image-preview":"max-image-preview:large","max-video-preview":"max-video-preview:-1"},"canonical":"https:\/\/luchonoticias.com\/editor\/20-anos-de-carcel-por-abusar-de-sus-hijastras\/","og_locale":"es_ES","og_type":"article","og_title":"20 a\u00f1os de c\u00e1rcel por abusar de sus hijastras -","og_url":"https:\/\/luchonoticias.com\/editor\/20-anos-de-carcel-por-abusar-de-sus-hijastras\/","article_publisher":"https:\/\/www.facebook.com\/luchonoticiasneiva","article_published_time":"2023-04-20T21:40:53+00:00","author":"Editor General","twitter_card":"summary_large_image","twitter_misc":{"Escrito por":"Editor General","Tiempo de lectura":"1 minuto"},"schema":{"@context":"https:\/\/schema.org","@graph":[{"@type":"Article","@id":"https:\/\/luchonoticias.com\/editor\/20-anos-de-carcel-por-abusar-de-sus-hijastras\/#article","isPartOf":{"@id":"https:\/\/luchonoticias.com\/editor\/20-anos-de-carcel-por-abusar-de-sus-hijastras\/"},"author":{"name":"Editor General","@id":"https:\/\/luchonoticias.com\/editor\/#\/schema\/person\/29217990ddf6f14e35912b2866d591fb"},"headline":"20 a\u00f1os de c\u00e1rcel por abusar de sus hijastras","datePublished":"2023-04-20T21:40:53+00:00","mainEntityOfPage":{"@id":"https:\/\/luchonoticias.com\/editor\/20-anos-de-carcel-por-abusar-de-sus-hijastras\/"},"wordCount":273,"commentCount":0,"publisher":{"@id":"https:\/\/luchonoticias.com\/editor\/#\/schema\/person\/7a7fd911f58561fd056dbac7b55af9cd"},"articleSection":["Destacado","Judicial"],"inLanguage":"es","potentialAction":[{"@type":"CommentAction","name":"Comment","target":["https:\/\/luchonoticias.com\/editor\/20-anos-de-carcel-por-abusar-de-sus-hijastras\/#respond"]}]},{"@type":"WebPage","@id":"https:\/\/luchonoticias.com\/editor\/20-anos-de-carcel-por-abusar-de-sus-hijastras\/","url":"https:\/\/luchonoticias.com\/editor\/20-anos-de-carcel-por-abusar-de-sus-hijastras\/","name":"20 a\u00f1os de c\u00e1rcel por abusar de sus hijastras -","isPartOf":{"@id":"https:\/\/luchonoticias.com\/editor\/#website"},"datePublished":"2023-04-20T21:40:53+00:00","breadcrumb":{"@id":"https:\/\/luchonoticias.com\/editor\/20-anos-de-carcel-por-abusar-de-sus-hijastras\/#breadcrumb"},"inLanguage":"es","potentialAction":[{"@type":"ReadAction","target":["https:\/\/luchonoticias.com\/editor\/20-anos-de-carcel-por-abusar-de-sus-hijastras\/"]}]},{"@type":"BreadcrumbList","@id":"https:\/\/luchonoticias.com\/editor\/20-anos-de-carcel-por-abusar-de-sus-hijastras\/#breadcrumb","itemListElement":[{"@type":"ListItem","position":1,"name":"Portada","item":"https:\/\/luchonoticias.com\/editor\/"},{"@type":"ListItem","position":2,"name":"20 a\u00f1os de c\u00e1rcel por abusar de sus hijastras"}]},{"@type":"WebSite","@id":"https:\/\/luchonoticias.com\/editor\/#website","url":"https:\/\/luchonoticias.com\/editor\/","name":"","description":"","publisher":{"@id":"https:\/\/luchonoticias.com\/editor\/#\/schema\/person\/7a7fd911f58561fd056dbac7b55af9cd"},"potentialAction":[{"@type":"SearchAction","target":{"@type":"EntryPoint","urlTemplate":"https:\/\/luchonoticias.com\/editor\/?s={search_term_string}"},"query-input":{"@type":"PropertyValueSpecification","valueRequired":true,"valueName":"search_term_string"}}],"inLanguage":"es"},{"@type":["Person","Organization"],"@id":"https:\/\/luchonoticias.com\/editor\/#\/schema\/person\/7a7fd911f58561fd056dbac7b55af9cd","name":"admin","image":{"@type":"ImageObject","inLanguage":"es","@id":"https:\/\/luchonoticias.com\/editor\/#\/schema\/person\/image\/","url":"https:\/\/luchonoticias.com\/editor\/wp-content\/uploads\/2024\/02\/cropped-cropped-logolu.webp","contentUrl":"https:\/\/luchonoticias.com\/editor\/wp-content\/uploads\/2024\/02\/cropped-cropped-logolu.webp","width":382,"height":170,"caption":"admin"},"logo":{"@id":"https:\/\/luchonoticias.com\/editor\/#\/schema\/person\/image\/"},"sameAs":["https:\/\/www.facebook.com\/luchonoticiasneiva"]},{"@type":"Person","@id":"https:\/\/luchonoticias.com\/editor\/#\/schema\/person\/29217990ddf6f14e35912b2866d591fb","name":"Editor General","image":{"@type":"ImageObject","inLanguage":"es","@id":"https:\/\/luchonoticias.com\/editor\/#\/schema\/person\/image\/","url":"https:\/\/luchonoticias.com\/editor\/wp-content\/uploads\/2024\/02\/cropped-cropped-logolu-150x150.webp","contentUrl":"https:\/\/luchonoticias.com\/editor\/wp-content\/uploads\/2024\/02\/cropped-cropped-logolu-150x150.webp","caption":"Editor General"},"sameAs":["https:\/\/luchonoticias.com\/"],"url":"https:\/\/luchonoticias.com\/editor\/author\/editor-general\/"}]}},"_links":{"self":[{"href":"https:\/\/luchonoticias.com\/editor\/wp-json\/wp\/v2\/posts\/50721","targetHints":{"allow":["GET"]}}],"collection":[{"href":"https:\/\/luchonoticias.com\/editor\/wp-json\/wp\/v2\/posts"}],"about":[{"href":"https:\/\/luchonoticias.com\/editor\/wp-json\/wp\/v2\/types\/post"}],"author":[{"embeddable":true,"href":"https:\/\/luchonoticias.com\/editor\/wp-json\/wp\/v2\/users\/2"}],"replies":[{"embeddable":true,"href":"https:\/\/luchonoticias.com\/editor\/wp-json\/wp\/v2\/comments?post=50721"}],"version-history":[{"count":0,"href":"https:\/\/luchonoticias.com\/editor\/wp-json\/wp\/v2\/posts\/50721\/revisions"}],"wp:attachment":[{"href":"https:\/\/luchonoticias.com\/editor\/wp-json\/wp\/v2\/media?parent=50721"}],"wp:term":[{"taxonomy":"category","embeddable":true,"href":"https:\/\/luchonoticias.com\/editor\/wp-json\/wp\/v2\/categories?post=50721"},{"taxonomy":"post_tag","embeddable":true,"href":"https:\/\/luchonoticias.com\/editor\/wp-json\/wp\/v2\/tags?post=50721"}],"curies":[{"name":"wp","href":"https:\/\/api.w.org\/{rel}","templated":true}]}}