{"id":50726,"date":"2023-04-21T05:30:15","date_gmt":"2023-04-21T10:30:15","guid":{"rendered":"https:\/\/luchonoticias.com\/?p=50726"},"modified":"2023-04-21T05:30:16","modified_gmt":"2023-04-21T10:30:16","slug":"estimulando-la-lectura-y-escritura-en-menores-de-neiva","status":"publish","type":"post","link":"https:\/\/luchonoticias.com\/editor\/estimulando-la-lectura-y-escritura-en-menores-de-neiva\/","title":{"rendered":"Estimulando la lectura y escritura en menores de Neiva"},"content":{"rendered":"\n<p>La Secretar\u00eda de Cultura y Turismo del Departamento y la Biblioteca Departamental \u2018Olegario Rivera\u2019,&nbsp;<strong>le apuestan a los procesos de lecto-escritura y oralidad en la poblaci\u00f3n infantil<\/strong>&nbsp;de seis Centros de Desarrollo Infantil de la ciudad de Neiva.<\/p>\n\n\n\n<p>\u201cPara el gobierno \u201cHuila Crece\u201d y la Secretar\u00eda de Cultura y Turismo es&nbsp;<strong>fundamental fortalecer los procesos de lecto-escritura en la poblaci\u00f3n infantil,<\/strong>&nbsp;por esa raz\u00f3n a trav\u00e9s de la Biblioteca Departamental \u2018Olegario Rivera\u2019 y el programa de extensi\u00f3n bibliotecaria,&nbsp;<strong>se finaliz\u00f3 con \u00e9xito una serie de actividades dirigida a la poblaci\u00f3n infantil en los diferentes CDI\u2019s de la ciudad de Neiva<\/strong>, llegando a aproximadamente 600 ni\u00f1os, en donde buscamos precisamente desarrollar actividades l\u00fadicas para fortalecer estos h\u00e1bitos en esta poblaci\u00f3n\u201d, afirm\u00f3 Nelcy Tovar, Secretaria de Cultura y Turismo del Huila.<\/p>\n\n\n\n<p>La actividad fue liderada por Diana Milena Figueroa, bibliotec\u00f3loga de la Sala Infantil \u2018T\u00edo Conejo\u2019 de la Biblioteca Departamental y tuvo lugar en seis Centros de Desarrollo Infantil perteneciente a los&nbsp;<strong>barrios de: Mar\u00eda Paula, La Florida, Los Alpes, El Gal\u00e1n y Cuarto Centenario de la ciudad de Neiva<\/strong>&nbsp;y cont\u00f3 con el acompa\u00f1amiento de los docentes y psic\u00f3logos de cada CDI.<\/p>\n\n\n\n<p>\u201cPara nosotros es muy importante hacer la extensi\u00f3n bibliotecaria para llegar a la comunidad que no puede acercarse a nuestra biblioteca a disfrutar de todo lo que tiene el bloque cultural para ofrecer a todos los ni\u00f1os\u201d, asegur\u00f3 Diana Milena Figueroa, Bibliotec\u00f3loga de la Biblioteca Departamental \u2018Olegario Rivera\u2019.<\/p>\n\n\n\n<p>La&nbsp;<strong>extensi\u00f3n bibliotecaria fue dirigida a ni\u00f1os y ni\u00f1as de 0 a 5 a\u00f1os de edad,<\/strong>&nbsp;y tuvo como objetivo principal&nbsp;<strong>incentivar la lectura y escritura a trav\u00e9s de cuentos infantiles did\u00e1cticos&nbsp;<\/strong>como: El Rat\u00f3n Mariano de Guido van Genechten de la colecci\u00f3n Veo Veo, El Gruffalo de Julia Donaldson y Choco encuentra a una mam\u00e1 del autor Keiko Kasza.<\/p>\n","protected":false},"excerpt":{"rendered":"<p>La Secretar\u00eda de Cultura y Turismo del Departamento y la Biblioteca Departamental \u2018Olegario Rivera\u2019,&nbsp;le apuestan a los procesos de lecto-escritura y oralidad en la poblaci\u00f3n infantil&nbsp;de seis Centros de Desarrollo Infantil de la ciudad de Neiva. \u201cPara el gobierno \u201cHuila Crece\u201d y la Secretar\u00eda de Cultura y Turismo es&nbsp;fundamental fortalecer los procesos de lecto-escritura en [&hellip;]<\/p>\n","protected":false},"author":2,"featured_media":0,"comment_status":"open","ping_status":"open","sticky":false,"template":"","format":"standard","meta":{"footnotes":""},"categories":[33],"tags":[],"class_list":["post-50726","post","type-post","status-publish","format-standard","hentry","category-huila"],"yoast_head":"<!-- This site is optimized with the Yoast SEO plugin v26.6 - https:\/\/yoast.com\/wordpress\/plugins\/seo\/ -->\n<title>Estimulando la lectura y escritura en menores de Neiva -<\/title>\n<meta name=\"robots\" content=\"index, follow, max-snippet:-1, max-image-preview:large, max-video-preview:-1\" \/>\n<link rel=\"canonical\" href=\"https:\/\/luchonoticias.com\/editor\/estimulando-la-lectura-y-escritura-en-menores-de-neiva\/\" \/>\n<meta property=\"og:locale\" content=\"es_ES\" \/>\n<meta property=\"og:type\" content=\"article\" \/>\n<meta property=\"og:title\" content=\"Estimulando la lectura y escritura en menores de Neiva -\" \/>\n<meta property=\"og:url\" content=\"https:\/\/luchonoticias.com\/editor\/estimulando-la-lectura-y-escritura-en-menores-de-neiva\/\" \/>\n<meta property=\"article:publisher\" content=\"https:\/\/www.facebook.com\/luchonoticiasneiva\" \/>\n<meta property=\"article:published_time\" content=\"2023-04-21T10:30:15+00:00\" \/>\n<meta property=\"article:modified_time\" content=\"2023-04-21T10:30:16+00:00\" \/>\n<meta name=\"author\" content=\"Editor General\" \/>\n<meta name=\"twitter:card\" content=\"summary_large_image\" \/>\n<meta name=\"twitter:label1\" content=\"Escrito por\" \/>\n\t<meta name=\"twitter:data1\" content=\"Editor General\" \/>\n\t<meta name=\"twitter:label2\" content=\"Tiempo de lectura\" \/>\n\t<meta name=\"twitter:data2\" content=\"2 minutos\" \/>\n<script type=\"application\/ld+json\" class=\"yoast-schema-graph\">{\"@context\":\"https:\/\/schema.org\",\"@graph\":[{\"@type\":\"Article\",\"@id\":\"https:\/\/luchonoticias.com\/editor\/estimulando-la-lectura-y-escritura-en-menores-de-neiva\/#article\",\"isPartOf\":{\"@id\":\"https:\/\/luchonoticias.com\/editor\/estimulando-la-lectura-y-escritura-en-menores-de-neiva\/\"},\"author\":{\"name\":\"Editor General\",\"@id\":\"https:\/\/luchonoticias.com\/editor\/#\/schema\/person\/29217990ddf6f14e35912b2866d591fb\"},\"headline\":\"Estimulando la lectura y escritura en menores de Neiva\",\"datePublished\":\"2023-04-21T10:30:15+00:00\",\"dateModified\":\"2023-04-21T10:30:16+00:00\",\"mainEntityOfPage\":{\"@id\":\"https:\/\/luchonoticias.com\/editor\/estimulando-la-lectura-y-escritura-en-menores-de-neiva\/\"},\"wordCount\":346,\"commentCount\":0,\"publisher\":{\"@id\":\"https:\/\/luchonoticias.com\/editor\/#\/schema\/person\/7a7fd911f58561fd056dbac7b55af9cd\"},\"articleSection\":[\"Huila\"],\"inLanguage\":\"es\",\"potentialAction\":[{\"@type\":\"CommentAction\",\"name\":\"Comment\",\"target\":[\"https:\/\/luchonoticias.com\/editor\/estimulando-la-lectura-y-escritura-en-menores-de-neiva\/#respond\"]}]},{\"@type\":\"WebPage\",\"@id\":\"https:\/\/luchonoticias.com\/editor\/estimulando-la-lectura-y-escritura-en-menores-de-neiva\/\",\"url\":\"https:\/\/luchonoticias.com\/editor\/estimulando-la-lectura-y-escritura-en-menores-de-neiva\/\",\"name\":\"Estimulando la lectura y escritura en menores de Neiva -\",\"isPartOf\":{\"@id\":\"https:\/\/luchonoticias.com\/editor\/#website\"},\"datePublished\":\"2023-04-21T10:30:15+00:00\",\"dateModified\":\"2023-04-21T10:30:16+00:00\",\"breadcrumb\":{\"@id\":\"https:\/\/luchonoticias.com\/editor\/estimulando-la-lectura-y-escritura-en-menores-de-neiva\/#breadcrumb\"},\"inLanguage\":\"es\",\"potentialAction\":[{\"@type\":\"ReadAction\",\"target\":[\"https:\/\/luchonoticias.com\/editor\/estimulando-la-lectura-y-escritura-en-menores-de-neiva\/\"]}]},{\"@type\":\"BreadcrumbList\",\"@id\":\"https:\/\/luchonoticias.com\/editor\/estimulando-la-lectura-y-escritura-en-menores-de-neiva\/#breadcrumb\",\"itemListElement\":[{\"@type\":\"ListItem\",\"position\":1,\"name\":\"Portada\",\"item\":\"https:\/\/luchonoticias.com\/editor\/\"},{\"@type\":\"ListItem\",\"position\":2,\"name\":\"Estimulando la lectura y escritura en menores de Neiva\"}]},{\"@type\":\"WebSite\",\"@id\":\"https:\/\/luchonoticias.com\/editor\/#website\",\"url\":\"https:\/\/luchonoticias.com\/editor\/\",\"name\":\"\",\"description\":\"\",\"publisher\":{\"@id\":\"https:\/\/luchonoticias.com\/editor\/#\/schema\/person\/7a7fd911f58561fd056dbac7b55af9cd\"},\"potentialAction\":[{\"@type\":\"SearchAction\",\"target\":{\"@type\":\"EntryPoint\",\"urlTemplate\":\"https:\/\/luchonoticias.com\/editor\/?s={search_term_string}\"},\"query-input\":{\"@type\":\"PropertyValueSpecification\",\"valueRequired\":true,\"valueName\":\"search_term_string\"}}],\"inLanguage\":\"es\"},{\"@type\":[\"Person\",\"Organization\"],\"@id\":\"https:\/\/luchonoticias.com\/editor\/#\/schema\/person\/7a7fd911f58561fd056dbac7b55af9cd\",\"name\":\"admin\",\"image\":{\"@type\":\"ImageObject\",\"inLanguage\":\"es\",\"@id\":\"https:\/\/luchonoticias.com\/editor\/#\/schema\/person\/image\/\",\"url\":\"https:\/\/luchonoticias.com\/editor\/wp-content\/uploads\/2024\/02\/cropped-cropped-logolu.webp\",\"contentUrl\":\"https:\/\/luchonoticias.com\/editor\/wp-content\/uploads\/2024\/02\/cropped-cropped-logolu.webp\",\"width\":382,\"height\":170,\"caption\":\"admin\"},\"logo\":{\"@id\":\"https:\/\/luchonoticias.com\/editor\/#\/schema\/person\/image\/\"},\"sameAs\":[\"https:\/\/www.facebook.com\/luchonoticiasneiva\"]},{\"@type\":\"Person\",\"@id\":\"https:\/\/luchonoticias.com\/editor\/#\/schema\/person\/29217990ddf6f14e35912b2866d591fb\",\"name\":\"Editor General\",\"image\":{\"@type\":\"ImageObject\",\"inLanguage\":\"es\",\"@id\":\"https:\/\/luchonoticias.com\/editor\/#\/schema\/person\/image\/\",\"url\":\"https:\/\/luchonoticias.com\/editor\/wp-content\/uploads\/2024\/02\/cropped-cropped-logolu-150x150.webp\",\"contentUrl\":\"https:\/\/luchonoticias.com\/editor\/wp-content\/uploads\/2024\/02\/cropped-cropped-logolu-150x150.webp\",\"caption\":\"Editor General\"},\"sameAs\":[\"https:\/\/luchonoticias.com\/\"],\"url\":\"https:\/\/luchonoticias.com\/editor\/author\/editor-general\/\"}]}<\/script>\n<!-- \/ Yoast SEO plugin. -->","yoast_head_json":{"title":"Estimulando la lectura y escritura en menores de Neiva -","robots":{"index":"index","follow":"follow","max-snippet":"max-snippet:-1","max-image-preview":"max-image-preview:large","max-video-preview":"max-video-preview:-1"},"canonical":"https:\/\/luchonoticias.com\/editor\/estimulando-la-lectura-y-escritura-en-menores-de-neiva\/","og_locale":"es_ES","og_type":"article","og_title":"Estimulando la lectura y escritura en menores de Neiva -","og_url":"https:\/\/luchonoticias.com\/editor\/estimulando-la-lectura-y-escritura-en-menores-de-neiva\/","article_publisher":"https:\/\/www.facebook.com\/luchonoticiasneiva","article_published_time":"2023-04-21T10:30:15+00:00","article_modified_time":"2023-04-21T10:30:16+00:00","author":"Editor General","twitter_card":"summary_large_image","twitter_misc":{"Escrito por":"Editor General","Tiempo de lectura":"2 minutos"},"schema":{"@context":"https:\/\/schema.org","@graph":[{"@type":"Article","@id":"https:\/\/luchonoticias.com\/editor\/estimulando-la-lectura-y-escritura-en-menores-de-neiva\/#article","isPartOf":{"@id":"https:\/\/luchonoticias.com\/editor\/estimulando-la-lectura-y-escritura-en-menores-de-neiva\/"},"author":{"name":"Editor General","@id":"https:\/\/luchonoticias.com\/editor\/#\/schema\/person\/29217990ddf6f14e35912b2866d591fb"},"headline":"Estimulando la lectura y escritura en menores de Neiva","datePublished":"2023-04-21T10:30:15+00:00","dateModified":"2023-04-21T10:30:16+00:00","mainEntityOfPage":{"@id":"https:\/\/luchonoticias.com\/editor\/estimulando-la-lectura-y-escritura-en-menores-de-neiva\/"},"wordCount":346,"commentCount":0,"publisher":{"@id":"https:\/\/luchonoticias.com\/editor\/#\/schema\/person\/7a7fd911f58561fd056dbac7b55af9cd"},"articleSection":["Huila"],"inLanguage":"es","potentialAction":[{"@type":"CommentAction","name":"Comment","target":["https:\/\/luchonoticias.com\/editor\/estimulando-la-lectura-y-escritura-en-menores-de-neiva\/#respond"]}]},{"@type":"WebPage","@id":"https:\/\/luchonoticias.com\/editor\/estimulando-la-lectura-y-escritura-en-menores-de-neiva\/","url":"https:\/\/luchonoticias.com\/editor\/estimulando-la-lectura-y-escritura-en-menores-de-neiva\/","name":"Estimulando la lectura y escritura en menores de Neiva -","isPartOf":{"@id":"https:\/\/luchonoticias.com\/editor\/#website"},"datePublished":"2023-04-21T10:30:15+00:00","dateModified":"2023-04-21T10:30:16+00:00","breadcrumb":{"@id":"https:\/\/luchonoticias.com\/editor\/estimulando-la-lectura-y-escritura-en-menores-de-neiva\/#breadcrumb"},"inLanguage":"es","potentialAction":[{"@type":"ReadAction","target":["https:\/\/luchonoticias.com\/editor\/estimulando-la-lectura-y-escritura-en-menores-de-neiva\/"]}]},{"@type":"BreadcrumbList","@id":"https:\/\/luchonoticias.com\/editor\/estimulando-la-lectura-y-escritura-en-menores-de-neiva\/#breadcrumb","itemListElement":[{"@type":"ListItem","position":1,"name":"Portada","item":"https:\/\/luchonoticias.com\/editor\/"},{"@type":"ListItem","position":2,"name":"Estimulando la lectura y escritura en menores de Neiva"}]},{"@type":"WebSite","@id":"https:\/\/luchonoticias.com\/editor\/#website","url":"https:\/\/luchonoticias.com\/editor\/","name":"","description":"","publisher":{"@id":"https:\/\/luchonoticias.com\/editor\/#\/schema\/person\/7a7fd911f58561fd056dbac7b55af9cd"},"potentialAction":[{"@type":"SearchAction","target":{"@type":"EntryPoint","urlTemplate":"https:\/\/luchonoticias.com\/editor\/?s={search_term_string}"},"query-input":{"@type":"PropertyValueSpecification","valueRequired":true,"valueName":"search_term_string"}}],"inLanguage":"es"},{"@type":["Person","Organization"],"@id":"https:\/\/luchonoticias.com\/editor\/#\/schema\/person\/7a7fd911f58561fd056dbac7b55af9cd","name":"admin","image":{"@type":"ImageObject","inLanguage":"es","@id":"https:\/\/luchonoticias.com\/editor\/#\/schema\/person\/image\/","url":"https:\/\/luchonoticias.com\/editor\/wp-content\/uploads\/2024\/02\/cropped-cropped-logolu.webp","contentUrl":"https:\/\/luchonoticias.com\/editor\/wp-content\/uploads\/2024\/02\/cropped-cropped-logolu.webp","width":382,"height":170,"caption":"admin"},"logo":{"@id":"https:\/\/luchonoticias.com\/editor\/#\/schema\/person\/image\/"},"sameAs":["https:\/\/www.facebook.com\/luchonoticiasneiva"]},{"@type":"Person","@id":"https:\/\/luchonoticias.com\/editor\/#\/schema\/person\/29217990ddf6f14e35912b2866d591fb","name":"Editor General","image":{"@type":"ImageObject","inLanguage":"es","@id":"https:\/\/luchonoticias.com\/editor\/#\/schema\/person\/image\/","url":"https:\/\/luchonoticias.com\/editor\/wp-content\/uploads\/2024\/02\/cropped-cropped-logolu-150x150.webp","contentUrl":"https:\/\/luchonoticias.com\/editor\/wp-content\/uploads\/2024\/02\/cropped-cropped-logolu-150x150.webp","caption":"Editor General"},"sameAs":["https:\/\/luchonoticias.com\/"],"url":"https:\/\/luchonoticias.com\/editor\/author\/editor-general\/"}]}},"_links":{"self":[{"href":"https:\/\/luchonoticias.com\/editor\/wp-json\/wp\/v2\/posts\/50726","targetHints":{"allow":["GET"]}}],"collection":[{"href":"https:\/\/luchonoticias.com\/editor\/wp-json\/wp\/v2\/posts"}],"about":[{"href":"https:\/\/luchonoticias.com\/editor\/wp-json\/wp\/v2\/types\/post"}],"author":[{"embeddable":true,"href":"https:\/\/luchonoticias.com\/editor\/wp-json\/wp\/v2\/users\/2"}],"replies":[{"embeddable":true,"href":"https:\/\/luchonoticias.com\/editor\/wp-json\/wp\/v2\/comments?post=50726"}],"version-history":[{"count":0,"href":"https:\/\/luchonoticias.com\/editor\/wp-json\/wp\/v2\/posts\/50726\/revisions"}],"wp:attachment":[{"href":"https:\/\/luchonoticias.com\/editor\/wp-json\/wp\/v2\/media?parent=50726"}],"wp:term":[{"taxonomy":"category","embeddable":true,"href":"https:\/\/luchonoticias.com\/editor\/wp-json\/wp\/v2\/categories?post=50726"},{"taxonomy":"post_tag","embeddable":true,"href":"https:\/\/luchonoticias.com\/editor\/wp-json\/wp\/v2\/tags?post=50726"}],"curies":[{"name":"wp","href":"https:\/\/api.w.org\/{rel}","templated":true}]}}