{"id":50732,"date":"2023-04-21T05:37:41","date_gmt":"2023-04-21T10:37:41","guid":{"rendered":"https:\/\/luchonoticias.com\/?p=50732"},"modified":"2023-04-21T05:37:42","modified_gmt":"2023-04-21T10:37:42","slug":"colector-de-aguas-residuales-para-la-comunidad-de-bruselas-pitalito","status":"publish","type":"post","link":"https:\/\/luchonoticias.com\/editor\/colector-de-aguas-residuales-para-la-comunidad-de-bruselas-pitalito\/","title":{"rendered":"Colector de aguas residuales para la comunidad de Bruselas (Pitalito)"},"content":{"rendered":"\n<p>Luego de muchos a\u00f1os a la espera de una\u00a0<strong>soluci\u00f3n definitiva a la contaminaci\u00f3n del r\u00edo Guachicos,<\/strong>\u00a0principal afluente h\u00eddrico que abastece de agua potable a los habitantes del municipio de Pitalito, a causa de las aguas residuales del centro poblado de Bruselas, este tendr\u00e1 un\u00a0<strong>colector de aguas residuales.<\/strong><\/p>\n\n\n\n<p>As\u00ed lo anunci\u00f3 el gerente de Aguas del Huila S.A E.S.P. Genaro Lozada: \u201cNos complace inmensamente darles esta&nbsp;<strong>buena noticia a los habitantes del Centro Poblado de Bruselas<\/strong>, del municipio de Pitalito, sur del Huila de la firma del&nbsp;<strong>contrato para la construcci\u00f3n del colector de las aguas residuales<\/strong>&nbsp;de esta poblaci\u00f3n\u201d.<\/p>\n\n\n\n<p>Esta obra&nbsp;<strong>permitir\u00e1 la descontaminaci\u00f3n definitiva de la bocatoma del Acueducto Urbano de Pitalito.<\/strong>&nbsp;Esta tendr\u00e1 una inversi\u00f3n de $1.200 millones que, gracias a la voluntad del gobernador del departamento, el ingeniero Luis Enrique Duss\u00e1n L\u00f3pez, qui\u00e9n destin\u00f3 estos recursos del Sistema General de Regal\u00edas, permitiendo que esta obra sea una realidad.<\/p>\n\n\n\n<p><strong>El caso de contaminaci\u00f3n ocurre desde hace varios a\u00f1os<\/strong>&nbsp;y consiste en que las aguas negras del centro poblado de Bruselas caen al r\u00edo Guachicos, que es el caudal donde aguas abajo de la desembocadura del ca\u00f1o, est\u00e1 ubicada la bocatoma del acueducto de Pitalito.<\/p>\n\n\n\n<p>La firma del contrato se realiz\u00f3 entre el gerente de la Sociedad de Acueducto, Alcantarillado y Aseo Aguas del Huila S.A E.S. P, Genaro Lozada y el contratista encargado de la obra, el ingeniero Carlos Chac\u00f3n, quien tendr\u00e1 la responsabilidad de iniciar el proceso de formalizaci\u00f3n, legalizaci\u00f3n y constituci\u00f3n de p\u00f3lizas.<\/p>\n\n\n\n<p>Una vez que el contratista cumpla con los requisitos, se dar\u00e1 inicio a la construcci\u00f3n f\u00edsica de la obra, lo que permitir\u00e1 que la soluci\u00f3n por la cual la comunidad del municipio de Pitalito ha estado esperando finalmente se haga realidad.<\/p>\n\n\n\n<p>El&nbsp;<strong>r\u00edo Guachicos es el principal afluente h\u00eddrico que abastece a m\u00e1s de 150 mil habitantes de Pitalito con agua potable<\/strong>. Con el paso de los a\u00f1os, ha habido diversas investigaciones y preocupaciones por parte de la mayor\u00eda de los ciudadanos debido a que&nbsp;<strong>las aguas residuales de todo un corregimiento desembocan aguas arriba de la bocatoma<\/strong>&nbsp;que suministra agua al Valle de Laboyos, lo que&nbsp;<strong>representa un riesgo para la salud y la seguridad&nbsp;<\/strong>de la poblaci\u00f3n.<\/p>\n","protected":false},"excerpt":{"rendered":"<p>Luego de muchos a\u00f1os a la espera de una\u00a0soluci\u00f3n definitiva a la contaminaci\u00f3n del r\u00edo Guachicos,\u00a0principal afluente h\u00eddrico que abastece de agua potable a los habitantes del municipio de Pitalito, a causa de las aguas residuales del centro poblado de Bruselas, este tendr\u00e1 un\u00a0colector de aguas residuales. As\u00ed lo anunci\u00f3 el gerente de Aguas del [&hellip;]<\/p>\n","protected":false},"author":2,"featured_media":0,"comment_status":"open","ping_status":"open","sticky":false,"template":"","format":"standard","meta":{"footnotes":""},"categories":[33],"tags":[],"class_list":["post-50732","post","type-post","status-publish","format-standard","hentry","category-huila"],"yoast_head":"<!-- This site is optimized with the Yoast SEO plugin v26.6 - https:\/\/yoast.com\/wordpress\/plugins\/seo\/ -->\n<title>Colector de aguas residuales para la comunidad de Bruselas (Pitalito) -<\/title>\n<meta name=\"robots\" content=\"index, follow, max-snippet:-1, max-image-preview:large, max-video-preview:-1\" \/>\n<link rel=\"canonical\" href=\"https:\/\/luchonoticias.com\/editor\/colector-de-aguas-residuales-para-la-comunidad-de-bruselas-pitalito\/\" \/>\n<meta property=\"og:locale\" content=\"es_ES\" \/>\n<meta property=\"og:type\" content=\"article\" \/>\n<meta property=\"og:title\" content=\"Colector de aguas residuales para la comunidad de Bruselas (Pitalito) -\" \/>\n<meta property=\"og:url\" content=\"https:\/\/luchonoticias.com\/editor\/colector-de-aguas-residuales-para-la-comunidad-de-bruselas-pitalito\/\" \/>\n<meta property=\"article:publisher\" content=\"https:\/\/www.facebook.com\/luchonoticiasneiva\" \/>\n<meta property=\"article:published_time\" content=\"2023-04-21T10:37:41+00:00\" \/>\n<meta property=\"article:modified_time\" content=\"2023-04-21T10:37:42+00:00\" \/>\n<meta name=\"author\" content=\"Editor General\" \/>\n<meta name=\"twitter:card\" content=\"summary_large_image\" \/>\n<meta name=\"twitter:label1\" content=\"Escrito por\" \/>\n\t<meta name=\"twitter:data1\" content=\"Editor General\" \/>\n\t<meta name=\"twitter:label2\" content=\"Tiempo de lectura\" \/>\n\t<meta name=\"twitter:data2\" content=\"2 minutos\" \/>\n<script type=\"application\/ld+json\" class=\"yoast-schema-graph\">{\"@context\":\"https:\/\/schema.org\",\"@graph\":[{\"@type\":\"Article\",\"@id\":\"https:\/\/luchonoticias.com\/editor\/colector-de-aguas-residuales-para-la-comunidad-de-bruselas-pitalito\/#article\",\"isPartOf\":{\"@id\":\"https:\/\/luchonoticias.com\/editor\/colector-de-aguas-residuales-para-la-comunidad-de-bruselas-pitalito\/\"},\"author\":{\"name\":\"Editor General\",\"@id\":\"https:\/\/luchonoticias.com\/editor\/#\/schema\/person\/29217990ddf6f14e35912b2866d591fb\"},\"headline\":\"Colector de aguas residuales para la comunidad de Bruselas (Pitalito)\",\"datePublished\":\"2023-04-21T10:37:41+00:00\",\"dateModified\":\"2023-04-21T10:37:42+00:00\",\"mainEntityOfPage\":{\"@id\":\"https:\/\/luchonoticias.com\/editor\/colector-de-aguas-residuales-para-la-comunidad-de-bruselas-pitalito\/\"},\"wordCount\":424,\"commentCount\":0,\"publisher\":{\"@id\":\"https:\/\/luchonoticias.com\/editor\/#\/schema\/person\/7a7fd911f58561fd056dbac7b55af9cd\"},\"articleSection\":[\"Huila\"],\"inLanguage\":\"es\",\"potentialAction\":[{\"@type\":\"CommentAction\",\"name\":\"Comment\",\"target\":[\"https:\/\/luchonoticias.com\/editor\/colector-de-aguas-residuales-para-la-comunidad-de-bruselas-pitalito\/#respond\"]}]},{\"@type\":\"WebPage\",\"@id\":\"https:\/\/luchonoticias.com\/editor\/colector-de-aguas-residuales-para-la-comunidad-de-bruselas-pitalito\/\",\"url\":\"https:\/\/luchonoticias.com\/editor\/colector-de-aguas-residuales-para-la-comunidad-de-bruselas-pitalito\/\",\"name\":\"Colector de aguas residuales para la comunidad de Bruselas (Pitalito) -\",\"isPartOf\":{\"@id\":\"https:\/\/luchonoticias.com\/editor\/#website\"},\"datePublished\":\"2023-04-21T10:37:41+00:00\",\"dateModified\":\"2023-04-21T10:37:42+00:00\",\"breadcrumb\":{\"@id\":\"https:\/\/luchonoticias.com\/editor\/colector-de-aguas-residuales-para-la-comunidad-de-bruselas-pitalito\/#breadcrumb\"},\"inLanguage\":\"es\",\"potentialAction\":[{\"@type\":\"ReadAction\",\"target\":[\"https:\/\/luchonoticias.com\/editor\/colector-de-aguas-residuales-para-la-comunidad-de-bruselas-pitalito\/\"]}]},{\"@type\":\"BreadcrumbList\",\"@id\":\"https:\/\/luchonoticias.com\/editor\/colector-de-aguas-residuales-para-la-comunidad-de-bruselas-pitalito\/#breadcrumb\",\"itemListElement\":[{\"@type\":\"ListItem\",\"position\":1,\"name\":\"Portada\",\"item\":\"https:\/\/luchonoticias.com\/editor\/\"},{\"@type\":\"ListItem\",\"position\":2,\"name\":\"Colector de aguas residuales para la comunidad de Bruselas (Pitalito)\"}]},{\"@type\":\"WebSite\",\"@id\":\"https:\/\/luchonoticias.com\/editor\/#website\",\"url\":\"https:\/\/luchonoticias.com\/editor\/\",\"name\":\"\",\"description\":\"\",\"publisher\":{\"@id\":\"https:\/\/luchonoticias.com\/editor\/#\/schema\/person\/7a7fd911f58561fd056dbac7b55af9cd\"},\"potentialAction\":[{\"@type\":\"SearchAction\",\"target\":{\"@type\":\"EntryPoint\",\"urlTemplate\":\"https:\/\/luchonoticias.com\/editor\/?s={search_term_string}\"},\"query-input\":{\"@type\":\"PropertyValueSpecification\",\"valueRequired\":true,\"valueName\":\"search_term_string\"}}],\"inLanguage\":\"es\"},{\"@type\":[\"Person\",\"Organization\"],\"@id\":\"https:\/\/luchonoticias.com\/editor\/#\/schema\/person\/7a7fd911f58561fd056dbac7b55af9cd\",\"name\":\"admin\",\"image\":{\"@type\":\"ImageObject\",\"inLanguage\":\"es\",\"@id\":\"https:\/\/luchonoticias.com\/editor\/#\/schema\/person\/image\/\",\"url\":\"https:\/\/luchonoticias.com\/editor\/wp-content\/uploads\/2024\/02\/cropped-cropped-logolu.webp\",\"contentUrl\":\"https:\/\/luchonoticias.com\/editor\/wp-content\/uploads\/2024\/02\/cropped-cropped-logolu.webp\",\"width\":382,\"height\":170,\"caption\":\"admin\"},\"logo\":{\"@id\":\"https:\/\/luchonoticias.com\/editor\/#\/schema\/person\/image\/\"},\"sameAs\":[\"https:\/\/www.facebook.com\/luchonoticiasneiva\"]},{\"@type\":\"Person\",\"@id\":\"https:\/\/luchonoticias.com\/editor\/#\/schema\/person\/29217990ddf6f14e35912b2866d591fb\",\"name\":\"Editor General\",\"image\":{\"@type\":\"ImageObject\",\"inLanguage\":\"es\",\"@id\":\"https:\/\/luchonoticias.com\/editor\/#\/schema\/person\/image\/\",\"url\":\"https:\/\/luchonoticias.com\/editor\/wp-content\/uploads\/2024\/02\/cropped-cropped-logolu-150x150.webp\",\"contentUrl\":\"https:\/\/luchonoticias.com\/editor\/wp-content\/uploads\/2024\/02\/cropped-cropped-logolu-150x150.webp\",\"caption\":\"Editor General\"},\"sameAs\":[\"https:\/\/luchonoticias.com\/\"],\"url\":\"https:\/\/luchonoticias.com\/editor\/author\/editor-general\/\"}]}<\/script>\n<!-- \/ Yoast SEO plugin. -->","yoast_head_json":{"title":"Colector de aguas residuales para la comunidad de Bruselas (Pitalito) -","robots":{"index":"index","follow":"follow","max-snippet":"max-snippet:-1","max-image-preview":"max-image-preview:large","max-video-preview":"max-video-preview:-1"},"canonical":"https:\/\/luchonoticias.com\/editor\/colector-de-aguas-residuales-para-la-comunidad-de-bruselas-pitalito\/","og_locale":"es_ES","og_type":"article","og_title":"Colector de aguas residuales para la comunidad de Bruselas (Pitalito) -","og_url":"https:\/\/luchonoticias.com\/editor\/colector-de-aguas-residuales-para-la-comunidad-de-bruselas-pitalito\/","article_publisher":"https:\/\/www.facebook.com\/luchonoticiasneiva","article_published_time":"2023-04-21T10:37:41+00:00","article_modified_time":"2023-04-21T10:37:42+00:00","author":"Editor General","twitter_card":"summary_large_image","twitter_misc":{"Escrito por":"Editor General","Tiempo de lectura":"2 minutos"},"schema":{"@context":"https:\/\/schema.org","@graph":[{"@type":"Article","@id":"https:\/\/luchonoticias.com\/editor\/colector-de-aguas-residuales-para-la-comunidad-de-bruselas-pitalito\/#article","isPartOf":{"@id":"https:\/\/luchonoticias.com\/editor\/colector-de-aguas-residuales-para-la-comunidad-de-bruselas-pitalito\/"},"author":{"name":"Editor General","@id":"https:\/\/luchonoticias.com\/editor\/#\/schema\/person\/29217990ddf6f14e35912b2866d591fb"},"headline":"Colector de aguas residuales para la comunidad de Bruselas (Pitalito)","datePublished":"2023-04-21T10:37:41+00:00","dateModified":"2023-04-21T10:37:42+00:00","mainEntityOfPage":{"@id":"https:\/\/luchonoticias.com\/editor\/colector-de-aguas-residuales-para-la-comunidad-de-bruselas-pitalito\/"},"wordCount":424,"commentCount":0,"publisher":{"@id":"https:\/\/luchonoticias.com\/editor\/#\/schema\/person\/7a7fd911f58561fd056dbac7b55af9cd"},"articleSection":["Huila"],"inLanguage":"es","potentialAction":[{"@type":"CommentAction","name":"Comment","target":["https:\/\/luchonoticias.com\/editor\/colector-de-aguas-residuales-para-la-comunidad-de-bruselas-pitalito\/#respond"]}]},{"@type":"WebPage","@id":"https:\/\/luchonoticias.com\/editor\/colector-de-aguas-residuales-para-la-comunidad-de-bruselas-pitalito\/","url":"https:\/\/luchonoticias.com\/editor\/colector-de-aguas-residuales-para-la-comunidad-de-bruselas-pitalito\/","name":"Colector de aguas residuales para la comunidad de Bruselas (Pitalito) -","isPartOf":{"@id":"https:\/\/luchonoticias.com\/editor\/#website"},"datePublished":"2023-04-21T10:37:41+00:00","dateModified":"2023-04-21T10:37:42+00:00","breadcrumb":{"@id":"https:\/\/luchonoticias.com\/editor\/colector-de-aguas-residuales-para-la-comunidad-de-bruselas-pitalito\/#breadcrumb"},"inLanguage":"es","potentialAction":[{"@type":"ReadAction","target":["https:\/\/luchonoticias.com\/editor\/colector-de-aguas-residuales-para-la-comunidad-de-bruselas-pitalito\/"]}]},{"@type":"BreadcrumbList","@id":"https:\/\/luchonoticias.com\/editor\/colector-de-aguas-residuales-para-la-comunidad-de-bruselas-pitalito\/#breadcrumb","itemListElement":[{"@type":"ListItem","position":1,"name":"Portada","item":"https:\/\/luchonoticias.com\/editor\/"},{"@type":"ListItem","position":2,"name":"Colector de aguas residuales para la comunidad de Bruselas (Pitalito)"}]},{"@type":"WebSite","@id":"https:\/\/luchonoticias.com\/editor\/#website","url":"https:\/\/luchonoticias.com\/editor\/","name":"","description":"","publisher":{"@id":"https:\/\/luchonoticias.com\/editor\/#\/schema\/person\/7a7fd911f58561fd056dbac7b55af9cd"},"potentialAction":[{"@type":"SearchAction","target":{"@type":"EntryPoint","urlTemplate":"https:\/\/luchonoticias.com\/editor\/?s={search_term_string}"},"query-input":{"@type":"PropertyValueSpecification","valueRequired":true,"valueName":"search_term_string"}}],"inLanguage":"es"},{"@type":["Person","Organization"],"@id":"https:\/\/luchonoticias.com\/editor\/#\/schema\/person\/7a7fd911f58561fd056dbac7b55af9cd","name":"admin","image":{"@type":"ImageObject","inLanguage":"es","@id":"https:\/\/luchonoticias.com\/editor\/#\/schema\/person\/image\/","url":"https:\/\/luchonoticias.com\/editor\/wp-content\/uploads\/2024\/02\/cropped-cropped-logolu.webp","contentUrl":"https:\/\/luchonoticias.com\/editor\/wp-content\/uploads\/2024\/02\/cropped-cropped-logolu.webp","width":382,"height":170,"caption":"admin"},"logo":{"@id":"https:\/\/luchonoticias.com\/editor\/#\/schema\/person\/image\/"},"sameAs":["https:\/\/www.facebook.com\/luchonoticiasneiva"]},{"@type":"Person","@id":"https:\/\/luchonoticias.com\/editor\/#\/schema\/person\/29217990ddf6f14e35912b2866d591fb","name":"Editor General","image":{"@type":"ImageObject","inLanguage":"es","@id":"https:\/\/luchonoticias.com\/editor\/#\/schema\/person\/image\/","url":"https:\/\/luchonoticias.com\/editor\/wp-content\/uploads\/2024\/02\/cropped-cropped-logolu-150x150.webp","contentUrl":"https:\/\/luchonoticias.com\/editor\/wp-content\/uploads\/2024\/02\/cropped-cropped-logolu-150x150.webp","caption":"Editor General"},"sameAs":["https:\/\/luchonoticias.com\/"],"url":"https:\/\/luchonoticias.com\/editor\/author\/editor-general\/"}]}},"_links":{"self":[{"href":"https:\/\/luchonoticias.com\/editor\/wp-json\/wp\/v2\/posts\/50732","targetHints":{"allow":["GET"]}}],"collection":[{"href":"https:\/\/luchonoticias.com\/editor\/wp-json\/wp\/v2\/posts"}],"about":[{"href":"https:\/\/luchonoticias.com\/editor\/wp-json\/wp\/v2\/types\/post"}],"author":[{"embeddable":true,"href":"https:\/\/luchonoticias.com\/editor\/wp-json\/wp\/v2\/users\/2"}],"replies":[{"embeddable":true,"href":"https:\/\/luchonoticias.com\/editor\/wp-json\/wp\/v2\/comments?post=50732"}],"version-history":[{"count":0,"href":"https:\/\/luchonoticias.com\/editor\/wp-json\/wp\/v2\/posts\/50732\/revisions"}],"wp:attachment":[{"href":"https:\/\/luchonoticias.com\/editor\/wp-json\/wp\/v2\/media?parent=50732"}],"wp:term":[{"taxonomy":"category","embeddable":true,"href":"https:\/\/luchonoticias.com\/editor\/wp-json\/wp\/v2\/categories?post=50732"},{"taxonomy":"post_tag","embeddable":true,"href":"https:\/\/luchonoticias.com\/editor\/wp-json\/wp\/v2\/tags?post=50732"}],"curies":[{"name":"wp","href":"https:\/\/api.w.org\/{rel}","templated":true}]}}