{"id":50773,"date":"2023-04-21T07:26:52","date_gmt":"2023-04-21T12:26:52","guid":{"rendered":"https:\/\/luchonoticias.com\/?p=50773"},"modified":"2023-04-21T07:26:53","modified_gmt":"2023-04-21T12:26:53","slug":"por-presuntamente-violar-a-una-nina-fue-capturado-alias-botija","status":"publish","type":"post","link":"https:\/\/luchonoticias.com\/editor\/por-presuntamente-violar-a-una-nina-fue-capturado-alias-botija\/","title":{"rendered":"Por presuntamente violar a una ni\u00f1a fue capturado alias &#8216;Botija&#8217;"},"content":{"rendered":"\n<p>Las autoridades huilenses confirmaron en las \u00faltimas horas, que gracias a los planes operativos y de control desarrollados por la Polic\u00eda Nacional, se logr\u00f3 la captura de un sujeto conocido como &#8216;Botija&#8217; sobre quien reposa una orden de captura por el delito de acceso carnal abusivo con menor de 14 a\u00f1os.<\/p>\n\n\n\n<p>\u201cDe acuerdo a la investigaci\u00f3n que procede sobre el presunto agresor sexual, los hechos estar\u00edan relacionados con una violaci\u00f3n a una menor de 14 a\u00f1os en hechos ocurrido en el Putumayo, el sujeto habr\u00eda abandonado ese departamento para huir de la acci\u00f3n de la justicia\u201d, indicaron las fuentes oficiales en un comunicado.<\/p>\n\n\n\n<p>Finalmente, las fuentes oficiales confirmaron que el indiciado fue dejado a disposici\u00f3n de la Fiscal\u00eda en el municipio de Pitalito y se encuentra a espera a que le sea resuelto su situaci\u00f3n jur\u00eddica.<\/p>\n","protected":false},"excerpt":{"rendered":"<p>Las autoridades huilenses confirmaron en las \u00faltimas horas, que gracias a los planes operativos y de control desarrollados por la Polic\u00eda Nacional, se logr\u00f3 la captura de un sujeto conocido como &#8216;Botija&#8217; sobre quien reposa una orden de captura por el delito de acceso carnal abusivo con menor de 14 a\u00f1os. \u201cDe acuerdo a la [&hellip;]<\/p>\n","protected":false},"author":2,"featured_media":0,"comment_status":"open","ping_status":"open","sticky":false,"template":"","format":"standard","meta":{"footnotes":""},"categories":[36,29],"tags":[],"class_list":["post-50773","post","type-post","status-publish","format-standard","hentry","category-destacado","category-judicial"],"yoast_head":"<!-- This site is optimized with the Yoast SEO plugin v26.6 - https:\/\/yoast.com\/wordpress\/plugins\/seo\/ -->\n<title>Por presuntamente violar a una ni\u00f1a fue capturado alias &#039;Botija&#039; -<\/title>\n<meta name=\"robots\" content=\"index, follow, max-snippet:-1, max-image-preview:large, max-video-preview:-1\" \/>\n<link rel=\"canonical\" href=\"https:\/\/luchonoticias.com\/editor\/por-presuntamente-violar-a-una-nina-fue-capturado-alias-botija\/\" \/>\n<meta property=\"og:locale\" content=\"es_ES\" \/>\n<meta property=\"og:type\" content=\"article\" \/>\n<meta property=\"og:title\" content=\"Por presuntamente violar a una ni\u00f1a fue capturado alias &#039;Botija&#039; -\" \/>\n<meta property=\"og:url\" content=\"https:\/\/luchonoticias.com\/editor\/por-presuntamente-violar-a-una-nina-fue-capturado-alias-botija\/\" \/>\n<meta property=\"article:publisher\" content=\"https:\/\/www.facebook.com\/luchonoticiasneiva\" \/>\n<meta property=\"article:published_time\" content=\"2023-04-21T12:26:52+00:00\" \/>\n<meta property=\"article:modified_time\" content=\"2023-04-21T12:26:53+00:00\" \/>\n<meta name=\"author\" content=\"Editor General\" \/>\n<meta name=\"twitter:card\" content=\"summary_large_image\" \/>\n<meta name=\"twitter:label1\" content=\"Escrito por\" \/>\n\t<meta name=\"twitter:data1\" content=\"Editor General\" \/>\n\t<meta name=\"twitter:label2\" content=\"Tiempo de lectura\" \/>\n\t<meta name=\"twitter:data2\" content=\"1 minuto\" \/>\n<script type=\"application\/ld+json\" class=\"yoast-schema-graph\">{\"@context\":\"https:\/\/schema.org\",\"@graph\":[{\"@type\":\"Article\",\"@id\":\"https:\/\/luchonoticias.com\/editor\/por-presuntamente-violar-a-una-nina-fue-capturado-alias-botija\/#article\",\"isPartOf\":{\"@id\":\"https:\/\/luchonoticias.com\/editor\/por-presuntamente-violar-a-una-nina-fue-capturado-alias-botija\/\"},\"author\":{\"name\":\"Editor General\",\"@id\":\"https:\/\/luchonoticias.com\/editor\/#\/schema\/person\/29217990ddf6f14e35912b2866d591fb\"},\"headline\":\"Por presuntamente violar a una ni\u00f1a fue capturado alias &#8216;Botija&#8217;\",\"datePublished\":\"2023-04-21T12:26:52+00:00\",\"dateModified\":\"2023-04-21T12:26:53+00:00\",\"mainEntityOfPage\":{\"@id\":\"https:\/\/luchonoticias.com\/editor\/por-presuntamente-violar-a-una-nina-fue-capturado-alias-botija\/\"},\"wordCount\":157,\"commentCount\":0,\"publisher\":{\"@id\":\"https:\/\/luchonoticias.com\/editor\/#\/schema\/person\/7a7fd911f58561fd056dbac7b55af9cd\"},\"articleSection\":[\"Destacado\",\"Judicial\"],\"inLanguage\":\"es\",\"potentialAction\":[{\"@type\":\"CommentAction\",\"name\":\"Comment\",\"target\":[\"https:\/\/luchonoticias.com\/editor\/por-presuntamente-violar-a-una-nina-fue-capturado-alias-botija\/#respond\"]}]},{\"@type\":\"WebPage\",\"@id\":\"https:\/\/luchonoticias.com\/editor\/por-presuntamente-violar-a-una-nina-fue-capturado-alias-botija\/\",\"url\":\"https:\/\/luchonoticias.com\/editor\/por-presuntamente-violar-a-una-nina-fue-capturado-alias-botija\/\",\"name\":\"Por presuntamente violar a una ni\u00f1a fue capturado alias 'Botija' -\",\"isPartOf\":{\"@id\":\"https:\/\/luchonoticias.com\/editor\/#website\"},\"datePublished\":\"2023-04-21T12:26:52+00:00\",\"dateModified\":\"2023-04-21T12:26:53+00:00\",\"breadcrumb\":{\"@id\":\"https:\/\/luchonoticias.com\/editor\/por-presuntamente-violar-a-una-nina-fue-capturado-alias-botija\/#breadcrumb\"},\"inLanguage\":\"es\",\"potentialAction\":[{\"@type\":\"ReadAction\",\"target\":[\"https:\/\/luchonoticias.com\/editor\/por-presuntamente-violar-a-una-nina-fue-capturado-alias-botija\/\"]}]},{\"@type\":\"BreadcrumbList\",\"@id\":\"https:\/\/luchonoticias.com\/editor\/por-presuntamente-violar-a-una-nina-fue-capturado-alias-botija\/#breadcrumb\",\"itemListElement\":[{\"@type\":\"ListItem\",\"position\":1,\"name\":\"Portada\",\"item\":\"https:\/\/luchonoticias.com\/editor\/\"},{\"@type\":\"ListItem\",\"position\":2,\"name\":\"Por presuntamente violar a una ni\u00f1a fue capturado alias &#8216;Botija&#8217;\"}]},{\"@type\":\"WebSite\",\"@id\":\"https:\/\/luchonoticias.com\/editor\/#website\",\"url\":\"https:\/\/luchonoticias.com\/editor\/\",\"name\":\"\",\"description\":\"\",\"publisher\":{\"@id\":\"https:\/\/luchonoticias.com\/editor\/#\/schema\/person\/7a7fd911f58561fd056dbac7b55af9cd\"},\"potentialAction\":[{\"@type\":\"SearchAction\",\"target\":{\"@type\":\"EntryPoint\",\"urlTemplate\":\"https:\/\/luchonoticias.com\/editor\/?s={search_term_string}\"},\"query-input\":{\"@type\":\"PropertyValueSpecification\",\"valueRequired\":true,\"valueName\":\"search_term_string\"}}],\"inLanguage\":\"es\"},{\"@type\":[\"Person\",\"Organization\"],\"@id\":\"https:\/\/luchonoticias.com\/editor\/#\/schema\/person\/7a7fd911f58561fd056dbac7b55af9cd\",\"name\":\"admin\",\"image\":{\"@type\":\"ImageObject\",\"inLanguage\":\"es\",\"@id\":\"https:\/\/luchonoticias.com\/editor\/#\/schema\/person\/image\/\",\"url\":\"https:\/\/luchonoticias.com\/editor\/wp-content\/uploads\/2024\/02\/cropped-cropped-logolu.webp\",\"contentUrl\":\"https:\/\/luchonoticias.com\/editor\/wp-content\/uploads\/2024\/02\/cropped-cropped-logolu.webp\",\"width\":382,\"height\":170,\"caption\":\"admin\"},\"logo\":{\"@id\":\"https:\/\/luchonoticias.com\/editor\/#\/schema\/person\/image\/\"},\"sameAs\":[\"https:\/\/www.facebook.com\/luchonoticiasneiva\"]},{\"@type\":\"Person\",\"@id\":\"https:\/\/luchonoticias.com\/editor\/#\/schema\/person\/29217990ddf6f14e35912b2866d591fb\",\"name\":\"Editor General\",\"image\":{\"@type\":\"ImageObject\",\"inLanguage\":\"es\",\"@id\":\"https:\/\/luchonoticias.com\/editor\/#\/schema\/person\/image\/\",\"url\":\"https:\/\/luchonoticias.com\/editor\/wp-content\/uploads\/2024\/02\/cropped-cropped-logolu-150x150.webp\",\"contentUrl\":\"https:\/\/luchonoticias.com\/editor\/wp-content\/uploads\/2024\/02\/cropped-cropped-logolu-150x150.webp\",\"caption\":\"Editor General\"},\"sameAs\":[\"https:\/\/luchonoticias.com\/\"],\"url\":\"https:\/\/luchonoticias.com\/editor\/author\/editor-general\/\"}]}<\/script>\n<!-- \/ Yoast SEO plugin. -->","yoast_head_json":{"title":"Por presuntamente violar a una ni\u00f1a fue capturado alias 'Botija' -","robots":{"index":"index","follow":"follow","max-snippet":"max-snippet:-1","max-image-preview":"max-image-preview:large","max-video-preview":"max-video-preview:-1"},"canonical":"https:\/\/luchonoticias.com\/editor\/por-presuntamente-violar-a-una-nina-fue-capturado-alias-botija\/","og_locale":"es_ES","og_type":"article","og_title":"Por presuntamente violar a una ni\u00f1a fue capturado alias 'Botija' -","og_url":"https:\/\/luchonoticias.com\/editor\/por-presuntamente-violar-a-una-nina-fue-capturado-alias-botija\/","article_publisher":"https:\/\/www.facebook.com\/luchonoticiasneiva","article_published_time":"2023-04-21T12:26:52+00:00","article_modified_time":"2023-04-21T12:26:53+00:00","author":"Editor General","twitter_card":"summary_large_image","twitter_misc":{"Escrito por":"Editor General","Tiempo de lectura":"1 minuto"},"schema":{"@context":"https:\/\/schema.org","@graph":[{"@type":"Article","@id":"https:\/\/luchonoticias.com\/editor\/por-presuntamente-violar-a-una-nina-fue-capturado-alias-botija\/#article","isPartOf":{"@id":"https:\/\/luchonoticias.com\/editor\/por-presuntamente-violar-a-una-nina-fue-capturado-alias-botija\/"},"author":{"name":"Editor General","@id":"https:\/\/luchonoticias.com\/editor\/#\/schema\/person\/29217990ddf6f14e35912b2866d591fb"},"headline":"Por presuntamente violar a una ni\u00f1a fue capturado alias &#8216;Botija&#8217;","datePublished":"2023-04-21T12:26:52+00:00","dateModified":"2023-04-21T12:26:53+00:00","mainEntityOfPage":{"@id":"https:\/\/luchonoticias.com\/editor\/por-presuntamente-violar-a-una-nina-fue-capturado-alias-botija\/"},"wordCount":157,"commentCount":0,"publisher":{"@id":"https:\/\/luchonoticias.com\/editor\/#\/schema\/person\/7a7fd911f58561fd056dbac7b55af9cd"},"articleSection":["Destacado","Judicial"],"inLanguage":"es","potentialAction":[{"@type":"CommentAction","name":"Comment","target":["https:\/\/luchonoticias.com\/editor\/por-presuntamente-violar-a-una-nina-fue-capturado-alias-botija\/#respond"]}]},{"@type":"WebPage","@id":"https:\/\/luchonoticias.com\/editor\/por-presuntamente-violar-a-una-nina-fue-capturado-alias-botija\/","url":"https:\/\/luchonoticias.com\/editor\/por-presuntamente-violar-a-una-nina-fue-capturado-alias-botija\/","name":"Por presuntamente violar a una ni\u00f1a fue capturado alias 'Botija' -","isPartOf":{"@id":"https:\/\/luchonoticias.com\/editor\/#website"},"datePublished":"2023-04-21T12:26:52+00:00","dateModified":"2023-04-21T12:26:53+00:00","breadcrumb":{"@id":"https:\/\/luchonoticias.com\/editor\/por-presuntamente-violar-a-una-nina-fue-capturado-alias-botija\/#breadcrumb"},"inLanguage":"es","potentialAction":[{"@type":"ReadAction","target":["https:\/\/luchonoticias.com\/editor\/por-presuntamente-violar-a-una-nina-fue-capturado-alias-botija\/"]}]},{"@type":"BreadcrumbList","@id":"https:\/\/luchonoticias.com\/editor\/por-presuntamente-violar-a-una-nina-fue-capturado-alias-botija\/#breadcrumb","itemListElement":[{"@type":"ListItem","position":1,"name":"Portada","item":"https:\/\/luchonoticias.com\/editor\/"},{"@type":"ListItem","position":2,"name":"Por presuntamente violar a una ni\u00f1a fue capturado alias &#8216;Botija&#8217;"}]},{"@type":"WebSite","@id":"https:\/\/luchonoticias.com\/editor\/#website","url":"https:\/\/luchonoticias.com\/editor\/","name":"","description":"","publisher":{"@id":"https:\/\/luchonoticias.com\/editor\/#\/schema\/person\/7a7fd911f58561fd056dbac7b55af9cd"},"potentialAction":[{"@type":"SearchAction","target":{"@type":"EntryPoint","urlTemplate":"https:\/\/luchonoticias.com\/editor\/?s={search_term_string}"},"query-input":{"@type":"PropertyValueSpecification","valueRequired":true,"valueName":"search_term_string"}}],"inLanguage":"es"},{"@type":["Person","Organization"],"@id":"https:\/\/luchonoticias.com\/editor\/#\/schema\/person\/7a7fd911f58561fd056dbac7b55af9cd","name":"admin","image":{"@type":"ImageObject","inLanguage":"es","@id":"https:\/\/luchonoticias.com\/editor\/#\/schema\/person\/image\/","url":"https:\/\/luchonoticias.com\/editor\/wp-content\/uploads\/2024\/02\/cropped-cropped-logolu.webp","contentUrl":"https:\/\/luchonoticias.com\/editor\/wp-content\/uploads\/2024\/02\/cropped-cropped-logolu.webp","width":382,"height":170,"caption":"admin"},"logo":{"@id":"https:\/\/luchonoticias.com\/editor\/#\/schema\/person\/image\/"},"sameAs":["https:\/\/www.facebook.com\/luchonoticiasneiva"]},{"@type":"Person","@id":"https:\/\/luchonoticias.com\/editor\/#\/schema\/person\/29217990ddf6f14e35912b2866d591fb","name":"Editor General","image":{"@type":"ImageObject","inLanguage":"es","@id":"https:\/\/luchonoticias.com\/editor\/#\/schema\/person\/image\/","url":"https:\/\/luchonoticias.com\/editor\/wp-content\/uploads\/2024\/02\/cropped-cropped-logolu-150x150.webp","contentUrl":"https:\/\/luchonoticias.com\/editor\/wp-content\/uploads\/2024\/02\/cropped-cropped-logolu-150x150.webp","caption":"Editor General"},"sameAs":["https:\/\/luchonoticias.com\/"],"url":"https:\/\/luchonoticias.com\/editor\/author\/editor-general\/"}]}},"_links":{"self":[{"href":"https:\/\/luchonoticias.com\/editor\/wp-json\/wp\/v2\/posts\/50773","targetHints":{"allow":["GET"]}}],"collection":[{"href":"https:\/\/luchonoticias.com\/editor\/wp-json\/wp\/v2\/posts"}],"about":[{"href":"https:\/\/luchonoticias.com\/editor\/wp-json\/wp\/v2\/types\/post"}],"author":[{"embeddable":true,"href":"https:\/\/luchonoticias.com\/editor\/wp-json\/wp\/v2\/users\/2"}],"replies":[{"embeddable":true,"href":"https:\/\/luchonoticias.com\/editor\/wp-json\/wp\/v2\/comments?post=50773"}],"version-history":[{"count":0,"href":"https:\/\/luchonoticias.com\/editor\/wp-json\/wp\/v2\/posts\/50773\/revisions"}],"wp:attachment":[{"href":"https:\/\/luchonoticias.com\/editor\/wp-json\/wp\/v2\/media?parent=50773"}],"wp:term":[{"taxonomy":"category","embeddable":true,"href":"https:\/\/luchonoticias.com\/editor\/wp-json\/wp\/v2\/categories?post=50773"},{"taxonomy":"post_tag","embeddable":true,"href":"https:\/\/luchonoticias.com\/editor\/wp-json\/wp\/v2\/tags?post=50773"}],"curies":[{"name":"wp","href":"https:\/\/api.w.org\/{rel}","templated":true}]}}