{"id":50787,"date":"2023-04-21T14:17:27","date_gmt":"2023-04-21T19:17:27","guid":{"rendered":"https:\/\/luchonoticias.com\/?p=50787"},"modified":"2023-04-21T14:17:28","modified_gmt":"2023-04-21T19:17:28","slug":"a-prision-falso-medico-y-un-padre-de-familia-que-estarian-implicados-en-delitos-sexuales","status":"publish","type":"post","link":"https:\/\/luchonoticias.com\/editor\/a-prision-falso-medico-y-un-padre-de-familia-que-estarian-implicados-en-delitos-sexuales\/","title":{"rendered":"A prisi\u00f3n falso m\u00e9dico y un padre de familia que estar\u00edan implicados en delitos sexuales"},"content":{"rendered":"\n<p>La Fiscal\u00eda General de La Naci\u00f3n logr\u00f3 que un par de jueces con funci\u00f3n de control de garant\u00edas de Pitalito (Huila) enviaran a prisi\u00f3n a dos hombres, presuntamente implicados en actos sexuales contra de dos menores de edad y una mujer de 33 a\u00f1os.<\/p>\n\n\n\n<p>El primer caso implicar\u00eda a un hombre de 37 a\u00f1os quien, al parecer, desde 2022 y; por lo menos hasta enero de 2023, les habr\u00eda realizado tocamientos de \u00edndole sexual a sus dos hijas; de 6 y 8 a\u00f1os.<\/p>\n\n\n\n<p>Las agresiones se habr\u00edan presentaron en el municipio de Acevedo (Huila) cuando el investigado se quedaba a solas con las v\u00edctimas; cuya custodia era compartida con la mam\u00e1. Los hechos fueron denunciados por la madre de las menores, luego de que una de las menores le comentar\u00e1 lo sucedido a ella y a su hermana.<\/p>\n\n\n\n<p>El posible responsable fue capturado por servidores del Cuerpo T\u00e9cnico de Investigaci\u00f3n (CTI) con el apoyo de Ej\u00e9rcito Nacional, cuando se desplazaba por una v\u00eda p\u00fablica de la vereda Las Mercedes del referido municipio.<\/p>\n\n\n\n<p>La Fiscal\u00eda imput\u00f3 al investigado el delito de actos sexuales con menor de 14 a\u00f1os agravado.<\/p>\n\n\n\n<p><strong>Judicializado en Pitalito falso m\u00e9dico<\/strong><\/p>\n\n\n\n<p>Como Jos\u00e9 Enrique L\u00f3pez Claros fue identificado el hombre que haci\u00e9ndose pasar por m\u00e9dico de profesi\u00f3n habr\u00eda agredido sexualmente a una mujer de 33 a\u00f1os.<\/p>\n\n\n\n<p>Seg\u00fan la investigaci\u00f3n, el hombre aseguraba ser m\u00e9dico y estar especializado en medicina natural y homeop\u00e1tica; y con sustento en dicha fachada se ofreci\u00f3 a tratar dolencias reportadas por la v\u00edctima en su columna.<\/p>\n\n\n\n<p>Seg\u00fan la denuncia instaurada por la v\u00edctima, durante una consulta realizada en un consultorio del barrio Los Cristales de Pitalito (Huila), el procesado le habr\u00eda manifestado a la mujer la existencia de problemas en su matriz.<\/p>\n\n\n\n<p>Ante este diagn\u00f3stico le habr\u00eda pedido a la mujer que se quitara la ropa interior para poder auscultarla y proceder tratarla; momento que el procesado habr\u00eda aprovechado para agredir sexualmente a paciente.<\/p>\n\n\n\n<p>Investigaciones adelantadas por la Fiscal\u00eda establecieron que el hombre no cuenta con ning\u00fan t\u00edtulo en medicina.<\/p>\n\n\n\n<p>Personal del Cuerpo T\u00e9cnico de Investigaci\u00f3n (CTI), en conjunto con Ej\u00e9rcito Nacional captur\u00f3 al procesado. Finalmente, el hombre neg\u00f3 su responsabilidad en el delito de acceso carnal violento agravado.<\/p>\n","protected":false},"excerpt":{"rendered":"<p>La Fiscal\u00eda General de La Naci\u00f3n logr\u00f3 que un par de jueces con funci\u00f3n de control de garant\u00edas de Pitalito (Huila) enviaran a prisi\u00f3n a dos hombres, presuntamente implicados en actos sexuales contra de dos menores de edad y una mujer de 33 a\u00f1os. El primer caso implicar\u00eda a un hombre de 37 a\u00f1os quien, [&hellip;]<\/p>\n","protected":false},"author":2,"featured_media":0,"comment_status":"open","ping_status":"open","sticky":false,"template":"","format":"standard","meta":{"footnotes":""},"categories":[36,29],"tags":[],"class_list":["post-50787","post","type-post","status-publish","format-standard","hentry","category-destacado","category-judicial"],"yoast_head":"<!-- This site is optimized with the Yoast SEO plugin v26.6 - https:\/\/yoast.com\/wordpress\/plugins\/seo\/ -->\n<title>A prisi\u00f3n falso m\u00e9dico y un padre de familia que estar\u00edan implicados en delitos sexuales -<\/title>\n<meta name=\"robots\" content=\"index, follow, max-snippet:-1, max-image-preview:large, max-video-preview:-1\" \/>\n<link rel=\"canonical\" href=\"https:\/\/luchonoticias.com\/editor\/a-prision-falso-medico-y-un-padre-de-familia-que-estarian-implicados-en-delitos-sexuales\/\" \/>\n<meta property=\"og:locale\" content=\"es_ES\" \/>\n<meta property=\"og:type\" content=\"article\" \/>\n<meta property=\"og:title\" content=\"A prisi\u00f3n falso m\u00e9dico y un padre de familia que estar\u00edan implicados en delitos sexuales -\" \/>\n<meta property=\"og:url\" content=\"https:\/\/luchonoticias.com\/editor\/a-prision-falso-medico-y-un-padre-de-familia-que-estarian-implicados-en-delitos-sexuales\/\" \/>\n<meta property=\"article:publisher\" content=\"https:\/\/www.facebook.com\/luchonoticiasneiva\" \/>\n<meta property=\"article:published_time\" content=\"2023-04-21T19:17:27+00:00\" \/>\n<meta property=\"article:modified_time\" content=\"2023-04-21T19:17:28+00:00\" \/>\n<meta name=\"author\" content=\"Editor General\" \/>\n<meta name=\"twitter:card\" content=\"summary_large_image\" \/>\n<meta name=\"twitter:label1\" content=\"Escrito por\" \/>\n\t<meta name=\"twitter:data1\" content=\"Editor General\" \/>\n\t<meta name=\"twitter:label2\" content=\"Tiempo de lectura\" \/>\n\t<meta name=\"twitter:data2\" content=\"2 minutos\" \/>\n<script type=\"application\/ld+json\" class=\"yoast-schema-graph\">{\"@context\":\"https:\/\/schema.org\",\"@graph\":[{\"@type\":\"Article\",\"@id\":\"https:\/\/luchonoticias.com\/editor\/a-prision-falso-medico-y-un-padre-de-familia-que-estarian-implicados-en-delitos-sexuales\/#article\",\"isPartOf\":{\"@id\":\"https:\/\/luchonoticias.com\/editor\/a-prision-falso-medico-y-un-padre-de-familia-que-estarian-implicados-en-delitos-sexuales\/\"},\"author\":{\"name\":\"Editor General\",\"@id\":\"https:\/\/luchonoticias.com\/editor\/#\/schema\/person\/29217990ddf6f14e35912b2866d591fb\"},\"headline\":\"A prisi\u00f3n falso m\u00e9dico y un padre de familia que estar\u00edan implicados en delitos sexuales\",\"datePublished\":\"2023-04-21T19:17:27+00:00\",\"dateModified\":\"2023-04-21T19:17:28+00:00\",\"mainEntityOfPage\":{\"@id\":\"https:\/\/luchonoticias.com\/editor\/a-prision-falso-medico-y-un-padre-de-familia-que-estarian-implicados-en-delitos-sexuales\/\"},\"wordCount\":418,\"commentCount\":0,\"publisher\":{\"@id\":\"https:\/\/luchonoticias.com\/editor\/#\/schema\/person\/7a7fd911f58561fd056dbac7b55af9cd\"},\"articleSection\":[\"Destacado\",\"Judicial\"],\"inLanguage\":\"es\",\"potentialAction\":[{\"@type\":\"CommentAction\",\"name\":\"Comment\",\"target\":[\"https:\/\/luchonoticias.com\/editor\/a-prision-falso-medico-y-un-padre-de-familia-que-estarian-implicados-en-delitos-sexuales\/#respond\"]}]},{\"@type\":\"WebPage\",\"@id\":\"https:\/\/luchonoticias.com\/editor\/a-prision-falso-medico-y-un-padre-de-familia-que-estarian-implicados-en-delitos-sexuales\/\",\"url\":\"https:\/\/luchonoticias.com\/editor\/a-prision-falso-medico-y-un-padre-de-familia-que-estarian-implicados-en-delitos-sexuales\/\",\"name\":\"A prisi\u00f3n falso m\u00e9dico y un padre de familia que estar\u00edan implicados en delitos sexuales -\",\"isPartOf\":{\"@id\":\"https:\/\/luchonoticias.com\/editor\/#website\"},\"datePublished\":\"2023-04-21T19:17:27+00:00\",\"dateModified\":\"2023-04-21T19:17:28+00:00\",\"breadcrumb\":{\"@id\":\"https:\/\/luchonoticias.com\/editor\/a-prision-falso-medico-y-un-padre-de-familia-que-estarian-implicados-en-delitos-sexuales\/#breadcrumb\"},\"inLanguage\":\"es\",\"potentialAction\":[{\"@type\":\"ReadAction\",\"target\":[\"https:\/\/luchonoticias.com\/editor\/a-prision-falso-medico-y-un-padre-de-familia-que-estarian-implicados-en-delitos-sexuales\/\"]}]},{\"@type\":\"BreadcrumbList\",\"@id\":\"https:\/\/luchonoticias.com\/editor\/a-prision-falso-medico-y-un-padre-de-familia-que-estarian-implicados-en-delitos-sexuales\/#breadcrumb\",\"itemListElement\":[{\"@type\":\"ListItem\",\"position\":1,\"name\":\"Portada\",\"item\":\"https:\/\/luchonoticias.com\/editor\/\"},{\"@type\":\"ListItem\",\"position\":2,\"name\":\"A prisi\u00f3n falso m\u00e9dico y un padre de familia que estar\u00edan implicados en delitos sexuales\"}]},{\"@type\":\"WebSite\",\"@id\":\"https:\/\/luchonoticias.com\/editor\/#website\",\"url\":\"https:\/\/luchonoticias.com\/editor\/\",\"name\":\"\",\"description\":\"\",\"publisher\":{\"@id\":\"https:\/\/luchonoticias.com\/editor\/#\/schema\/person\/7a7fd911f58561fd056dbac7b55af9cd\"},\"potentialAction\":[{\"@type\":\"SearchAction\",\"target\":{\"@type\":\"EntryPoint\",\"urlTemplate\":\"https:\/\/luchonoticias.com\/editor\/?s={search_term_string}\"},\"query-input\":{\"@type\":\"PropertyValueSpecification\",\"valueRequired\":true,\"valueName\":\"search_term_string\"}}],\"inLanguage\":\"es\"},{\"@type\":[\"Person\",\"Organization\"],\"@id\":\"https:\/\/luchonoticias.com\/editor\/#\/schema\/person\/7a7fd911f58561fd056dbac7b55af9cd\",\"name\":\"admin\",\"image\":{\"@type\":\"ImageObject\",\"inLanguage\":\"es\",\"@id\":\"https:\/\/luchonoticias.com\/editor\/#\/schema\/person\/image\/\",\"url\":\"https:\/\/luchonoticias.com\/editor\/wp-content\/uploads\/2024\/02\/cropped-cropped-logolu.webp\",\"contentUrl\":\"https:\/\/luchonoticias.com\/editor\/wp-content\/uploads\/2024\/02\/cropped-cropped-logolu.webp\",\"width\":382,\"height\":170,\"caption\":\"admin\"},\"logo\":{\"@id\":\"https:\/\/luchonoticias.com\/editor\/#\/schema\/person\/image\/\"},\"sameAs\":[\"https:\/\/www.facebook.com\/luchonoticiasneiva\"]},{\"@type\":\"Person\",\"@id\":\"https:\/\/luchonoticias.com\/editor\/#\/schema\/person\/29217990ddf6f14e35912b2866d591fb\",\"name\":\"Editor General\",\"image\":{\"@type\":\"ImageObject\",\"inLanguage\":\"es\",\"@id\":\"https:\/\/luchonoticias.com\/editor\/#\/schema\/person\/image\/\",\"url\":\"https:\/\/luchonoticias.com\/editor\/wp-content\/uploads\/2024\/02\/cropped-cropped-logolu-150x150.webp\",\"contentUrl\":\"https:\/\/luchonoticias.com\/editor\/wp-content\/uploads\/2024\/02\/cropped-cropped-logolu-150x150.webp\",\"caption\":\"Editor General\"},\"sameAs\":[\"https:\/\/luchonoticias.com\/\"],\"url\":\"https:\/\/luchonoticias.com\/editor\/author\/editor-general\/\"}]}<\/script>\n<!-- \/ Yoast SEO plugin. -->","yoast_head_json":{"title":"A prisi\u00f3n falso m\u00e9dico y un padre de familia que estar\u00edan implicados en delitos sexuales -","robots":{"index":"index","follow":"follow","max-snippet":"max-snippet:-1","max-image-preview":"max-image-preview:large","max-video-preview":"max-video-preview:-1"},"canonical":"https:\/\/luchonoticias.com\/editor\/a-prision-falso-medico-y-un-padre-de-familia-que-estarian-implicados-en-delitos-sexuales\/","og_locale":"es_ES","og_type":"article","og_title":"A prisi\u00f3n falso m\u00e9dico y un padre de familia que estar\u00edan implicados en delitos sexuales -","og_url":"https:\/\/luchonoticias.com\/editor\/a-prision-falso-medico-y-un-padre-de-familia-que-estarian-implicados-en-delitos-sexuales\/","article_publisher":"https:\/\/www.facebook.com\/luchonoticiasneiva","article_published_time":"2023-04-21T19:17:27+00:00","article_modified_time":"2023-04-21T19:17:28+00:00","author":"Editor General","twitter_card":"summary_large_image","twitter_misc":{"Escrito por":"Editor General","Tiempo de lectura":"2 minutos"},"schema":{"@context":"https:\/\/schema.org","@graph":[{"@type":"Article","@id":"https:\/\/luchonoticias.com\/editor\/a-prision-falso-medico-y-un-padre-de-familia-que-estarian-implicados-en-delitos-sexuales\/#article","isPartOf":{"@id":"https:\/\/luchonoticias.com\/editor\/a-prision-falso-medico-y-un-padre-de-familia-que-estarian-implicados-en-delitos-sexuales\/"},"author":{"name":"Editor General","@id":"https:\/\/luchonoticias.com\/editor\/#\/schema\/person\/29217990ddf6f14e35912b2866d591fb"},"headline":"A prisi\u00f3n falso m\u00e9dico y un padre de familia que estar\u00edan implicados en delitos sexuales","datePublished":"2023-04-21T19:17:27+00:00","dateModified":"2023-04-21T19:17:28+00:00","mainEntityOfPage":{"@id":"https:\/\/luchonoticias.com\/editor\/a-prision-falso-medico-y-un-padre-de-familia-que-estarian-implicados-en-delitos-sexuales\/"},"wordCount":418,"commentCount":0,"publisher":{"@id":"https:\/\/luchonoticias.com\/editor\/#\/schema\/person\/7a7fd911f58561fd056dbac7b55af9cd"},"articleSection":["Destacado","Judicial"],"inLanguage":"es","potentialAction":[{"@type":"CommentAction","name":"Comment","target":["https:\/\/luchonoticias.com\/editor\/a-prision-falso-medico-y-un-padre-de-familia-que-estarian-implicados-en-delitos-sexuales\/#respond"]}]},{"@type":"WebPage","@id":"https:\/\/luchonoticias.com\/editor\/a-prision-falso-medico-y-un-padre-de-familia-que-estarian-implicados-en-delitos-sexuales\/","url":"https:\/\/luchonoticias.com\/editor\/a-prision-falso-medico-y-un-padre-de-familia-que-estarian-implicados-en-delitos-sexuales\/","name":"A prisi\u00f3n falso m\u00e9dico y un padre de familia que estar\u00edan implicados en delitos sexuales -","isPartOf":{"@id":"https:\/\/luchonoticias.com\/editor\/#website"},"datePublished":"2023-04-21T19:17:27+00:00","dateModified":"2023-04-21T19:17:28+00:00","breadcrumb":{"@id":"https:\/\/luchonoticias.com\/editor\/a-prision-falso-medico-y-un-padre-de-familia-que-estarian-implicados-en-delitos-sexuales\/#breadcrumb"},"inLanguage":"es","potentialAction":[{"@type":"ReadAction","target":["https:\/\/luchonoticias.com\/editor\/a-prision-falso-medico-y-un-padre-de-familia-que-estarian-implicados-en-delitos-sexuales\/"]}]},{"@type":"BreadcrumbList","@id":"https:\/\/luchonoticias.com\/editor\/a-prision-falso-medico-y-un-padre-de-familia-que-estarian-implicados-en-delitos-sexuales\/#breadcrumb","itemListElement":[{"@type":"ListItem","position":1,"name":"Portada","item":"https:\/\/luchonoticias.com\/editor\/"},{"@type":"ListItem","position":2,"name":"A prisi\u00f3n falso m\u00e9dico y un padre de familia que estar\u00edan implicados en delitos sexuales"}]},{"@type":"WebSite","@id":"https:\/\/luchonoticias.com\/editor\/#website","url":"https:\/\/luchonoticias.com\/editor\/","name":"","description":"","publisher":{"@id":"https:\/\/luchonoticias.com\/editor\/#\/schema\/person\/7a7fd911f58561fd056dbac7b55af9cd"},"potentialAction":[{"@type":"SearchAction","target":{"@type":"EntryPoint","urlTemplate":"https:\/\/luchonoticias.com\/editor\/?s={search_term_string}"},"query-input":{"@type":"PropertyValueSpecification","valueRequired":true,"valueName":"search_term_string"}}],"inLanguage":"es"},{"@type":["Person","Organization"],"@id":"https:\/\/luchonoticias.com\/editor\/#\/schema\/person\/7a7fd911f58561fd056dbac7b55af9cd","name":"admin","image":{"@type":"ImageObject","inLanguage":"es","@id":"https:\/\/luchonoticias.com\/editor\/#\/schema\/person\/image\/","url":"https:\/\/luchonoticias.com\/editor\/wp-content\/uploads\/2024\/02\/cropped-cropped-logolu.webp","contentUrl":"https:\/\/luchonoticias.com\/editor\/wp-content\/uploads\/2024\/02\/cropped-cropped-logolu.webp","width":382,"height":170,"caption":"admin"},"logo":{"@id":"https:\/\/luchonoticias.com\/editor\/#\/schema\/person\/image\/"},"sameAs":["https:\/\/www.facebook.com\/luchonoticiasneiva"]},{"@type":"Person","@id":"https:\/\/luchonoticias.com\/editor\/#\/schema\/person\/29217990ddf6f14e35912b2866d591fb","name":"Editor General","image":{"@type":"ImageObject","inLanguage":"es","@id":"https:\/\/luchonoticias.com\/editor\/#\/schema\/person\/image\/","url":"https:\/\/luchonoticias.com\/editor\/wp-content\/uploads\/2024\/02\/cropped-cropped-logolu-150x150.webp","contentUrl":"https:\/\/luchonoticias.com\/editor\/wp-content\/uploads\/2024\/02\/cropped-cropped-logolu-150x150.webp","caption":"Editor General"},"sameAs":["https:\/\/luchonoticias.com\/"],"url":"https:\/\/luchonoticias.com\/editor\/author\/editor-general\/"}]}},"_links":{"self":[{"href":"https:\/\/luchonoticias.com\/editor\/wp-json\/wp\/v2\/posts\/50787","targetHints":{"allow":["GET"]}}],"collection":[{"href":"https:\/\/luchonoticias.com\/editor\/wp-json\/wp\/v2\/posts"}],"about":[{"href":"https:\/\/luchonoticias.com\/editor\/wp-json\/wp\/v2\/types\/post"}],"author":[{"embeddable":true,"href":"https:\/\/luchonoticias.com\/editor\/wp-json\/wp\/v2\/users\/2"}],"replies":[{"embeddable":true,"href":"https:\/\/luchonoticias.com\/editor\/wp-json\/wp\/v2\/comments?post=50787"}],"version-history":[{"count":0,"href":"https:\/\/luchonoticias.com\/editor\/wp-json\/wp\/v2\/posts\/50787\/revisions"}],"wp:attachment":[{"href":"https:\/\/luchonoticias.com\/editor\/wp-json\/wp\/v2\/media?parent=50787"}],"wp:term":[{"taxonomy":"category","embeddable":true,"href":"https:\/\/luchonoticias.com\/editor\/wp-json\/wp\/v2\/categories?post=50787"},{"taxonomy":"post_tag","embeddable":true,"href":"https:\/\/luchonoticias.com\/editor\/wp-json\/wp\/v2\/tags?post=50787"}],"curies":[{"name":"wp","href":"https:\/\/api.w.org\/{rel}","templated":true}]}}