{"id":50793,"date":"2023-04-21T14:28:00","date_gmt":"2023-04-21T19:28:00","guid":{"rendered":"https:\/\/luchonoticias.com\/?p=50793"},"modified":"2023-04-21T14:28:01","modified_gmt":"2023-04-21T19:28:01","slug":"capturado-presunto-integrante-del-grupo-delincuencial-los-topos-en-neiva","status":"publish","type":"post","link":"https:\/\/luchonoticias.com\/editor\/capturado-presunto-integrante-del-grupo-delincuencial-los-topos-en-neiva\/","title":{"rendered":"Capturado presunto integrante del grupo delincuencial \u2018Los Topos\u2019 en Neiva"},"content":{"rendered":"\n<p>La Polic\u00eda Nacional, en desarrollo del Plan Choque \u201cConstruyendo Seguridad\u201d y dando continuidad a la Ley de Seguridad Ciudadana, logro la captura por orden judicial de una persona, requerida por el delito de concierto para delinquir, Tr\u00e1fico de Estupefacientes, Fuga de presos, Hurto Agravado y Calificado.<\/p>\n\n\n\n<p>Es as\u00ed como uniformados de la Seccional de Investigaci\u00f3n Criminal SIJIN, en articulaci\u00f3n con la Fiscal\u00eda General de la Naci\u00f3n, logran hacer efectiva la orden de captura en contra de Guillermo Alberto D\u00edaz Fierro conocido como \u00abCremallera\u00bb de 36 a\u00f1os de edad y residente en el barrio San Mart\u00edn.<\/p>\n\n\n\n<figure class=\"wp-block-image size-full is-resized is-style-rounded\"><img loading=\"lazy\" decoding=\"async\" src=\"https:\/\/luchonoticias.com\/wp-content\/uploads\/2023\/04\/WhatsApp-Image-2023-04-21-at-12.29.16-PM.jpeg\" alt=\"\" class=\"wp-image-50795\" width=\"482\" height=\"643\"\/><\/figure>\n\n\n\n<p>Esta persona de acuerdo al acervo probatorio recolectado a trav\u00e9s de meses de Investigaci\u00f3n, hac\u00eda parte del grupo delincuencial&nbsp; los \u00abLos Topos\u00bb en donde fueron capturadas 19 personas, en el a\u00f1o 2017 y quienes presuntamente se dedicaban al Tr\u00e1fico de Estupefacientes en el sector conocido como Trasbavaria Puerto de las Damas y la Plaza de San Pedro centro de la ciudad de Neiva.<\/p>\n\n\n\n<p>La persona capturada, quien registra anotaciones por el delito de Fuga de presos, fue dejado a disposici\u00f3n de autoridad competente por el delito por el cual se le requiere, en donde un juez de control y garant\u00edas le definir\u00e1 su situaci\u00f3n jur\u00eddica.<\/p>\n","protected":false},"excerpt":{"rendered":"<p>La Polic\u00eda Nacional, en desarrollo del Plan Choque \u201cConstruyendo Seguridad\u201d y dando continuidad a la Ley de Seguridad Ciudadana, logro la captura por orden judicial de una persona, requerida por el delito de concierto para delinquir, Tr\u00e1fico de Estupefacientes, Fuga de presos, Hurto Agravado y Calificado. Es as\u00ed como uniformados de la Seccional de Investigaci\u00f3n [&hellip;]<\/p>\n","protected":false},"author":2,"featured_media":0,"comment_status":"open","ping_status":"open","sticky":false,"template":"","format":"standard","meta":{"footnotes":""},"categories":[36,29],"tags":[],"class_list":["post-50793","post","type-post","status-publish","format-standard","hentry","category-destacado","category-judicial"],"yoast_head":"<!-- This site is optimized with the Yoast SEO plugin v26.6 - https:\/\/yoast.com\/wordpress\/plugins\/seo\/ -->\n<title>Capturado presunto integrante del grupo delincuencial \u2018Los Topos\u2019 en Neiva -<\/title>\n<meta name=\"robots\" content=\"index, follow, max-snippet:-1, max-image-preview:large, max-video-preview:-1\" \/>\n<link rel=\"canonical\" href=\"https:\/\/luchonoticias.com\/editor\/capturado-presunto-integrante-del-grupo-delincuencial-los-topos-en-neiva\/\" \/>\n<meta property=\"og:locale\" content=\"es_ES\" \/>\n<meta property=\"og:type\" content=\"article\" \/>\n<meta property=\"og:title\" content=\"Capturado presunto integrante del grupo delincuencial \u2018Los Topos\u2019 en Neiva -\" \/>\n<meta property=\"og:url\" content=\"https:\/\/luchonoticias.com\/editor\/capturado-presunto-integrante-del-grupo-delincuencial-los-topos-en-neiva\/\" \/>\n<meta property=\"article:publisher\" content=\"https:\/\/www.facebook.com\/luchonoticiasneiva\" \/>\n<meta property=\"article:published_time\" content=\"2023-04-21T19:28:00+00:00\" \/>\n<meta property=\"article:modified_time\" content=\"2023-04-21T19:28:01+00:00\" \/>\n<meta property=\"og:image\" content=\"https:\/\/luchonoticias.com\/wp-content\/uploads\/2023\/04\/WhatsApp-Image-2023-04-21-at-12.29.16-PM.jpeg\" \/>\n<meta name=\"author\" content=\"Editor General\" \/>\n<meta name=\"twitter:card\" content=\"summary_large_image\" \/>\n<meta name=\"twitter:label1\" content=\"Escrito por\" \/>\n\t<meta name=\"twitter:data1\" content=\"Editor General\" \/>\n\t<meta name=\"twitter:label2\" content=\"Tiempo de lectura\" \/>\n\t<meta name=\"twitter:data2\" content=\"1 minuto\" \/>\n<script type=\"application\/ld+json\" class=\"yoast-schema-graph\">{\"@context\":\"https:\/\/schema.org\",\"@graph\":[{\"@type\":\"Article\",\"@id\":\"https:\/\/luchonoticias.com\/editor\/capturado-presunto-integrante-del-grupo-delincuencial-los-topos-en-neiva\/#article\",\"isPartOf\":{\"@id\":\"https:\/\/luchonoticias.com\/editor\/capturado-presunto-integrante-del-grupo-delincuencial-los-topos-en-neiva\/\"},\"author\":{\"name\":\"Editor General\",\"@id\":\"https:\/\/luchonoticias.com\/editor\/#\/schema\/person\/29217990ddf6f14e35912b2866d591fb\"},\"headline\":\"Capturado presunto integrante del grupo delincuencial \u2018Los Topos\u2019 en Neiva\",\"datePublished\":\"2023-04-21T19:28:00+00:00\",\"dateModified\":\"2023-04-21T19:28:01+00:00\",\"mainEntityOfPage\":{\"@id\":\"https:\/\/luchonoticias.com\/editor\/capturado-presunto-integrante-del-grupo-delincuencial-los-topos-en-neiva\/\"},\"wordCount\":226,\"commentCount\":0,\"publisher\":{\"@id\":\"https:\/\/luchonoticias.com\/editor\/#\/schema\/person\/7a7fd911f58561fd056dbac7b55af9cd\"},\"image\":{\"@id\":\"https:\/\/luchonoticias.com\/editor\/capturado-presunto-integrante-del-grupo-delincuencial-los-topos-en-neiva\/#primaryimage\"},\"thumbnailUrl\":\"https:\/\/luchonoticias.com\/wp-content\/uploads\/2023\/04\/WhatsApp-Image-2023-04-21-at-12.29.16-PM.jpeg\",\"articleSection\":[\"Destacado\",\"Judicial\"],\"inLanguage\":\"es\",\"potentialAction\":[{\"@type\":\"CommentAction\",\"name\":\"Comment\",\"target\":[\"https:\/\/luchonoticias.com\/editor\/capturado-presunto-integrante-del-grupo-delincuencial-los-topos-en-neiva\/#respond\"]}]},{\"@type\":\"WebPage\",\"@id\":\"https:\/\/luchonoticias.com\/editor\/capturado-presunto-integrante-del-grupo-delincuencial-los-topos-en-neiva\/\",\"url\":\"https:\/\/luchonoticias.com\/editor\/capturado-presunto-integrante-del-grupo-delincuencial-los-topos-en-neiva\/\",\"name\":\"Capturado presunto integrante del grupo delincuencial \u2018Los Topos\u2019 en Neiva -\",\"isPartOf\":{\"@id\":\"https:\/\/luchonoticias.com\/editor\/#website\"},\"primaryImageOfPage\":{\"@id\":\"https:\/\/luchonoticias.com\/editor\/capturado-presunto-integrante-del-grupo-delincuencial-los-topos-en-neiva\/#primaryimage\"},\"image\":{\"@id\":\"https:\/\/luchonoticias.com\/editor\/capturado-presunto-integrante-del-grupo-delincuencial-los-topos-en-neiva\/#primaryimage\"},\"thumbnailUrl\":\"https:\/\/luchonoticias.com\/wp-content\/uploads\/2023\/04\/WhatsApp-Image-2023-04-21-at-12.29.16-PM.jpeg\",\"datePublished\":\"2023-04-21T19:28:00+00:00\",\"dateModified\":\"2023-04-21T19:28:01+00:00\",\"breadcrumb\":{\"@id\":\"https:\/\/luchonoticias.com\/editor\/capturado-presunto-integrante-del-grupo-delincuencial-los-topos-en-neiva\/#breadcrumb\"},\"inLanguage\":\"es\",\"potentialAction\":[{\"@type\":\"ReadAction\",\"target\":[\"https:\/\/luchonoticias.com\/editor\/capturado-presunto-integrante-del-grupo-delincuencial-los-topos-en-neiva\/\"]}]},{\"@type\":\"ImageObject\",\"inLanguage\":\"es\",\"@id\":\"https:\/\/luchonoticias.com\/editor\/capturado-presunto-integrante-del-grupo-delincuencial-los-topos-en-neiva\/#primaryimage\",\"url\":\"https:\/\/luchonoticias.com\/wp-content\/uploads\/2023\/04\/WhatsApp-Image-2023-04-21-at-12.29.16-PM.jpeg\",\"contentUrl\":\"https:\/\/luchonoticias.com\/wp-content\/uploads\/2023\/04\/WhatsApp-Image-2023-04-21-at-12.29.16-PM.jpeg\"},{\"@type\":\"BreadcrumbList\",\"@id\":\"https:\/\/luchonoticias.com\/editor\/capturado-presunto-integrante-del-grupo-delincuencial-los-topos-en-neiva\/#breadcrumb\",\"itemListElement\":[{\"@type\":\"ListItem\",\"position\":1,\"name\":\"Portada\",\"item\":\"https:\/\/luchonoticias.com\/editor\/\"},{\"@type\":\"ListItem\",\"position\":2,\"name\":\"Capturado presunto integrante del grupo delincuencial \u2018Los Topos\u2019 en Neiva\"}]},{\"@type\":\"WebSite\",\"@id\":\"https:\/\/luchonoticias.com\/editor\/#website\",\"url\":\"https:\/\/luchonoticias.com\/editor\/\",\"name\":\"\",\"description\":\"\",\"publisher\":{\"@id\":\"https:\/\/luchonoticias.com\/editor\/#\/schema\/person\/7a7fd911f58561fd056dbac7b55af9cd\"},\"potentialAction\":[{\"@type\":\"SearchAction\",\"target\":{\"@type\":\"EntryPoint\",\"urlTemplate\":\"https:\/\/luchonoticias.com\/editor\/?s={search_term_string}\"},\"query-input\":{\"@type\":\"PropertyValueSpecification\",\"valueRequired\":true,\"valueName\":\"search_term_string\"}}],\"inLanguage\":\"es\"},{\"@type\":[\"Person\",\"Organization\"],\"@id\":\"https:\/\/luchonoticias.com\/editor\/#\/schema\/person\/7a7fd911f58561fd056dbac7b55af9cd\",\"name\":\"admin\",\"image\":{\"@type\":\"ImageObject\",\"inLanguage\":\"es\",\"@id\":\"https:\/\/luchonoticias.com\/editor\/#\/schema\/person\/image\/\",\"url\":\"https:\/\/luchonoticias.com\/editor\/wp-content\/uploads\/2024\/02\/cropped-cropped-logolu.webp\",\"contentUrl\":\"https:\/\/luchonoticias.com\/editor\/wp-content\/uploads\/2024\/02\/cropped-cropped-logolu.webp\",\"width\":382,\"height\":170,\"caption\":\"admin\"},\"logo\":{\"@id\":\"https:\/\/luchonoticias.com\/editor\/#\/schema\/person\/image\/\"},\"sameAs\":[\"https:\/\/www.facebook.com\/luchonoticiasneiva\"]},{\"@type\":\"Person\",\"@id\":\"https:\/\/luchonoticias.com\/editor\/#\/schema\/person\/29217990ddf6f14e35912b2866d591fb\",\"name\":\"Editor General\",\"image\":{\"@type\":\"ImageObject\",\"inLanguage\":\"es\",\"@id\":\"https:\/\/luchonoticias.com\/editor\/#\/schema\/person\/image\/\",\"url\":\"https:\/\/luchonoticias.com\/editor\/wp-content\/uploads\/2024\/02\/cropped-cropped-logolu-150x150.webp\",\"contentUrl\":\"https:\/\/luchonoticias.com\/editor\/wp-content\/uploads\/2024\/02\/cropped-cropped-logolu-150x150.webp\",\"caption\":\"Editor General\"},\"sameAs\":[\"https:\/\/luchonoticias.com\/\"],\"url\":\"https:\/\/luchonoticias.com\/editor\/author\/editor-general\/\"}]}<\/script>\n<!-- \/ Yoast SEO plugin. -->","yoast_head_json":{"title":"Capturado presunto integrante del grupo delincuencial \u2018Los Topos\u2019 en Neiva -","robots":{"index":"index","follow":"follow","max-snippet":"max-snippet:-1","max-image-preview":"max-image-preview:large","max-video-preview":"max-video-preview:-1"},"canonical":"https:\/\/luchonoticias.com\/editor\/capturado-presunto-integrante-del-grupo-delincuencial-los-topos-en-neiva\/","og_locale":"es_ES","og_type":"article","og_title":"Capturado presunto integrante del grupo delincuencial \u2018Los Topos\u2019 en Neiva -","og_url":"https:\/\/luchonoticias.com\/editor\/capturado-presunto-integrante-del-grupo-delincuencial-los-topos-en-neiva\/","article_publisher":"https:\/\/www.facebook.com\/luchonoticiasneiva","article_published_time":"2023-04-21T19:28:00+00:00","article_modified_time":"2023-04-21T19:28:01+00:00","og_image":[{"url":"https:\/\/luchonoticias.com\/wp-content\/uploads\/2023\/04\/WhatsApp-Image-2023-04-21-at-12.29.16-PM.jpeg","type":"","width":"","height":""}],"author":"Editor General","twitter_card":"summary_large_image","twitter_misc":{"Escrito por":"Editor General","Tiempo de lectura":"1 minuto"},"schema":{"@context":"https:\/\/schema.org","@graph":[{"@type":"Article","@id":"https:\/\/luchonoticias.com\/editor\/capturado-presunto-integrante-del-grupo-delincuencial-los-topos-en-neiva\/#article","isPartOf":{"@id":"https:\/\/luchonoticias.com\/editor\/capturado-presunto-integrante-del-grupo-delincuencial-los-topos-en-neiva\/"},"author":{"name":"Editor General","@id":"https:\/\/luchonoticias.com\/editor\/#\/schema\/person\/29217990ddf6f14e35912b2866d591fb"},"headline":"Capturado presunto integrante del grupo delincuencial \u2018Los Topos\u2019 en Neiva","datePublished":"2023-04-21T19:28:00+00:00","dateModified":"2023-04-21T19:28:01+00:00","mainEntityOfPage":{"@id":"https:\/\/luchonoticias.com\/editor\/capturado-presunto-integrante-del-grupo-delincuencial-los-topos-en-neiva\/"},"wordCount":226,"commentCount":0,"publisher":{"@id":"https:\/\/luchonoticias.com\/editor\/#\/schema\/person\/7a7fd911f58561fd056dbac7b55af9cd"},"image":{"@id":"https:\/\/luchonoticias.com\/editor\/capturado-presunto-integrante-del-grupo-delincuencial-los-topos-en-neiva\/#primaryimage"},"thumbnailUrl":"https:\/\/luchonoticias.com\/wp-content\/uploads\/2023\/04\/WhatsApp-Image-2023-04-21-at-12.29.16-PM.jpeg","articleSection":["Destacado","Judicial"],"inLanguage":"es","potentialAction":[{"@type":"CommentAction","name":"Comment","target":["https:\/\/luchonoticias.com\/editor\/capturado-presunto-integrante-del-grupo-delincuencial-los-topos-en-neiva\/#respond"]}]},{"@type":"WebPage","@id":"https:\/\/luchonoticias.com\/editor\/capturado-presunto-integrante-del-grupo-delincuencial-los-topos-en-neiva\/","url":"https:\/\/luchonoticias.com\/editor\/capturado-presunto-integrante-del-grupo-delincuencial-los-topos-en-neiva\/","name":"Capturado presunto integrante del grupo delincuencial \u2018Los Topos\u2019 en Neiva -","isPartOf":{"@id":"https:\/\/luchonoticias.com\/editor\/#website"},"primaryImageOfPage":{"@id":"https:\/\/luchonoticias.com\/editor\/capturado-presunto-integrante-del-grupo-delincuencial-los-topos-en-neiva\/#primaryimage"},"image":{"@id":"https:\/\/luchonoticias.com\/editor\/capturado-presunto-integrante-del-grupo-delincuencial-los-topos-en-neiva\/#primaryimage"},"thumbnailUrl":"https:\/\/luchonoticias.com\/wp-content\/uploads\/2023\/04\/WhatsApp-Image-2023-04-21-at-12.29.16-PM.jpeg","datePublished":"2023-04-21T19:28:00+00:00","dateModified":"2023-04-21T19:28:01+00:00","breadcrumb":{"@id":"https:\/\/luchonoticias.com\/editor\/capturado-presunto-integrante-del-grupo-delincuencial-los-topos-en-neiva\/#breadcrumb"},"inLanguage":"es","potentialAction":[{"@type":"ReadAction","target":["https:\/\/luchonoticias.com\/editor\/capturado-presunto-integrante-del-grupo-delincuencial-los-topos-en-neiva\/"]}]},{"@type":"ImageObject","inLanguage":"es","@id":"https:\/\/luchonoticias.com\/editor\/capturado-presunto-integrante-del-grupo-delincuencial-los-topos-en-neiva\/#primaryimage","url":"https:\/\/luchonoticias.com\/wp-content\/uploads\/2023\/04\/WhatsApp-Image-2023-04-21-at-12.29.16-PM.jpeg","contentUrl":"https:\/\/luchonoticias.com\/wp-content\/uploads\/2023\/04\/WhatsApp-Image-2023-04-21-at-12.29.16-PM.jpeg"},{"@type":"BreadcrumbList","@id":"https:\/\/luchonoticias.com\/editor\/capturado-presunto-integrante-del-grupo-delincuencial-los-topos-en-neiva\/#breadcrumb","itemListElement":[{"@type":"ListItem","position":1,"name":"Portada","item":"https:\/\/luchonoticias.com\/editor\/"},{"@type":"ListItem","position":2,"name":"Capturado presunto integrante del grupo delincuencial \u2018Los Topos\u2019 en Neiva"}]},{"@type":"WebSite","@id":"https:\/\/luchonoticias.com\/editor\/#website","url":"https:\/\/luchonoticias.com\/editor\/","name":"","description":"","publisher":{"@id":"https:\/\/luchonoticias.com\/editor\/#\/schema\/person\/7a7fd911f58561fd056dbac7b55af9cd"},"potentialAction":[{"@type":"SearchAction","target":{"@type":"EntryPoint","urlTemplate":"https:\/\/luchonoticias.com\/editor\/?s={search_term_string}"},"query-input":{"@type":"PropertyValueSpecification","valueRequired":true,"valueName":"search_term_string"}}],"inLanguage":"es"},{"@type":["Person","Organization"],"@id":"https:\/\/luchonoticias.com\/editor\/#\/schema\/person\/7a7fd911f58561fd056dbac7b55af9cd","name":"admin","image":{"@type":"ImageObject","inLanguage":"es","@id":"https:\/\/luchonoticias.com\/editor\/#\/schema\/person\/image\/","url":"https:\/\/luchonoticias.com\/editor\/wp-content\/uploads\/2024\/02\/cropped-cropped-logolu.webp","contentUrl":"https:\/\/luchonoticias.com\/editor\/wp-content\/uploads\/2024\/02\/cropped-cropped-logolu.webp","width":382,"height":170,"caption":"admin"},"logo":{"@id":"https:\/\/luchonoticias.com\/editor\/#\/schema\/person\/image\/"},"sameAs":["https:\/\/www.facebook.com\/luchonoticiasneiva"]},{"@type":"Person","@id":"https:\/\/luchonoticias.com\/editor\/#\/schema\/person\/29217990ddf6f14e35912b2866d591fb","name":"Editor General","image":{"@type":"ImageObject","inLanguage":"es","@id":"https:\/\/luchonoticias.com\/editor\/#\/schema\/person\/image\/","url":"https:\/\/luchonoticias.com\/editor\/wp-content\/uploads\/2024\/02\/cropped-cropped-logolu-150x150.webp","contentUrl":"https:\/\/luchonoticias.com\/editor\/wp-content\/uploads\/2024\/02\/cropped-cropped-logolu-150x150.webp","caption":"Editor General"},"sameAs":["https:\/\/luchonoticias.com\/"],"url":"https:\/\/luchonoticias.com\/editor\/author\/editor-general\/"}]}},"_links":{"self":[{"href":"https:\/\/luchonoticias.com\/editor\/wp-json\/wp\/v2\/posts\/50793","targetHints":{"allow":["GET"]}}],"collection":[{"href":"https:\/\/luchonoticias.com\/editor\/wp-json\/wp\/v2\/posts"}],"about":[{"href":"https:\/\/luchonoticias.com\/editor\/wp-json\/wp\/v2\/types\/post"}],"author":[{"embeddable":true,"href":"https:\/\/luchonoticias.com\/editor\/wp-json\/wp\/v2\/users\/2"}],"replies":[{"embeddable":true,"href":"https:\/\/luchonoticias.com\/editor\/wp-json\/wp\/v2\/comments?post=50793"}],"version-history":[{"count":0,"href":"https:\/\/luchonoticias.com\/editor\/wp-json\/wp\/v2\/posts\/50793\/revisions"}],"wp:attachment":[{"href":"https:\/\/luchonoticias.com\/editor\/wp-json\/wp\/v2\/media?parent=50793"}],"wp:term":[{"taxonomy":"category","embeddable":true,"href":"https:\/\/luchonoticias.com\/editor\/wp-json\/wp\/v2\/categories?post=50793"},{"taxonomy":"post_tag","embeddable":true,"href":"https:\/\/luchonoticias.com\/editor\/wp-json\/wp\/v2\/tags?post=50793"}],"curies":[{"name":"wp","href":"https:\/\/api.w.org\/{rel}","templated":true}]}}