{"id":50803,"date":"2023-04-21T14:49:13","date_gmt":"2023-04-21T19:49:13","guid":{"rendered":"https:\/\/luchonoticias.com\/?p=50803"},"modified":"2023-04-21T14:49:13","modified_gmt":"2023-04-21T19:49:13","slug":"listos-cien-proyectos-de-agua-potable-en-colombia-con-una-inversion-de-15-billones-revelo-la-ministra-de-vivienda","status":"publish","type":"post","link":"https:\/\/luchonoticias.com\/editor\/listos-cien-proyectos-de-agua-potable-en-colombia-con-una-inversion-de-15-billones-revelo-la-ministra-de-vivienda\/","title":{"rendered":"Listos cien proyectos de agua potable en Colombia con una inversi\u00f3n de $1,5 billones, revel\u00f3 la Ministra de Vivienda\u00a0\u00a0\u00a0\u00a0\u00a0\u00a0\u00a0\u00a0\u00a0\u00a0\u00a0"},"content":{"rendered":"\n<p>La Ministra de Vivienda, Catalina Velasco, confirm\u00f3 que el Gobierno del Cambio tiene listos cien proyectos de agua potable en diferentes regiones de Colombia y para lo cual cuenta con $1,5 billones de inversi\u00f3n.<\/p>\n\n\n\n<p>As\u00ed lo revel\u00f3 la ministra Velasco al Informativo Colombia Hoy Radio, al indicar que se adelant\u00f3 un trabajo t\u00e9cnico sin precedentes para poder valorar los proyectos de agua potable y saneamiento b\u00e1sico que estaban detenidos en el Ministerio.<\/p>\n\n\n\n<p>\u201cLlegamos y encontramos que el Ministerio no ten\u00eda la capacidad de valorar t\u00e9cnicamente los proyectos de inversi\u00f3n y hab\u00eda $6,5 billones en proyectos haciendo fila y guardados entre los cajones. Por eso nos aplicamos a hacer esa valoraci\u00f3n de los proyectos, como acueductos, alcantarillados plantas de tratamiento aguas residuales, que son las inversiones f\u00edsicas que se hacen en los municipios para contar con agua potable\u201d, afirm\u00f3.<\/p>\n\n\n\n<p>Por tanto, se logr\u00f3 esa viabilidad para los 100 proyectos por los $1,5 billones.<\/p>\n\n\n\n<p>La Ministra Velasco record\u00f3 que la urgencia del Gobierno del Cambio est\u00e1 en superar las serias dificultades por la falta de agua potable y saneamiento b\u00e1sico. \u201cDoce millones de personas no tienen agua potable de calidad. La mitad de las aguas residuales, es decir la que sale de las alcantarillas llega a las fuentes de agua a los r\u00edos, quebradas y al mar\u201d, recalc\u00f3.<\/p>\n\n\n\n<p>Confi\u00f3 en que el Congreso de la Rep\u00fablica otorgue nuevos recursos. \u201cPodr\u00edamos hablar de $1,5 billones de inversi\u00f3n para dar un salto inmenso en las capacidades del pa\u00eds. Ordenamos la casa en el Ministerio y en el Viceministerio de Agua. Por eso yo digo que \u2018vamos a sembrar agua este a\u00f1o y la vamos a cosechar el a\u00f1o entrante\u2019. Y esto ser\u00e1 una alegr\u00eda para los peque\u00f1os municipios, para las zonas rurales, para los departamentos donde nunca se ha invertido plata y la gente se sigue ba\u00f1ando con una totuma\u201d, anot\u00f3.<\/p>\n\n\n\n<p><strong>Balance de vivienda nueva<\/strong><\/p>\n\n\n\n<p>De otro lado, la Ministra Velasco se refiri\u00f3 a las cifras registradas por sectores privados del gremio de la construcci\u00f3n, refiriendo un descenso cercano al 60% en la compra de vivienda nueva.&nbsp; Para la funcionaria, el sector de la vivienda es muy importante en el pa\u00eds, porque uno de cada cinco empleos formales, as\u00ed sea mano de obra no calificada, hace parte del sector constructor.&nbsp; E hizo un llamado para entender la situaci\u00f3n macroecon\u00f3mica del pa\u00eds sin olvidar la pandemia y emergencia por cuenta del covid 19.<\/p>\n\n\n\n<p>\u201cLa pandemia la tuvimos en los a\u00f1os 2020 y 2021, cuando se present\u00f3 una enorme contracci\u00f3n econ\u00f3mica. Y en 2021 y 2022, el sector de la vivienda jalon\u00f3 el crecimiento. Es como una burbuja; lo que se restringi\u00f3 en la pandemia, se creci\u00f3 en los a\u00f1os 21 y 22. En este momento estamos en la estabilizaci\u00f3n. Entonces hablar de la debacle del sector de la construcci\u00f3n, no es lo m\u00e1s preciso, no es lo m\u00e1s riguroso econ\u00f3micamente\u201d, aclar\u00f3.<\/p>\n\n\n\n<p>Record\u00f3, adem\u00e1s, que hay coyunturas ex\u00f3genas de la macroeconom\u00eda, como la guerra en Ucrania, las tasas de inter\u00e9s, las tasas de cambio, la inflaci\u00f3n global que afecta a los pa\u00edses desarrollados. \u201cTodo eso nos afecta y uno ve que el sector de la construcci\u00f3n es estacional. Y por supuesto las cifras de los primeros trimestres siempre son inferiores a las que se presentan en los meses siguientes de todos los a\u00f1os\u201d, puntualiz\u00f3.<\/p>\n","protected":false},"excerpt":{"rendered":"<p>La Ministra de Vivienda, Catalina Velasco, confirm\u00f3 que el Gobierno del Cambio tiene listos cien proyectos de agua potable en diferentes regiones de Colombia y para lo cual cuenta con $1,5 billones de inversi\u00f3n. As\u00ed lo revel\u00f3 la ministra Velasco al Informativo Colombia Hoy Radio, al indicar que se adelant\u00f3 un trabajo t\u00e9cnico sin precedentes [&hellip;]<\/p>\n","protected":false},"author":2,"featured_media":0,"comment_status":"open","ping_status":"open","sticky":false,"template":"","format":"standard","meta":{"footnotes":""},"categories":[36,32],"tags":[],"class_list":["post-50803","post","type-post","status-publish","format-standard","hentry","category-destacado","category-nacional"],"yoast_head":"<!-- This site is optimized with the Yoast SEO plugin v26.6 - https:\/\/yoast.com\/wordpress\/plugins\/seo\/ -->\n<title>Listos cien proyectos de agua potable en Colombia con una inversi\u00f3n de $1,5 billones, revel\u00f3 la Ministra de Vivienda\u00a0\u00a0\u00a0\u00a0\u00a0\u00a0\u00a0\u00a0\u00a0\u00a0\u00a0 -<\/title>\n<meta name=\"robots\" content=\"index, follow, max-snippet:-1, max-image-preview:large, max-video-preview:-1\" \/>\n<link rel=\"canonical\" href=\"https:\/\/luchonoticias.com\/editor\/listos-cien-proyectos-de-agua-potable-en-colombia-con-una-inversion-de-15-billones-revelo-la-ministra-de-vivienda\/\" \/>\n<meta property=\"og:locale\" content=\"es_ES\" \/>\n<meta property=\"og:type\" content=\"article\" \/>\n<meta property=\"og:title\" content=\"Listos cien proyectos de agua potable en Colombia con una inversi\u00f3n de $1,5 billones, revel\u00f3 la Ministra de Vivienda\u00a0\u00a0\u00a0\u00a0\u00a0\u00a0\u00a0\u00a0\u00a0\u00a0\u00a0 -\" \/>\n<meta property=\"og:url\" content=\"https:\/\/luchonoticias.com\/editor\/listos-cien-proyectos-de-agua-potable-en-colombia-con-una-inversion-de-15-billones-revelo-la-ministra-de-vivienda\/\" \/>\n<meta property=\"article:publisher\" content=\"https:\/\/www.facebook.com\/luchonoticiasneiva\" \/>\n<meta property=\"article:published_time\" content=\"2023-04-21T19:49:13+00:00\" \/>\n<meta name=\"author\" content=\"Editor General\" \/>\n<meta name=\"twitter:card\" content=\"summary_large_image\" \/>\n<meta name=\"twitter:label1\" content=\"Escrito por\" \/>\n\t<meta name=\"twitter:data1\" content=\"Editor General\" \/>\n\t<meta name=\"twitter:label2\" content=\"Tiempo de lectura\" \/>\n\t<meta name=\"twitter:data2\" content=\"3 minutos\" \/>\n<script type=\"application\/ld+json\" class=\"yoast-schema-graph\">{\"@context\":\"https:\/\/schema.org\",\"@graph\":[{\"@type\":\"Article\",\"@id\":\"https:\/\/luchonoticias.com\/editor\/listos-cien-proyectos-de-agua-potable-en-colombia-con-una-inversion-de-15-billones-revelo-la-ministra-de-vivienda\/#article\",\"isPartOf\":{\"@id\":\"https:\/\/luchonoticias.com\/editor\/listos-cien-proyectos-de-agua-potable-en-colombia-con-una-inversion-de-15-billones-revelo-la-ministra-de-vivienda\/\"},\"author\":{\"name\":\"Editor General\",\"@id\":\"https:\/\/luchonoticias.com\/editor\/#\/schema\/person\/29217990ddf6f14e35912b2866d591fb\"},\"headline\":\"Listos cien proyectos de agua potable en Colombia con una inversi\u00f3n de $1,5 billones, revel\u00f3 la Ministra de Vivienda\u00a0\u00a0\u00a0\u00a0\u00a0\u00a0\u00a0\u00a0\u00a0\u00a0\u00a0\",\"datePublished\":\"2023-04-21T19:49:13+00:00\",\"mainEntityOfPage\":{\"@id\":\"https:\/\/luchonoticias.com\/editor\/listos-cien-proyectos-de-agua-potable-en-colombia-con-una-inversion-de-15-billones-revelo-la-ministra-de-vivienda\/\"},\"wordCount\":598,\"commentCount\":0,\"publisher\":{\"@id\":\"https:\/\/luchonoticias.com\/editor\/#\/schema\/person\/7a7fd911f58561fd056dbac7b55af9cd\"},\"articleSection\":[\"Destacado\",\"Nacional\"],\"inLanguage\":\"es\",\"potentialAction\":[{\"@type\":\"CommentAction\",\"name\":\"Comment\",\"target\":[\"https:\/\/luchonoticias.com\/editor\/listos-cien-proyectos-de-agua-potable-en-colombia-con-una-inversion-de-15-billones-revelo-la-ministra-de-vivienda\/#respond\"]}]},{\"@type\":\"WebPage\",\"@id\":\"https:\/\/luchonoticias.com\/editor\/listos-cien-proyectos-de-agua-potable-en-colombia-con-una-inversion-de-15-billones-revelo-la-ministra-de-vivienda\/\",\"url\":\"https:\/\/luchonoticias.com\/editor\/listos-cien-proyectos-de-agua-potable-en-colombia-con-una-inversion-de-15-billones-revelo-la-ministra-de-vivienda\/\",\"name\":\"Listos cien proyectos de agua potable en Colombia con una inversi\u00f3n de $1,5 billones, revel\u00f3 la Ministra de Vivienda\u00a0\u00a0\u00a0\u00a0\u00a0\u00a0\u00a0\u00a0\u00a0\u00a0\u00a0 -\",\"isPartOf\":{\"@id\":\"https:\/\/luchonoticias.com\/editor\/#website\"},\"datePublished\":\"2023-04-21T19:49:13+00:00\",\"breadcrumb\":{\"@id\":\"https:\/\/luchonoticias.com\/editor\/listos-cien-proyectos-de-agua-potable-en-colombia-con-una-inversion-de-15-billones-revelo-la-ministra-de-vivienda\/#breadcrumb\"},\"inLanguage\":\"es\",\"potentialAction\":[{\"@type\":\"ReadAction\",\"target\":[\"https:\/\/luchonoticias.com\/editor\/listos-cien-proyectos-de-agua-potable-en-colombia-con-una-inversion-de-15-billones-revelo-la-ministra-de-vivienda\/\"]}]},{\"@type\":\"BreadcrumbList\",\"@id\":\"https:\/\/luchonoticias.com\/editor\/listos-cien-proyectos-de-agua-potable-en-colombia-con-una-inversion-de-15-billones-revelo-la-ministra-de-vivienda\/#breadcrumb\",\"itemListElement\":[{\"@type\":\"ListItem\",\"position\":1,\"name\":\"Portada\",\"item\":\"https:\/\/luchonoticias.com\/editor\/\"},{\"@type\":\"ListItem\",\"position\":2,\"name\":\"Listos cien proyectos de agua potable en Colombia con una inversi\u00f3n de $1,5 billones, revel\u00f3 la Ministra de Vivienda\u00a0\u00a0\u00a0\u00a0\u00a0\u00a0\u00a0\u00a0\u00a0\u00a0\u00a0\"}]},{\"@type\":\"WebSite\",\"@id\":\"https:\/\/luchonoticias.com\/editor\/#website\",\"url\":\"https:\/\/luchonoticias.com\/editor\/\",\"name\":\"\",\"description\":\"\",\"publisher\":{\"@id\":\"https:\/\/luchonoticias.com\/editor\/#\/schema\/person\/7a7fd911f58561fd056dbac7b55af9cd\"},\"potentialAction\":[{\"@type\":\"SearchAction\",\"target\":{\"@type\":\"EntryPoint\",\"urlTemplate\":\"https:\/\/luchonoticias.com\/editor\/?s={search_term_string}\"},\"query-input\":{\"@type\":\"PropertyValueSpecification\",\"valueRequired\":true,\"valueName\":\"search_term_string\"}}],\"inLanguage\":\"es\"},{\"@type\":[\"Person\",\"Organization\"],\"@id\":\"https:\/\/luchonoticias.com\/editor\/#\/schema\/person\/7a7fd911f58561fd056dbac7b55af9cd\",\"name\":\"admin\",\"image\":{\"@type\":\"ImageObject\",\"inLanguage\":\"es\",\"@id\":\"https:\/\/luchonoticias.com\/editor\/#\/schema\/person\/image\/\",\"url\":\"https:\/\/luchonoticias.com\/editor\/wp-content\/uploads\/2024\/02\/cropped-cropped-logolu.webp\",\"contentUrl\":\"https:\/\/luchonoticias.com\/editor\/wp-content\/uploads\/2024\/02\/cropped-cropped-logolu.webp\",\"width\":382,\"height\":170,\"caption\":\"admin\"},\"logo\":{\"@id\":\"https:\/\/luchonoticias.com\/editor\/#\/schema\/person\/image\/\"},\"sameAs\":[\"https:\/\/www.facebook.com\/luchonoticiasneiva\"]},{\"@type\":\"Person\",\"@id\":\"https:\/\/luchonoticias.com\/editor\/#\/schema\/person\/29217990ddf6f14e35912b2866d591fb\",\"name\":\"Editor General\",\"image\":{\"@type\":\"ImageObject\",\"inLanguage\":\"es\",\"@id\":\"https:\/\/luchonoticias.com\/editor\/#\/schema\/person\/image\/\",\"url\":\"https:\/\/luchonoticias.com\/editor\/wp-content\/uploads\/2024\/02\/cropped-cropped-logolu-150x150.webp\",\"contentUrl\":\"https:\/\/luchonoticias.com\/editor\/wp-content\/uploads\/2024\/02\/cropped-cropped-logolu-150x150.webp\",\"caption\":\"Editor General\"},\"sameAs\":[\"https:\/\/luchonoticias.com\/\"],\"url\":\"https:\/\/luchonoticias.com\/editor\/author\/editor-general\/\"}]}<\/script>\n<!-- \/ Yoast SEO plugin. -->","yoast_head_json":{"title":"Listos cien proyectos de agua potable en Colombia con una inversi\u00f3n de $1,5 billones, revel\u00f3 la Ministra de Vivienda\u00a0\u00a0\u00a0\u00a0\u00a0\u00a0\u00a0\u00a0\u00a0\u00a0\u00a0 -","robots":{"index":"index","follow":"follow","max-snippet":"max-snippet:-1","max-image-preview":"max-image-preview:large","max-video-preview":"max-video-preview:-1"},"canonical":"https:\/\/luchonoticias.com\/editor\/listos-cien-proyectos-de-agua-potable-en-colombia-con-una-inversion-de-15-billones-revelo-la-ministra-de-vivienda\/","og_locale":"es_ES","og_type":"article","og_title":"Listos cien proyectos de agua potable en Colombia con una inversi\u00f3n de $1,5 billones, revel\u00f3 la Ministra de Vivienda\u00a0\u00a0\u00a0\u00a0\u00a0\u00a0\u00a0\u00a0\u00a0\u00a0\u00a0 -","og_url":"https:\/\/luchonoticias.com\/editor\/listos-cien-proyectos-de-agua-potable-en-colombia-con-una-inversion-de-15-billones-revelo-la-ministra-de-vivienda\/","article_publisher":"https:\/\/www.facebook.com\/luchonoticiasneiva","article_published_time":"2023-04-21T19:49:13+00:00","author":"Editor General","twitter_card":"summary_large_image","twitter_misc":{"Escrito por":"Editor General","Tiempo de lectura":"3 minutos"},"schema":{"@context":"https:\/\/schema.org","@graph":[{"@type":"Article","@id":"https:\/\/luchonoticias.com\/editor\/listos-cien-proyectos-de-agua-potable-en-colombia-con-una-inversion-de-15-billones-revelo-la-ministra-de-vivienda\/#article","isPartOf":{"@id":"https:\/\/luchonoticias.com\/editor\/listos-cien-proyectos-de-agua-potable-en-colombia-con-una-inversion-de-15-billones-revelo-la-ministra-de-vivienda\/"},"author":{"name":"Editor General","@id":"https:\/\/luchonoticias.com\/editor\/#\/schema\/person\/29217990ddf6f14e35912b2866d591fb"},"headline":"Listos cien proyectos de agua potable en Colombia con una inversi\u00f3n de $1,5 billones, revel\u00f3 la Ministra de Vivienda\u00a0\u00a0\u00a0\u00a0\u00a0\u00a0\u00a0\u00a0\u00a0\u00a0\u00a0","datePublished":"2023-04-21T19:49:13+00:00","mainEntityOfPage":{"@id":"https:\/\/luchonoticias.com\/editor\/listos-cien-proyectos-de-agua-potable-en-colombia-con-una-inversion-de-15-billones-revelo-la-ministra-de-vivienda\/"},"wordCount":598,"commentCount":0,"publisher":{"@id":"https:\/\/luchonoticias.com\/editor\/#\/schema\/person\/7a7fd911f58561fd056dbac7b55af9cd"},"articleSection":["Destacado","Nacional"],"inLanguage":"es","potentialAction":[{"@type":"CommentAction","name":"Comment","target":["https:\/\/luchonoticias.com\/editor\/listos-cien-proyectos-de-agua-potable-en-colombia-con-una-inversion-de-15-billones-revelo-la-ministra-de-vivienda\/#respond"]}]},{"@type":"WebPage","@id":"https:\/\/luchonoticias.com\/editor\/listos-cien-proyectos-de-agua-potable-en-colombia-con-una-inversion-de-15-billones-revelo-la-ministra-de-vivienda\/","url":"https:\/\/luchonoticias.com\/editor\/listos-cien-proyectos-de-agua-potable-en-colombia-con-una-inversion-de-15-billones-revelo-la-ministra-de-vivienda\/","name":"Listos cien proyectos de agua potable en Colombia con una inversi\u00f3n de $1,5 billones, revel\u00f3 la Ministra de Vivienda\u00a0\u00a0\u00a0\u00a0\u00a0\u00a0\u00a0\u00a0\u00a0\u00a0\u00a0 -","isPartOf":{"@id":"https:\/\/luchonoticias.com\/editor\/#website"},"datePublished":"2023-04-21T19:49:13+00:00","breadcrumb":{"@id":"https:\/\/luchonoticias.com\/editor\/listos-cien-proyectos-de-agua-potable-en-colombia-con-una-inversion-de-15-billones-revelo-la-ministra-de-vivienda\/#breadcrumb"},"inLanguage":"es","potentialAction":[{"@type":"ReadAction","target":["https:\/\/luchonoticias.com\/editor\/listos-cien-proyectos-de-agua-potable-en-colombia-con-una-inversion-de-15-billones-revelo-la-ministra-de-vivienda\/"]}]},{"@type":"BreadcrumbList","@id":"https:\/\/luchonoticias.com\/editor\/listos-cien-proyectos-de-agua-potable-en-colombia-con-una-inversion-de-15-billones-revelo-la-ministra-de-vivienda\/#breadcrumb","itemListElement":[{"@type":"ListItem","position":1,"name":"Portada","item":"https:\/\/luchonoticias.com\/editor\/"},{"@type":"ListItem","position":2,"name":"Listos cien proyectos de agua potable en Colombia con una inversi\u00f3n de $1,5 billones, revel\u00f3 la Ministra de Vivienda\u00a0\u00a0\u00a0\u00a0\u00a0\u00a0\u00a0\u00a0\u00a0\u00a0\u00a0"}]},{"@type":"WebSite","@id":"https:\/\/luchonoticias.com\/editor\/#website","url":"https:\/\/luchonoticias.com\/editor\/","name":"","description":"","publisher":{"@id":"https:\/\/luchonoticias.com\/editor\/#\/schema\/person\/7a7fd911f58561fd056dbac7b55af9cd"},"potentialAction":[{"@type":"SearchAction","target":{"@type":"EntryPoint","urlTemplate":"https:\/\/luchonoticias.com\/editor\/?s={search_term_string}"},"query-input":{"@type":"PropertyValueSpecification","valueRequired":true,"valueName":"search_term_string"}}],"inLanguage":"es"},{"@type":["Person","Organization"],"@id":"https:\/\/luchonoticias.com\/editor\/#\/schema\/person\/7a7fd911f58561fd056dbac7b55af9cd","name":"admin","image":{"@type":"ImageObject","inLanguage":"es","@id":"https:\/\/luchonoticias.com\/editor\/#\/schema\/person\/image\/","url":"https:\/\/luchonoticias.com\/editor\/wp-content\/uploads\/2024\/02\/cropped-cropped-logolu.webp","contentUrl":"https:\/\/luchonoticias.com\/editor\/wp-content\/uploads\/2024\/02\/cropped-cropped-logolu.webp","width":382,"height":170,"caption":"admin"},"logo":{"@id":"https:\/\/luchonoticias.com\/editor\/#\/schema\/person\/image\/"},"sameAs":["https:\/\/www.facebook.com\/luchonoticiasneiva"]},{"@type":"Person","@id":"https:\/\/luchonoticias.com\/editor\/#\/schema\/person\/29217990ddf6f14e35912b2866d591fb","name":"Editor General","image":{"@type":"ImageObject","inLanguage":"es","@id":"https:\/\/luchonoticias.com\/editor\/#\/schema\/person\/image\/","url":"https:\/\/luchonoticias.com\/editor\/wp-content\/uploads\/2024\/02\/cropped-cropped-logolu-150x150.webp","contentUrl":"https:\/\/luchonoticias.com\/editor\/wp-content\/uploads\/2024\/02\/cropped-cropped-logolu-150x150.webp","caption":"Editor General"},"sameAs":["https:\/\/luchonoticias.com\/"],"url":"https:\/\/luchonoticias.com\/editor\/author\/editor-general\/"}]}},"_links":{"self":[{"href":"https:\/\/luchonoticias.com\/editor\/wp-json\/wp\/v2\/posts\/50803","targetHints":{"allow":["GET"]}}],"collection":[{"href":"https:\/\/luchonoticias.com\/editor\/wp-json\/wp\/v2\/posts"}],"about":[{"href":"https:\/\/luchonoticias.com\/editor\/wp-json\/wp\/v2\/types\/post"}],"author":[{"embeddable":true,"href":"https:\/\/luchonoticias.com\/editor\/wp-json\/wp\/v2\/users\/2"}],"replies":[{"embeddable":true,"href":"https:\/\/luchonoticias.com\/editor\/wp-json\/wp\/v2\/comments?post=50803"}],"version-history":[{"count":0,"href":"https:\/\/luchonoticias.com\/editor\/wp-json\/wp\/v2\/posts\/50803\/revisions"}],"wp:attachment":[{"href":"https:\/\/luchonoticias.com\/editor\/wp-json\/wp\/v2\/media?parent=50803"}],"wp:term":[{"taxonomy":"category","embeddable":true,"href":"https:\/\/luchonoticias.com\/editor\/wp-json\/wp\/v2\/categories?post=50803"},{"taxonomy":"post_tag","embeddable":true,"href":"https:\/\/luchonoticias.com\/editor\/wp-json\/wp\/v2\/tags?post=50803"}],"curies":[{"name":"wp","href":"https:\/\/api.w.org\/{rel}","templated":true}]}}