{"id":50809,"date":"2023-04-22T05:07:48","date_gmt":"2023-04-22T10:07:48","guid":{"rendered":"https:\/\/luchonoticias.com\/?p=50809"},"modified":"2023-04-22T05:07:49","modified_gmt":"2023-04-22T10:07:49","slug":"colegio-en-oporapa-tendra-nueva-infraestructura","status":"publish","type":"post","link":"https:\/\/luchonoticias.com\/editor\/colegio-en-oporapa-tendra-nueva-infraestructura\/","title":{"rendered":"Colegio en Oporapa tendr\u00e1 nueva infraestructura"},"content":{"rendered":"\n<p>Con la Resoluci\u00f3n 086 de 2023, por medio del cual se viabiliza, prioriza y aprueba proyectos de inversi\u00f3n con recursos provenientes del Sistema General de Regal\u00edas, el Gobierno \u2018Huila Crece\u2019 hizo&nbsp;<strong>un nuevo anuncio para aportarle al sector educativo<\/strong>&nbsp;de los huilenses.<\/p>\n\n\n\n<p>Se trata de la&nbsp;<strong>construcci\u00f3n de infraestructura en la Instituci\u00f3n Educativa San Jos\u00e9<\/strong>, sede San Jos\u00e9 del&nbsp;<strong>municipio de Oporapa<\/strong>. La obra tiene un valor de $3.534 millones, incluyendo la interventor\u00eda, y donde el Municipio aporta $775.716.954 y el Gobierno Departamental $2.541.296.177<\/p>\n\n\n\n<p>\u201cEsta nueva infraestructura educativa&nbsp;<strong>contar\u00e1 con 11 aulas con capacidad aproximada para albergar a 30 estudiantes cada una; un sal\u00f3n m\u00faltiple, bater\u00edas sanitarias, escalera y rampas de acceso.<\/strong>&nbsp;De esta manera se puede dar cobertura al total de los grados de bachillerato en jornada \u00fanica. Beneficiar\u00e1 en total, a 330 estudiantes\u201d, se\u00f1al\u00f3 la Secretaria de Educaci\u00f3n Departamental, Milena Oliveros.<\/p>\n\n\n\n<p>\u201cEsta nueva Instituci\u00f3n Educativa&nbsp;<strong>ser\u00e1 construida en la cabecera municipal, barrio El Rosario del municipio de Oporapa,<\/strong>&nbsp;y se costear\u00e1 con recursos de regal\u00edas. El Municipio es el ejecutor de la obra y se encuentran en el dise\u00f1o de estudios previos\u201d, a\u00f1adi\u00f3 la Secretaria.<\/p>\n\n\n\n<p>El Gobernador Luis Enrique Duss\u00e1n de igual manera ha anunciado la construcci\u00f3n de otra infraestructura nueva, la de la Instituci\u00f3n Educativa Winnipeg, sede principal, del municipio de Pitalito, con una inversi\u00f3n de $8.000 millones de fuente de regal\u00edas, y el cual beneficiar\u00e1 a 480 estudiantes.<\/p>\n","protected":false},"excerpt":{"rendered":"<p>Con la Resoluci\u00f3n 086 de 2023, por medio del cual se viabiliza, prioriza y aprueba proyectos de inversi\u00f3n con recursos provenientes del Sistema General de Regal\u00edas, el Gobierno \u2018Huila Crece\u2019 hizo&nbsp;un nuevo anuncio para aportarle al sector educativo&nbsp;de los huilenses. Se trata de la&nbsp;construcci\u00f3n de infraestructura en la Instituci\u00f3n Educativa San Jos\u00e9, sede San Jos\u00e9 [&hellip;]<\/p>\n","protected":false},"author":2,"featured_media":0,"comment_status":"open","ping_status":"open","sticky":false,"template":"","format":"standard","meta":{"footnotes":""},"categories":[33],"tags":[],"class_list":["post-50809","post","type-post","status-publish","format-standard","hentry","category-huila"],"yoast_head":"<!-- This site is optimized with the Yoast SEO plugin v26.6 - https:\/\/yoast.com\/wordpress\/plugins\/seo\/ -->\n<title>Colegio en Oporapa tendr\u00e1 nueva infraestructura -<\/title>\n<meta name=\"robots\" content=\"index, follow, max-snippet:-1, max-image-preview:large, max-video-preview:-1\" \/>\n<link rel=\"canonical\" href=\"https:\/\/luchonoticias.com\/editor\/colegio-en-oporapa-tendra-nueva-infraestructura\/\" \/>\n<meta property=\"og:locale\" content=\"es_ES\" \/>\n<meta property=\"og:type\" content=\"article\" \/>\n<meta property=\"og:title\" content=\"Colegio en Oporapa tendr\u00e1 nueva infraestructura -\" \/>\n<meta property=\"og:url\" content=\"https:\/\/luchonoticias.com\/editor\/colegio-en-oporapa-tendra-nueva-infraestructura\/\" \/>\n<meta property=\"article:publisher\" content=\"https:\/\/www.facebook.com\/luchonoticiasneiva\" \/>\n<meta property=\"article:published_time\" content=\"2023-04-22T10:07:48+00:00\" \/>\n<meta property=\"article:modified_time\" content=\"2023-04-22T10:07:49+00:00\" \/>\n<meta name=\"author\" content=\"Editor General\" \/>\n<meta name=\"twitter:card\" content=\"summary_large_image\" \/>\n<meta name=\"twitter:label1\" content=\"Escrito por\" \/>\n\t<meta name=\"twitter:data1\" content=\"Editor General\" \/>\n\t<meta name=\"twitter:label2\" content=\"Tiempo de lectura\" \/>\n\t<meta name=\"twitter:data2\" content=\"1 minuto\" \/>\n<script type=\"application\/ld+json\" class=\"yoast-schema-graph\">{\"@context\":\"https:\/\/schema.org\",\"@graph\":[{\"@type\":\"Article\",\"@id\":\"https:\/\/luchonoticias.com\/editor\/colegio-en-oporapa-tendra-nueva-infraestructura\/#article\",\"isPartOf\":{\"@id\":\"https:\/\/luchonoticias.com\/editor\/colegio-en-oporapa-tendra-nueva-infraestructura\/\"},\"author\":{\"name\":\"Editor General\",\"@id\":\"https:\/\/luchonoticias.com\/editor\/#\/schema\/person\/29217990ddf6f14e35912b2866d591fb\"},\"headline\":\"Colegio en Oporapa tendr\u00e1 nueva infraestructura\",\"datePublished\":\"2023-04-22T10:07:48+00:00\",\"dateModified\":\"2023-04-22T10:07:49+00:00\",\"mainEntityOfPage\":{\"@id\":\"https:\/\/luchonoticias.com\/editor\/colegio-en-oporapa-tendra-nueva-infraestructura\/\"},\"wordCount\":256,\"commentCount\":0,\"publisher\":{\"@id\":\"https:\/\/luchonoticias.com\/editor\/#\/schema\/person\/7a7fd911f58561fd056dbac7b55af9cd\"},\"articleSection\":[\"Huila\"],\"inLanguage\":\"es\",\"potentialAction\":[{\"@type\":\"CommentAction\",\"name\":\"Comment\",\"target\":[\"https:\/\/luchonoticias.com\/editor\/colegio-en-oporapa-tendra-nueva-infraestructura\/#respond\"]}]},{\"@type\":\"WebPage\",\"@id\":\"https:\/\/luchonoticias.com\/editor\/colegio-en-oporapa-tendra-nueva-infraestructura\/\",\"url\":\"https:\/\/luchonoticias.com\/editor\/colegio-en-oporapa-tendra-nueva-infraestructura\/\",\"name\":\"Colegio en Oporapa tendr\u00e1 nueva infraestructura -\",\"isPartOf\":{\"@id\":\"https:\/\/luchonoticias.com\/editor\/#website\"},\"datePublished\":\"2023-04-22T10:07:48+00:00\",\"dateModified\":\"2023-04-22T10:07:49+00:00\",\"breadcrumb\":{\"@id\":\"https:\/\/luchonoticias.com\/editor\/colegio-en-oporapa-tendra-nueva-infraestructura\/#breadcrumb\"},\"inLanguage\":\"es\",\"potentialAction\":[{\"@type\":\"ReadAction\",\"target\":[\"https:\/\/luchonoticias.com\/editor\/colegio-en-oporapa-tendra-nueva-infraestructura\/\"]}]},{\"@type\":\"BreadcrumbList\",\"@id\":\"https:\/\/luchonoticias.com\/editor\/colegio-en-oporapa-tendra-nueva-infraestructura\/#breadcrumb\",\"itemListElement\":[{\"@type\":\"ListItem\",\"position\":1,\"name\":\"Portada\",\"item\":\"https:\/\/luchonoticias.com\/editor\/\"},{\"@type\":\"ListItem\",\"position\":2,\"name\":\"Colegio en Oporapa tendr\u00e1 nueva infraestructura\"}]},{\"@type\":\"WebSite\",\"@id\":\"https:\/\/luchonoticias.com\/editor\/#website\",\"url\":\"https:\/\/luchonoticias.com\/editor\/\",\"name\":\"\",\"description\":\"\",\"publisher\":{\"@id\":\"https:\/\/luchonoticias.com\/editor\/#\/schema\/person\/7a7fd911f58561fd056dbac7b55af9cd\"},\"potentialAction\":[{\"@type\":\"SearchAction\",\"target\":{\"@type\":\"EntryPoint\",\"urlTemplate\":\"https:\/\/luchonoticias.com\/editor\/?s={search_term_string}\"},\"query-input\":{\"@type\":\"PropertyValueSpecification\",\"valueRequired\":true,\"valueName\":\"search_term_string\"}}],\"inLanguage\":\"es\"},{\"@type\":[\"Person\",\"Organization\"],\"@id\":\"https:\/\/luchonoticias.com\/editor\/#\/schema\/person\/7a7fd911f58561fd056dbac7b55af9cd\",\"name\":\"admin\",\"image\":{\"@type\":\"ImageObject\",\"inLanguage\":\"es\",\"@id\":\"https:\/\/luchonoticias.com\/editor\/#\/schema\/person\/image\/\",\"url\":\"https:\/\/luchonoticias.com\/editor\/wp-content\/uploads\/2024\/02\/cropped-cropped-logolu.webp\",\"contentUrl\":\"https:\/\/luchonoticias.com\/editor\/wp-content\/uploads\/2024\/02\/cropped-cropped-logolu.webp\",\"width\":382,\"height\":170,\"caption\":\"admin\"},\"logo\":{\"@id\":\"https:\/\/luchonoticias.com\/editor\/#\/schema\/person\/image\/\"},\"sameAs\":[\"https:\/\/www.facebook.com\/luchonoticiasneiva\"]},{\"@type\":\"Person\",\"@id\":\"https:\/\/luchonoticias.com\/editor\/#\/schema\/person\/29217990ddf6f14e35912b2866d591fb\",\"name\":\"Editor General\",\"image\":{\"@type\":\"ImageObject\",\"inLanguage\":\"es\",\"@id\":\"https:\/\/luchonoticias.com\/editor\/#\/schema\/person\/image\/\",\"url\":\"https:\/\/luchonoticias.com\/editor\/wp-content\/uploads\/2024\/02\/cropped-cropped-logolu-150x150.webp\",\"contentUrl\":\"https:\/\/luchonoticias.com\/editor\/wp-content\/uploads\/2024\/02\/cropped-cropped-logolu-150x150.webp\",\"caption\":\"Editor General\"},\"sameAs\":[\"https:\/\/luchonoticias.com\/\"],\"url\":\"https:\/\/luchonoticias.com\/editor\/author\/editor-general\/\"}]}<\/script>\n<!-- \/ Yoast SEO plugin. -->","yoast_head_json":{"title":"Colegio en Oporapa tendr\u00e1 nueva infraestructura -","robots":{"index":"index","follow":"follow","max-snippet":"max-snippet:-1","max-image-preview":"max-image-preview:large","max-video-preview":"max-video-preview:-1"},"canonical":"https:\/\/luchonoticias.com\/editor\/colegio-en-oporapa-tendra-nueva-infraestructura\/","og_locale":"es_ES","og_type":"article","og_title":"Colegio en Oporapa tendr\u00e1 nueva infraestructura -","og_url":"https:\/\/luchonoticias.com\/editor\/colegio-en-oporapa-tendra-nueva-infraestructura\/","article_publisher":"https:\/\/www.facebook.com\/luchonoticiasneiva","article_published_time":"2023-04-22T10:07:48+00:00","article_modified_time":"2023-04-22T10:07:49+00:00","author":"Editor General","twitter_card":"summary_large_image","twitter_misc":{"Escrito por":"Editor General","Tiempo de lectura":"1 minuto"},"schema":{"@context":"https:\/\/schema.org","@graph":[{"@type":"Article","@id":"https:\/\/luchonoticias.com\/editor\/colegio-en-oporapa-tendra-nueva-infraestructura\/#article","isPartOf":{"@id":"https:\/\/luchonoticias.com\/editor\/colegio-en-oporapa-tendra-nueva-infraestructura\/"},"author":{"name":"Editor General","@id":"https:\/\/luchonoticias.com\/editor\/#\/schema\/person\/29217990ddf6f14e35912b2866d591fb"},"headline":"Colegio en Oporapa tendr\u00e1 nueva infraestructura","datePublished":"2023-04-22T10:07:48+00:00","dateModified":"2023-04-22T10:07:49+00:00","mainEntityOfPage":{"@id":"https:\/\/luchonoticias.com\/editor\/colegio-en-oporapa-tendra-nueva-infraestructura\/"},"wordCount":256,"commentCount":0,"publisher":{"@id":"https:\/\/luchonoticias.com\/editor\/#\/schema\/person\/7a7fd911f58561fd056dbac7b55af9cd"},"articleSection":["Huila"],"inLanguage":"es","potentialAction":[{"@type":"CommentAction","name":"Comment","target":["https:\/\/luchonoticias.com\/editor\/colegio-en-oporapa-tendra-nueva-infraestructura\/#respond"]}]},{"@type":"WebPage","@id":"https:\/\/luchonoticias.com\/editor\/colegio-en-oporapa-tendra-nueva-infraestructura\/","url":"https:\/\/luchonoticias.com\/editor\/colegio-en-oporapa-tendra-nueva-infraestructura\/","name":"Colegio en Oporapa tendr\u00e1 nueva infraestructura -","isPartOf":{"@id":"https:\/\/luchonoticias.com\/editor\/#website"},"datePublished":"2023-04-22T10:07:48+00:00","dateModified":"2023-04-22T10:07:49+00:00","breadcrumb":{"@id":"https:\/\/luchonoticias.com\/editor\/colegio-en-oporapa-tendra-nueva-infraestructura\/#breadcrumb"},"inLanguage":"es","potentialAction":[{"@type":"ReadAction","target":["https:\/\/luchonoticias.com\/editor\/colegio-en-oporapa-tendra-nueva-infraestructura\/"]}]},{"@type":"BreadcrumbList","@id":"https:\/\/luchonoticias.com\/editor\/colegio-en-oporapa-tendra-nueva-infraestructura\/#breadcrumb","itemListElement":[{"@type":"ListItem","position":1,"name":"Portada","item":"https:\/\/luchonoticias.com\/editor\/"},{"@type":"ListItem","position":2,"name":"Colegio en Oporapa tendr\u00e1 nueva infraestructura"}]},{"@type":"WebSite","@id":"https:\/\/luchonoticias.com\/editor\/#website","url":"https:\/\/luchonoticias.com\/editor\/","name":"","description":"","publisher":{"@id":"https:\/\/luchonoticias.com\/editor\/#\/schema\/person\/7a7fd911f58561fd056dbac7b55af9cd"},"potentialAction":[{"@type":"SearchAction","target":{"@type":"EntryPoint","urlTemplate":"https:\/\/luchonoticias.com\/editor\/?s={search_term_string}"},"query-input":{"@type":"PropertyValueSpecification","valueRequired":true,"valueName":"search_term_string"}}],"inLanguage":"es"},{"@type":["Person","Organization"],"@id":"https:\/\/luchonoticias.com\/editor\/#\/schema\/person\/7a7fd911f58561fd056dbac7b55af9cd","name":"admin","image":{"@type":"ImageObject","inLanguage":"es","@id":"https:\/\/luchonoticias.com\/editor\/#\/schema\/person\/image\/","url":"https:\/\/luchonoticias.com\/editor\/wp-content\/uploads\/2024\/02\/cropped-cropped-logolu.webp","contentUrl":"https:\/\/luchonoticias.com\/editor\/wp-content\/uploads\/2024\/02\/cropped-cropped-logolu.webp","width":382,"height":170,"caption":"admin"},"logo":{"@id":"https:\/\/luchonoticias.com\/editor\/#\/schema\/person\/image\/"},"sameAs":["https:\/\/www.facebook.com\/luchonoticiasneiva"]},{"@type":"Person","@id":"https:\/\/luchonoticias.com\/editor\/#\/schema\/person\/29217990ddf6f14e35912b2866d591fb","name":"Editor General","image":{"@type":"ImageObject","inLanguage":"es","@id":"https:\/\/luchonoticias.com\/editor\/#\/schema\/person\/image\/","url":"https:\/\/luchonoticias.com\/editor\/wp-content\/uploads\/2024\/02\/cropped-cropped-logolu-150x150.webp","contentUrl":"https:\/\/luchonoticias.com\/editor\/wp-content\/uploads\/2024\/02\/cropped-cropped-logolu-150x150.webp","caption":"Editor General"},"sameAs":["https:\/\/luchonoticias.com\/"],"url":"https:\/\/luchonoticias.com\/editor\/author\/editor-general\/"}]}},"_links":{"self":[{"href":"https:\/\/luchonoticias.com\/editor\/wp-json\/wp\/v2\/posts\/50809","targetHints":{"allow":["GET"]}}],"collection":[{"href":"https:\/\/luchonoticias.com\/editor\/wp-json\/wp\/v2\/posts"}],"about":[{"href":"https:\/\/luchonoticias.com\/editor\/wp-json\/wp\/v2\/types\/post"}],"author":[{"embeddable":true,"href":"https:\/\/luchonoticias.com\/editor\/wp-json\/wp\/v2\/users\/2"}],"replies":[{"embeddable":true,"href":"https:\/\/luchonoticias.com\/editor\/wp-json\/wp\/v2\/comments?post=50809"}],"version-history":[{"count":0,"href":"https:\/\/luchonoticias.com\/editor\/wp-json\/wp\/v2\/posts\/50809\/revisions"}],"wp:attachment":[{"href":"https:\/\/luchonoticias.com\/editor\/wp-json\/wp\/v2\/media?parent=50809"}],"wp:term":[{"taxonomy":"category","embeddable":true,"href":"https:\/\/luchonoticias.com\/editor\/wp-json\/wp\/v2\/categories?post=50809"},{"taxonomy":"post_tag","embeddable":true,"href":"https:\/\/luchonoticias.com\/editor\/wp-json\/wp\/v2\/tags?post=50809"}],"curies":[{"name":"wp","href":"https:\/\/api.w.org\/{rel}","templated":true}]}}