{"id":50813,"date":"2023-04-22T05:09:29","date_gmt":"2023-04-22T10:09:29","guid":{"rendered":"https:\/\/luchonoticias.com\/?p=50813"},"modified":"2023-04-22T05:09:30","modified_gmt":"2023-04-22T10:09:30","slug":"definido-comite-regional-de-la-cadena-del-cafe-en-el-huila","status":"publish","type":"post","link":"https:\/\/luchonoticias.com\/editor\/definido-comite-regional-de-la-cadena-del-cafe-en-el-huila\/","title":{"rendered":"Definido comit\u00e9 regional de la cadena del caf\u00e9 en el Huila"},"content":{"rendered":"\n<p>A instancias de una mesa de trabajo liderada por el gobierno \u201cHuila Crece\u201d, de la que participaron los principales actores de la caficultura huilense, fue&nbsp;<strong>conformado el Comit\u00e9 Regional de la Cadena del Caf\u00e9<\/strong>, del que hacen parte representantes de los eslabones de producci\u00f3n, comercializaci\u00f3n, transformaci\u00f3n, y exportaci\u00f3n.<\/p>\n\n\n\n<p>Este ejercicio fue posible gracias al trabajo entre los actores de cada uno de los eslabones, que permiti\u00f3 postular y votar por sus representantes, quienes conforman este&nbsp;<strong>espacio de di\u00e1logo y concertaci\u00f3n, en busca de fortalecer este subsector productivo<\/strong>&nbsp;que contribuye enormemente a la din\u00e1mica socioecon\u00f3mica de la regi\u00f3n y el pa\u00eds.<\/p>\n\n\n\n<p>En ese sentido fueron&nbsp;<strong>escogidos para conformar el equipo central<\/strong>, Nancy Casas, como representante de los productores; Dilfredo Cardozo, en representaci\u00f3n de los comercializadores; Jos\u00e9 Herminsul Ninco, en representaci\u00f3n de los transformadores; y Leonardo Sanmiguel como representante de los exportadores.<\/p>\n\n\n\n<p>Asimismo,&nbsp;<strong>el equipo de suplentes<\/strong>&nbsp;qued\u00f3 Conformado por Lizardo Vargas en el eslab\u00f3n de producci\u00f3n; Eduardo Anacona, del eslab\u00f3n de comercializaci\u00f3n, Arley Caquimbo, en el eslab\u00f3n de Transformaci\u00f3n; y Esteban Salazar, del eslab\u00f3n de exportaci\u00f3n.<\/p>\n\n\n\n<p>El reci\u00e9n creado comit\u00e9 tendr\u00e1 entre sus funciones,&nbsp;<strong>Identificar y eliminar los cuellos de botella que afectan la competitividad, productividad y la sostenibilidad,<\/strong>&nbsp;asociados entre otros, a la capacidad de generar trabajo decente del sector.<\/p>\n\n\n\n<p>Tambi\u00e9n estar\u00e1 concentrado en&nbsp;<strong>trabajar de manera articulada entre los actores del sector p\u00fablico y privado<\/strong>, sobre problemas espec\u00edficos del sector, y en la creaci\u00f3n e implementaci\u00f3n de soluciones sostenibles, en cada uno de los eslabones de la cadena.<\/p>\n\n\n\n<p>A su turno cada uno de los representantes de Comit\u00e9 Regional de la Cadena de Caf\u00e9, aseguraron que esta instancia de participaci\u00f3n es muy&nbsp;<strong>importante para trabajar en el fortalecimiento de este sector productivo<\/strong>, aportando cada uno desde su rol como actores de los eslabones de la cadena, definiendo estrategias ambiciosas y efectivas para catapultar el producto huilense en los mercados nacionales e internacionales, y que ese \u00e9xito se vea reflejado en la calidad de vida de los productores.<\/p>\n","protected":false},"excerpt":{"rendered":"<p>A instancias de una mesa de trabajo liderada por el gobierno \u201cHuila Crece\u201d, de la que participaron los principales actores de la caficultura huilense, fue&nbsp;conformado el Comit\u00e9 Regional de la Cadena del Caf\u00e9, del que hacen parte representantes de los eslabones de producci\u00f3n, comercializaci\u00f3n, transformaci\u00f3n, y exportaci\u00f3n. Este ejercicio fue posible gracias al trabajo entre [&hellip;]<\/p>\n","protected":false},"author":2,"featured_media":0,"comment_status":"open","ping_status":"open","sticky":false,"template":"","format":"standard","meta":{"footnotes":""},"categories":[33],"tags":[],"class_list":["post-50813","post","type-post","status-publish","format-standard","hentry","category-huila"],"yoast_head":"<!-- This site is optimized with the Yoast SEO plugin v26.6 - https:\/\/yoast.com\/wordpress\/plugins\/seo\/ -->\n<title>Definido comit\u00e9 regional de la cadena del caf\u00e9 en el Huila -<\/title>\n<meta name=\"robots\" content=\"index, follow, max-snippet:-1, max-image-preview:large, max-video-preview:-1\" \/>\n<link rel=\"canonical\" href=\"https:\/\/luchonoticias.com\/editor\/definido-comite-regional-de-la-cadena-del-cafe-en-el-huila\/\" \/>\n<meta property=\"og:locale\" content=\"es_ES\" \/>\n<meta property=\"og:type\" content=\"article\" \/>\n<meta property=\"og:title\" content=\"Definido comit\u00e9 regional de la cadena del caf\u00e9 en el Huila -\" \/>\n<meta property=\"og:url\" content=\"https:\/\/luchonoticias.com\/editor\/definido-comite-regional-de-la-cadena-del-cafe-en-el-huila\/\" \/>\n<meta property=\"article:publisher\" content=\"https:\/\/www.facebook.com\/luchonoticiasneiva\" \/>\n<meta property=\"article:published_time\" content=\"2023-04-22T10:09:29+00:00\" \/>\n<meta property=\"article:modified_time\" content=\"2023-04-22T10:09:30+00:00\" \/>\n<meta name=\"author\" content=\"Editor General\" \/>\n<meta name=\"twitter:card\" content=\"summary_large_image\" \/>\n<meta name=\"twitter:label1\" content=\"Escrito por\" \/>\n\t<meta name=\"twitter:data1\" content=\"Editor General\" \/>\n\t<meta name=\"twitter:label2\" content=\"Tiempo de lectura\" \/>\n\t<meta name=\"twitter:data2\" content=\"2 minutos\" \/>\n<script type=\"application\/ld+json\" class=\"yoast-schema-graph\">{\"@context\":\"https:\/\/schema.org\",\"@graph\":[{\"@type\":\"Article\",\"@id\":\"https:\/\/luchonoticias.com\/editor\/definido-comite-regional-de-la-cadena-del-cafe-en-el-huila\/#article\",\"isPartOf\":{\"@id\":\"https:\/\/luchonoticias.com\/editor\/definido-comite-regional-de-la-cadena-del-cafe-en-el-huila\/\"},\"author\":{\"name\":\"Editor General\",\"@id\":\"https:\/\/luchonoticias.com\/editor\/#\/schema\/person\/29217990ddf6f14e35912b2866d591fb\"},\"headline\":\"Definido comit\u00e9 regional de la cadena del caf\u00e9 en el Huila\",\"datePublished\":\"2023-04-22T10:09:29+00:00\",\"dateModified\":\"2023-04-22T10:09:30+00:00\",\"mainEntityOfPage\":{\"@id\":\"https:\/\/luchonoticias.com\/editor\/definido-comite-regional-de-la-cadena-del-cafe-en-el-huila\/\"},\"wordCount\":376,\"commentCount\":0,\"publisher\":{\"@id\":\"https:\/\/luchonoticias.com\/editor\/#\/schema\/person\/7a7fd911f58561fd056dbac7b55af9cd\"},\"articleSection\":[\"Huila\"],\"inLanguage\":\"es\",\"potentialAction\":[{\"@type\":\"CommentAction\",\"name\":\"Comment\",\"target\":[\"https:\/\/luchonoticias.com\/editor\/definido-comite-regional-de-la-cadena-del-cafe-en-el-huila\/#respond\"]}]},{\"@type\":\"WebPage\",\"@id\":\"https:\/\/luchonoticias.com\/editor\/definido-comite-regional-de-la-cadena-del-cafe-en-el-huila\/\",\"url\":\"https:\/\/luchonoticias.com\/editor\/definido-comite-regional-de-la-cadena-del-cafe-en-el-huila\/\",\"name\":\"Definido comit\u00e9 regional de la cadena del caf\u00e9 en el Huila -\",\"isPartOf\":{\"@id\":\"https:\/\/luchonoticias.com\/editor\/#website\"},\"datePublished\":\"2023-04-22T10:09:29+00:00\",\"dateModified\":\"2023-04-22T10:09:30+00:00\",\"breadcrumb\":{\"@id\":\"https:\/\/luchonoticias.com\/editor\/definido-comite-regional-de-la-cadena-del-cafe-en-el-huila\/#breadcrumb\"},\"inLanguage\":\"es\",\"potentialAction\":[{\"@type\":\"ReadAction\",\"target\":[\"https:\/\/luchonoticias.com\/editor\/definido-comite-regional-de-la-cadena-del-cafe-en-el-huila\/\"]}]},{\"@type\":\"BreadcrumbList\",\"@id\":\"https:\/\/luchonoticias.com\/editor\/definido-comite-regional-de-la-cadena-del-cafe-en-el-huila\/#breadcrumb\",\"itemListElement\":[{\"@type\":\"ListItem\",\"position\":1,\"name\":\"Portada\",\"item\":\"https:\/\/luchonoticias.com\/editor\/\"},{\"@type\":\"ListItem\",\"position\":2,\"name\":\"Definido comit\u00e9 regional de la cadena del caf\u00e9 en el Huila\"}]},{\"@type\":\"WebSite\",\"@id\":\"https:\/\/luchonoticias.com\/editor\/#website\",\"url\":\"https:\/\/luchonoticias.com\/editor\/\",\"name\":\"\",\"description\":\"\",\"publisher\":{\"@id\":\"https:\/\/luchonoticias.com\/editor\/#\/schema\/person\/7a7fd911f58561fd056dbac7b55af9cd\"},\"potentialAction\":[{\"@type\":\"SearchAction\",\"target\":{\"@type\":\"EntryPoint\",\"urlTemplate\":\"https:\/\/luchonoticias.com\/editor\/?s={search_term_string}\"},\"query-input\":{\"@type\":\"PropertyValueSpecification\",\"valueRequired\":true,\"valueName\":\"search_term_string\"}}],\"inLanguage\":\"es\"},{\"@type\":[\"Person\",\"Organization\"],\"@id\":\"https:\/\/luchonoticias.com\/editor\/#\/schema\/person\/7a7fd911f58561fd056dbac7b55af9cd\",\"name\":\"admin\",\"image\":{\"@type\":\"ImageObject\",\"inLanguage\":\"es\",\"@id\":\"https:\/\/luchonoticias.com\/editor\/#\/schema\/person\/image\/\",\"url\":\"https:\/\/luchonoticias.com\/editor\/wp-content\/uploads\/2024\/02\/cropped-cropped-logolu.webp\",\"contentUrl\":\"https:\/\/luchonoticias.com\/editor\/wp-content\/uploads\/2024\/02\/cropped-cropped-logolu.webp\",\"width\":382,\"height\":170,\"caption\":\"admin\"},\"logo\":{\"@id\":\"https:\/\/luchonoticias.com\/editor\/#\/schema\/person\/image\/\"},\"sameAs\":[\"https:\/\/www.facebook.com\/luchonoticiasneiva\"]},{\"@type\":\"Person\",\"@id\":\"https:\/\/luchonoticias.com\/editor\/#\/schema\/person\/29217990ddf6f14e35912b2866d591fb\",\"name\":\"Editor General\",\"image\":{\"@type\":\"ImageObject\",\"inLanguage\":\"es\",\"@id\":\"https:\/\/luchonoticias.com\/editor\/#\/schema\/person\/image\/\",\"url\":\"https:\/\/luchonoticias.com\/editor\/wp-content\/uploads\/2024\/02\/cropped-cropped-logolu-150x150.webp\",\"contentUrl\":\"https:\/\/luchonoticias.com\/editor\/wp-content\/uploads\/2024\/02\/cropped-cropped-logolu-150x150.webp\",\"caption\":\"Editor General\"},\"sameAs\":[\"https:\/\/luchonoticias.com\/\"],\"url\":\"https:\/\/luchonoticias.com\/editor\/author\/editor-general\/\"}]}<\/script>\n<!-- \/ Yoast SEO plugin. -->","yoast_head_json":{"title":"Definido comit\u00e9 regional de la cadena del caf\u00e9 en el Huila -","robots":{"index":"index","follow":"follow","max-snippet":"max-snippet:-1","max-image-preview":"max-image-preview:large","max-video-preview":"max-video-preview:-1"},"canonical":"https:\/\/luchonoticias.com\/editor\/definido-comite-regional-de-la-cadena-del-cafe-en-el-huila\/","og_locale":"es_ES","og_type":"article","og_title":"Definido comit\u00e9 regional de la cadena del caf\u00e9 en el Huila -","og_url":"https:\/\/luchonoticias.com\/editor\/definido-comite-regional-de-la-cadena-del-cafe-en-el-huila\/","article_publisher":"https:\/\/www.facebook.com\/luchonoticiasneiva","article_published_time":"2023-04-22T10:09:29+00:00","article_modified_time":"2023-04-22T10:09:30+00:00","author":"Editor General","twitter_card":"summary_large_image","twitter_misc":{"Escrito por":"Editor General","Tiempo de lectura":"2 minutos"},"schema":{"@context":"https:\/\/schema.org","@graph":[{"@type":"Article","@id":"https:\/\/luchonoticias.com\/editor\/definido-comite-regional-de-la-cadena-del-cafe-en-el-huila\/#article","isPartOf":{"@id":"https:\/\/luchonoticias.com\/editor\/definido-comite-regional-de-la-cadena-del-cafe-en-el-huila\/"},"author":{"name":"Editor General","@id":"https:\/\/luchonoticias.com\/editor\/#\/schema\/person\/29217990ddf6f14e35912b2866d591fb"},"headline":"Definido comit\u00e9 regional de la cadena del caf\u00e9 en el Huila","datePublished":"2023-04-22T10:09:29+00:00","dateModified":"2023-04-22T10:09:30+00:00","mainEntityOfPage":{"@id":"https:\/\/luchonoticias.com\/editor\/definido-comite-regional-de-la-cadena-del-cafe-en-el-huila\/"},"wordCount":376,"commentCount":0,"publisher":{"@id":"https:\/\/luchonoticias.com\/editor\/#\/schema\/person\/7a7fd911f58561fd056dbac7b55af9cd"},"articleSection":["Huila"],"inLanguage":"es","potentialAction":[{"@type":"CommentAction","name":"Comment","target":["https:\/\/luchonoticias.com\/editor\/definido-comite-regional-de-la-cadena-del-cafe-en-el-huila\/#respond"]}]},{"@type":"WebPage","@id":"https:\/\/luchonoticias.com\/editor\/definido-comite-regional-de-la-cadena-del-cafe-en-el-huila\/","url":"https:\/\/luchonoticias.com\/editor\/definido-comite-regional-de-la-cadena-del-cafe-en-el-huila\/","name":"Definido comit\u00e9 regional de la cadena del caf\u00e9 en el Huila -","isPartOf":{"@id":"https:\/\/luchonoticias.com\/editor\/#website"},"datePublished":"2023-04-22T10:09:29+00:00","dateModified":"2023-04-22T10:09:30+00:00","breadcrumb":{"@id":"https:\/\/luchonoticias.com\/editor\/definido-comite-regional-de-la-cadena-del-cafe-en-el-huila\/#breadcrumb"},"inLanguage":"es","potentialAction":[{"@type":"ReadAction","target":["https:\/\/luchonoticias.com\/editor\/definido-comite-regional-de-la-cadena-del-cafe-en-el-huila\/"]}]},{"@type":"BreadcrumbList","@id":"https:\/\/luchonoticias.com\/editor\/definido-comite-regional-de-la-cadena-del-cafe-en-el-huila\/#breadcrumb","itemListElement":[{"@type":"ListItem","position":1,"name":"Portada","item":"https:\/\/luchonoticias.com\/editor\/"},{"@type":"ListItem","position":2,"name":"Definido comit\u00e9 regional de la cadena del caf\u00e9 en el Huila"}]},{"@type":"WebSite","@id":"https:\/\/luchonoticias.com\/editor\/#website","url":"https:\/\/luchonoticias.com\/editor\/","name":"","description":"","publisher":{"@id":"https:\/\/luchonoticias.com\/editor\/#\/schema\/person\/7a7fd911f58561fd056dbac7b55af9cd"},"potentialAction":[{"@type":"SearchAction","target":{"@type":"EntryPoint","urlTemplate":"https:\/\/luchonoticias.com\/editor\/?s={search_term_string}"},"query-input":{"@type":"PropertyValueSpecification","valueRequired":true,"valueName":"search_term_string"}}],"inLanguage":"es"},{"@type":["Person","Organization"],"@id":"https:\/\/luchonoticias.com\/editor\/#\/schema\/person\/7a7fd911f58561fd056dbac7b55af9cd","name":"admin","image":{"@type":"ImageObject","inLanguage":"es","@id":"https:\/\/luchonoticias.com\/editor\/#\/schema\/person\/image\/","url":"https:\/\/luchonoticias.com\/editor\/wp-content\/uploads\/2024\/02\/cropped-cropped-logolu.webp","contentUrl":"https:\/\/luchonoticias.com\/editor\/wp-content\/uploads\/2024\/02\/cropped-cropped-logolu.webp","width":382,"height":170,"caption":"admin"},"logo":{"@id":"https:\/\/luchonoticias.com\/editor\/#\/schema\/person\/image\/"},"sameAs":["https:\/\/www.facebook.com\/luchonoticiasneiva"]},{"@type":"Person","@id":"https:\/\/luchonoticias.com\/editor\/#\/schema\/person\/29217990ddf6f14e35912b2866d591fb","name":"Editor General","image":{"@type":"ImageObject","inLanguage":"es","@id":"https:\/\/luchonoticias.com\/editor\/#\/schema\/person\/image\/","url":"https:\/\/luchonoticias.com\/editor\/wp-content\/uploads\/2024\/02\/cropped-cropped-logolu-150x150.webp","contentUrl":"https:\/\/luchonoticias.com\/editor\/wp-content\/uploads\/2024\/02\/cropped-cropped-logolu-150x150.webp","caption":"Editor General"},"sameAs":["https:\/\/luchonoticias.com\/"],"url":"https:\/\/luchonoticias.com\/editor\/author\/editor-general\/"}]}},"_links":{"self":[{"href":"https:\/\/luchonoticias.com\/editor\/wp-json\/wp\/v2\/posts\/50813","targetHints":{"allow":["GET"]}}],"collection":[{"href":"https:\/\/luchonoticias.com\/editor\/wp-json\/wp\/v2\/posts"}],"about":[{"href":"https:\/\/luchonoticias.com\/editor\/wp-json\/wp\/v2\/types\/post"}],"author":[{"embeddable":true,"href":"https:\/\/luchonoticias.com\/editor\/wp-json\/wp\/v2\/users\/2"}],"replies":[{"embeddable":true,"href":"https:\/\/luchonoticias.com\/editor\/wp-json\/wp\/v2\/comments?post=50813"}],"version-history":[{"count":0,"href":"https:\/\/luchonoticias.com\/editor\/wp-json\/wp\/v2\/posts\/50813\/revisions"}],"wp:attachment":[{"href":"https:\/\/luchonoticias.com\/editor\/wp-json\/wp\/v2\/media?parent=50813"}],"wp:term":[{"taxonomy":"category","embeddable":true,"href":"https:\/\/luchonoticias.com\/editor\/wp-json\/wp\/v2\/categories?post=50813"},{"taxonomy":"post_tag","embeddable":true,"href":"https:\/\/luchonoticias.com\/editor\/wp-json\/wp\/v2\/tags?post=50813"}],"curies":[{"name":"wp","href":"https:\/\/api.w.org\/{rel}","templated":true}]}}