{"id":50963,"date":"2023-04-24T06:37:47","date_gmt":"2023-04-24T11:37:47","guid":{"rendered":"https:\/\/luchonoticias.com\/?p=50963"},"modified":"2023-04-24T06:37:48","modified_gmt":"2023-04-24T11:37:48","slug":"alcalde-solicito-acciones-para-evitar-que-grupos-al-margen-de-la-ley-interrumpan-tranquilidad-de-los-neivanos","status":"publish","type":"post","link":"https:\/\/luchonoticias.com\/editor\/alcalde-solicito-acciones-para-evitar-que-grupos-al-margen-de-la-ley-interrumpan-tranquilidad-de-los-neivanos\/","title":{"rendered":"Alcalde solicit\u00f3 acciones para evitar que grupos al margen de la ley interrumpan tranquilidad de los neivanos"},"content":{"rendered":"\n<p>Un nuevo consejo de seguridad se realiz\u00f3 con presencia de la Polic\u00eda Metropolitana de Neiva,&nbsp; Ej\u00e9rcito Nacional, delegados de la Fiscal\u00eda, Procuradur\u00eda, Personer\u00eda, Migraci\u00f3n y Defensor\u00eda del Pueblo, con el objetivo de evaluar las amenazas que han recibido algunos concejales y un integrante de Coagropaz, con el fin de tomar acciones efectivas y encender los protocolos que permitan generar&nbsp; tranquilidad y proteger la vida de cada uno.<\/p>\n\n\n\n<p>\u201cLas conclusiones son importantes, en la medida que se ha hecho \u00e9nfasis en la necesidad de encontrar con celeridad resultados sobre los diferentes panfletos de amenazas a las diferentes personalidades, en donde preliminarmente se nos ha dicho en consejo de seguridad departamental, la mayor\u00eda un porcentaje bien alto seg\u00fan las investigaciones desarrolladas hasta el momento, no tendr\u00edan un origen certero, no obstante, vamos a esperar de que haya un oficial pronunciamiento de los organismos de inteligencia\u201d, expres\u00f3 Ra\u00fal Rivera, secretario de Gobierno.<\/p>\n\n\n\n<figure class=\"wp-block-gallery has-nested-images columns-default is-cropped wp-block-gallery-1 is-layout-flex wp-block-gallery-is-layout-flex\">\n<figure class=\"wp-block-image size-large\"><img decoding=\"async\" data-id=\"50966\" src=\"https:\/\/luchonoticias.com\/wp-content\/uploads\/2023\/04\/WhatsApp-Image-2023-04-23-at-7.41.46-PM-1024x768.jpeg\" alt=\"\" class=\"wp-image-50966\"\/><\/figure>\n\n\n\n<figure class=\"wp-block-image size-large\"><img decoding=\"async\" data-id=\"50965\" src=\"https:\/\/luchonoticias.com\/wp-content\/uploads\/2023\/04\/WhatsApp-Image-2023-04-23-at-7.41.45-PM-1-1024x768.jpeg\" alt=\"\" class=\"wp-image-50965\"\/><\/figure>\n\n\n\n<figure class=\"wp-block-image size-large\"><img decoding=\"async\" data-id=\"50967\" src=\"https:\/\/luchonoticias.com\/wp-content\/uploads\/2023\/04\/WhatsApp-Image-2023-04-23-at-7.41.45-PM-1024x768.jpeg\" alt=\"\" class=\"wp-image-50967\"\/><\/figure>\n<\/figure>\n\n\n\n<p>Finalmente, Gorky Mu\u00f1oz Calder\u00f3n, alcalde de Neiva, expres\u00f3 que continuar\u00e1n fortaleciendo la seguridad en Neiva con un trabajo articulado desde la institucionalidad y estando al lado de la comunidad.<\/p>\n\n\n\n<p>\u201cSon problem\u00e1ticas que hemos logrado poco a poco mitigar, a pesar de que hemos estado en pandemia dos a\u00f1os, explosi\u00f3n social, ola invernal y recesi\u00f3n econ\u00f3mica en el mundo, todo esto se ha convertido en una batalla de desinformaci\u00f3n, calumnia y mentira, y por eso hice este consejo, para ir dando seguimiento a las alertas y aportar un grano de arena para que las autoridades puedan contar con herramientas y as\u00ed darle la tranquilidad que los neivanos necesitan\u201d, concluy\u00f3.<\/p>\n","protected":false},"excerpt":{"rendered":"<p>Un nuevo consejo de seguridad se realiz\u00f3 con presencia de la Polic\u00eda Metropolitana de Neiva,&nbsp; Ej\u00e9rcito Nacional, delegados de la Fiscal\u00eda, Procuradur\u00eda, Personer\u00eda, Migraci\u00f3n y Defensor\u00eda del Pueblo, con el objetivo de evaluar las amenazas que han recibido algunos concejales y un integrante de Coagropaz, con el fin de tomar acciones efectivas y encender los [&hellip;]<\/p>\n","protected":false},"author":2,"featured_media":0,"comment_status":"open","ping_status":"open","sticky":false,"template":"","format":"standard","meta":{"footnotes":""},"categories":[36,31],"tags":[],"class_list":["post-50963","post","type-post","status-publish","format-standard","hentry","category-destacado","category-local"],"yoast_head":"<!-- This site is optimized with the Yoast SEO plugin v26.6 - https:\/\/yoast.com\/wordpress\/plugins\/seo\/ -->\n<title>Alcalde solicit\u00f3 acciones para evitar que grupos al margen de la ley interrumpan tranquilidad de los neivanos -<\/title>\n<meta name=\"robots\" content=\"index, follow, max-snippet:-1, max-image-preview:large, max-video-preview:-1\" \/>\n<link rel=\"canonical\" href=\"https:\/\/luchonoticias.com\/editor\/alcalde-solicito-acciones-para-evitar-que-grupos-al-margen-de-la-ley-interrumpan-tranquilidad-de-los-neivanos\/\" \/>\n<meta property=\"og:locale\" content=\"es_ES\" \/>\n<meta property=\"og:type\" content=\"article\" \/>\n<meta property=\"og:title\" content=\"Alcalde solicit\u00f3 acciones para evitar que grupos al margen de la ley interrumpan tranquilidad de los neivanos -\" \/>\n<meta property=\"og:url\" content=\"https:\/\/luchonoticias.com\/editor\/alcalde-solicito-acciones-para-evitar-que-grupos-al-margen-de-la-ley-interrumpan-tranquilidad-de-los-neivanos\/\" \/>\n<meta property=\"article:publisher\" content=\"https:\/\/www.facebook.com\/luchonoticiasneiva\" \/>\n<meta property=\"article:published_time\" content=\"2023-04-24T11:37:47+00:00\" \/>\n<meta property=\"article:modified_time\" content=\"2023-04-24T11:37:48+00:00\" \/>\n<meta property=\"og:image\" content=\"https:\/\/luchonoticias.com\/wp-content\/uploads\/2023\/04\/WhatsApp-Image-2023-04-23-at-7.41.46-PM-1024x768.jpeg\" \/>\n<meta name=\"author\" content=\"Editor General\" \/>\n<meta name=\"twitter:card\" content=\"summary_large_image\" \/>\n<meta name=\"twitter:label1\" content=\"Escrito por\" \/>\n\t<meta name=\"twitter:data1\" content=\"Editor General\" \/>\n\t<meta name=\"twitter:label2\" content=\"Tiempo de lectura\" \/>\n\t<meta name=\"twitter:data2\" content=\"1 minuto\" \/>\n<script type=\"application\/ld+json\" class=\"yoast-schema-graph\">{\"@context\":\"https:\/\/schema.org\",\"@graph\":[{\"@type\":\"Article\",\"@id\":\"https:\/\/luchonoticias.com\/editor\/alcalde-solicito-acciones-para-evitar-que-grupos-al-margen-de-la-ley-interrumpan-tranquilidad-de-los-neivanos\/#article\",\"isPartOf\":{\"@id\":\"https:\/\/luchonoticias.com\/editor\/alcalde-solicito-acciones-para-evitar-que-grupos-al-margen-de-la-ley-interrumpan-tranquilidad-de-los-neivanos\/\"},\"author\":{\"name\":\"Editor General\",\"@id\":\"https:\/\/luchonoticias.com\/editor\/#\/schema\/person\/29217990ddf6f14e35912b2866d591fb\"},\"headline\":\"Alcalde solicit\u00f3 acciones para evitar que grupos al margen de la ley interrumpan tranquilidad de los neivanos\",\"datePublished\":\"2023-04-24T11:37:47+00:00\",\"dateModified\":\"2023-04-24T11:37:48+00:00\",\"mainEntityOfPage\":{\"@id\":\"https:\/\/luchonoticias.com\/editor\/alcalde-solicito-acciones-para-evitar-que-grupos-al-margen-de-la-ley-interrumpan-tranquilidad-de-los-neivanos\/\"},\"wordCount\":296,\"commentCount\":0,\"publisher\":{\"@id\":\"https:\/\/luchonoticias.com\/editor\/#\/schema\/person\/7a7fd911f58561fd056dbac7b55af9cd\"},\"image\":{\"@id\":\"https:\/\/luchonoticias.com\/editor\/alcalde-solicito-acciones-para-evitar-que-grupos-al-margen-de-la-ley-interrumpan-tranquilidad-de-los-neivanos\/#primaryimage\"},\"thumbnailUrl\":\"https:\/\/luchonoticias.com\/wp-content\/uploads\/2023\/04\/WhatsApp-Image-2023-04-23-at-7.41.46-PM-1024x768.jpeg\",\"articleSection\":[\"Destacado\",\"Local\"],\"inLanguage\":\"es\",\"potentialAction\":[{\"@type\":\"CommentAction\",\"name\":\"Comment\",\"target\":[\"https:\/\/luchonoticias.com\/editor\/alcalde-solicito-acciones-para-evitar-que-grupos-al-margen-de-la-ley-interrumpan-tranquilidad-de-los-neivanos\/#respond\"]}]},{\"@type\":\"WebPage\",\"@id\":\"https:\/\/luchonoticias.com\/editor\/alcalde-solicito-acciones-para-evitar-que-grupos-al-margen-de-la-ley-interrumpan-tranquilidad-de-los-neivanos\/\",\"url\":\"https:\/\/luchonoticias.com\/editor\/alcalde-solicito-acciones-para-evitar-que-grupos-al-margen-de-la-ley-interrumpan-tranquilidad-de-los-neivanos\/\",\"name\":\"Alcalde solicit\u00f3 acciones para evitar que grupos al margen de la ley interrumpan tranquilidad de los neivanos -\",\"isPartOf\":{\"@id\":\"https:\/\/luchonoticias.com\/editor\/#website\"},\"primaryImageOfPage\":{\"@id\":\"https:\/\/luchonoticias.com\/editor\/alcalde-solicito-acciones-para-evitar-que-grupos-al-margen-de-la-ley-interrumpan-tranquilidad-de-los-neivanos\/#primaryimage\"},\"image\":{\"@id\":\"https:\/\/luchonoticias.com\/editor\/alcalde-solicito-acciones-para-evitar-que-grupos-al-margen-de-la-ley-interrumpan-tranquilidad-de-los-neivanos\/#primaryimage\"},\"thumbnailUrl\":\"https:\/\/luchonoticias.com\/wp-content\/uploads\/2023\/04\/WhatsApp-Image-2023-04-23-at-7.41.46-PM-1024x768.jpeg\",\"datePublished\":\"2023-04-24T11:37:47+00:00\",\"dateModified\":\"2023-04-24T11:37:48+00:00\",\"breadcrumb\":{\"@id\":\"https:\/\/luchonoticias.com\/editor\/alcalde-solicito-acciones-para-evitar-que-grupos-al-margen-de-la-ley-interrumpan-tranquilidad-de-los-neivanos\/#breadcrumb\"},\"inLanguage\":\"es\",\"potentialAction\":[{\"@type\":\"ReadAction\",\"target\":[\"https:\/\/luchonoticias.com\/editor\/alcalde-solicito-acciones-para-evitar-que-grupos-al-margen-de-la-ley-interrumpan-tranquilidad-de-los-neivanos\/\"]}]},{\"@type\":\"ImageObject\",\"inLanguage\":\"es\",\"@id\":\"https:\/\/luchonoticias.com\/editor\/alcalde-solicito-acciones-para-evitar-que-grupos-al-margen-de-la-ley-interrumpan-tranquilidad-de-los-neivanos\/#primaryimage\",\"url\":\"https:\/\/luchonoticias.com\/wp-content\/uploads\/2023\/04\/WhatsApp-Image-2023-04-23-at-7.41.46-PM-1024x768.jpeg\",\"contentUrl\":\"https:\/\/luchonoticias.com\/wp-content\/uploads\/2023\/04\/WhatsApp-Image-2023-04-23-at-7.41.46-PM-1024x768.jpeg\"},{\"@type\":\"BreadcrumbList\",\"@id\":\"https:\/\/luchonoticias.com\/editor\/alcalde-solicito-acciones-para-evitar-que-grupos-al-margen-de-la-ley-interrumpan-tranquilidad-de-los-neivanos\/#breadcrumb\",\"itemListElement\":[{\"@type\":\"ListItem\",\"position\":1,\"name\":\"Portada\",\"item\":\"https:\/\/luchonoticias.com\/editor\/\"},{\"@type\":\"ListItem\",\"position\":2,\"name\":\"Alcalde solicit\u00f3 acciones para evitar que grupos al margen de la ley interrumpan tranquilidad de los neivanos\"}]},{\"@type\":\"WebSite\",\"@id\":\"https:\/\/luchonoticias.com\/editor\/#website\",\"url\":\"https:\/\/luchonoticias.com\/editor\/\",\"name\":\"\",\"description\":\"\",\"publisher\":{\"@id\":\"https:\/\/luchonoticias.com\/editor\/#\/schema\/person\/7a7fd911f58561fd056dbac7b55af9cd\"},\"potentialAction\":[{\"@type\":\"SearchAction\",\"target\":{\"@type\":\"EntryPoint\",\"urlTemplate\":\"https:\/\/luchonoticias.com\/editor\/?s={search_term_string}\"},\"query-input\":{\"@type\":\"PropertyValueSpecification\",\"valueRequired\":true,\"valueName\":\"search_term_string\"}}],\"inLanguage\":\"es\"},{\"@type\":[\"Person\",\"Organization\"],\"@id\":\"https:\/\/luchonoticias.com\/editor\/#\/schema\/person\/7a7fd911f58561fd056dbac7b55af9cd\",\"name\":\"admin\",\"image\":{\"@type\":\"ImageObject\",\"inLanguage\":\"es\",\"@id\":\"https:\/\/luchonoticias.com\/editor\/#\/schema\/person\/image\/\",\"url\":\"https:\/\/luchonoticias.com\/editor\/wp-content\/uploads\/2024\/02\/cropped-cropped-logolu.webp\",\"contentUrl\":\"https:\/\/luchonoticias.com\/editor\/wp-content\/uploads\/2024\/02\/cropped-cropped-logolu.webp\",\"width\":382,\"height\":170,\"caption\":\"admin\"},\"logo\":{\"@id\":\"https:\/\/luchonoticias.com\/editor\/#\/schema\/person\/image\/\"},\"sameAs\":[\"https:\/\/www.facebook.com\/luchonoticiasneiva\"]},{\"@type\":\"Person\",\"@id\":\"https:\/\/luchonoticias.com\/editor\/#\/schema\/person\/29217990ddf6f14e35912b2866d591fb\",\"name\":\"Editor General\",\"image\":{\"@type\":\"ImageObject\",\"inLanguage\":\"es\",\"@id\":\"https:\/\/luchonoticias.com\/editor\/#\/schema\/person\/image\/\",\"url\":\"https:\/\/luchonoticias.com\/editor\/wp-content\/uploads\/2024\/02\/cropped-cropped-logolu-150x150.webp\",\"contentUrl\":\"https:\/\/luchonoticias.com\/editor\/wp-content\/uploads\/2024\/02\/cropped-cropped-logolu-150x150.webp\",\"caption\":\"Editor General\"},\"sameAs\":[\"https:\/\/luchonoticias.com\/\"],\"url\":\"https:\/\/luchonoticias.com\/editor\/author\/editor-general\/\"}]}<\/script>\n<!-- \/ Yoast SEO plugin. -->","yoast_head_json":{"title":"Alcalde solicit\u00f3 acciones para evitar que grupos al margen de la ley interrumpan tranquilidad de los neivanos -","robots":{"index":"index","follow":"follow","max-snippet":"max-snippet:-1","max-image-preview":"max-image-preview:large","max-video-preview":"max-video-preview:-1"},"canonical":"https:\/\/luchonoticias.com\/editor\/alcalde-solicito-acciones-para-evitar-que-grupos-al-margen-de-la-ley-interrumpan-tranquilidad-de-los-neivanos\/","og_locale":"es_ES","og_type":"article","og_title":"Alcalde solicit\u00f3 acciones para evitar que grupos al margen de la ley interrumpan tranquilidad de los neivanos -","og_url":"https:\/\/luchonoticias.com\/editor\/alcalde-solicito-acciones-para-evitar-que-grupos-al-margen-de-la-ley-interrumpan-tranquilidad-de-los-neivanos\/","article_publisher":"https:\/\/www.facebook.com\/luchonoticiasneiva","article_published_time":"2023-04-24T11:37:47+00:00","article_modified_time":"2023-04-24T11:37:48+00:00","og_image":[{"url":"https:\/\/luchonoticias.com\/wp-content\/uploads\/2023\/04\/WhatsApp-Image-2023-04-23-at-7.41.46-PM-1024x768.jpeg","type":"","width":"","height":""}],"author":"Editor General","twitter_card":"summary_large_image","twitter_misc":{"Escrito por":"Editor General","Tiempo de lectura":"1 minuto"},"schema":{"@context":"https:\/\/schema.org","@graph":[{"@type":"Article","@id":"https:\/\/luchonoticias.com\/editor\/alcalde-solicito-acciones-para-evitar-que-grupos-al-margen-de-la-ley-interrumpan-tranquilidad-de-los-neivanos\/#article","isPartOf":{"@id":"https:\/\/luchonoticias.com\/editor\/alcalde-solicito-acciones-para-evitar-que-grupos-al-margen-de-la-ley-interrumpan-tranquilidad-de-los-neivanos\/"},"author":{"name":"Editor General","@id":"https:\/\/luchonoticias.com\/editor\/#\/schema\/person\/29217990ddf6f14e35912b2866d591fb"},"headline":"Alcalde solicit\u00f3 acciones para evitar que grupos al margen de la ley interrumpan tranquilidad de los neivanos","datePublished":"2023-04-24T11:37:47+00:00","dateModified":"2023-04-24T11:37:48+00:00","mainEntityOfPage":{"@id":"https:\/\/luchonoticias.com\/editor\/alcalde-solicito-acciones-para-evitar-que-grupos-al-margen-de-la-ley-interrumpan-tranquilidad-de-los-neivanos\/"},"wordCount":296,"commentCount":0,"publisher":{"@id":"https:\/\/luchonoticias.com\/editor\/#\/schema\/person\/7a7fd911f58561fd056dbac7b55af9cd"},"image":{"@id":"https:\/\/luchonoticias.com\/editor\/alcalde-solicito-acciones-para-evitar-que-grupos-al-margen-de-la-ley-interrumpan-tranquilidad-de-los-neivanos\/#primaryimage"},"thumbnailUrl":"https:\/\/luchonoticias.com\/wp-content\/uploads\/2023\/04\/WhatsApp-Image-2023-04-23-at-7.41.46-PM-1024x768.jpeg","articleSection":["Destacado","Local"],"inLanguage":"es","potentialAction":[{"@type":"CommentAction","name":"Comment","target":["https:\/\/luchonoticias.com\/editor\/alcalde-solicito-acciones-para-evitar-que-grupos-al-margen-de-la-ley-interrumpan-tranquilidad-de-los-neivanos\/#respond"]}]},{"@type":"WebPage","@id":"https:\/\/luchonoticias.com\/editor\/alcalde-solicito-acciones-para-evitar-que-grupos-al-margen-de-la-ley-interrumpan-tranquilidad-de-los-neivanos\/","url":"https:\/\/luchonoticias.com\/editor\/alcalde-solicito-acciones-para-evitar-que-grupos-al-margen-de-la-ley-interrumpan-tranquilidad-de-los-neivanos\/","name":"Alcalde solicit\u00f3 acciones para evitar que grupos al margen de la ley interrumpan tranquilidad de los neivanos -","isPartOf":{"@id":"https:\/\/luchonoticias.com\/editor\/#website"},"primaryImageOfPage":{"@id":"https:\/\/luchonoticias.com\/editor\/alcalde-solicito-acciones-para-evitar-que-grupos-al-margen-de-la-ley-interrumpan-tranquilidad-de-los-neivanos\/#primaryimage"},"image":{"@id":"https:\/\/luchonoticias.com\/editor\/alcalde-solicito-acciones-para-evitar-que-grupos-al-margen-de-la-ley-interrumpan-tranquilidad-de-los-neivanos\/#primaryimage"},"thumbnailUrl":"https:\/\/luchonoticias.com\/wp-content\/uploads\/2023\/04\/WhatsApp-Image-2023-04-23-at-7.41.46-PM-1024x768.jpeg","datePublished":"2023-04-24T11:37:47+00:00","dateModified":"2023-04-24T11:37:48+00:00","breadcrumb":{"@id":"https:\/\/luchonoticias.com\/editor\/alcalde-solicito-acciones-para-evitar-que-grupos-al-margen-de-la-ley-interrumpan-tranquilidad-de-los-neivanos\/#breadcrumb"},"inLanguage":"es","potentialAction":[{"@type":"ReadAction","target":["https:\/\/luchonoticias.com\/editor\/alcalde-solicito-acciones-para-evitar-que-grupos-al-margen-de-la-ley-interrumpan-tranquilidad-de-los-neivanos\/"]}]},{"@type":"ImageObject","inLanguage":"es","@id":"https:\/\/luchonoticias.com\/editor\/alcalde-solicito-acciones-para-evitar-que-grupos-al-margen-de-la-ley-interrumpan-tranquilidad-de-los-neivanos\/#primaryimage","url":"https:\/\/luchonoticias.com\/wp-content\/uploads\/2023\/04\/WhatsApp-Image-2023-04-23-at-7.41.46-PM-1024x768.jpeg","contentUrl":"https:\/\/luchonoticias.com\/wp-content\/uploads\/2023\/04\/WhatsApp-Image-2023-04-23-at-7.41.46-PM-1024x768.jpeg"},{"@type":"BreadcrumbList","@id":"https:\/\/luchonoticias.com\/editor\/alcalde-solicito-acciones-para-evitar-que-grupos-al-margen-de-la-ley-interrumpan-tranquilidad-de-los-neivanos\/#breadcrumb","itemListElement":[{"@type":"ListItem","position":1,"name":"Portada","item":"https:\/\/luchonoticias.com\/editor\/"},{"@type":"ListItem","position":2,"name":"Alcalde solicit\u00f3 acciones para evitar que grupos al margen de la ley interrumpan tranquilidad de los neivanos"}]},{"@type":"WebSite","@id":"https:\/\/luchonoticias.com\/editor\/#website","url":"https:\/\/luchonoticias.com\/editor\/","name":"","description":"","publisher":{"@id":"https:\/\/luchonoticias.com\/editor\/#\/schema\/person\/7a7fd911f58561fd056dbac7b55af9cd"},"potentialAction":[{"@type":"SearchAction","target":{"@type":"EntryPoint","urlTemplate":"https:\/\/luchonoticias.com\/editor\/?s={search_term_string}"},"query-input":{"@type":"PropertyValueSpecification","valueRequired":true,"valueName":"search_term_string"}}],"inLanguage":"es"},{"@type":["Person","Organization"],"@id":"https:\/\/luchonoticias.com\/editor\/#\/schema\/person\/7a7fd911f58561fd056dbac7b55af9cd","name":"admin","image":{"@type":"ImageObject","inLanguage":"es","@id":"https:\/\/luchonoticias.com\/editor\/#\/schema\/person\/image\/","url":"https:\/\/luchonoticias.com\/editor\/wp-content\/uploads\/2024\/02\/cropped-cropped-logolu.webp","contentUrl":"https:\/\/luchonoticias.com\/editor\/wp-content\/uploads\/2024\/02\/cropped-cropped-logolu.webp","width":382,"height":170,"caption":"admin"},"logo":{"@id":"https:\/\/luchonoticias.com\/editor\/#\/schema\/person\/image\/"},"sameAs":["https:\/\/www.facebook.com\/luchonoticiasneiva"]},{"@type":"Person","@id":"https:\/\/luchonoticias.com\/editor\/#\/schema\/person\/29217990ddf6f14e35912b2866d591fb","name":"Editor General","image":{"@type":"ImageObject","inLanguage":"es","@id":"https:\/\/luchonoticias.com\/editor\/#\/schema\/person\/image\/","url":"https:\/\/luchonoticias.com\/editor\/wp-content\/uploads\/2024\/02\/cropped-cropped-logolu-150x150.webp","contentUrl":"https:\/\/luchonoticias.com\/editor\/wp-content\/uploads\/2024\/02\/cropped-cropped-logolu-150x150.webp","caption":"Editor General"},"sameAs":["https:\/\/luchonoticias.com\/"],"url":"https:\/\/luchonoticias.com\/editor\/author\/editor-general\/"}]}},"_links":{"self":[{"href":"https:\/\/luchonoticias.com\/editor\/wp-json\/wp\/v2\/posts\/50963","targetHints":{"allow":["GET"]}}],"collection":[{"href":"https:\/\/luchonoticias.com\/editor\/wp-json\/wp\/v2\/posts"}],"about":[{"href":"https:\/\/luchonoticias.com\/editor\/wp-json\/wp\/v2\/types\/post"}],"author":[{"embeddable":true,"href":"https:\/\/luchonoticias.com\/editor\/wp-json\/wp\/v2\/users\/2"}],"replies":[{"embeddable":true,"href":"https:\/\/luchonoticias.com\/editor\/wp-json\/wp\/v2\/comments?post=50963"}],"version-history":[{"count":0,"href":"https:\/\/luchonoticias.com\/editor\/wp-json\/wp\/v2\/posts\/50963\/revisions"}],"wp:attachment":[{"href":"https:\/\/luchonoticias.com\/editor\/wp-json\/wp\/v2\/media?parent=50963"}],"wp:term":[{"taxonomy":"category","embeddable":true,"href":"https:\/\/luchonoticias.com\/editor\/wp-json\/wp\/v2\/categories?post=50963"},{"taxonomy":"post_tag","embeddable":true,"href":"https:\/\/luchonoticias.com\/editor\/wp-json\/wp\/v2\/tags?post=50963"}],"curies":[{"name":"wp","href":"https:\/\/api.w.org\/{rel}","templated":true}]}}