{"id":50990,"date":"2023-04-24T06:55:08","date_gmt":"2023-04-24T11:55:08","guid":{"rendered":"https:\/\/luchonoticias.com\/?p=50990"},"modified":"2023-04-24T06:55:09","modified_gmt":"2023-04-24T11:55:09","slug":"14-personas-capturadas-lograron-la-policia-nacional-en-el-huila-durante-el-fin-de-semana","status":"publish","type":"post","link":"https:\/\/luchonoticias.com\/editor\/14-personas-capturadas-lograron-la-policia-nacional-en-el-huila-durante-el-fin-de-semana\/","title":{"rendered":"14 personas capturadas lograron la Polic\u00eda Nacional en el Huila durante el fin de semana"},"content":{"rendered":"\n<p>El Departamento de Polic\u00eda Huila, dio a conocer en un informe oficial, que durante el fin de semana en el Departamento, gracias a los diversos operativos e implementaci\u00f3n de nuevas tecnolog\u00edas, lograron dar grandes resultados contra la delincuencia.<\/p>\n\n\n\n<p>\u201cGracias a los planes desplegados durante el fin de semana en el Departamento de Polic\u00eda Huila, se logr\u00f3 la captura de 14 personas, comprometidos en distintos delitos, la incautaci\u00f3n de 15 semovientes, 3 armas traum\u00e1ticas y 51 corto punzantes. Igualmente, la recuperaci\u00f3n de 6 motocicletas y 7 celulares que figuraban hurtados\u201d, afirmaron las fuentes oficiales en el comunicado.<\/p>\n\n\n\n<figure class=\"wp-block-gallery has-nested-images columns-default is-cropped wp-block-gallery-1 is-layout-flex wp-block-gallery-is-layout-flex\">\n<figure class=\"wp-block-image size-large\"><img decoding=\"async\" data-id=\"50992\" src=\"https:\/\/luchonoticias.com\/wp-content\/uploads\/2023\/04\/WhatsApp-Image-2023-04-23-at-5.56.09-PM-1-1024x768.jpeg\" alt=\"\" class=\"wp-image-50992\"\/><\/figure>\n\n\n\n<figure class=\"wp-block-image size-large\"><img decoding=\"async\" data-id=\"50993\" src=\"https:\/\/luchonoticias.com\/wp-content\/uploads\/2023\/04\/WhatsApp-Image-2023-04-23-at-5.56.09-PM-1024x768.jpeg\" alt=\"\" class=\"wp-image-50993\"\/><\/figure>\n\n\n\n<figure class=\"wp-block-image size-large\"><img decoding=\"async\" data-id=\"50994\" src=\"https:\/\/luchonoticias.com\/wp-content\/uploads\/2023\/04\/WhatsApp-Image-2023-04-23-at-5.56.08-PM-1-1024x768.jpeg\" alt=\"\" class=\"wp-image-50994\"\/><\/figure>\n<\/figure>\n\n\n\n<p><strong>Lucha contra el trafico de estupefacientes<\/strong><\/p>\n\n\n\n<p>En la lucha frontal contra el microtr\u00e1fico, las autoridades dieron a conocer que lograron la incautaci\u00f3n de m\u00e1s de 50 mil dosis de marihuana, en casos diferentes de capturas e incautaci\u00f3n de sustancias.<\/p>\n\n\n\n<p>\u201cSe resalta que, en planes de control en el kil\u00f3metro 1 v\u00eda La Plata &#8211; Inza Cauca, Polic\u00edas lograron la incautaci\u00f3n de 50 kilos de marihuana que eran transportadas en un veh\u00edculo de servicio p\u00fablico por uno de los pasajeros que ten\u00eda dos maletas cargadas del estupefaciente\u201d, agregaron<\/p>\n\n\n\n<p><strong>Aplicaci\u00f3n al C\u00f3digo de Convivencia<\/strong><\/p>\n\n\n\n<p>En cuanto a la aplicaci\u00f3n del C\u00f3digo de Convivencia y Seguridad Ciudadana, las fuentes oficiales revelaron que fueron impuestos 64 \u00f3rdenes de comparendos por comportamientos contrarios a la convivencia.<\/p>\n\n\n\n<p>\u201cTeniendo como faltas m\u00e1s recurrentes, aquellas que ponen en riesgo la vida e integridad, 51 portar armas, elementos cortantes, punzantes o semejantes y\u00a0 10 portar o consumir sustancias prohibidas en espacios p\u00fablicos,\u00a0\u00a0 cabe resaltar que los municipios con mayor \u00edndice de infracciones son Garz\u00f3n 15, Pitalito 9 y Tello con 4\u201d, puntualizaron.<\/p>\n\n\n\n<figure class=\"wp-block-gallery has-nested-images columns-default is-cropped wp-block-gallery-2 is-layout-flex wp-block-gallery-is-layout-flex\">\n<figure class=\"wp-block-image size-large\"><img decoding=\"async\" data-id=\"50995\" src=\"https:\/\/luchonoticias.com\/wp-content\/uploads\/2023\/04\/WhatsApp-Image-2023-04-23-at-5.56.10-PM-1-1024x768.jpeg\" alt=\"\" class=\"wp-image-50995\"\/><\/figure>\n\n\n\n<figure class=\"wp-block-image size-large\"><img decoding=\"async\" data-id=\"50997\" src=\"https:\/\/luchonoticias.com\/wp-content\/uploads\/2023\/04\/WhatsApp-Image-2023-04-23-at-5.56.07-PM-1-1024x461.jpeg\" alt=\"\" class=\"wp-image-50997\"\/><\/figure>\n\n\n\n<figure class=\"wp-block-image size-large\"><img decoding=\"async\" data-id=\"50996\" src=\"https:\/\/luchonoticias.com\/wp-content\/uploads\/2023\/04\/WhatsApp-Image-2023-04-23-at-5.56.06-PM-1024x769.jpeg\" alt=\"\" class=\"wp-image-50996\"\/><\/figure>\n<\/figure>\n\n\n\n<p><strong>Movilidad en carreteras del Huila<\/strong><\/p>\n\n\n\n<p>Finalmente, en temas de movilidad la Polic\u00eda Nacional indic\u00f3 que, m\u00e1s de 52 mil veh\u00edculos se movilizaron por las v\u00edas del Departamento, de igual forma en la jurisdicci\u00f3n de Polic\u00eda Huila, en las distintas \u00e1reas de control para prevenir la siniestralidad vial, se impusieron un total de 106 \u00f3rdenes de comparendo, de estos, 44 por no tener licencia de conducci\u00f3n.<\/p>\n\n\n\n<p>\u201cHacemos un llamado a los ciudadanos a hacer parte de la red de participaci\u00f3n c\u00edvica de los municipios, igualmente a que informen y denuncien a las personas que infringen las leyes y crean zozobra en la comunidad\u201d, concluyeron.<\/p>\n","protected":false},"excerpt":{"rendered":"<p>El Departamento de Polic\u00eda Huila, dio a conocer en un informe oficial, que durante el fin de semana en el Departamento, gracias a los diversos operativos e implementaci\u00f3n de nuevas tecnolog\u00edas, lograron dar grandes resultados contra la delincuencia. \u201cGracias a los planes desplegados durante el fin de semana en el Departamento de Polic\u00eda Huila, se [&hellip;]<\/p>\n","protected":false},"author":2,"featured_media":0,"comment_status":"open","ping_status":"open","sticky":false,"template":"","format":"standard","meta":{"footnotes":""},"categories":[36,29],"tags":[],"class_list":["post-50990","post","type-post","status-publish","format-standard","hentry","category-destacado","category-judicial"],"yoast_head":"<!-- This site is optimized with the Yoast SEO plugin v26.6 - https:\/\/yoast.com\/wordpress\/plugins\/seo\/ -->\n<title>14 personas capturadas lograron la Polic\u00eda Nacional en el Huila durante el fin de semana -<\/title>\n<meta name=\"robots\" content=\"index, follow, max-snippet:-1, max-image-preview:large, max-video-preview:-1\" \/>\n<link rel=\"canonical\" href=\"https:\/\/luchonoticias.com\/editor\/14-personas-capturadas-lograron-la-policia-nacional-en-el-huila-durante-el-fin-de-semana\/\" \/>\n<meta property=\"og:locale\" content=\"es_ES\" \/>\n<meta property=\"og:type\" content=\"article\" \/>\n<meta property=\"og:title\" content=\"14 personas capturadas lograron la Polic\u00eda Nacional en el Huila durante el fin de semana -\" \/>\n<meta property=\"og:url\" content=\"https:\/\/luchonoticias.com\/editor\/14-personas-capturadas-lograron-la-policia-nacional-en-el-huila-durante-el-fin-de-semana\/\" \/>\n<meta property=\"article:publisher\" content=\"https:\/\/www.facebook.com\/luchonoticiasneiva\" \/>\n<meta property=\"article:published_time\" content=\"2023-04-24T11:55:08+00:00\" \/>\n<meta property=\"article:modified_time\" content=\"2023-04-24T11:55:09+00:00\" \/>\n<meta property=\"og:image\" content=\"https:\/\/luchonoticias.com\/wp-content\/uploads\/2023\/04\/WhatsApp-Image-2023-04-23-at-5.56.09-PM-1-1024x768.jpeg\" \/>\n<meta name=\"author\" content=\"Editor General\" \/>\n<meta name=\"twitter:card\" content=\"summary_large_image\" \/>\n<meta name=\"twitter:label1\" content=\"Escrito por\" \/>\n\t<meta name=\"twitter:data1\" content=\"Editor General\" \/>\n\t<meta name=\"twitter:label2\" content=\"Tiempo de lectura\" \/>\n\t<meta name=\"twitter:data2\" content=\"2 minutos\" \/>\n<script type=\"application\/ld+json\" class=\"yoast-schema-graph\">{\"@context\":\"https:\/\/schema.org\",\"@graph\":[{\"@type\":\"Article\",\"@id\":\"https:\/\/luchonoticias.com\/editor\/14-personas-capturadas-lograron-la-policia-nacional-en-el-huila-durante-el-fin-de-semana\/#article\",\"isPartOf\":{\"@id\":\"https:\/\/luchonoticias.com\/editor\/14-personas-capturadas-lograron-la-policia-nacional-en-el-huila-durante-el-fin-de-semana\/\"},\"author\":{\"name\":\"Editor General\",\"@id\":\"https:\/\/luchonoticias.com\/editor\/#\/schema\/person\/29217990ddf6f14e35912b2866d591fb\"},\"headline\":\"14 personas capturadas lograron la Polic\u00eda Nacional en el Huila durante el fin de semana\",\"datePublished\":\"2023-04-24T11:55:08+00:00\",\"dateModified\":\"2023-04-24T11:55:09+00:00\",\"mainEntityOfPage\":{\"@id\":\"https:\/\/luchonoticias.com\/editor\/14-personas-capturadas-lograron-la-policia-nacional-en-el-huila-durante-el-fin-de-semana\/\"},\"wordCount\":403,\"commentCount\":0,\"publisher\":{\"@id\":\"https:\/\/luchonoticias.com\/editor\/#\/schema\/person\/7a7fd911f58561fd056dbac7b55af9cd\"},\"image\":{\"@id\":\"https:\/\/luchonoticias.com\/editor\/14-personas-capturadas-lograron-la-policia-nacional-en-el-huila-durante-el-fin-de-semana\/#primaryimage\"},\"thumbnailUrl\":\"https:\/\/luchonoticias.com\/wp-content\/uploads\/2023\/04\/WhatsApp-Image-2023-04-23-at-5.56.09-PM-1-1024x768.jpeg\",\"articleSection\":[\"Destacado\",\"Judicial\"],\"inLanguage\":\"es\",\"potentialAction\":[{\"@type\":\"CommentAction\",\"name\":\"Comment\",\"target\":[\"https:\/\/luchonoticias.com\/editor\/14-personas-capturadas-lograron-la-policia-nacional-en-el-huila-durante-el-fin-de-semana\/#respond\"]}]},{\"@type\":\"WebPage\",\"@id\":\"https:\/\/luchonoticias.com\/editor\/14-personas-capturadas-lograron-la-policia-nacional-en-el-huila-durante-el-fin-de-semana\/\",\"url\":\"https:\/\/luchonoticias.com\/editor\/14-personas-capturadas-lograron-la-policia-nacional-en-el-huila-durante-el-fin-de-semana\/\",\"name\":\"14 personas capturadas lograron la Polic\u00eda Nacional en el Huila durante el fin de semana -\",\"isPartOf\":{\"@id\":\"https:\/\/luchonoticias.com\/editor\/#website\"},\"primaryImageOfPage\":{\"@id\":\"https:\/\/luchonoticias.com\/editor\/14-personas-capturadas-lograron-la-policia-nacional-en-el-huila-durante-el-fin-de-semana\/#primaryimage\"},\"image\":{\"@id\":\"https:\/\/luchonoticias.com\/editor\/14-personas-capturadas-lograron-la-policia-nacional-en-el-huila-durante-el-fin-de-semana\/#primaryimage\"},\"thumbnailUrl\":\"https:\/\/luchonoticias.com\/wp-content\/uploads\/2023\/04\/WhatsApp-Image-2023-04-23-at-5.56.09-PM-1-1024x768.jpeg\",\"datePublished\":\"2023-04-24T11:55:08+00:00\",\"dateModified\":\"2023-04-24T11:55:09+00:00\",\"breadcrumb\":{\"@id\":\"https:\/\/luchonoticias.com\/editor\/14-personas-capturadas-lograron-la-policia-nacional-en-el-huila-durante-el-fin-de-semana\/#breadcrumb\"},\"inLanguage\":\"es\",\"potentialAction\":[{\"@type\":\"ReadAction\",\"target\":[\"https:\/\/luchonoticias.com\/editor\/14-personas-capturadas-lograron-la-policia-nacional-en-el-huila-durante-el-fin-de-semana\/\"]}]},{\"@type\":\"ImageObject\",\"inLanguage\":\"es\",\"@id\":\"https:\/\/luchonoticias.com\/editor\/14-personas-capturadas-lograron-la-policia-nacional-en-el-huila-durante-el-fin-de-semana\/#primaryimage\",\"url\":\"https:\/\/luchonoticias.com\/wp-content\/uploads\/2023\/04\/WhatsApp-Image-2023-04-23-at-5.56.09-PM-1-1024x768.jpeg\",\"contentUrl\":\"https:\/\/luchonoticias.com\/wp-content\/uploads\/2023\/04\/WhatsApp-Image-2023-04-23-at-5.56.09-PM-1-1024x768.jpeg\"},{\"@type\":\"BreadcrumbList\",\"@id\":\"https:\/\/luchonoticias.com\/editor\/14-personas-capturadas-lograron-la-policia-nacional-en-el-huila-durante-el-fin-de-semana\/#breadcrumb\",\"itemListElement\":[{\"@type\":\"ListItem\",\"position\":1,\"name\":\"Portada\",\"item\":\"https:\/\/luchonoticias.com\/editor\/\"},{\"@type\":\"ListItem\",\"position\":2,\"name\":\"14 personas capturadas lograron la Polic\u00eda Nacional en el Huila durante el fin de semana\"}]},{\"@type\":\"WebSite\",\"@id\":\"https:\/\/luchonoticias.com\/editor\/#website\",\"url\":\"https:\/\/luchonoticias.com\/editor\/\",\"name\":\"\",\"description\":\"\",\"publisher\":{\"@id\":\"https:\/\/luchonoticias.com\/editor\/#\/schema\/person\/7a7fd911f58561fd056dbac7b55af9cd\"},\"potentialAction\":[{\"@type\":\"SearchAction\",\"target\":{\"@type\":\"EntryPoint\",\"urlTemplate\":\"https:\/\/luchonoticias.com\/editor\/?s={search_term_string}\"},\"query-input\":{\"@type\":\"PropertyValueSpecification\",\"valueRequired\":true,\"valueName\":\"search_term_string\"}}],\"inLanguage\":\"es\"},{\"@type\":[\"Person\",\"Organization\"],\"@id\":\"https:\/\/luchonoticias.com\/editor\/#\/schema\/person\/7a7fd911f58561fd056dbac7b55af9cd\",\"name\":\"admin\",\"image\":{\"@type\":\"ImageObject\",\"inLanguage\":\"es\",\"@id\":\"https:\/\/luchonoticias.com\/editor\/#\/schema\/person\/image\/\",\"url\":\"https:\/\/luchonoticias.com\/editor\/wp-content\/uploads\/2024\/02\/cropped-cropped-logolu.webp\",\"contentUrl\":\"https:\/\/luchonoticias.com\/editor\/wp-content\/uploads\/2024\/02\/cropped-cropped-logolu.webp\",\"width\":382,\"height\":170,\"caption\":\"admin\"},\"logo\":{\"@id\":\"https:\/\/luchonoticias.com\/editor\/#\/schema\/person\/image\/\"},\"sameAs\":[\"https:\/\/www.facebook.com\/luchonoticiasneiva\"]},{\"@type\":\"Person\",\"@id\":\"https:\/\/luchonoticias.com\/editor\/#\/schema\/person\/29217990ddf6f14e35912b2866d591fb\",\"name\":\"Editor General\",\"image\":{\"@type\":\"ImageObject\",\"inLanguage\":\"es\",\"@id\":\"https:\/\/luchonoticias.com\/editor\/#\/schema\/person\/image\/\",\"url\":\"https:\/\/luchonoticias.com\/editor\/wp-content\/uploads\/2024\/02\/cropped-cropped-logolu-150x150.webp\",\"contentUrl\":\"https:\/\/luchonoticias.com\/editor\/wp-content\/uploads\/2024\/02\/cropped-cropped-logolu-150x150.webp\",\"caption\":\"Editor General\"},\"sameAs\":[\"https:\/\/luchonoticias.com\/\"],\"url\":\"https:\/\/luchonoticias.com\/editor\/author\/editor-general\/\"}]}<\/script>\n<!-- \/ Yoast SEO plugin. -->","yoast_head_json":{"title":"14 personas capturadas lograron la Polic\u00eda Nacional en el Huila durante el fin de semana -","robots":{"index":"index","follow":"follow","max-snippet":"max-snippet:-1","max-image-preview":"max-image-preview:large","max-video-preview":"max-video-preview:-1"},"canonical":"https:\/\/luchonoticias.com\/editor\/14-personas-capturadas-lograron-la-policia-nacional-en-el-huila-durante-el-fin-de-semana\/","og_locale":"es_ES","og_type":"article","og_title":"14 personas capturadas lograron la Polic\u00eda Nacional en el Huila durante el fin de semana -","og_url":"https:\/\/luchonoticias.com\/editor\/14-personas-capturadas-lograron-la-policia-nacional-en-el-huila-durante-el-fin-de-semana\/","article_publisher":"https:\/\/www.facebook.com\/luchonoticiasneiva","article_published_time":"2023-04-24T11:55:08+00:00","article_modified_time":"2023-04-24T11:55:09+00:00","og_image":[{"url":"https:\/\/luchonoticias.com\/wp-content\/uploads\/2023\/04\/WhatsApp-Image-2023-04-23-at-5.56.09-PM-1-1024x768.jpeg","type":"","width":"","height":""}],"author":"Editor General","twitter_card":"summary_large_image","twitter_misc":{"Escrito por":"Editor General","Tiempo de lectura":"2 minutos"},"schema":{"@context":"https:\/\/schema.org","@graph":[{"@type":"Article","@id":"https:\/\/luchonoticias.com\/editor\/14-personas-capturadas-lograron-la-policia-nacional-en-el-huila-durante-el-fin-de-semana\/#article","isPartOf":{"@id":"https:\/\/luchonoticias.com\/editor\/14-personas-capturadas-lograron-la-policia-nacional-en-el-huila-durante-el-fin-de-semana\/"},"author":{"name":"Editor General","@id":"https:\/\/luchonoticias.com\/editor\/#\/schema\/person\/29217990ddf6f14e35912b2866d591fb"},"headline":"14 personas capturadas lograron la Polic\u00eda Nacional en el Huila durante el fin de semana","datePublished":"2023-04-24T11:55:08+00:00","dateModified":"2023-04-24T11:55:09+00:00","mainEntityOfPage":{"@id":"https:\/\/luchonoticias.com\/editor\/14-personas-capturadas-lograron-la-policia-nacional-en-el-huila-durante-el-fin-de-semana\/"},"wordCount":403,"commentCount":0,"publisher":{"@id":"https:\/\/luchonoticias.com\/editor\/#\/schema\/person\/7a7fd911f58561fd056dbac7b55af9cd"},"image":{"@id":"https:\/\/luchonoticias.com\/editor\/14-personas-capturadas-lograron-la-policia-nacional-en-el-huila-durante-el-fin-de-semana\/#primaryimage"},"thumbnailUrl":"https:\/\/luchonoticias.com\/wp-content\/uploads\/2023\/04\/WhatsApp-Image-2023-04-23-at-5.56.09-PM-1-1024x768.jpeg","articleSection":["Destacado","Judicial"],"inLanguage":"es","potentialAction":[{"@type":"CommentAction","name":"Comment","target":["https:\/\/luchonoticias.com\/editor\/14-personas-capturadas-lograron-la-policia-nacional-en-el-huila-durante-el-fin-de-semana\/#respond"]}]},{"@type":"WebPage","@id":"https:\/\/luchonoticias.com\/editor\/14-personas-capturadas-lograron-la-policia-nacional-en-el-huila-durante-el-fin-de-semana\/","url":"https:\/\/luchonoticias.com\/editor\/14-personas-capturadas-lograron-la-policia-nacional-en-el-huila-durante-el-fin-de-semana\/","name":"14 personas capturadas lograron la Polic\u00eda Nacional en el Huila durante el fin de semana -","isPartOf":{"@id":"https:\/\/luchonoticias.com\/editor\/#website"},"primaryImageOfPage":{"@id":"https:\/\/luchonoticias.com\/editor\/14-personas-capturadas-lograron-la-policia-nacional-en-el-huila-durante-el-fin-de-semana\/#primaryimage"},"image":{"@id":"https:\/\/luchonoticias.com\/editor\/14-personas-capturadas-lograron-la-policia-nacional-en-el-huila-durante-el-fin-de-semana\/#primaryimage"},"thumbnailUrl":"https:\/\/luchonoticias.com\/wp-content\/uploads\/2023\/04\/WhatsApp-Image-2023-04-23-at-5.56.09-PM-1-1024x768.jpeg","datePublished":"2023-04-24T11:55:08+00:00","dateModified":"2023-04-24T11:55:09+00:00","breadcrumb":{"@id":"https:\/\/luchonoticias.com\/editor\/14-personas-capturadas-lograron-la-policia-nacional-en-el-huila-durante-el-fin-de-semana\/#breadcrumb"},"inLanguage":"es","potentialAction":[{"@type":"ReadAction","target":["https:\/\/luchonoticias.com\/editor\/14-personas-capturadas-lograron-la-policia-nacional-en-el-huila-durante-el-fin-de-semana\/"]}]},{"@type":"ImageObject","inLanguage":"es","@id":"https:\/\/luchonoticias.com\/editor\/14-personas-capturadas-lograron-la-policia-nacional-en-el-huila-durante-el-fin-de-semana\/#primaryimage","url":"https:\/\/luchonoticias.com\/wp-content\/uploads\/2023\/04\/WhatsApp-Image-2023-04-23-at-5.56.09-PM-1-1024x768.jpeg","contentUrl":"https:\/\/luchonoticias.com\/wp-content\/uploads\/2023\/04\/WhatsApp-Image-2023-04-23-at-5.56.09-PM-1-1024x768.jpeg"},{"@type":"BreadcrumbList","@id":"https:\/\/luchonoticias.com\/editor\/14-personas-capturadas-lograron-la-policia-nacional-en-el-huila-durante-el-fin-de-semana\/#breadcrumb","itemListElement":[{"@type":"ListItem","position":1,"name":"Portada","item":"https:\/\/luchonoticias.com\/editor\/"},{"@type":"ListItem","position":2,"name":"14 personas capturadas lograron la Polic\u00eda Nacional en el Huila durante el fin de semana"}]},{"@type":"WebSite","@id":"https:\/\/luchonoticias.com\/editor\/#website","url":"https:\/\/luchonoticias.com\/editor\/","name":"","description":"","publisher":{"@id":"https:\/\/luchonoticias.com\/editor\/#\/schema\/person\/7a7fd911f58561fd056dbac7b55af9cd"},"potentialAction":[{"@type":"SearchAction","target":{"@type":"EntryPoint","urlTemplate":"https:\/\/luchonoticias.com\/editor\/?s={search_term_string}"},"query-input":{"@type":"PropertyValueSpecification","valueRequired":true,"valueName":"search_term_string"}}],"inLanguage":"es"},{"@type":["Person","Organization"],"@id":"https:\/\/luchonoticias.com\/editor\/#\/schema\/person\/7a7fd911f58561fd056dbac7b55af9cd","name":"admin","image":{"@type":"ImageObject","inLanguage":"es","@id":"https:\/\/luchonoticias.com\/editor\/#\/schema\/person\/image\/","url":"https:\/\/luchonoticias.com\/editor\/wp-content\/uploads\/2024\/02\/cropped-cropped-logolu.webp","contentUrl":"https:\/\/luchonoticias.com\/editor\/wp-content\/uploads\/2024\/02\/cropped-cropped-logolu.webp","width":382,"height":170,"caption":"admin"},"logo":{"@id":"https:\/\/luchonoticias.com\/editor\/#\/schema\/person\/image\/"},"sameAs":["https:\/\/www.facebook.com\/luchonoticiasneiva"]},{"@type":"Person","@id":"https:\/\/luchonoticias.com\/editor\/#\/schema\/person\/29217990ddf6f14e35912b2866d591fb","name":"Editor General","image":{"@type":"ImageObject","inLanguage":"es","@id":"https:\/\/luchonoticias.com\/editor\/#\/schema\/person\/image\/","url":"https:\/\/luchonoticias.com\/editor\/wp-content\/uploads\/2024\/02\/cropped-cropped-logolu-150x150.webp","contentUrl":"https:\/\/luchonoticias.com\/editor\/wp-content\/uploads\/2024\/02\/cropped-cropped-logolu-150x150.webp","caption":"Editor General"},"sameAs":["https:\/\/luchonoticias.com\/"],"url":"https:\/\/luchonoticias.com\/editor\/author\/editor-general\/"}]}},"_links":{"self":[{"href":"https:\/\/luchonoticias.com\/editor\/wp-json\/wp\/v2\/posts\/50990","targetHints":{"allow":["GET"]}}],"collection":[{"href":"https:\/\/luchonoticias.com\/editor\/wp-json\/wp\/v2\/posts"}],"about":[{"href":"https:\/\/luchonoticias.com\/editor\/wp-json\/wp\/v2\/types\/post"}],"author":[{"embeddable":true,"href":"https:\/\/luchonoticias.com\/editor\/wp-json\/wp\/v2\/users\/2"}],"replies":[{"embeddable":true,"href":"https:\/\/luchonoticias.com\/editor\/wp-json\/wp\/v2\/comments?post=50990"}],"version-history":[{"count":0,"href":"https:\/\/luchonoticias.com\/editor\/wp-json\/wp\/v2\/posts\/50990\/revisions"}],"wp:attachment":[{"href":"https:\/\/luchonoticias.com\/editor\/wp-json\/wp\/v2\/media?parent=50990"}],"wp:term":[{"taxonomy":"category","embeddable":true,"href":"https:\/\/luchonoticias.com\/editor\/wp-json\/wp\/v2\/categories?post=50990"},{"taxonomy":"post_tag","embeddable":true,"href":"https:\/\/luchonoticias.com\/editor\/wp-json\/wp\/v2\/tags?post=50990"}],"curies":[{"name":"wp","href":"https:\/\/api.w.org\/{rel}","templated":true}]}}