{"id":51258,"date":"2023-04-27T07:20:41","date_gmt":"2023-04-27T12:20:41","guid":{"rendered":"https:\/\/luchonoticias.com\/?p=51258"},"modified":"2023-04-27T07:20:42","modified_gmt":"2023-04-27T12:20:42","slug":"trabajadores-de-viva-air-esperan-decision-final-de-la-aeronautica-civil-para-iniciar-la-integracion-con-avianca-y-asi-no-perder-sus-empleos","status":"publish","type":"post","link":"https:\/\/luchonoticias.com\/editor\/trabajadores-de-viva-air-esperan-decision-final-de-la-aeronautica-civil-para-iniciar-la-integracion-con-avianca-y-asi-no-perder-sus-empleos\/","title":{"rendered":"Trabajadores de Viva Air esperan decisi\u00f3n final de la Aeron\u00e1utica Civil para\u00a0 iniciar la integraci\u00f3n con Avianca y as\u00ed no perder sus empleos"},"content":{"rendered":"\n<p>Tras casi dos meses de la suspensi\u00f3n de operaciones por parte de la aerol\u00ednea Viva Air, ya se han visto afectados cerca de 380 empleos; aunque la compa\u00f1\u00eda devolvi\u00f3 varias aeronaves y otras permanecen en tierra, los aviones as\u00ed no se encuentren en operaci\u00f3n demandan mantenimientos. As\u00ed mismo, los trabajadores siguen recibiendo su salario b\u00e1sico as\u00ed no est\u00e9n volando en la actualidad, situaci\u00f3n que financieramente no es sostenible por mucho tiempo y m\u00e1s para una empresa en crisis.&nbsp;<\/p>\n\n\n\n<p>Ante esta situaci\u00f3n \u201cdesde el Sindicato de trabajadores a\u00e9reos hacemos un llamado a la Aeron\u00e1utica Civil, para que responda prontamente si mantiene o modifica los condicionamientos que estableci\u00f3 para autorizar la integraci\u00f3n entre Avianca y Viva Air \u201d, indic\u00f3 el Asesor Legal de los trabajadores a\u00e9reos en Colombia, Carlos Roncancio.&nbsp;<\/p>\n\n\n\n<p>La entidad oficial debe dar respuesta a los recursos presentados por las aerol\u00edneas en los que le piden reconsiderar algunas posturas como la de autorizar vuelos de Viva solo en horarios con baja afluencia de viajeros o imponer restricciones en algunas rutas, lo que seg\u00fan las compa\u00f1\u00edas a\u00e9reas no har\u00eda viable la operaci\u00f3n.&nbsp;<\/p>\n\n\n\n<p>\u201cEl prop\u00f3sito es salvar a Viva Air y mantener los cerca de 5 mil empleos que est\u00e1n en riesgo. Una empresa cesante demanda gastos pero no recibe ingresos, solo queremos una decisi\u00f3n pronta y saber los condicionamientos reales, que reiteramos deben ser acordes para tener una mayor maniobra operacional y as\u00ed garantizar la sostenibilidad tanto de Avianca como de Viva Air y de esta manera evitar m\u00e1s afectaciones al turismo, uno de los sectores m\u00e1s golpeados con esta situaci\u00f3n \u201d, puntualiz\u00f3 Roncancio.&nbsp;<\/p>\n\n\n\n<p>Cabe recordar que&nbsp; reactivar una l\u00ednea a\u00e9rea demanda de tiempo porque se tuvo una reducci\u00f3n considerable de personal y las aeronaves y otros procesos requieren de habilitaciones t\u00e9cnicas que algunas expiran y otras deben tramitarse nuevamente.&nbsp;<\/p>\n\n\n\n<p>La Procuradur\u00eda General de la Naci\u00f3n inform\u00f3 hoy que \u00abla integraci\u00f3n entre Avianca y Viva Air nada que despega por la vinculaci\u00f3n de terceros y que la Aerocivil a\u00fan no responde a los recursos presentados por las aerol\u00edneas retrasando el proceso\u00bb<\/p>\n","protected":false},"excerpt":{"rendered":"<p>Tras casi dos meses de la suspensi\u00f3n de operaciones por parte de la aerol\u00ednea Viva Air, ya se han visto afectados cerca de 380 empleos; aunque la compa\u00f1\u00eda devolvi\u00f3 varias aeronaves y otras permanecen en tierra, los aviones as\u00ed no se encuentren en operaci\u00f3n demandan mantenimientos. As\u00ed mismo, los trabajadores siguen recibiendo su salario b\u00e1sico [&hellip;]<\/p>\n","protected":false},"author":2,"featured_media":0,"comment_status":"open","ping_status":"open","sticky":false,"template":"","format":"standard","meta":{"footnotes":""},"categories":[28,36],"tags":[],"class_list":["post-51258","post","type-post","status-publish","format-standard","hentry","category-actualidad","category-destacado"],"yoast_head":"<!-- This site is optimized with the Yoast SEO plugin v26.6 - https:\/\/yoast.com\/wordpress\/plugins\/seo\/ -->\n<title>Trabajadores de Viva Air esperan decisi\u00f3n final de la Aeron\u00e1utica Civil para\u00a0 iniciar la integraci\u00f3n con Avianca y as\u00ed no perder sus empleos -<\/title>\n<meta name=\"robots\" content=\"index, follow, max-snippet:-1, max-image-preview:large, max-video-preview:-1\" \/>\n<link rel=\"canonical\" href=\"https:\/\/luchonoticias.com\/editor\/trabajadores-de-viva-air-esperan-decision-final-de-la-aeronautica-civil-para-iniciar-la-integracion-con-avianca-y-asi-no-perder-sus-empleos\/\" \/>\n<meta property=\"og:locale\" content=\"es_ES\" \/>\n<meta property=\"og:type\" content=\"article\" \/>\n<meta property=\"og:title\" content=\"Trabajadores de Viva Air esperan decisi\u00f3n final de la Aeron\u00e1utica Civil para\u00a0 iniciar la integraci\u00f3n con Avianca y as\u00ed no perder sus empleos -\" \/>\n<meta property=\"og:url\" content=\"https:\/\/luchonoticias.com\/editor\/trabajadores-de-viva-air-esperan-decision-final-de-la-aeronautica-civil-para-iniciar-la-integracion-con-avianca-y-asi-no-perder-sus-empleos\/\" \/>\n<meta property=\"article:publisher\" content=\"https:\/\/www.facebook.com\/luchonoticiasneiva\" \/>\n<meta property=\"article:published_time\" content=\"2023-04-27T12:20:41+00:00\" \/>\n<meta property=\"article:modified_time\" content=\"2023-04-27T12:20:42+00:00\" \/>\n<meta name=\"author\" content=\"Editor General\" \/>\n<meta name=\"twitter:card\" content=\"summary_large_image\" \/>\n<meta name=\"twitter:label1\" content=\"Escrito por\" \/>\n\t<meta name=\"twitter:data1\" content=\"Editor General\" \/>\n\t<meta name=\"twitter:label2\" content=\"Tiempo de lectura\" \/>\n\t<meta name=\"twitter:data2\" content=\"2 minutos\" \/>\n<script type=\"application\/ld+json\" class=\"yoast-schema-graph\">{\"@context\":\"https:\/\/schema.org\",\"@graph\":[{\"@type\":\"Article\",\"@id\":\"https:\/\/luchonoticias.com\/editor\/trabajadores-de-viva-air-esperan-decision-final-de-la-aeronautica-civil-para-iniciar-la-integracion-con-avianca-y-asi-no-perder-sus-empleos\/#article\",\"isPartOf\":{\"@id\":\"https:\/\/luchonoticias.com\/editor\/trabajadores-de-viva-air-esperan-decision-final-de-la-aeronautica-civil-para-iniciar-la-integracion-con-avianca-y-asi-no-perder-sus-empleos\/\"},\"author\":{\"name\":\"Editor General\",\"@id\":\"https:\/\/luchonoticias.com\/editor\/#\/schema\/person\/29217990ddf6f14e35912b2866d591fb\"},\"headline\":\"Trabajadores de Viva Air esperan decisi\u00f3n final de la Aeron\u00e1utica Civil para\u00a0 iniciar la integraci\u00f3n con Avianca y as\u00ed no perder sus empleos\",\"datePublished\":\"2023-04-27T12:20:41+00:00\",\"dateModified\":\"2023-04-27T12:20:42+00:00\",\"mainEntityOfPage\":{\"@id\":\"https:\/\/luchonoticias.com\/editor\/trabajadores-de-viva-air-esperan-decision-final-de-la-aeronautica-civil-para-iniciar-la-integracion-con-avianca-y-asi-no-perder-sus-empleos\/\"},\"wordCount\":403,\"commentCount\":0,\"publisher\":{\"@id\":\"https:\/\/luchonoticias.com\/editor\/#\/schema\/person\/7a7fd911f58561fd056dbac7b55af9cd\"},\"articleSection\":[\"Actualidad\",\"Destacado\"],\"inLanguage\":\"es\",\"potentialAction\":[{\"@type\":\"CommentAction\",\"name\":\"Comment\",\"target\":[\"https:\/\/luchonoticias.com\/editor\/trabajadores-de-viva-air-esperan-decision-final-de-la-aeronautica-civil-para-iniciar-la-integracion-con-avianca-y-asi-no-perder-sus-empleos\/#respond\"]}]},{\"@type\":\"WebPage\",\"@id\":\"https:\/\/luchonoticias.com\/editor\/trabajadores-de-viva-air-esperan-decision-final-de-la-aeronautica-civil-para-iniciar-la-integracion-con-avianca-y-asi-no-perder-sus-empleos\/\",\"url\":\"https:\/\/luchonoticias.com\/editor\/trabajadores-de-viva-air-esperan-decision-final-de-la-aeronautica-civil-para-iniciar-la-integracion-con-avianca-y-asi-no-perder-sus-empleos\/\",\"name\":\"Trabajadores de Viva Air esperan decisi\u00f3n final de la Aeron\u00e1utica Civil para\u00a0 iniciar la integraci\u00f3n con Avianca y as\u00ed no perder sus empleos -\",\"isPartOf\":{\"@id\":\"https:\/\/luchonoticias.com\/editor\/#website\"},\"datePublished\":\"2023-04-27T12:20:41+00:00\",\"dateModified\":\"2023-04-27T12:20:42+00:00\",\"breadcrumb\":{\"@id\":\"https:\/\/luchonoticias.com\/editor\/trabajadores-de-viva-air-esperan-decision-final-de-la-aeronautica-civil-para-iniciar-la-integracion-con-avianca-y-asi-no-perder-sus-empleos\/#breadcrumb\"},\"inLanguage\":\"es\",\"potentialAction\":[{\"@type\":\"ReadAction\",\"target\":[\"https:\/\/luchonoticias.com\/editor\/trabajadores-de-viva-air-esperan-decision-final-de-la-aeronautica-civil-para-iniciar-la-integracion-con-avianca-y-asi-no-perder-sus-empleos\/\"]}]},{\"@type\":\"BreadcrumbList\",\"@id\":\"https:\/\/luchonoticias.com\/editor\/trabajadores-de-viva-air-esperan-decision-final-de-la-aeronautica-civil-para-iniciar-la-integracion-con-avianca-y-asi-no-perder-sus-empleos\/#breadcrumb\",\"itemListElement\":[{\"@type\":\"ListItem\",\"position\":1,\"name\":\"Portada\",\"item\":\"https:\/\/luchonoticias.com\/editor\/\"},{\"@type\":\"ListItem\",\"position\":2,\"name\":\"Trabajadores de Viva Air esperan decisi\u00f3n final de la Aeron\u00e1utica Civil para\u00a0 iniciar la integraci\u00f3n con Avianca y as\u00ed no perder sus empleos\"}]},{\"@type\":\"WebSite\",\"@id\":\"https:\/\/luchonoticias.com\/editor\/#website\",\"url\":\"https:\/\/luchonoticias.com\/editor\/\",\"name\":\"\",\"description\":\"\",\"publisher\":{\"@id\":\"https:\/\/luchonoticias.com\/editor\/#\/schema\/person\/7a7fd911f58561fd056dbac7b55af9cd\"},\"potentialAction\":[{\"@type\":\"SearchAction\",\"target\":{\"@type\":\"EntryPoint\",\"urlTemplate\":\"https:\/\/luchonoticias.com\/editor\/?s={search_term_string}\"},\"query-input\":{\"@type\":\"PropertyValueSpecification\",\"valueRequired\":true,\"valueName\":\"search_term_string\"}}],\"inLanguage\":\"es\"},{\"@type\":[\"Person\",\"Organization\"],\"@id\":\"https:\/\/luchonoticias.com\/editor\/#\/schema\/person\/7a7fd911f58561fd056dbac7b55af9cd\",\"name\":\"admin\",\"image\":{\"@type\":\"ImageObject\",\"inLanguage\":\"es\",\"@id\":\"https:\/\/luchonoticias.com\/editor\/#\/schema\/person\/image\/\",\"url\":\"https:\/\/luchonoticias.com\/editor\/wp-content\/uploads\/2024\/02\/cropped-cropped-logolu.webp\",\"contentUrl\":\"https:\/\/luchonoticias.com\/editor\/wp-content\/uploads\/2024\/02\/cropped-cropped-logolu.webp\",\"width\":382,\"height\":170,\"caption\":\"admin\"},\"logo\":{\"@id\":\"https:\/\/luchonoticias.com\/editor\/#\/schema\/person\/image\/\"},\"sameAs\":[\"https:\/\/www.facebook.com\/luchonoticiasneiva\"]},{\"@type\":\"Person\",\"@id\":\"https:\/\/luchonoticias.com\/editor\/#\/schema\/person\/29217990ddf6f14e35912b2866d591fb\",\"name\":\"Editor General\",\"image\":{\"@type\":\"ImageObject\",\"inLanguage\":\"es\",\"@id\":\"https:\/\/luchonoticias.com\/editor\/#\/schema\/person\/image\/\",\"url\":\"https:\/\/luchonoticias.com\/editor\/wp-content\/uploads\/2024\/02\/cropped-cropped-logolu-150x150.webp\",\"contentUrl\":\"https:\/\/luchonoticias.com\/editor\/wp-content\/uploads\/2024\/02\/cropped-cropped-logolu-150x150.webp\",\"caption\":\"Editor General\"},\"sameAs\":[\"https:\/\/luchonoticias.com\/\"],\"url\":\"https:\/\/luchonoticias.com\/editor\/author\/editor-general\/\"}]}<\/script>\n<!-- \/ Yoast SEO plugin. -->","yoast_head_json":{"title":"Trabajadores de Viva Air esperan decisi\u00f3n final de la Aeron\u00e1utica Civil para\u00a0 iniciar la integraci\u00f3n con Avianca y as\u00ed no perder sus empleos -","robots":{"index":"index","follow":"follow","max-snippet":"max-snippet:-1","max-image-preview":"max-image-preview:large","max-video-preview":"max-video-preview:-1"},"canonical":"https:\/\/luchonoticias.com\/editor\/trabajadores-de-viva-air-esperan-decision-final-de-la-aeronautica-civil-para-iniciar-la-integracion-con-avianca-y-asi-no-perder-sus-empleos\/","og_locale":"es_ES","og_type":"article","og_title":"Trabajadores de Viva Air esperan decisi\u00f3n final de la Aeron\u00e1utica Civil para\u00a0 iniciar la integraci\u00f3n con Avianca y as\u00ed no perder sus empleos -","og_url":"https:\/\/luchonoticias.com\/editor\/trabajadores-de-viva-air-esperan-decision-final-de-la-aeronautica-civil-para-iniciar-la-integracion-con-avianca-y-asi-no-perder-sus-empleos\/","article_publisher":"https:\/\/www.facebook.com\/luchonoticiasneiva","article_published_time":"2023-04-27T12:20:41+00:00","article_modified_time":"2023-04-27T12:20:42+00:00","author":"Editor General","twitter_card":"summary_large_image","twitter_misc":{"Escrito por":"Editor General","Tiempo de lectura":"2 minutos"},"schema":{"@context":"https:\/\/schema.org","@graph":[{"@type":"Article","@id":"https:\/\/luchonoticias.com\/editor\/trabajadores-de-viva-air-esperan-decision-final-de-la-aeronautica-civil-para-iniciar-la-integracion-con-avianca-y-asi-no-perder-sus-empleos\/#article","isPartOf":{"@id":"https:\/\/luchonoticias.com\/editor\/trabajadores-de-viva-air-esperan-decision-final-de-la-aeronautica-civil-para-iniciar-la-integracion-con-avianca-y-asi-no-perder-sus-empleos\/"},"author":{"name":"Editor General","@id":"https:\/\/luchonoticias.com\/editor\/#\/schema\/person\/29217990ddf6f14e35912b2866d591fb"},"headline":"Trabajadores de Viva Air esperan decisi\u00f3n final de la Aeron\u00e1utica Civil para\u00a0 iniciar la integraci\u00f3n con Avianca y as\u00ed no perder sus empleos","datePublished":"2023-04-27T12:20:41+00:00","dateModified":"2023-04-27T12:20:42+00:00","mainEntityOfPage":{"@id":"https:\/\/luchonoticias.com\/editor\/trabajadores-de-viva-air-esperan-decision-final-de-la-aeronautica-civil-para-iniciar-la-integracion-con-avianca-y-asi-no-perder-sus-empleos\/"},"wordCount":403,"commentCount":0,"publisher":{"@id":"https:\/\/luchonoticias.com\/editor\/#\/schema\/person\/7a7fd911f58561fd056dbac7b55af9cd"},"articleSection":["Actualidad","Destacado"],"inLanguage":"es","potentialAction":[{"@type":"CommentAction","name":"Comment","target":["https:\/\/luchonoticias.com\/editor\/trabajadores-de-viva-air-esperan-decision-final-de-la-aeronautica-civil-para-iniciar-la-integracion-con-avianca-y-asi-no-perder-sus-empleos\/#respond"]}]},{"@type":"WebPage","@id":"https:\/\/luchonoticias.com\/editor\/trabajadores-de-viva-air-esperan-decision-final-de-la-aeronautica-civil-para-iniciar-la-integracion-con-avianca-y-asi-no-perder-sus-empleos\/","url":"https:\/\/luchonoticias.com\/editor\/trabajadores-de-viva-air-esperan-decision-final-de-la-aeronautica-civil-para-iniciar-la-integracion-con-avianca-y-asi-no-perder-sus-empleos\/","name":"Trabajadores de Viva Air esperan decisi\u00f3n final de la Aeron\u00e1utica Civil para\u00a0 iniciar la integraci\u00f3n con Avianca y as\u00ed no perder sus empleos -","isPartOf":{"@id":"https:\/\/luchonoticias.com\/editor\/#website"},"datePublished":"2023-04-27T12:20:41+00:00","dateModified":"2023-04-27T12:20:42+00:00","breadcrumb":{"@id":"https:\/\/luchonoticias.com\/editor\/trabajadores-de-viva-air-esperan-decision-final-de-la-aeronautica-civil-para-iniciar-la-integracion-con-avianca-y-asi-no-perder-sus-empleos\/#breadcrumb"},"inLanguage":"es","potentialAction":[{"@type":"ReadAction","target":["https:\/\/luchonoticias.com\/editor\/trabajadores-de-viva-air-esperan-decision-final-de-la-aeronautica-civil-para-iniciar-la-integracion-con-avianca-y-asi-no-perder-sus-empleos\/"]}]},{"@type":"BreadcrumbList","@id":"https:\/\/luchonoticias.com\/editor\/trabajadores-de-viva-air-esperan-decision-final-de-la-aeronautica-civil-para-iniciar-la-integracion-con-avianca-y-asi-no-perder-sus-empleos\/#breadcrumb","itemListElement":[{"@type":"ListItem","position":1,"name":"Portada","item":"https:\/\/luchonoticias.com\/editor\/"},{"@type":"ListItem","position":2,"name":"Trabajadores de Viva Air esperan decisi\u00f3n final de la Aeron\u00e1utica Civil para\u00a0 iniciar la integraci\u00f3n con Avianca y as\u00ed no perder sus empleos"}]},{"@type":"WebSite","@id":"https:\/\/luchonoticias.com\/editor\/#website","url":"https:\/\/luchonoticias.com\/editor\/","name":"","description":"","publisher":{"@id":"https:\/\/luchonoticias.com\/editor\/#\/schema\/person\/7a7fd911f58561fd056dbac7b55af9cd"},"potentialAction":[{"@type":"SearchAction","target":{"@type":"EntryPoint","urlTemplate":"https:\/\/luchonoticias.com\/editor\/?s={search_term_string}"},"query-input":{"@type":"PropertyValueSpecification","valueRequired":true,"valueName":"search_term_string"}}],"inLanguage":"es"},{"@type":["Person","Organization"],"@id":"https:\/\/luchonoticias.com\/editor\/#\/schema\/person\/7a7fd911f58561fd056dbac7b55af9cd","name":"admin","image":{"@type":"ImageObject","inLanguage":"es","@id":"https:\/\/luchonoticias.com\/editor\/#\/schema\/person\/image\/","url":"https:\/\/luchonoticias.com\/editor\/wp-content\/uploads\/2024\/02\/cropped-cropped-logolu.webp","contentUrl":"https:\/\/luchonoticias.com\/editor\/wp-content\/uploads\/2024\/02\/cropped-cropped-logolu.webp","width":382,"height":170,"caption":"admin"},"logo":{"@id":"https:\/\/luchonoticias.com\/editor\/#\/schema\/person\/image\/"},"sameAs":["https:\/\/www.facebook.com\/luchonoticiasneiva"]},{"@type":"Person","@id":"https:\/\/luchonoticias.com\/editor\/#\/schema\/person\/29217990ddf6f14e35912b2866d591fb","name":"Editor General","image":{"@type":"ImageObject","inLanguage":"es","@id":"https:\/\/luchonoticias.com\/editor\/#\/schema\/person\/image\/","url":"https:\/\/luchonoticias.com\/editor\/wp-content\/uploads\/2024\/02\/cropped-cropped-logolu-150x150.webp","contentUrl":"https:\/\/luchonoticias.com\/editor\/wp-content\/uploads\/2024\/02\/cropped-cropped-logolu-150x150.webp","caption":"Editor General"},"sameAs":["https:\/\/luchonoticias.com\/"],"url":"https:\/\/luchonoticias.com\/editor\/author\/editor-general\/"}]}},"_links":{"self":[{"href":"https:\/\/luchonoticias.com\/editor\/wp-json\/wp\/v2\/posts\/51258","targetHints":{"allow":["GET"]}}],"collection":[{"href":"https:\/\/luchonoticias.com\/editor\/wp-json\/wp\/v2\/posts"}],"about":[{"href":"https:\/\/luchonoticias.com\/editor\/wp-json\/wp\/v2\/types\/post"}],"author":[{"embeddable":true,"href":"https:\/\/luchonoticias.com\/editor\/wp-json\/wp\/v2\/users\/2"}],"replies":[{"embeddable":true,"href":"https:\/\/luchonoticias.com\/editor\/wp-json\/wp\/v2\/comments?post=51258"}],"version-history":[{"count":0,"href":"https:\/\/luchonoticias.com\/editor\/wp-json\/wp\/v2\/posts\/51258\/revisions"}],"wp:attachment":[{"href":"https:\/\/luchonoticias.com\/editor\/wp-json\/wp\/v2\/media?parent=51258"}],"wp:term":[{"taxonomy":"category","embeddable":true,"href":"https:\/\/luchonoticias.com\/editor\/wp-json\/wp\/v2\/categories?post=51258"},{"taxonomy":"post_tag","embeddable":true,"href":"https:\/\/luchonoticias.com\/editor\/wp-json\/wp\/v2\/tags?post=51258"}],"curies":[{"name":"wp","href":"https:\/\/api.w.org\/{rel}","templated":true}]}}