{"id":51345,"date":"2023-04-28T06:02:35","date_gmt":"2023-04-28T11:02:35","guid":{"rendered":"https:\/\/luchonoticias.com\/?p=51345"},"modified":"2023-04-28T06:02:36","modified_gmt":"2023-04-28T11:02:36","slug":"hoy-viernes-arrancan-las-rondas-sampedrinas-en-la-capital-huilense","status":"publish","type":"post","link":"https:\/\/luchonoticias.com\/editor\/hoy-viernes-arrancan-las-rondas-sampedrinas-en-la-capital-huilense\/","title":{"rendered":"Hoy viernes arrancan las Rondas Sampedrinas en la Capital Huilense"},"content":{"rendered":"\n<p>Para dar inicio a la programaci\u00f3n de las Rondas Sampedrinas del Festival de San Juan y San Pedro, en su versi\u00f3n 62, el polideportivo de Pe\u00f1\u00f3n Redondo ser\u00e1 el primer escenario que acoger\u00e1 a los neivanos en este 2023, desde las 6:00 de la tarde de este viernes 28 de abril, donde las candidatas de los barrios que conforman las comunas 6 y 8 interpretar\u00e1n el Sanjuanero Huilense, para ser seleccionadas al Reinado Popular.<\/p>\n\n\n\n<p>\u201cEl desarrollo de la programaci\u00f3n de las Rondas Sampedrinas, es una de las actividades m\u00e1s importantes de nuestro festival, all\u00ed se viven las fiestas como deben ser, desde la base de nuestra ciudad, con la comunidad, con el pueblo. All\u00ed es donde uno ve los mejores Sanjuaneros y las candidatas que participan en estas eliminatorias son quienes dan la apertura a estas fiestas tan importantes para nuestra regi\u00f3n\u201d, expres\u00f3 Marieta Trujillo, secretaria de Cultura de Neiva.<\/p>\n\n\n\n<p>Frente a esta programaci\u00f3n, la Alcald\u00eda de Neiva, en cabeza del Alcalde Gorky Mu\u00f1oz, invita y espera a todos los neivanos para que participen y vivan la tradici\u00f3n, la cultura y el folclor de nuestro municipio.<\/p>\n\n\n\n<p><strong>Conozca la agenda de las Rondas Sampedrinas del Festival del Bambuco 2023.<\/strong><\/p>\n\n\n\n<figure class=\"wp-block-image size-large\"><img decoding=\"async\" src=\"https:\/\/luchonoticias.com\/wp-content\/uploads\/2023\/04\/WhatsApp-Image-2023-04-27-at-10.50.07-PM-1024x1024.jpeg\" alt=\"\" class=\"wp-image-51347\"\/><\/figure>\n","protected":false},"excerpt":{"rendered":"<p>Para dar inicio a la programaci\u00f3n de las Rondas Sampedrinas del Festival de San Juan y San Pedro, en su versi\u00f3n 62, el polideportivo de Pe\u00f1\u00f3n Redondo ser\u00e1 el primer escenario que acoger\u00e1 a los neivanos en este 2023, desde las 6:00 de la tarde de este viernes 28 de abril, donde las candidatas de [&hellip;]<\/p>\n","protected":false},"author":2,"featured_media":0,"comment_status":"open","ping_status":"open","sticky":false,"template":"","format":"standard","meta":{"footnotes":""},"categories":[36,31],"tags":[],"class_list":["post-51345","post","type-post","status-publish","format-standard","hentry","category-destacado","category-local"],"yoast_head":"<!-- This site is optimized with the Yoast SEO plugin v26.6 - https:\/\/yoast.com\/wordpress\/plugins\/seo\/ -->\n<title>Hoy viernes arrancan las Rondas Sampedrinas en la Capital Huilense -<\/title>\n<meta name=\"robots\" content=\"index, follow, max-snippet:-1, max-image-preview:large, max-video-preview:-1\" \/>\n<link rel=\"canonical\" href=\"https:\/\/luchonoticias.com\/editor\/hoy-viernes-arrancan-las-rondas-sampedrinas-en-la-capital-huilense\/\" \/>\n<meta property=\"og:locale\" content=\"es_ES\" \/>\n<meta property=\"og:type\" content=\"article\" \/>\n<meta property=\"og:title\" content=\"Hoy viernes arrancan las Rondas Sampedrinas en la Capital Huilense -\" \/>\n<meta property=\"og:url\" content=\"https:\/\/luchonoticias.com\/editor\/hoy-viernes-arrancan-las-rondas-sampedrinas-en-la-capital-huilense\/\" \/>\n<meta property=\"article:publisher\" content=\"https:\/\/www.facebook.com\/luchonoticiasneiva\" \/>\n<meta property=\"article:published_time\" content=\"2023-04-28T11:02:35+00:00\" \/>\n<meta property=\"article:modified_time\" content=\"2023-04-28T11:02:36+00:00\" \/>\n<meta property=\"og:image\" content=\"https:\/\/luchonoticias.com\/wp-content\/uploads\/2023\/04\/WhatsApp-Image-2023-04-27-at-10.50.07-PM-1024x1024.jpeg\" \/>\n<meta name=\"author\" content=\"Editor General\" \/>\n<meta name=\"twitter:card\" content=\"summary_large_image\" \/>\n<meta name=\"twitter:label1\" content=\"Escrito por\" \/>\n\t<meta name=\"twitter:data1\" content=\"Editor General\" \/>\n\t<meta name=\"twitter:label2\" content=\"Tiempo de lectura\" \/>\n\t<meta name=\"twitter:data2\" content=\"1 minuto\" \/>\n<script type=\"application\/ld+json\" class=\"yoast-schema-graph\">{\"@context\":\"https:\/\/schema.org\",\"@graph\":[{\"@type\":\"Article\",\"@id\":\"https:\/\/luchonoticias.com\/editor\/hoy-viernes-arrancan-las-rondas-sampedrinas-en-la-capital-huilense\/#article\",\"isPartOf\":{\"@id\":\"https:\/\/luchonoticias.com\/editor\/hoy-viernes-arrancan-las-rondas-sampedrinas-en-la-capital-huilense\/\"},\"author\":{\"name\":\"Editor General\",\"@id\":\"https:\/\/luchonoticias.com\/editor\/#\/schema\/person\/29217990ddf6f14e35912b2866d591fb\"},\"headline\":\"Hoy viernes arrancan las Rondas Sampedrinas en la Capital Huilense\",\"datePublished\":\"2023-04-28T11:02:35+00:00\",\"dateModified\":\"2023-04-28T11:02:36+00:00\",\"mainEntityOfPage\":{\"@id\":\"https:\/\/luchonoticias.com\/editor\/hoy-viernes-arrancan-las-rondas-sampedrinas-en-la-capital-huilense\/\"},\"wordCount\":212,\"commentCount\":0,\"publisher\":{\"@id\":\"https:\/\/luchonoticias.com\/editor\/#\/schema\/person\/7a7fd911f58561fd056dbac7b55af9cd\"},\"image\":{\"@id\":\"https:\/\/luchonoticias.com\/editor\/hoy-viernes-arrancan-las-rondas-sampedrinas-en-la-capital-huilense\/#primaryimage\"},\"thumbnailUrl\":\"https:\/\/luchonoticias.com\/wp-content\/uploads\/2023\/04\/WhatsApp-Image-2023-04-27-at-10.50.07-PM-1024x1024.jpeg\",\"articleSection\":[\"Destacado\",\"Local\"],\"inLanguage\":\"es\",\"potentialAction\":[{\"@type\":\"CommentAction\",\"name\":\"Comment\",\"target\":[\"https:\/\/luchonoticias.com\/editor\/hoy-viernes-arrancan-las-rondas-sampedrinas-en-la-capital-huilense\/#respond\"]}]},{\"@type\":\"WebPage\",\"@id\":\"https:\/\/luchonoticias.com\/editor\/hoy-viernes-arrancan-las-rondas-sampedrinas-en-la-capital-huilense\/\",\"url\":\"https:\/\/luchonoticias.com\/editor\/hoy-viernes-arrancan-las-rondas-sampedrinas-en-la-capital-huilense\/\",\"name\":\"Hoy viernes arrancan las Rondas Sampedrinas en la Capital Huilense -\",\"isPartOf\":{\"@id\":\"https:\/\/luchonoticias.com\/editor\/#website\"},\"primaryImageOfPage\":{\"@id\":\"https:\/\/luchonoticias.com\/editor\/hoy-viernes-arrancan-las-rondas-sampedrinas-en-la-capital-huilense\/#primaryimage\"},\"image\":{\"@id\":\"https:\/\/luchonoticias.com\/editor\/hoy-viernes-arrancan-las-rondas-sampedrinas-en-la-capital-huilense\/#primaryimage\"},\"thumbnailUrl\":\"https:\/\/luchonoticias.com\/wp-content\/uploads\/2023\/04\/WhatsApp-Image-2023-04-27-at-10.50.07-PM-1024x1024.jpeg\",\"datePublished\":\"2023-04-28T11:02:35+00:00\",\"dateModified\":\"2023-04-28T11:02:36+00:00\",\"breadcrumb\":{\"@id\":\"https:\/\/luchonoticias.com\/editor\/hoy-viernes-arrancan-las-rondas-sampedrinas-en-la-capital-huilense\/#breadcrumb\"},\"inLanguage\":\"es\",\"potentialAction\":[{\"@type\":\"ReadAction\",\"target\":[\"https:\/\/luchonoticias.com\/editor\/hoy-viernes-arrancan-las-rondas-sampedrinas-en-la-capital-huilense\/\"]}]},{\"@type\":\"ImageObject\",\"inLanguage\":\"es\",\"@id\":\"https:\/\/luchonoticias.com\/editor\/hoy-viernes-arrancan-las-rondas-sampedrinas-en-la-capital-huilense\/#primaryimage\",\"url\":\"https:\/\/luchonoticias.com\/wp-content\/uploads\/2023\/04\/WhatsApp-Image-2023-04-27-at-10.50.07-PM-1024x1024.jpeg\",\"contentUrl\":\"https:\/\/luchonoticias.com\/wp-content\/uploads\/2023\/04\/WhatsApp-Image-2023-04-27-at-10.50.07-PM-1024x1024.jpeg\"},{\"@type\":\"BreadcrumbList\",\"@id\":\"https:\/\/luchonoticias.com\/editor\/hoy-viernes-arrancan-las-rondas-sampedrinas-en-la-capital-huilense\/#breadcrumb\",\"itemListElement\":[{\"@type\":\"ListItem\",\"position\":1,\"name\":\"Portada\",\"item\":\"https:\/\/luchonoticias.com\/editor\/\"},{\"@type\":\"ListItem\",\"position\":2,\"name\":\"Hoy viernes arrancan las Rondas Sampedrinas en la Capital Huilense\"}]},{\"@type\":\"WebSite\",\"@id\":\"https:\/\/luchonoticias.com\/editor\/#website\",\"url\":\"https:\/\/luchonoticias.com\/editor\/\",\"name\":\"\",\"description\":\"\",\"publisher\":{\"@id\":\"https:\/\/luchonoticias.com\/editor\/#\/schema\/person\/7a7fd911f58561fd056dbac7b55af9cd\"},\"potentialAction\":[{\"@type\":\"SearchAction\",\"target\":{\"@type\":\"EntryPoint\",\"urlTemplate\":\"https:\/\/luchonoticias.com\/editor\/?s={search_term_string}\"},\"query-input\":{\"@type\":\"PropertyValueSpecification\",\"valueRequired\":true,\"valueName\":\"search_term_string\"}}],\"inLanguage\":\"es\"},{\"@type\":[\"Person\",\"Organization\"],\"@id\":\"https:\/\/luchonoticias.com\/editor\/#\/schema\/person\/7a7fd911f58561fd056dbac7b55af9cd\",\"name\":\"admin\",\"image\":{\"@type\":\"ImageObject\",\"inLanguage\":\"es\",\"@id\":\"https:\/\/luchonoticias.com\/editor\/#\/schema\/person\/image\/\",\"url\":\"https:\/\/luchonoticias.com\/editor\/wp-content\/uploads\/2024\/02\/cropped-cropped-logolu.webp\",\"contentUrl\":\"https:\/\/luchonoticias.com\/editor\/wp-content\/uploads\/2024\/02\/cropped-cropped-logolu.webp\",\"width\":382,\"height\":170,\"caption\":\"admin\"},\"logo\":{\"@id\":\"https:\/\/luchonoticias.com\/editor\/#\/schema\/person\/image\/\"},\"sameAs\":[\"https:\/\/www.facebook.com\/luchonoticiasneiva\"]},{\"@type\":\"Person\",\"@id\":\"https:\/\/luchonoticias.com\/editor\/#\/schema\/person\/29217990ddf6f14e35912b2866d591fb\",\"name\":\"Editor General\",\"image\":{\"@type\":\"ImageObject\",\"inLanguage\":\"es\",\"@id\":\"https:\/\/luchonoticias.com\/editor\/#\/schema\/person\/image\/\",\"url\":\"https:\/\/luchonoticias.com\/editor\/wp-content\/uploads\/2024\/02\/cropped-cropped-logolu-150x150.webp\",\"contentUrl\":\"https:\/\/luchonoticias.com\/editor\/wp-content\/uploads\/2024\/02\/cropped-cropped-logolu-150x150.webp\",\"caption\":\"Editor General\"},\"sameAs\":[\"https:\/\/luchonoticias.com\/\"],\"url\":\"https:\/\/luchonoticias.com\/editor\/author\/editor-general\/\"}]}<\/script>\n<!-- \/ Yoast SEO plugin. -->","yoast_head_json":{"title":"Hoy viernes arrancan las Rondas Sampedrinas en la Capital Huilense -","robots":{"index":"index","follow":"follow","max-snippet":"max-snippet:-1","max-image-preview":"max-image-preview:large","max-video-preview":"max-video-preview:-1"},"canonical":"https:\/\/luchonoticias.com\/editor\/hoy-viernes-arrancan-las-rondas-sampedrinas-en-la-capital-huilense\/","og_locale":"es_ES","og_type":"article","og_title":"Hoy viernes arrancan las Rondas Sampedrinas en la Capital Huilense -","og_url":"https:\/\/luchonoticias.com\/editor\/hoy-viernes-arrancan-las-rondas-sampedrinas-en-la-capital-huilense\/","article_publisher":"https:\/\/www.facebook.com\/luchonoticiasneiva","article_published_time":"2023-04-28T11:02:35+00:00","article_modified_time":"2023-04-28T11:02:36+00:00","og_image":[{"url":"https:\/\/luchonoticias.com\/wp-content\/uploads\/2023\/04\/WhatsApp-Image-2023-04-27-at-10.50.07-PM-1024x1024.jpeg","type":"","width":"","height":""}],"author":"Editor General","twitter_card":"summary_large_image","twitter_misc":{"Escrito por":"Editor General","Tiempo de lectura":"1 minuto"},"schema":{"@context":"https:\/\/schema.org","@graph":[{"@type":"Article","@id":"https:\/\/luchonoticias.com\/editor\/hoy-viernes-arrancan-las-rondas-sampedrinas-en-la-capital-huilense\/#article","isPartOf":{"@id":"https:\/\/luchonoticias.com\/editor\/hoy-viernes-arrancan-las-rondas-sampedrinas-en-la-capital-huilense\/"},"author":{"name":"Editor General","@id":"https:\/\/luchonoticias.com\/editor\/#\/schema\/person\/29217990ddf6f14e35912b2866d591fb"},"headline":"Hoy viernes arrancan las Rondas Sampedrinas en la Capital Huilense","datePublished":"2023-04-28T11:02:35+00:00","dateModified":"2023-04-28T11:02:36+00:00","mainEntityOfPage":{"@id":"https:\/\/luchonoticias.com\/editor\/hoy-viernes-arrancan-las-rondas-sampedrinas-en-la-capital-huilense\/"},"wordCount":212,"commentCount":0,"publisher":{"@id":"https:\/\/luchonoticias.com\/editor\/#\/schema\/person\/7a7fd911f58561fd056dbac7b55af9cd"},"image":{"@id":"https:\/\/luchonoticias.com\/editor\/hoy-viernes-arrancan-las-rondas-sampedrinas-en-la-capital-huilense\/#primaryimage"},"thumbnailUrl":"https:\/\/luchonoticias.com\/wp-content\/uploads\/2023\/04\/WhatsApp-Image-2023-04-27-at-10.50.07-PM-1024x1024.jpeg","articleSection":["Destacado","Local"],"inLanguage":"es","potentialAction":[{"@type":"CommentAction","name":"Comment","target":["https:\/\/luchonoticias.com\/editor\/hoy-viernes-arrancan-las-rondas-sampedrinas-en-la-capital-huilense\/#respond"]}]},{"@type":"WebPage","@id":"https:\/\/luchonoticias.com\/editor\/hoy-viernes-arrancan-las-rondas-sampedrinas-en-la-capital-huilense\/","url":"https:\/\/luchonoticias.com\/editor\/hoy-viernes-arrancan-las-rondas-sampedrinas-en-la-capital-huilense\/","name":"Hoy viernes arrancan las Rondas Sampedrinas en la Capital Huilense -","isPartOf":{"@id":"https:\/\/luchonoticias.com\/editor\/#website"},"primaryImageOfPage":{"@id":"https:\/\/luchonoticias.com\/editor\/hoy-viernes-arrancan-las-rondas-sampedrinas-en-la-capital-huilense\/#primaryimage"},"image":{"@id":"https:\/\/luchonoticias.com\/editor\/hoy-viernes-arrancan-las-rondas-sampedrinas-en-la-capital-huilense\/#primaryimage"},"thumbnailUrl":"https:\/\/luchonoticias.com\/wp-content\/uploads\/2023\/04\/WhatsApp-Image-2023-04-27-at-10.50.07-PM-1024x1024.jpeg","datePublished":"2023-04-28T11:02:35+00:00","dateModified":"2023-04-28T11:02:36+00:00","breadcrumb":{"@id":"https:\/\/luchonoticias.com\/editor\/hoy-viernes-arrancan-las-rondas-sampedrinas-en-la-capital-huilense\/#breadcrumb"},"inLanguage":"es","potentialAction":[{"@type":"ReadAction","target":["https:\/\/luchonoticias.com\/editor\/hoy-viernes-arrancan-las-rondas-sampedrinas-en-la-capital-huilense\/"]}]},{"@type":"ImageObject","inLanguage":"es","@id":"https:\/\/luchonoticias.com\/editor\/hoy-viernes-arrancan-las-rondas-sampedrinas-en-la-capital-huilense\/#primaryimage","url":"https:\/\/luchonoticias.com\/wp-content\/uploads\/2023\/04\/WhatsApp-Image-2023-04-27-at-10.50.07-PM-1024x1024.jpeg","contentUrl":"https:\/\/luchonoticias.com\/wp-content\/uploads\/2023\/04\/WhatsApp-Image-2023-04-27-at-10.50.07-PM-1024x1024.jpeg"},{"@type":"BreadcrumbList","@id":"https:\/\/luchonoticias.com\/editor\/hoy-viernes-arrancan-las-rondas-sampedrinas-en-la-capital-huilense\/#breadcrumb","itemListElement":[{"@type":"ListItem","position":1,"name":"Portada","item":"https:\/\/luchonoticias.com\/editor\/"},{"@type":"ListItem","position":2,"name":"Hoy viernes arrancan las Rondas Sampedrinas en la Capital Huilense"}]},{"@type":"WebSite","@id":"https:\/\/luchonoticias.com\/editor\/#website","url":"https:\/\/luchonoticias.com\/editor\/","name":"","description":"","publisher":{"@id":"https:\/\/luchonoticias.com\/editor\/#\/schema\/person\/7a7fd911f58561fd056dbac7b55af9cd"},"potentialAction":[{"@type":"SearchAction","target":{"@type":"EntryPoint","urlTemplate":"https:\/\/luchonoticias.com\/editor\/?s={search_term_string}"},"query-input":{"@type":"PropertyValueSpecification","valueRequired":true,"valueName":"search_term_string"}}],"inLanguage":"es"},{"@type":["Person","Organization"],"@id":"https:\/\/luchonoticias.com\/editor\/#\/schema\/person\/7a7fd911f58561fd056dbac7b55af9cd","name":"admin","image":{"@type":"ImageObject","inLanguage":"es","@id":"https:\/\/luchonoticias.com\/editor\/#\/schema\/person\/image\/","url":"https:\/\/luchonoticias.com\/editor\/wp-content\/uploads\/2024\/02\/cropped-cropped-logolu.webp","contentUrl":"https:\/\/luchonoticias.com\/editor\/wp-content\/uploads\/2024\/02\/cropped-cropped-logolu.webp","width":382,"height":170,"caption":"admin"},"logo":{"@id":"https:\/\/luchonoticias.com\/editor\/#\/schema\/person\/image\/"},"sameAs":["https:\/\/www.facebook.com\/luchonoticiasneiva"]},{"@type":"Person","@id":"https:\/\/luchonoticias.com\/editor\/#\/schema\/person\/29217990ddf6f14e35912b2866d591fb","name":"Editor General","image":{"@type":"ImageObject","inLanguage":"es","@id":"https:\/\/luchonoticias.com\/editor\/#\/schema\/person\/image\/","url":"https:\/\/luchonoticias.com\/editor\/wp-content\/uploads\/2024\/02\/cropped-cropped-logolu-150x150.webp","contentUrl":"https:\/\/luchonoticias.com\/editor\/wp-content\/uploads\/2024\/02\/cropped-cropped-logolu-150x150.webp","caption":"Editor General"},"sameAs":["https:\/\/luchonoticias.com\/"],"url":"https:\/\/luchonoticias.com\/editor\/author\/editor-general\/"}]}},"_links":{"self":[{"href":"https:\/\/luchonoticias.com\/editor\/wp-json\/wp\/v2\/posts\/51345","targetHints":{"allow":["GET"]}}],"collection":[{"href":"https:\/\/luchonoticias.com\/editor\/wp-json\/wp\/v2\/posts"}],"about":[{"href":"https:\/\/luchonoticias.com\/editor\/wp-json\/wp\/v2\/types\/post"}],"author":[{"embeddable":true,"href":"https:\/\/luchonoticias.com\/editor\/wp-json\/wp\/v2\/users\/2"}],"replies":[{"embeddable":true,"href":"https:\/\/luchonoticias.com\/editor\/wp-json\/wp\/v2\/comments?post=51345"}],"version-history":[{"count":0,"href":"https:\/\/luchonoticias.com\/editor\/wp-json\/wp\/v2\/posts\/51345\/revisions"}],"wp:attachment":[{"href":"https:\/\/luchonoticias.com\/editor\/wp-json\/wp\/v2\/media?parent=51345"}],"wp:term":[{"taxonomy":"category","embeddable":true,"href":"https:\/\/luchonoticias.com\/editor\/wp-json\/wp\/v2\/categories?post=51345"},{"taxonomy":"post_tag","embeddable":true,"href":"https:\/\/luchonoticias.com\/editor\/wp-json\/wp\/v2\/tags?post=51345"}],"curies":[{"name":"wp","href":"https:\/\/api.w.org\/{rel}","templated":true}]}}