{"id":51541,"date":"2023-05-02T04:54:21","date_gmt":"2023-05-02T09:54:21","guid":{"rendered":"https:\/\/luchonoticias.com\/?p=51541"},"modified":"2023-05-02T04:54:23","modified_gmt":"2023-05-02T09:54:23","slug":"otros-corregimientos-eligieron-sus-candidatas-al-reinado-popular","status":"publish","type":"post","link":"https:\/\/luchonoticias.com\/editor\/otros-corregimientos-eligieron-sus-candidatas-al-reinado-popular\/","title":{"rendered":"Otros corregimientos eligieron sus candidatas al Reinado Popular"},"content":{"rendered":"\n<p>Nuevamente llegaron las Rondas Sampedrinas a la zona rural de Neiva y en esta oportunidad el turno fue para las comunidades de los corregimientos de Aipecito, San Luis y Chapinero.<\/p>\n\n\n\n<p>Los habitantes de estos sectores se dieron cita ayer en el polideportivo del corregimiento de Aipecito, donde la Secretar\u00eda de Cultura de Neiva desarroll\u00f3 la programaci\u00f3n de la tercera Ronda Sampedrina para elegir a las representantes al Reinado Popular, dentro del marco del Festival del Bambuco, en su versi\u00f3n 62.<\/p>\n\n\n\n<p>Cuatro candidatas, entre ellas Sayra Valentina Lemus, ni\u00f1a Chapinero que ir\u00e1 a la certamen Herederos de la Tradici\u00f3n, interpretaron el baile del Sanjuanero Huilense ante el Jurado calificador. Mientras tanto, Karen Lizeth Rivera, del corregimiento de Chapinero; Dayana Quintero Losada, de Aipecito y Anyi Catalina Ipuz Aroca, del corregimiento San Luis, ser\u00e1n quienes aspirar\u00e1n a la corona de Reina Popular 2023.<\/p>\n\n\n\n<p>La Alcald\u00eda de Neiva, desde la Secretar\u00eda de Cultura, invita a los neivanos a participar de estos espacios culturales creados para fortalecer nuestra cultura, folclor y tradici\u00f3n.<\/p>\n\n\n\n<p>El pr\u00f3ximo fin de semana contin\u00faa la programaci\u00f3n de las rondas en las comunas 1 y 9.<\/p>\n","protected":false},"excerpt":{"rendered":"<p>Nuevamente llegaron las Rondas Sampedrinas a la zona rural de Neiva y en esta oportunidad el turno fue para las comunidades de los corregimientos de Aipecito, San Luis y Chapinero. Los habitantes de estos sectores se dieron cita ayer en el polideportivo del corregimiento de Aipecito, donde la Secretar\u00eda de Cultura de Neiva desarroll\u00f3 la [&hellip;]<\/p>\n","protected":false},"author":2,"featured_media":0,"comment_status":"open","ping_status":"open","sticky":false,"template":"","format":"standard","meta":{"footnotes":""},"categories":[36,31],"tags":[],"class_list":["post-51541","post","type-post","status-publish","format-standard","hentry","category-destacado","category-local"],"yoast_head":"<!-- This site is optimized with the Yoast SEO plugin v26.6 - https:\/\/yoast.com\/wordpress\/plugins\/seo\/ -->\n<title>Otros corregimientos eligieron sus candidatas al Reinado Popular -<\/title>\n<meta name=\"robots\" content=\"index, follow, max-snippet:-1, max-image-preview:large, max-video-preview:-1\" \/>\n<link rel=\"canonical\" href=\"https:\/\/luchonoticias.com\/editor\/otros-corregimientos-eligieron-sus-candidatas-al-reinado-popular\/\" \/>\n<meta property=\"og:locale\" content=\"es_ES\" \/>\n<meta property=\"og:type\" content=\"article\" \/>\n<meta property=\"og:title\" content=\"Otros corregimientos eligieron sus candidatas al Reinado Popular -\" \/>\n<meta property=\"og:url\" content=\"https:\/\/luchonoticias.com\/editor\/otros-corregimientos-eligieron-sus-candidatas-al-reinado-popular\/\" \/>\n<meta property=\"article:publisher\" content=\"https:\/\/www.facebook.com\/luchonoticiasneiva\" \/>\n<meta property=\"article:published_time\" content=\"2023-05-02T09:54:21+00:00\" \/>\n<meta property=\"article:modified_time\" content=\"2023-05-02T09:54:23+00:00\" \/>\n<meta name=\"author\" content=\"Editor General\" \/>\n<meta name=\"twitter:card\" content=\"summary_large_image\" \/>\n<meta name=\"twitter:label1\" content=\"Escrito por\" \/>\n\t<meta name=\"twitter:data1\" content=\"Editor General\" \/>\n\t<meta name=\"twitter:label2\" content=\"Tiempo de lectura\" \/>\n\t<meta name=\"twitter:data2\" content=\"1 minuto\" \/>\n<script type=\"application\/ld+json\" class=\"yoast-schema-graph\">{\"@context\":\"https:\/\/schema.org\",\"@graph\":[{\"@type\":\"Article\",\"@id\":\"https:\/\/luchonoticias.com\/editor\/otros-corregimientos-eligieron-sus-candidatas-al-reinado-popular\/#article\",\"isPartOf\":{\"@id\":\"https:\/\/luchonoticias.com\/editor\/otros-corregimientos-eligieron-sus-candidatas-al-reinado-popular\/\"},\"author\":{\"name\":\"Editor General\",\"@id\":\"https:\/\/luchonoticias.com\/editor\/#\/schema\/person\/29217990ddf6f14e35912b2866d591fb\"},\"headline\":\"Otros corregimientos eligieron sus candidatas al Reinado Popular\",\"datePublished\":\"2023-05-02T09:54:21+00:00\",\"dateModified\":\"2023-05-02T09:54:23+00:00\",\"mainEntityOfPage\":{\"@id\":\"https:\/\/luchonoticias.com\/editor\/otros-corregimientos-eligieron-sus-candidatas-al-reinado-popular\/\"},\"wordCount\":202,\"commentCount\":0,\"publisher\":{\"@id\":\"https:\/\/luchonoticias.com\/editor\/#\/schema\/person\/7a7fd911f58561fd056dbac7b55af9cd\"},\"articleSection\":[\"Destacado\",\"Local\"],\"inLanguage\":\"es\",\"potentialAction\":[{\"@type\":\"CommentAction\",\"name\":\"Comment\",\"target\":[\"https:\/\/luchonoticias.com\/editor\/otros-corregimientos-eligieron-sus-candidatas-al-reinado-popular\/#respond\"]}]},{\"@type\":\"WebPage\",\"@id\":\"https:\/\/luchonoticias.com\/editor\/otros-corregimientos-eligieron-sus-candidatas-al-reinado-popular\/\",\"url\":\"https:\/\/luchonoticias.com\/editor\/otros-corregimientos-eligieron-sus-candidatas-al-reinado-popular\/\",\"name\":\"Otros corregimientos eligieron sus candidatas al Reinado Popular -\",\"isPartOf\":{\"@id\":\"https:\/\/luchonoticias.com\/editor\/#website\"},\"datePublished\":\"2023-05-02T09:54:21+00:00\",\"dateModified\":\"2023-05-02T09:54:23+00:00\",\"breadcrumb\":{\"@id\":\"https:\/\/luchonoticias.com\/editor\/otros-corregimientos-eligieron-sus-candidatas-al-reinado-popular\/#breadcrumb\"},\"inLanguage\":\"es\",\"potentialAction\":[{\"@type\":\"ReadAction\",\"target\":[\"https:\/\/luchonoticias.com\/editor\/otros-corregimientos-eligieron-sus-candidatas-al-reinado-popular\/\"]}]},{\"@type\":\"BreadcrumbList\",\"@id\":\"https:\/\/luchonoticias.com\/editor\/otros-corregimientos-eligieron-sus-candidatas-al-reinado-popular\/#breadcrumb\",\"itemListElement\":[{\"@type\":\"ListItem\",\"position\":1,\"name\":\"Portada\",\"item\":\"https:\/\/luchonoticias.com\/editor\/\"},{\"@type\":\"ListItem\",\"position\":2,\"name\":\"Otros corregimientos eligieron sus candidatas al Reinado Popular\"}]},{\"@type\":\"WebSite\",\"@id\":\"https:\/\/luchonoticias.com\/editor\/#website\",\"url\":\"https:\/\/luchonoticias.com\/editor\/\",\"name\":\"\",\"description\":\"\",\"publisher\":{\"@id\":\"https:\/\/luchonoticias.com\/editor\/#\/schema\/person\/7a7fd911f58561fd056dbac7b55af9cd\"},\"potentialAction\":[{\"@type\":\"SearchAction\",\"target\":{\"@type\":\"EntryPoint\",\"urlTemplate\":\"https:\/\/luchonoticias.com\/editor\/?s={search_term_string}\"},\"query-input\":{\"@type\":\"PropertyValueSpecification\",\"valueRequired\":true,\"valueName\":\"search_term_string\"}}],\"inLanguage\":\"es\"},{\"@type\":[\"Person\",\"Organization\"],\"@id\":\"https:\/\/luchonoticias.com\/editor\/#\/schema\/person\/7a7fd911f58561fd056dbac7b55af9cd\",\"name\":\"admin\",\"image\":{\"@type\":\"ImageObject\",\"inLanguage\":\"es\",\"@id\":\"https:\/\/luchonoticias.com\/editor\/#\/schema\/person\/image\/\",\"url\":\"https:\/\/luchonoticias.com\/editor\/wp-content\/uploads\/2024\/02\/cropped-cropped-logolu.webp\",\"contentUrl\":\"https:\/\/luchonoticias.com\/editor\/wp-content\/uploads\/2024\/02\/cropped-cropped-logolu.webp\",\"width\":382,\"height\":170,\"caption\":\"admin\"},\"logo\":{\"@id\":\"https:\/\/luchonoticias.com\/editor\/#\/schema\/person\/image\/\"},\"sameAs\":[\"https:\/\/www.facebook.com\/luchonoticiasneiva\"]},{\"@type\":\"Person\",\"@id\":\"https:\/\/luchonoticias.com\/editor\/#\/schema\/person\/29217990ddf6f14e35912b2866d591fb\",\"name\":\"Editor General\",\"image\":{\"@type\":\"ImageObject\",\"inLanguage\":\"es\",\"@id\":\"https:\/\/luchonoticias.com\/editor\/#\/schema\/person\/image\/\",\"url\":\"https:\/\/luchonoticias.com\/editor\/wp-content\/uploads\/2024\/02\/cropped-cropped-logolu-150x150.webp\",\"contentUrl\":\"https:\/\/luchonoticias.com\/editor\/wp-content\/uploads\/2024\/02\/cropped-cropped-logolu-150x150.webp\",\"caption\":\"Editor General\"},\"sameAs\":[\"https:\/\/luchonoticias.com\/\"],\"url\":\"https:\/\/luchonoticias.com\/editor\/author\/editor-general\/\"}]}<\/script>\n<!-- \/ Yoast SEO plugin. -->","yoast_head_json":{"title":"Otros corregimientos eligieron sus candidatas al Reinado Popular -","robots":{"index":"index","follow":"follow","max-snippet":"max-snippet:-1","max-image-preview":"max-image-preview:large","max-video-preview":"max-video-preview:-1"},"canonical":"https:\/\/luchonoticias.com\/editor\/otros-corregimientos-eligieron-sus-candidatas-al-reinado-popular\/","og_locale":"es_ES","og_type":"article","og_title":"Otros corregimientos eligieron sus candidatas al Reinado Popular -","og_url":"https:\/\/luchonoticias.com\/editor\/otros-corregimientos-eligieron-sus-candidatas-al-reinado-popular\/","article_publisher":"https:\/\/www.facebook.com\/luchonoticiasneiva","article_published_time":"2023-05-02T09:54:21+00:00","article_modified_time":"2023-05-02T09:54:23+00:00","author":"Editor General","twitter_card":"summary_large_image","twitter_misc":{"Escrito por":"Editor General","Tiempo de lectura":"1 minuto"},"schema":{"@context":"https:\/\/schema.org","@graph":[{"@type":"Article","@id":"https:\/\/luchonoticias.com\/editor\/otros-corregimientos-eligieron-sus-candidatas-al-reinado-popular\/#article","isPartOf":{"@id":"https:\/\/luchonoticias.com\/editor\/otros-corregimientos-eligieron-sus-candidatas-al-reinado-popular\/"},"author":{"name":"Editor General","@id":"https:\/\/luchonoticias.com\/editor\/#\/schema\/person\/29217990ddf6f14e35912b2866d591fb"},"headline":"Otros corregimientos eligieron sus candidatas al Reinado Popular","datePublished":"2023-05-02T09:54:21+00:00","dateModified":"2023-05-02T09:54:23+00:00","mainEntityOfPage":{"@id":"https:\/\/luchonoticias.com\/editor\/otros-corregimientos-eligieron-sus-candidatas-al-reinado-popular\/"},"wordCount":202,"commentCount":0,"publisher":{"@id":"https:\/\/luchonoticias.com\/editor\/#\/schema\/person\/7a7fd911f58561fd056dbac7b55af9cd"},"articleSection":["Destacado","Local"],"inLanguage":"es","potentialAction":[{"@type":"CommentAction","name":"Comment","target":["https:\/\/luchonoticias.com\/editor\/otros-corregimientos-eligieron-sus-candidatas-al-reinado-popular\/#respond"]}]},{"@type":"WebPage","@id":"https:\/\/luchonoticias.com\/editor\/otros-corregimientos-eligieron-sus-candidatas-al-reinado-popular\/","url":"https:\/\/luchonoticias.com\/editor\/otros-corregimientos-eligieron-sus-candidatas-al-reinado-popular\/","name":"Otros corregimientos eligieron sus candidatas al Reinado Popular -","isPartOf":{"@id":"https:\/\/luchonoticias.com\/editor\/#website"},"datePublished":"2023-05-02T09:54:21+00:00","dateModified":"2023-05-02T09:54:23+00:00","breadcrumb":{"@id":"https:\/\/luchonoticias.com\/editor\/otros-corregimientos-eligieron-sus-candidatas-al-reinado-popular\/#breadcrumb"},"inLanguage":"es","potentialAction":[{"@type":"ReadAction","target":["https:\/\/luchonoticias.com\/editor\/otros-corregimientos-eligieron-sus-candidatas-al-reinado-popular\/"]}]},{"@type":"BreadcrumbList","@id":"https:\/\/luchonoticias.com\/editor\/otros-corregimientos-eligieron-sus-candidatas-al-reinado-popular\/#breadcrumb","itemListElement":[{"@type":"ListItem","position":1,"name":"Portada","item":"https:\/\/luchonoticias.com\/editor\/"},{"@type":"ListItem","position":2,"name":"Otros corregimientos eligieron sus candidatas al Reinado Popular"}]},{"@type":"WebSite","@id":"https:\/\/luchonoticias.com\/editor\/#website","url":"https:\/\/luchonoticias.com\/editor\/","name":"","description":"","publisher":{"@id":"https:\/\/luchonoticias.com\/editor\/#\/schema\/person\/7a7fd911f58561fd056dbac7b55af9cd"},"potentialAction":[{"@type":"SearchAction","target":{"@type":"EntryPoint","urlTemplate":"https:\/\/luchonoticias.com\/editor\/?s={search_term_string}"},"query-input":{"@type":"PropertyValueSpecification","valueRequired":true,"valueName":"search_term_string"}}],"inLanguage":"es"},{"@type":["Person","Organization"],"@id":"https:\/\/luchonoticias.com\/editor\/#\/schema\/person\/7a7fd911f58561fd056dbac7b55af9cd","name":"admin","image":{"@type":"ImageObject","inLanguage":"es","@id":"https:\/\/luchonoticias.com\/editor\/#\/schema\/person\/image\/","url":"https:\/\/luchonoticias.com\/editor\/wp-content\/uploads\/2024\/02\/cropped-cropped-logolu.webp","contentUrl":"https:\/\/luchonoticias.com\/editor\/wp-content\/uploads\/2024\/02\/cropped-cropped-logolu.webp","width":382,"height":170,"caption":"admin"},"logo":{"@id":"https:\/\/luchonoticias.com\/editor\/#\/schema\/person\/image\/"},"sameAs":["https:\/\/www.facebook.com\/luchonoticiasneiva"]},{"@type":"Person","@id":"https:\/\/luchonoticias.com\/editor\/#\/schema\/person\/29217990ddf6f14e35912b2866d591fb","name":"Editor General","image":{"@type":"ImageObject","inLanguage":"es","@id":"https:\/\/luchonoticias.com\/editor\/#\/schema\/person\/image\/","url":"https:\/\/luchonoticias.com\/editor\/wp-content\/uploads\/2024\/02\/cropped-cropped-logolu-150x150.webp","contentUrl":"https:\/\/luchonoticias.com\/editor\/wp-content\/uploads\/2024\/02\/cropped-cropped-logolu-150x150.webp","caption":"Editor General"},"sameAs":["https:\/\/luchonoticias.com\/"],"url":"https:\/\/luchonoticias.com\/editor\/author\/editor-general\/"}]}},"_links":{"self":[{"href":"https:\/\/luchonoticias.com\/editor\/wp-json\/wp\/v2\/posts\/51541","targetHints":{"allow":["GET"]}}],"collection":[{"href":"https:\/\/luchonoticias.com\/editor\/wp-json\/wp\/v2\/posts"}],"about":[{"href":"https:\/\/luchonoticias.com\/editor\/wp-json\/wp\/v2\/types\/post"}],"author":[{"embeddable":true,"href":"https:\/\/luchonoticias.com\/editor\/wp-json\/wp\/v2\/users\/2"}],"replies":[{"embeddable":true,"href":"https:\/\/luchonoticias.com\/editor\/wp-json\/wp\/v2\/comments?post=51541"}],"version-history":[{"count":0,"href":"https:\/\/luchonoticias.com\/editor\/wp-json\/wp\/v2\/posts\/51541\/revisions"}],"wp:attachment":[{"href":"https:\/\/luchonoticias.com\/editor\/wp-json\/wp\/v2\/media?parent=51541"}],"wp:term":[{"taxonomy":"category","embeddable":true,"href":"https:\/\/luchonoticias.com\/editor\/wp-json\/wp\/v2\/categories?post=51541"},{"taxonomy":"post_tag","embeddable":true,"href":"https:\/\/luchonoticias.com\/editor\/wp-json\/wp\/v2\/tags?post=51541"}],"curies":[{"name":"wp","href":"https:\/\/api.w.org\/{rel}","templated":true}]}}