{"id":51811,"date":"2023-05-05T07:00:46","date_gmt":"2023-05-05T12:00:46","guid":{"rendered":"https:\/\/luchonoticias.com\/?p=51811"},"modified":"2023-05-05T07:00:47","modified_gmt":"2023-05-05T12:00:47","slug":"con-la-aprobacion-del-plan-nacional-de-desarrollo-en-el-congreso-comienza-de-lleno-nuestro-gobierno-petro","status":"publish","type":"post","link":"https:\/\/luchonoticias.com\/editor\/con-la-aprobacion-del-plan-nacional-de-desarrollo-en-el-congreso-comienza-de-lleno-nuestro-gobierno-petro\/","title":{"rendered":"Con la aprobaci\u00f3n del Plan Nacional de Desarrollo en el Congreso \u201ccomienza de lleno nuestro Gobierno\u201d: Petro"},"content":{"rendered":"\n<p>Con la aprobaci\u00f3n en el Congreso del Plan Nacional de Desarrollo \u2018Colombia, Potencia Mundial de la Vida\u2019, y su posterior sanci\u00f3n presidencial, \u201ccomienza de lleno\u201d el Gobierno del Cambio, asegur\u00f3 este viernes el Presidente de la Rep\u00fablica, Gustavo Petro, tras celebrar la aprobaci\u00f3n final del Plan, que es la \u2018hoja de ruta\u2019 de su administraci\u00f3n.<\/p>\n\n\n\n<p>\u201cEl Congreso de la Rep\u00fablica ha aprobado el Plan Nacional de Desarrollo \u2018Colombia Potencia mundial de la Vida\u2019; con mi firma se convertir\u00e1 en Ley de la Rep\u00fablica y comenzar\u00e1 de lleno nuestro Gobierno. Hasta ahora hab\u00edamos gobernado con el Plan de (Iv\u00e1n) Duque. Gracias a los Senadores y Representantes\u201d, se\u00f1al\u00f3 el Jefe del Estado, a trav\u00e9s de su cuenta de Twitter.<\/p>\n\n\n\n<p>Luego de tres meses de debate, an\u00e1lisis y votaciones, las plenarias de Senado y C\u00e1mara de Representantes aprobaron el Plan Nacional de Desarrollo 2022-2026, el documento m\u00e1s importante del Gobierno Nacional que define las metas a cumplir en el corto, mediano y largo plazo, as\u00ed como los instrumentos financieros y presupuestales necesarios para convertir a Colombia en potencia mundial de la vida.&nbsp;<\/p>\n\n\n\n<p>Desde el pasado 6 de febrero, cuando el Presidente Petro y el director del Departamento Nacional de Planeaci\u00f3n (DNP), Jorge Iv\u00e1n Gonz\u00e1lez, radicaron el documento ante el Congreso, se recibieron m\u00e1s de 6.500 proposiciones, convirti\u00e9ndose as\u00ed en uno de los planes gubernamentales m\u00e1s democr\u00e1ticos y participativos de la historia.<\/p>\n\n\n\n<p>De hecho, antes de su presentaci\u00f3n al Legislativo, entre septiembre y diciembre del 2022, m\u00e1s de 250.000 personas se movilizaron en cada uno de los 51 Di\u00e1logos Regionales Vinculantes convocados por el Gobierno. All\u00ed, se recibieron m\u00e1s de 89.000 propuestas fundamentales para definir cada una de las transformaciones que hoy lo conforman.<\/p>\n\n\n\n<p>Estas son: Ordenamiento Territorial, Seguridad Humana, Derecho Humano a la Alimentaci\u00f3n, Econom\u00eda productiva para la vida y lucha contra el cambio clim\u00e1tico y Convergencia regional.<\/p>\n\n\n\n<p>As\u00ed mismo, el documento incluy\u00f3 los resultados de 33 audiencias p\u00fablicas del Plan Plurianual de Inversiones que finalizaron en enero pasado y en la que participaron 13.000 ciudadanos.<\/p>\n\n\n\n<p>\u201cAgradezco el trabajo comprometido que han tenido los congresistas a lo largo de todo ese tiempo. Hemos tenido un di\u00e1logo constructivo con la sociedad colombiana, en democracia y con la representaci\u00f3n de la ciudadan\u00eda en el Congreso y hemos podido mejorar el Plan Nacional de Desarrollo, legitimando las cinco transformaciones que hemos propuesto como Gobierno del cambio\u201d, dijo el Director Gonz\u00e1lez.<\/p>\n\n\n\n<p>\u201cLos congresistas acogieron nuestras recomendaciones de pensar y aprobar proyectos de impacto nacional estrat\u00e9gicos y, en esta discusi\u00f3n, hemos visto que las bancadas se han unido alrededor de asuntos regionales que concuerdan con nuestra propuesta de cambios sustantivos para el pa\u00eds\u201d, concluy\u00f3.<\/p>\n\n\n\n<p>Por su parte, el ministro de Hacienda y Cr\u00e9dito P\u00fablico, Ricardo Bonilla, se\u00f1al\u00f3 que \u201cel Plan de Desarrollo es la carta de navegaci\u00f3n de un Gobierno; se organiza precisamente iniciando para poder decir qu\u00e9 es lo que se va a hacer en el periodo de cuatro a\u00f1os. En este caso los programas m\u00e1s importantes son los programas de reducci\u00f3n de la pobreza y reducci\u00f3n de la desigualdad y esos son los objetivos fundamentales\u201d.<\/p>\n\n\n\n<p>La Ley aprobada en el Congreso de la Rep\u00fablica este viernes pasar\u00e1 a sanci\u00f3n presidencial. Vale recordar que, en los \u00faltimos 61 a\u00f1os, en Colombia se han construido 14 planes nacionales de desarrollo.&nbsp;<\/p>\n\n\n\n<p><strong>&nbsp;Principales metas<\/strong><\/p>\n\n\n\n<p>La Ley aprobada este viernes por el Congreso de la Rep\u00fablica busca hacer de Colombia una Potencia Mundial de la Vida. Para cumplir con uno de los pilares del Plan de Desarrollo, el ordenamiento del territorio, una de las metas es el avance en el Catastro Multiprop\u00f3sito a un 70 % del territorio nacional, lo cual permitir\u00e1 consolidar la reforma rural integral que fue mandato popular para el Gobierno del Cambio.<\/p>\n\n\n\n<p>Tambi\u00e9n le apuesta a la Justicia Social con la entrega masiva de tierras en este cuatrienio y en la que se busca que 2,9 millones de hect\u00e1reas de terrenos que se estima entregar a los campesinos contribuya en la restituci\u00f3n y titulaci\u00f3n de tierras como instrumentos esenciales para alcanzar la paz total y tambi\u00e9n potenciar la producci\u00f3n agr\u00edcola nacional.<\/p>\n\n\n\n<p>Otro eje es el quiebre de la pobreza extrema y la pobreza multidimensional a un solo d\u00edgito y en el que el Gobierno del Cambio apunta a que el pa\u00eds baje esta situaci\u00f3n de vulnerabilidad extrema a 9,6 % y multidimensional a 7,4 % en 2026. El Plan Nacional de Desarrollo contempla llegar a 88.000 kil\u00f3metros de v\u00edas campesinas intervenidas.<\/p>\n\n\n\n<p>La econom\u00eda para la vida estar\u00e1 enfocada en la ampliaci\u00f3n de las \u00e1reas en proceso de restauraci\u00f3n, recuperaci\u00f3n y rehabilitaci\u00f3n de ecosistemas a 1,7 millones de hect\u00e1reas. En materia de transici\u00f3n energ\u00e9tica, el pa\u00eds seguir\u00e1 en el proceso escalonado y responsable y le apuesta agregar en el cuatrienio 2.000 MW de capacidad en operaci\u00f3n comercial de la generaci\u00f3n de electricidad a partir de fuentes no convencionales de energ\u00eda renovable.&nbsp;<\/p>\n\n\n\n<p>Dicho tr\u00e1nsito estar\u00e1 en la diversificaci\u00f3n de la canasta exportadora de Colombia en el que el Gobierno del cambio fij\u00f3 incrementar 56,3% la participaci\u00f3n de las exportaciones de bienes no minero energ\u00e9ticos.<\/p>\n","protected":false},"excerpt":{"rendered":"<p>Con la aprobaci\u00f3n en el Congreso del Plan Nacional de Desarrollo \u2018Colombia, Potencia Mundial de la Vida\u2019, y su posterior sanci\u00f3n presidencial, \u201ccomienza de lleno\u201d el Gobierno del Cambio, asegur\u00f3 este viernes el Presidente de la Rep\u00fablica, Gustavo Petro, tras celebrar la aprobaci\u00f3n final del Plan, que es la \u2018hoja de ruta\u2019 de su administraci\u00f3n. [&hellip;]<\/p>\n","protected":false},"author":2,"featured_media":0,"comment_status":"open","ping_status":"open","sticky":false,"template":"","format":"standard","meta":{"footnotes":""},"categories":[36,32],"tags":[],"class_list":["post-51811","post","type-post","status-publish","format-standard","hentry","category-destacado","category-nacional"],"yoast_head":"<!-- This site is optimized with the Yoast SEO plugin v26.6 - https:\/\/yoast.com\/wordpress\/plugins\/seo\/ -->\n<title>Con la aprobaci\u00f3n del Plan Nacional de Desarrollo en el Congreso \u201ccomienza de lleno nuestro Gobierno\u201d: Petro -<\/title>\n<meta name=\"robots\" content=\"index, follow, max-snippet:-1, max-image-preview:large, max-video-preview:-1\" \/>\n<link rel=\"canonical\" href=\"https:\/\/luchonoticias.com\/editor\/con-la-aprobacion-del-plan-nacional-de-desarrollo-en-el-congreso-comienza-de-lleno-nuestro-gobierno-petro\/\" \/>\n<meta property=\"og:locale\" content=\"es_ES\" \/>\n<meta property=\"og:type\" content=\"article\" \/>\n<meta property=\"og:title\" content=\"Con la aprobaci\u00f3n del Plan Nacional de Desarrollo en el Congreso \u201ccomienza de lleno nuestro Gobierno\u201d: Petro -\" \/>\n<meta property=\"og:url\" content=\"https:\/\/luchonoticias.com\/editor\/con-la-aprobacion-del-plan-nacional-de-desarrollo-en-el-congreso-comienza-de-lleno-nuestro-gobierno-petro\/\" \/>\n<meta property=\"article:publisher\" content=\"https:\/\/www.facebook.com\/luchonoticiasneiva\" \/>\n<meta property=\"article:published_time\" content=\"2023-05-05T12:00:46+00:00\" \/>\n<meta property=\"article:modified_time\" content=\"2023-05-05T12:00:47+00:00\" \/>\n<meta name=\"author\" content=\"Editor General\" \/>\n<meta name=\"twitter:card\" content=\"summary_large_image\" \/>\n<meta name=\"twitter:label1\" content=\"Escrito por\" \/>\n\t<meta name=\"twitter:data1\" content=\"Editor General\" \/>\n\t<meta name=\"twitter:label2\" content=\"Tiempo de lectura\" \/>\n\t<meta name=\"twitter:data2\" content=\"4 minutos\" \/>\n<script type=\"application\/ld+json\" class=\"yoast-schema-graph\">{\"@context\":\"https:\/\/schema.org\",\"@graph\":[{\"@type\":\"Article\",\"@id\":\"https:\/\/luchonoticias.com\/editor\/con-la-aprobacion-del-plan-nacional-de-desarrollo-en-el-congreso-comienza-de-lleno-nuestro-gobierno-petro\/#article\",\"isPartOf\":{\"@id\":\"https:\/\/luchonoticias.com\/editor\/con-la-aprobacion-del-plan-nacional-de-desarrollo-en-el-congreso-comienza-de-lleno-nuestro-gobierno-petro\/\"},\"author\":{\"name\":\"Editor General\",\"@id\":\"https:\/\/luchonoticias.com\/editor\/#\/schema\/person\/29217990ddf6f14e35912b2866d591fb\"},\"headline\":\"Con la aprobaci\u00f3n del Plan Nacional de Desarrollo en el Congreso \u201ccomienza de lleno nuestro Gobierno\u201d: Petro\",\"datePublished\":\"2023-05-05T12:00:46+00:00\",\"dateModified\":\"2023-05-05T12:00:47+00:00\",\"mainEntityOfPage\":{\"@id\":\"https:\/\/luchonoticias.com\/editor\/con-la-aprobacion-del-plan-nacional-de-desarrollo-en-el-congreso-comienza-de-lleno-nuestro-gobierno-petro\/\"},\"wordCount\":912,\"commentCount\":0,\"publisher\":{\"@id\":\"https:\/\/luchonoticias.com\/editor\/#\/schema\/person\/7a7fd911f58561fd056dbac7b55af9cd\"},\"articleSection\":[\"Destacado\",\"Nacional\"],\"inLanguage\":\"es\",\"potentialAction\":[{\"@type\":\"CommentAction\",\"name\":\"Comment\",\"target\":[\"https:\/\/luchonoticias.com\/editor\/con-la-aprobacion-del-plan-nacional-de-desarrollo-en-el-congreso-comienza-de-lleno-nuestro-gobierno-petro\/#respond\"]}]},{\"@type\":\"WebPage\",\"@id\":\"https:\/\/luchonoticias.com\/editor\/con-la-aprobacion-del-plan-nacional-de-desarrollo-en-el-congreso-comienza-de-lleno-nuestro-gobierno-petro\/\",\"url\":\"https:\/\/luchonoticias.com\/editor\/con-la-aprobacion-del-plan-nacional-de-desarrollo-en-el-congreso-comienza-de-lleno-nuestro-gobierno-petro\/\",\"name\":\"Con la aprobaci\u00f3n del Plan Nacional de Desarrollo en el Congreso \u201ccomienza de lleno nuestro Gobierno\u201d: Petro -\",\"isPartOf\":{\"@id\":\"https:\/\/luchonoticias.com\/editor\/#website\"},\"datePublished\":\"2023-05-05T12:00:46+00:00\",\"dateModified\":\"2023-05-05T12:00:47+00:00\",\"breadcrumb\":{\"@id\":\"https:\/\/luchonoticias.com\/editor\/con-la-aprobacion-del-plan-nacional-de-desarrollo-en-el-congreso-comienza-de-lleno-nuestro-gobierno-petro\/#breadcrumb\"},\"inLanguage\":\"es\",\"potentialAction\":[{\"@type\":\"ReadAction\",\"target\":[\"https:\/\/luchonoticias.com\/editor\/con-la-aprobacion-del-plan-nacional-de-desarrollo-en-el-congreso-comienza-de-lleno-nuestro-gobierno-petro\/\"]}]},{\"@type\":\"BreadcrumbList\",\"@id\":\"https:\/\/luchonoticias.com\/editor\/con-la-aprobacion-del-plan-nacional-de-desarrollo-en-el-congreso-comienza-de-lleno-nuestro-gobierno-petro\/#breadcrumb\",\"itemListElement\":[{\"@type\":\"ListItem\",\"position\":1,\"name\":\"Portada\",\"item\":\"https:\/\/luchonoticias.com\/editor\/\"},{\"@type\":\"ListItem\",\"position\":2,\"name\":\"Con la aprobaci\u00f3n del Plan Nacional de Desarrollo en el Congreso \u201ccomienza de lleno nuestro Gobierno\u201d: Petro\"}]},{\"@type\":\"WebSite\",\"@id\":\"https:\/\/luchonoticias.com\/editor\/#website\",\"url\":\"https:\/\/luchonoticias.com\/editor\/\",\"name\":\"\",\"description\":\"\",\"publisher\":{\"@id\":\"https:\/\/luchonoticias.com\/editor\/#\/schema\/person\/7a7fd911f58561fd056dbac7b55af9cd\"},\"potentialAction\":[{\"@type\":\"SearchAction\",\"target\":{\"@type\":\"EntryPoint\",\"urlTemplate\":\"https:\/\/luchonoticias.com\/editor\/?s={search_term_string}\"},\"query-input\":{\"@type\":\"PropertyValueSpecification\",\"valueRequired\":true,\"valueName\":\"search_term_string\"}}],\"inLanguage\":\"es\"},{\"@type\":[\"Person\",\"Organization\"],\"@id\":\"https:\/\/luchonoticias.com\/editor\/#\/schema\/person\/7a7fd911f58561fd056dbac7b55af9cd\",\"name\":\"admin\",\"image\":{\"@type\":\"ImageObject\",\"inLanguage\":\"es\",\"@id\":\"https:\/\/luchonoticias.com\/editor\/#\/schema\/person\/image\/\",\"url\":\"https:\/\/luchonoticias.com\/editor\/wp-content\/uploads\/2024\/02\/cropped-cropped-logolu.webp\",\"contentUrl\":\"https:\/\/luchonoticias.com\/editor\/wp-content\/uploads\/2024\/02\/cropped-cropped-logolu.webp\",\"width\":382,\"height\":170,\"caption\":\"admin\"},\"logo\":{\"@id\":\"https:\/\/luchonoticias.com\/editor\/#\/schema\/person\/image\/\"},\"sameAs\":[\"https:\/\/www.facebook.com\/luchonoticiasneiva\"]},{\"@type\":\"Person\",\"@id\":\"https:\/\/luchonoticias.com\/editor\/#\/schema\/person\/29217990ddf6f14e35912b2866d591fb\",\"name\":\"Editor General\",\"image\":{\"@type\":\"ImageObject\",\"inLanguage\":\"es\",\"@id\":\"https:\/\/luchonoticias.com\/editor\/#\/schema\/person\/image\/\",\"url\":\"https:\/\/luchonoticias.com\/editor\/wp-content\/uploads\/2024\/02\/cropped-cropped-logolu-150x150.webp\",\"contentUrl\":\"https:\/\/luchonoticias.com\/editor\/wp-content\/uploads\/2024\/02\/cropped-cropped-logolu-150x150.webp\",\"caption\":\"Editor General\"},\"sameAs\":[\"https:\/\/luchonoticias.com\/\"],\"url\":\"https:\/\/luchonoticias.com\/editor\/author\/editor-general\/\"}]}<\/script>\n<!-- \/ Yoast SEO plugin. -->","yoast_head_json":{"title":"Con la aprobaci\u00f3n del Plan Nacional de Desarrollo en el Congreso \u201ccomienza de lleno nuestro Gobierno\u201d: Petro -","robots":{"index":"index","follow":"follow","max-snippet":"max-snippet:-1","max-image-preview":"max-image-preview:large","max-video-preview":"max-video-preview:-1"},"canonical":"https:\/\/luchonoticias.com\/editor\/con-la-aprobacion-del-plan-nacional-de-desarrollo-en-el-congreso-comienza-de-lleno-nuestro-gobierno-petro\/","og_locale":"es_ES","og_type":"article","og_title":"Con la aprobaci\u00f3n del Plan Nacional de Desarrollo en el Congreso \u201ccomienza de lleno nuestro Gobierno\u201d: Petro -","og_url":"https:\/\/luchonoticias.com\/editor\/con-la-aprobacion-del-plan-nacional-de-desarrollo-en-el-congreso-comienza-de-lleno-nuestro-gobierno-petro\/","article_publisher":"https:\/\/www.facebook.com\/luchonoticiasneiva","article_published_time":"2023-05-05T12:00:46+00:00","article_modified_time":"2023-05-05T12:00:47+00:00","author":"Editor General","twitter_card":"summary_large_image","twitter_misc":{"Escrito por":"Editor General","Tiempo de lectura":"4 minutos"},"schema":{"@context":"https:\/\/schema.org","@graph":[{"@type":"Article","@id":"https:\/\/luchonoticias.com\/editor\/con-la-aprobacion-del-plan-nacional-de-desarrollo-en-el-congreso-comienza-de-lleno-nuestro-gobierno-petro\/#article","isPartOf":{"@id":"https:\/\/luchonoticias.com\/editor\/con-la-aprobacion-del-plan-nacional-de-desarrollo-en-el-congreso-comienza-de-lleno-nuestro-gobierno-petro\/"},"author":{"name":"Editor General","@id":"https:\/\/luchonoticias.com\/editor\/#\/schema\/person\/29217990ddf6f14e35912b2866d591fb"},"headline":"Con la aprobaci\u00f3n del Plan Nacional de Desarrollo en el Congreso \u201ccomienza de lleno nuestro Gobierno\u201d: Petro","datePublished":"2023-05-05T12:00:46+00:00","dateModified":"2023-05-05T12:00:47+00:00","mainEntityOfPage":{"@id":"https:\/\/luchonoticias.com\/editor\/con-la-aprobacion-del-plan-nacional-de-desarrollo-en-el-congreso-comienza-de-lleno-nuestro-gobierno-petro\/"},"wordCount":912,"commentCount":0,"publisher":{"@id":"https:\/\/luchonoticias.com\/editor\/#\/schema\/person\/7a7fd911f58561fd056dbac7b55af9cd"},"articleSection":["Destacado","Nacional"],"inLanguage":"es","potentialAction":[{"@type":"CommentAction","name":"Comment","target":["https:\/\/luchonoticias.com\/editor\/con-la-aprobacion-del-plan-nacional-de-desarrollo-en-el-congreso-comienza-de-lleno-nuestro-gobierno-petro\/#respond"]}]},{"@type":"WebPage","@id":"https:\/\/luchonoticias.com\/editor\/con-la-aprobacion-del-plan-nacional-de-desarrollo-en-el-congreso-comienza-de-lleno-nuestro-gobierno-petro\/","url":"https:\/\/luchonoticias.com\/editor\/con-la-aprobacion-del-plan-nacional-de-desarrollo-en-el-congreso-comienza-de-lleno-nuestro-gobierno-petro\/","name":"Con la aprobaci\u00f3n del Plan Nacional de Desarrollo en el Congreso \u201ccomienza de lleno nuestro Gobierno\u201d: Petro -","isPartOf":{"@id":"https:\/\/luchonoticias.com\/editor\/#website"},"datePublished":"2023-05-05T12:00:46+00:00","dateModified":"2023-05-05T12:00:47+00:00","breadcrumb":{"@id":"https:\/\/luchonoticias.com\/editor\/con-la-aprobacion-del-plan-nacional-de-desarrollo-en-el-congreso-comienza-de-lleno-nuestro-gobierno-petro\/#breadcrumb"},"inLanguage":"es","potentialAction":[{"@type":"ReadAction","target":["https:\/\/luchonoticias.com\/editor\/con-la-aprobacion-del-plan-nacional-de-desarrollo-en-el-congreso-comienza-de-lleno-nuestro-gobierno-petro\/"]}]},{"@type":"BreadcrumbList","@id":"https:\/\/luchonoticias.com\/editor\/con-la-aprobacion-del-plan-nacional-de-desarrollo-en-el-congreso-comienza-de-lleno-nuestro-gobierno-petro\/#breadcrumb","itemListElement":[{"@type":"ListItem","position":1,"name":"Portada","item":"https:\/\/luchonoticias.com\/editor\/"},{"@type":"ListItem","position":2,"name":"Con la aprobaci\u00f3n del Plan Nacional de Desarrollo en el Congreso \u201ccomienza de lleno nuestro Gobierno\u201d: Petro"}]},{"@type":"WebSite","@id":"https:\/\/luchonoticias.com\/editor\/#website","url":"https:\/\/luchonoticias.com\/editor\/","name":"","description":"","publisher":{"@id":"https:\/\/luchonoticias.com\/editor\/#\/schema\/person\/7a7fd911f58561fd056dbac7b55af9cd"},"potentialAction":[{"@type":"SearchAction","target":{"@type":"EntryPoint","urlTemplate":"https:\/\/luchonoticias.com\/editor\/?s={search_term_string}"},"query-input":{"@type":"PropertyValueSpecification","valueRequired":true,"valueName":"search_term_string"}}],"inLanguage":"es"},{"@type":["Person","Organization"],"@id":"https:\/\/luchonoticias.com\/editor\/#\/schema\/person\/7a7fd911f58561fd056dbac7b55af9cd","name":"admin","image":{"@type":"ImageObject","inLanguage":"es","@id":"https:\/\/luchonoticias.com\/editor\/#\/schema\/person\/image\/","url":"https:\/\/luchonoticias.com\/editor\/wp-content\/uploads\/2024\/02\/cropped-cropped-logolu.webp","contentUrl":"https:\/\/luchonoticias.com\/editor\/wp-content\/uploads\/2024\/02\/cropped-cropped-logolu.webp","width":382,"height":170,"caption":"admin"},"logo":{"@id":"https:\/\/luchonoticias.com\/editor\/#\/schema\/person\/image\/"},"sameAs":["https:\/\/www.facebook.com\/luchonoticiasneiva"]},{"@type":"Person","@id":"https:\/\/luchonoticias.com\/editor\/#\/schema\/person\/29217990ddf6f14e35912b2866d591fb","name":"Editor General","image":{"@type":"ImageObject","inLanguage":"es","@id":"https:\/\/luchonoticias.com\/editor\/#\/schema\/person\/image\/","url":"https:\/\/luchonoticias.com\/editor\/wp-content\/uploads\/2024\/02\/cropped-cropped-logolu-150x150.webp","contentUrl":"https:\/\/luchonoticias.com\/editor\/wp-content\/uploads\/2024\/02\/cropped-cropped-logolu-150x150.webp","caption":"Editor General"},"sameAs":["https:\/\/luchonoticias.com\/"],"url":"https:\/\/luchonoticias.com\/editor\/author\/editor-general\/"}]}},"_links":{"self":[{"href":"https:\/\/luchonoticias.com\/editor\/wp-json\/wp\/v2\/posts\/51811","targetHints":{"allow":["GET"]}}],"collection":[{"href":"https:\/\/luchonoticias.com\/editor\/wp-json\/wp\/v2\/posts"}],"about":[{"href":"https:\/\/luchonoticias.com\/editor\/wp-json\/wp\/v2\/types\/post"}],"author":[{"embeddable":true,"href":"https:\/\/luchonoticias.com\/editor\/wp-json\/wp\/v2\/users\/2"}],"replies":[{"embeddable":true,"href":"https:\/\/luchonoticias.com\/editor\/wp-json\/wp\/v2\/comments?post=51811"}],"version-history":[{"count":0,"href":"https:\/\/luchonoticias.com\/editor\/wp-json\/wp\/v2\/posts\/51811\/revisions"}],"wp:attachment":[{"href":"https:\/\/luchonoticias.com\/editor\/wp-json\/wp\/v2\/media?parent=51811"}],"wp:term":[{"taxonomy":"category","embeddable":true,"href":"https:\/\/luchonoticias.com\/editor\/wp-json\/wp\/v2\/categories?post=51811"},{"taxonomy":"post_tag","embeddable":true,"href":"https:\/\/luchonoticias.com\/editor\/wp-json\/wp\/v2\/tags?post=51811"}],"curies":[{"name":"wp","href":"https:\/\/api.w.org\/{rel}","templated":true}]}}