{"id":51980,"date":"2023-05-08T05:00:20","date_gmt":"2023-05-08T10:00:20","guid":{"rendered":"https:\/\/luchonoticias.com\/?p=51980"},"modified":"2023-05-08T05:00:21","modified_gmt":"2023-05-08T10:00:21","slug":"condenado-a-mas-de-42-anos-de-prision-por-el-feminicidio-de-su-expareja","status":"publish","type":"post","link":"https:\/\/luchonoticias.com\/editor\/condenado-a-mas-de-42-anos-de-prision-por-el-feminicidio-de-su-expareja\/","title":{"rendered":"Condenado a m\u00e1s de 42 a\u00f1os de prisi\u00f3n por el feminicidio de su expareja"},"content":{"rendered":"\n<p>Un juez conden\u00f3 a 42 a\u00f1os y 6 meses de prisi\u00f3n a Edward Jeinz Riapira Cubillos por el feminicidio de su expareja, ocurrido el 11 de septiembre de 2017 en el barrio Gait\u00e1n, de Ibagu\u00e9 (Tolima).<\/p>\n\n\n\n<p>El material probatorio recaudado por la Fiscal\u00eda permiti\u00f3 demostrar que el d\u00eda de los hechos el hombre ingres\u00f3 a la residencia de la v\u00edctima aprovechando que ella se encontraba sola. Tras golpearla y estrangularla, la arroj\u00f3 por la escalera del segundo piso para aparentar un accidente.<\/p>\n\n\n\n<p>El dictamen m\u00e9dico legal indic\u00f3 que la mujer, con quien Riapira Cubillos mantuvo una relaci\u00f3n de por lo menos dos a\u00f1os, sufri\u00f3 golpes en el rostro, ruptura de labios, golpes en la cabeza, t\u00f3rax, abdomen y brazos. Incluso sufri\u00f3 una fractura en uno de sus dedos, lo que indica que luch\u00f3 por su vida.<\/p>\n\n\n\n<p>El hoy condenado fue capturado en septiembre de 2018 por investigadores del CTI de la Fiscal\u00eda.<\/p>\n","protected":false},"excerpt":{"rendered":"<p>Un juez conden\u00f3 a 42 a\u00f1os y 6 meses de prisi\u00f3n a Edward Jeinz Riapira Cubillos por el feminicidio de su expareja, ocurrido el 11 de septiembre de 2017 en el barrio Gait\u00e1n, de Ibagu\u00e9 (Tolima). El material probatorio recaudado por la Fiscal\u00eda permiti\u00f3 demostrar que el d\u00eda de los hechos el hombre ingres\u00f3 a [&hellip;]<\/p>\n","protected":false},"author":2,"featured_media":0,"comment_status":"open","ping_status":"open","sticky":false,"template":"","format":"standard","meta":{"footnotes":""},"categories":[36,29],"tags":[],"class_list":["post-51980","post","type-post","status-publish","format-standard","hentry","category-destacado","category-judicial"],"yoast_head":"<!-- This site is optimized with the Yoast SEO plugin v26.6 - https:\/\/yoast.com\/wordpress\/plugins\/seo\/ -->\n<title>Condenado a m\u00e1s de 42 a\u00f1os de prisi\u00f3n por el feminicidio de su expareja -<\/title>\n<meta name=\"robots\" content=\"index, follow, max-snippet:-1, max-image-preview:large, max-video-preview:-1\" \/>\n<link rel=\"canonical\" href=\"https:\/\/luchonoticias.com\/editor\/condenado-a-mas-de-42-anos-de-prision-por-el-feminicidio-de-su-expareja\/\" \/>\n<meta property=\"og:locale\" content=\"es_ES\" \/>\n<meta property=\"og:type\" content=\"article\" \/>\n<meta property=\"og:title\" content=\"Condenado a m\u00e1s de 42 a\u00f1os de prisi\u00f3n por el feminicidio de su expareja -\" \/>\n<meta property=\"og:url\" content=\"https:\/\/luchonoticias.com\/editor\/condenado-a-mas-de-42-anos-de-prision-por-el-feminicidio-de-su-expareja\/\" \/>\n<meta property=\"article:publisher\" content=\"https:\/\/www.facebook.com\/luchonoticiasneiva\" \/>\n<meta property=\"article:published_time\" content=\"2023-05-08T10:00:20+00:00\" \/>\n<meta property=\"article:modified_time\" content=\"2023-05-08T10:00:21+00:00\" \/>\n<meta name=\"author\" content=\"Editor General\" \/>\n<meta name=\"twitter:card\" content=\"summary_large_image\" \/>\n<meta name=\"twitter:label1\" content=\"Escrito por\" \/>\n\t<meta name=\"twitter:data1\" content=\"Editor General\" \/>\n\t<meta name=\"twitter:label2\" content=\"Tiempo de lectura\" \/>\n\t<meta name=\"twitter:data2\" content=\"1 minuto\" \/>\n<script type=\"application\/ld+json\" class=\"yoast-schema-graph\">{\"@context\":\"https:\/\/schema.org\",\"@graph\":[{\"@type\":\"Article\",\"@id\":\"https:\/\/luchonoticias.com\/editor\/condenado-a-mas-de-42-anos-de-prision-por-el-feminicidio-de-su-expareja\/#article\",\"isPartOf\":{\"@id\":\"https:\/\/luchonoticias.com\/editor\/condenado-a-mas-de-42-anos-de-prision-por-el-feminicidio-de-su-expareja\/\"},\"author\":{\"name\":\"Editor General\",\"@id\":\"https:\/\/luchonoticias.com\/editor\/#\/schema\/person\/29217990ddf6f14e35912b2866d591fb\"},\"headline\":\"Condenado a m\u00e1s de 42 a\u00f1os de prisi\u00f3n por el feminicidio de su expareja\",\"datePublished\":\"2023-05-08T10:00:20+00:00\",\"dateModified\":\"2023-05-08T10:00:21+00:00\",\"mainEntityOfPage\":{\"@id\":\"https:\/\/luchonoticias.com\/editor\/condenado-a-mas-de-42-anos-de-prision-por-el-feminicidio-de-su-expareja\/\"},\"wordCount\":174,\"commentCount\":0,\"publisher\":{\"@id\":\"https:\/\/luchonoticias.com\/editor\/#\/schema\/person\/7a7fd911f58561fd056dbac7b55af9cd\"},\"articleSection\":[\"Destacado\",\"Judicial\"],\"inLanguage\":\"es\",\"potentialAction\":[{\"@type\":\"CommentAction\",\"name\":\"Comment\",\"target\":[\"https:\/\/luchonoticias.com\/editor\/condenado-a-mas-de-42-anos-de-prision-por-el-feminicidio-de-su-expareja\/#respond\"]}]},{\"@type\":\"WebPage\",\"@id\":\"https:\/\/luchonoticias.com\/editor\/condenado-a-mas-de-42-anos-de-prision-por-el-feminicidio-de-su-expareja\/\",\"url\":\"https:\/\/luchonoticias.com\/editor\/condenado-a-mas-de-42-anos-de-prision-por-el-feminicidio-de-su-expareja\/\",\"name\":\"Condenado a m\u00e1s de 42 a\u00f1os de prisi\u00f3n por el feminicidio de su expareja -\",\"isPartOf\":{\"@id\":\"https:\/\/luchonoticias.com\/editor\/#website\"},\"datePublished\":\"2023-05-08T10:00:20+00:00\",\"dateModified\":\"2023-05-08T10:00:21+00:00\",\"breadcrumb\":{\"@id\":\"https:\/\/luchonoticias.com\/editor\/condenado-a-mas-de-42-anos-de-prision-por-el-feminicidio-de-su-expareja\/#breadcrumb\"},\"inLanguage\":\"es\",\"potentialAction\":[{\"@type\":\"ReadAction\",\"target\":[\"https:\/\/luchonoticias.com\/editor\/condenado-a-mas-de-42-anos-de-prision-por-el-feminicidio-de-su-expareja\/\"]}]},{\"@type\":\"BreadcrumbList\",\"@id\":\"https:\/\/luchonoticias.com\/editor\/condenado-a-mas-de-42-anos-de-prision-por-el-feminicidio-de-su-expareja\/#breadcrumb\",\"itemListElement\":[{\"@type\":\"ListItem\",\"position\":1,\"name\":\"Portada\",\"item\":\"https:\/\/luchonoticias.com\/editor\/\"},{\"@type\":\"ListItem\",\"position\":2,\"name\":\"Condenado a m\u00e1s de 42 a\u00f1os de prisi\u00f3n por el feminicidio de su expareja\"}]},{\"@type\":\"WebSite\",\"@id\":\"https:\/\/luchonoticias.com\/editor\/#website\",\"url\":\"https:\/\/luchonoticias.com\/editor\/\",\"name\":\"\",\"description\":\"\",\"publisher\":{\"@id\":\"https:\/\/luchonoticias.com\/editor\/#\/schema\/person\/7a7fd911f58561fd056dbac7b55af9cd\"},\"potentialAction\":[{\"@type\":\"SearchAction\",\"target\":{\"@type\":\"EntryPoint\",\"urlTemplate\":\"https:\/\/luchonoticias.com\/editor\/?s={search_term_string}\"},\"query-input\":{\"@type\":\"PropertyValueSpecification\",\"valueRequired\":true,\"valueName\":\"search_term_string\"}}],\"inLanguage\":\"es\"},{\"@type\":[\"Person\",\"Organization\"],\"@id\":\"https:\/\/luchonoticias.com\/editor\/#\/schema\/person\/7a7fd911f58561fd056dbac7b55af9cd\",\"name\":\"admin\",\"image\":{\"@type\":\"ImageObject\",\"inLanguage\":\"es\",\"@id\":\"https:\/\/luchonoticias.com\/editor\/#\/schema\/person\/image\/\",\"url\":\"https:\/\/luchonoticias.com\/editor\/wp-content\/uploads\/2024\/02\/cropped-cropped-logolu.webp\",\"contentUrl\":\"https:\/\/luchonoticias.com\/editor\/wp-content\/uploads\/2024\/02\/cropped-cropped-logolu.webp\",\"width\":382,\"height\":170,\"caption\":\"admin\"},\"logo\":{\"@id\":\"https:\/\/luchonoticias.com\/editor\/#\/schema\/person\/image\/\"},\"sameAs\":[\"https:\/\/www.facebook.com\/luchonoticiasneiva\"]},{\"@type\":\"Person\",\"@id\":\"https:\/\/luchonoticias.com\/editor\/#\/schema\/person\/29217990ddf6f14e35912b2866d591fb\",\"name\":\"Editor General\",\"image\":{\"@type\":\"ImageObject\",\"inLanguage\":\"es\",\"@id\":\"https:\/\/luchonoticias.com\/editor\/#\/schema\/person\/image\/\",\"url\":\"https:\/\/luchonoticias.com\/editor\/wp-content\/uploads\/2024\/02\/cropped-cropped-logolu-150x150.webp\",\"contentUrl\":\"https:\/\/luchonoticias.com\/editor\/wp-content\/uploads\/2024\/02\/cropped-cropped-logolu-150x150.webp\",\"caption\":\"Editor General\"},\"sameAs\":[\"https:\/\/luchonoticias.com\/\"],\"url\":\"https:\/\/luchonoticias.com\/editor\/author\/editor-general\/\"}]}<\/script>\n<!-- \/ Yoast SEO plugin. -->","yoast_head_json":{"title":"Condenado a m\u00e1s de 42 a\u00f1os de prisi\u00f3n por el feminicidio de su expareja -","robots":{"index":"index","follow":"follow","max-snippet":"max-snippet:-1","max-image-preview":"max-image-preview:large","max-video-preview":"max-video-preview:-1"},"canonical":"https:\/\/luchonoticias.com\/editor\/condenado-a-mas-de-42-anos-de-prision-por-el-feminicidio-de-su-expareja\/","og_locale":"es_ES","og_type":"article","og_title":"Condenado a m\u00e1s de 42 a\u00f1os de prisi\u00f3n por el feminicidio de su expareja -","og_url":"https:\/\/luchonoticias.com\/editor\/condenado-a-mas-de-42-anos-de-prision-por-el-feminicidio-de-su-expareja\/","article_publisher":"https:\/\/www.facebook.com\/luchonoticiasneiva","article_published_time":"2023-05-08T10:00:20+00:00","article_modified_time":"2023-05-08T10:00:21+00:00","author":"Editor General","twitter_card":"summary_large_image","twitter_misc":{"Escrito por":"Editor General","Tiempo de lectura":"1 minuto"},"schema":{"@context":"https:\/\/schema.org","@graph":[{"@type":"Article","@id":"https:\/\/luchonoticias.com\/editor\/condenado-a-mas-de-42-anos-de-prision-por-el-feminicidio-de-su-expareja\/#article","isPartOf":{"@id":"https:\/\/luchonoticias.com\/editor\/condenado-a-mas-de-42-anos-de-prision-por-el-feminicidio-de-su-expareja\/"},"author":{"name":"Editor General","@id":"https:\/\/luchonoticias.com\/editor\/#\/schema\/person\/29217990ddf6f14e35912b2866d591fb"},"headline":"Condenado a m\u00e1s de 42 a\u00f1os de prisi\u00f3n por el feminicidio de su expareja","datePublished":"2023-05-08T10:00:20+00:00","dateModified":"2023-05-08T10:00:21+00:00","mainEntityOfPage":{"@id":"https:\/\/luchonoticias.com\/editor\/condenado-a-mas-de-42-anos-de-prision-por-el-feminicidio-de-su-expareja\/"},"wordCount":174,"commentCount":0,"publisher":{"@id":"https:\/\/luchonoticias.com\/editor\/#\/schema\/person\/7a7fd911f58561fd056dbac7b55af9cd"},"articleSection":["Destacado","Judicial"],"inLanguage":"es","potentialAction":[{"@type":"CommentAction","name":"Comment","target":["https:\/\/luchonoticias.com\/editor\/condenado-a-mas-de-42-anos-de-prision-por-el-feminicidio-de-su-expareja\/#respond"]}]},{"@type":"WebPage","@id":"https:\/\/luchonoticias.com\/editor\/condenado-a-mas-de-42-anos-de-prision-por-el-feminicidio-de-su-expareja\/","url":"https:\/\/luchonoticias.com\/editor\/condenado-a-mas-de-42-anos-de-prision-por-el-feminicidio-de-su-expareja\/","name":"Condenado a m\u00e1s de 42 a\u00f1os de prisi\u00f3n por el feminicidio de su expareja -","isPartOf":{"@id":"https:\/\/luchonoticias.com\/editor\/#website"},"datePublished":"2023-05-08T10:00:20+00:00","dateModified":"2023-05-08T10:00:21+00:00","breadcrumb":{"@id":"https:\/\/luchonoticias.com\/editor\/condenado-a-mas-de-42-anos-de-prision-por-el-feminicidio-de-su-expareja\/#breadcrumb"},"inLanguage":"es","potentialAction":[{"@type":"ReadAction","target":["https:\/\/luchonoticias.com\/editor\/condenado-a-mas-de-42-anos-de-prision-por-el-feminicidio-de-su-expareja\/"]}]},{"@type":"BreadcrumbList","@id":"https:\/\/luchonoticias.com\/editor\/condenado-a-mas-de-42-anos-de-prision-por-el-feminicidio-de-su-expareja\/#breadcrumb","itemListElement":[{"@type":"ListItem","position":1,"name":"Portada","item":"https:\/\/luchonoticias.com\/editor\/"},{"@type":"ListItem","position":2,"name":"Condenado a m\u00e1s de 42 a\u00f1os de prisi\u00f3n por el feminicidio de su expareja"}]},{"@type":"WebSite","@id":"https:\/\/luchonoticias.com\/editor\/#website","url":"https:\/\/luchonoticias.com\/editor\/","name":"","description":"","publisher":{"@id":"https:\/\/luchonoticias.com\/editor\/#\/schema\/person\/7a7fd911f58561fd056dbac7b55af9cd"},"potentialAction":[{"@type":"SearchAction","target":{"@type":"EntryPoint","urlTemplate":"https:\/\/luchonoticias.com\/editor\/?s={search_term_string}"},"query-input":{"@type":"PropertyValueSpecification","valueRequired":true,"valueName":"search_term_string"}}],"inLanguage":"es"},{"@type":["Person","Organization"],"@id":"https:\/\/luchonoticias.com\/editor\/#\/schema\/person\/7a7fd911f58561fd056dbac7b55af9cd","name":"admin","image":{"@type":"ImageObject","inLanguage":"es","@id":"https:\/\/luchonoticias.com\/editor\/#\/schema\/person\/image\/","url":"https:\/\/luchonoticias.com\/editor\/wp-content\/uploads\/2024\/02\/cropped-cropped-logolu.webp","contentUrl":"https:\/\/luchonoticias.com\/editor\/wp-content\/uploads\/2024\/02\/cropped-cropped-logolu.webp","width":382,"height":170,"caption":"admin"},"logo":{"@id":"https:\/\/luchonoticias.com\/editor\/#\/schema\/person\/image\/"},"sameAs":["https:\/\/www.facebook.com\/luchonoticiasneiva"]},{"@type":"Person","@id":"https:\/\/luchonoticias.com\/editor\/#\/schema\/person\/29217990ddf6f14e35912b2866d591fb","name":"Editor General","image":{"@type":"ImageObject","inLanguage":"es","@id":"https:\/\/luchonoticias.com\/editor\/#\/schema\/person\/image\/","url":"https:\/\/luchonoticias.com\/editor\/wp-content\/uploads\/2024\/02\/cropped-cropped-logolu-150x150.webp","contentUrl":"https:\/\/luchonoticias.com\/editor\/wp-content\/uploads\/2024\/02\/cropped-cropped-logolu-150x150.webp","caption":"Editor General"},"sameAs":["https:\/\/luchonoticias.com\/"],"url":"https:\/\/luchonoticias.com\/editor\/author\/editor-general\/"}]}},"_links":{"self":[{"href":"https:\/\/luchonoticias.com\/editor\/wp-json\/wp\/v2\/posts\/51980","targetHints":{"allow":["GET"]}}],"collection":[{"href":"https:\/\/luchonoticias.com\/editor\/wp-json\/wp\/v2\/posts"}],"about":[{"href":"https:\/\/luchonoticias.com\/editor\/wp-json\/wp\/v2\/types\/post"}],"author":[{"embeddable":true,"href":"https:\/\/luchonoticias.com\/editor\/wp-json\/wp\/v2\/users\/2"}],"replies":[{"embeddable":true,"href":"https:\/\/luchonoticias.com\/editor\/wp-json\/wp\/v2\/comments?post=51980"}],"version-history":[{"count":0,"href":"https:\/\/luchonoticias.com\/editor\/wp-json\/wp\/v2\/posts\/51980\/revisions"}],"wp:attachment":[{"href":"https:\/\/luchonoticias.com\/editor\/wp-json\/wp\/v2\/media?parent=51980"}],"wp:term":[{"taxonomy":"category","embeddable":true,"href":"https:\/\/luchonoticias.com\/editor\/wp-json\/wp\/v2\/categories?post=51980"},{"taxonomy":"post_tag","embeddable":true,"href":"https:\/\/luchonoticias.com\/editor\/wp-json\/wp\/v2\/tags?post=51980"}],"curies":[{"name":"wp","href":"https:\/\/api.w.org\/{rel}","templated":true}]}}