{"id":51991,"date":"2023-05-08T05:18:24","date_gmt":"2023-05-08T10:18:24","guid":{"rendered":"https:\/\/luchonoticias.com\/?p=51991"},"modified":"2023-05-08T05:18:25","modified_gmt":"2023-05-08T10:18:25","slug":"torneo-de-liga-sub-9-llego-a-su-segunda-fecha","status":"publish","type":"post","link":"https:\/\/luchonoticias.com\/editor\/torneo-de-liga-sub-9-llego-a-su-segunda-fecha\/","title":{"rendered":"Torneo de liga sub &#8211; 9 lleg\u00f3 a su segunda fecha"},"content":{"rendered":"\n<p>Se cumpli\u00f3 la&nbsp;<strong>segunda fecha<\/strong>&nbsp;del&nbsp;<strong>campeonato departamental de f\u00fatbol sub \u2013 9<\/strong>&nbsp;organizado por la Liga de F\u00fatbol del Huila.<\/p>\n\n\n\n<p><strong>M\u00e1s de 30 goles se marcaron<\/strong>&nbsp;en la jornada entre los grupos A y B, a continuaci\u00f3n, los resultados de la jornada:<\/p>\n\n\n\n<p>GRUPO A<\/p>\n\n\n\n<p><strong>\u00c9lite&nbsp;<\/strong>6:2 Teacher Berr\u00edo<\/p>\n\n\n\n<p><strong>Atl\u00e9tic Neiva<\/strong>&nbsp;(en la foto) 3:2 Opitas FC<\/p>\n\n\n\n<p>Aston Huila 6:0 Promesas<\/p>\n\n\n\n<p>Juli\u00e1n D\u00edaz 1:1 Utrahuilca<\/p>\n\n\n\n<p>GRUPO B<\/p>\n\n\n\n<p><strong>Guagua Palermo&nbsp;<\/strong>3:1 Cantera Opita<\/p>\n\n\n\n<p>Aston Huila B 2:2 Alianza Opita<\/p>\n\n\n\n<p><\/p>\n","protected":false},"excerpt":{"rendered":"<p>Se cumpli\u00f3 la&nbsp;segunda fecha&nbsp;del&nbsp;campeonato departamental de f\u00fatbol sub \u2013 9&nbsp;organizado por la Liga de F\u00fatbol del Huila. M\u00e1s de 30 goles se marcaron&nbsp;en la jornada entre los grupos A y B, a continuaci\u00f3n, los resultados de la jornada: GRUPO A \u00c9lite&nbsp;6:2 Teacher Berr\u00edo Atl\u00e9tic Neiva&nbsp;(en la foto) 3:2 Opitas FC Aston Huila 6:0 Promesas Juli\u00e1n [&hellip;]<\/p>\n","protected":false},"author":2,"featured_media":0,"comment_status":"open","ping_status":"open","sticky":false,"template":"","format":"standard","meta":{"footnotes":""},"categories":[34],"tags":[],"class_list":["post-51991","post","type-post","status-publish","format-standard","hentry","category-deportes"],"yoast_head":"<!-- This site is optimized with the Yoast SEO plugin v26.6 - https:\/\/yoast.com\/wordpress\/plugins\/seo\/ -->\n<title>Torneo de liga sub - 9 lleg\u00f3 a su segunda fecha -<\/title>\n<meta name=\"robots\" content=\"index, follow, max-snippet:-1, max-image-preview:large, max-video-preview:-1\" \/>\n<link rel=\"canonical\" href=\"https:\/\/luchonoticias.com\/editor\/torneo-de-liga-sub-9-llego-a-su-segunda-fecha\/\" \/>\n<meta property=\"og:locale\" content=\"es_ES\" \/>\n<meta property=\"og:type\" content=\"article\" \/>\n<meta property=\"og:title\" content=\"Torneo de liga sub - 9 lleg\u00f3 a su segunda fecha -\" \/>\n<meta property=\"og:url\" content=\"https:\/\/luchonoticias.com\/editor\/torneo-de-liga-sub-9-llego-a-su-segunda-fecha\/\" \/>\n<meta property=\"article:publisher\" content=\"https:\/\/www.facebook.com\/luchonoticiasneiva\" \/>\n<meta property=\"article:published_time\" content=\"2023-05-08T10:18:24+00:00\" \/>\n<meta property=\"article:modified_time\" content=\"2023-05-08T10:18:25+00:00\" \/>\n<meta name=\"author\" content=\"Editor General\" \/>\n<meta name=\"twitter:card\" content=\"summary_large_image\" \/>\n<meta name=\"twitter:label1\" content=\"Escrito por\" \/>\n\t<meta name=\"twitter:data1\" content=\"Editor General\" \/>\n<script type=\"application\/ld+json\" class=\"yoast-schema-graph\">{\"@context\":\"https:\/\/schema.org\",\"@graph\":[{\"@type\":\"Article\",\"@id\":\"https:\/\/luchonoticias.com\/editor\/torneo-de-liga-sub-9-llego-a-su-segunda-fecha\/#article\",\"isPartOf\":{\"@id\":\"https:\/\/luchonoticias.com\/editor\/torneo-de-liga-sub-9-llego-a-su-segunda-fecha\/\"},\"author\":{\"name\":\"Editor General\",\"@id\":\"https:\/\/luchonoticias.com\/editor\/#\/schema\/person\/29217990ddf6f14e35912b2866d591fb\"},\"headline\":\"Torneo de liga sub &#8211; 9 lleg\u00f3 a su segunda fecha\",\"datePublished\":\"2023-05-08T10:18:24+00:00\",\"dateModified\":\"2023-05-08T10:18:25+00:00\",\"mainEntityOfPage\":{\"@id\":\"https:\/\/luchonoticias.com\/editor\/torneo-de-liga-sub-9-llego-a-su-segunda-fecha\/\"},\"wordCount\":95,\"commentCount\":0,\"publisher\":{\"@id\":\"https:\/\/luchonoticias.com\/editor\/#\/schema\/person\/7a7fd911f58561fd056dbac7b55af9cd\"},\"articleSection\":[\"Deportes\"],\"inLanguage\":\"es\",\"potentialAction\":[{\"@type\":\"CommentAction\",\"name\":\"Comment\",\"target\":[\"https:\/\/luchonoticias.com\/editor\/torneo-de-liga-sub-9-llego-a-su-segunda-fecha\/#respond\"]}]},{\"@type\":\"WebPage\",\"@id\":\"https:\/\/luchonoticias.com\/editor\/torneo-de-liga-sub-9-llego-a-su-segunda-fecha\/\",\"url\":\"https:\/\/luchonoticias.com\/editor\/torneo-de-liga-sub-9-llego-a-su-segunda-fecha\/\",\"name\":\"Torneo de liga sub - 9 lleg\u00f3 a su segunda fecha -\",\"isPartOf\":{\"@id\":\"https:\/\/luchonoticias.com\/editor\/#website\"},\"datePublished\":\"2023-05-08T10:18:24+00:00\",\"dateModified\":\"2023-05-08T10:18:25+00:00\",\"breadcrumb\":{\"@id\":\"https:\/\/luchonoticias.com\/editor\/torneo-de-liga-sub-9-llego-a-su-segunda-fecha\/#breadcrumb\"},\"inLanguage\":\"es\",\"potentialAction\":[{\"@type\":\"ReadAction\",\"target\":[\"https:\/\/luchonoticias.com\/editor\/torneo-de-liga-sub-9-llego-a-su-segunda-fecha\/\"]}]},{\"@type\":\"BreadcrumbList\",\"@id\":\"https:\/\/luchonoticias.com\/editor\/torneo-de-liga-sub-9-llego-a-su-segunda-fecha\/#breadcrumb\",\"itemListElement\":[{\"@type\":\"ListItem\",\"position\":1,\"name\":\"Portada\",\"item\":\"https:\/\/luchonoticias.com\/editor\/\"},{\"@type\":\"ListItem\",\"position\":2,\"name\":\"Torneo de liga sub &#8211; 9 lleg\u00f3 a su segunda fecha\"}]},{\"@type\":\"WebSite\",\"@id\":\"https:\/\/luchonoticias.com\/editor\/#website\",\"url\":\"https:\/\/luchonoticias.com\/editor\/\",\"name\":\"\",\"description\":\"\",\"publisher\":{\"@id\":\"https:\/\/luchonoticias.com\/editor\/#\/schema\/person\/7a7fd911f58561fd056dbac7b55af9cd\"},\"potentialAction\":[{\"@type\":\"SearchAction\",\"target\":{\"@type\":\"EntryPoint\",\"urlTemplate\":\"https:\/\/luchonoticias.com\/editor\/?s={search_term_string}\"},\"query-input\":{\"@type\":\"PropertyValueSpecification\",\"valueRequired\":true,\"valueName\":\"search_term_string\"}}],\"inLanguage\":\"es\"},{\"@type\":[\"Person\",\"Organization\"],\"@id\":\"https:\/\/luchonoticias.com\/editor\/#\/schema\/person\/7a7fd911f58561fd056dbac7b55af9cd\",\"name\":\"admin\",\"image\":{\"@type\":\"ImageObject\",\"inLanguage\":\"es\",\"@id\":\"https:\/\/luchonoticias.com\/editor\/#\/schema\/person\/image\/\",\"url\":\"https:\/\/luchonoticias.com\/editor\/wp-content\/uploads\/2024\/02\/cropped-cropped-logolu.webp\",\"contentUrl\":\"https:\/\/luchonoticias.com\/editor\/wp-content\/uploads\/2024\/02\/cropped-cropped-logolu.webp\",\"width\":382,\"height\":170,\"caption\":\"admin\"},\"logo\":{\"@id\":\"https:\/\/luchonoticias.com\/editor\/#\/schema\/person\/image\/\"},\"sameAs\":[\"https:\/\/www.facebook.com\/luchonoticiasneiva\"]},{\"@type\":\"Person\",\"@id\":\"https:\/\/luchonoticias.com\/editor\/#\/schema\/person\/29217990ddf6f14e35912b2866d591fb\",\"name\":\"Editor General\",\"image\":{\"@type\":\"ImageObject\",\"inLanguage\":\"es\",\"@id\":\"https:\/\/luchonoticias.com\/editor\/#\/schema\/person\/image\/\",\"url\":\"https:\/\/luchonoticias.com\/editor\/wp-content\/uploads\/2024\/02\/cropped-cropped-logolu-150x150.webp\",\"contentUrl\":\"https:\/\/luchonoticias.com\/editor\/wp-content\/uploads\/2024\/02\/cropped-cropped-logolu-150x150.webp\",\"caption\":\"Editor General\"},\"sameAs\":[\"https:\/\/luchonoticias.com\/\"],\"url\":\"https:\/\/luchonoticias.com\/editor\/author\/editor-general\/\"}]}<\/script>\n<!-- \/ Yoast SEO plugin. -->","yoast_head_json":{"title":"Torneo de liga sub - 9 lleg\u00f3 a su segunda fecha -","robots":{"index":"index","follow":"follow","max-snippet":"max-snippet:-1","max-image-preview":"max-image-preview:large","max-video-preview":"max-video-preview:-1"},"canonical":"https:\/\/luchonoticias.com\/editor\/torneo-de-liga-sub-9-llego-a-su-segunda-fecha\/","og_locale":"es_ES","og_type":"article","og_title":"Torneo de liga sub - 9 lleg\u00f3 a su segunda fecha -","og_url":"https:\/\/luchonoticias.com\/editor\/torneo-de-liga-sub-9-llego-a-su-segunda-fecha\/","article_publisher":"https:\/\/www.facebook.com\/luchonoticiasneiva","article_published_time":"2023-05-08T10:18:24+00:00","article_modified_time":"2023-05-08T10:18:25+00:00","author":"Editor General","twitter_card":"summary_large_image","twitter_misc":{"Escrito por":"Editor General"},"schema":{"@context":"https:\/\/schema.org","@graph":[{"@type":"Article","@id":"https:\/\/luchonoticias.com\/editor\/torneo-de-liga-sub-9-llego-a-su-segunda-fecha\/#article","isPartOf":{"@id":"https:\/\/luchonoticias.com\/editor\/torneo-de-liga-sub-9-llego-a-su-segunda-fecha\/"},"author":{"name":"Editor General","@id":"https:\/\/luchonoticias.com\/editor\/#\/schema\/person\/29217990ddf6f14e35912b2866d591fb"},"headline":"Torneo de liga sub &#8211; 9 lleg\u00f3 a su segunda fecha","datePublished":"2023-05-08T10:18:24+00:00","dateModified":"2023-05-08T10:18:25+00:00","mainEntityOfPage":{"@id":"https:\/\/luchonoticias.com\/editor\/torneo-de-liga-sub-9-llego-a-su-segunda-fecha\/"},"wordCount":95,"commentCount":0,"publisher":{"@id":"https:\/\/luchonoticias.com\/editor\/#\/schema\/person\/7a7fd911f58561fd056dbac7b55af9cd"},"articleSection":["Deportes"],"inLanguage":"es","potentialAction":[{"@type":"CommentAction","name":"Comment","target":["https:\/\/luchonoticias.com\/editor\/torneo-de-liga-sub-9-llego-a-su-segunda-fecha\/#respond"]}]},{"@type":"WebPage","@id":"https:\/\/luchonoticias.com\/editor\/torneo-de-liga-sub-9-llego-a-su-segunda-fecha\/","url":"https:\/\/luchonoticias.com\/editor\/torneo-de-liga-sub-9-llego-a-su-segunda-fecha\/","name":"Torneo de liga sub - 9 lleg\u00f3 a su segunda fecha -","isPartOf":{"@id":"https:\/\/luchonoticias.com\/editor\/#website"},"datePublished":"2023-05-08T10:18:24+00:00","dateModified":"2023-05-08T10:18:25+00:00","breadcrumb":{"@id":"https:\/\/luchonoticias.com\/editor\/torneo-de-liga-sub-9-llego-a-su-segunda-fecha\/#breadcrumb"},"inLanguage":"es","potentialAction":[{"@type":"ReadAction","target":["https:\/\/luchonoticias.com\/editor\/torneo-de-liga-sub-9-llego-a-su-segunda-fecha\/"]}]},{"@type":"BreadcrumbList","@id":"https:\/\/luchonoticias.com\/editor\/torneo-de-liga-sub-9-llego-a-su-segunda-fecha\/#breadcrumb","itemListElement":[{"@type":"ListItem","position":1,"name":"Portada","item":"https:\/\/luchonoticias.com\/editor\/"},{"@type":"ListItem","position":2,"name":"Torneo de liga sub &#8211; 9 lleg\u00f3 a su segunda fecha"}]},{"@type":"WebSite","@id":"https:\/\/luchonoticias.com\/editor\/#website","url":"https:\/\/luchonoticias.com\/editor\/","name":"","description":"","publisher":{"@id":"https:\/\/luchonoticias.com\/editor\/#\/schema\/person\/7a7fd911f58561fd056dbac7b55af9cd"},"potentialAction":[{"@type":"SearchAction","target":{"@type":"EntryPoint","urlTemplate":"https:\/\/luchonoticias.com\/editor\/?s={search_term_string}"},"query-input":{"@type":"PropertyValueSpecification","valueRequired":true,"valueName":"search_term_string"}}],"inLanguage":"es"},{"@type":["Person","Organization"],"@id":"https:\/\/luchonoticias.com\/editor\/#\/schema\/person\/7a7fd911f58561fd056dbac7b55af9cd","name":"admin","image":{"@type":"ImageObject","inLanguage":"es","@id":"https:\/\/luchonoticias.com\/editor\/#\/schema\/person\/image\/","url":"https:\/\/luchonoticias.com\/editor\/wp-content\/uploads\/2024\/02\/cropped-cropped-logolu.webp","contentUrl":"https:\/\/luchonoticias.com\/editor\/wp-content\/uploads\/2024\/02\/cropped-cropped-logolu.webp","width":382,"height":170,"caption":"admin"},"logo":{"@id":"https:\/\/luchonoticias.com\/editor\/#\/schema\/person\/image\/"},"sameAs":["https:\/\/www.facebook.com\/luchonoticiasneiva"]},{"@type":"Person","@id":"https:\/\/luchonoticias.com\/editor\/#\/schema\/person\/29217990ddf6f14e35912b2866d591fb","name":"Editor General","image":{"@type":"ImageObject","inLanguage":"es","@id":"https:\/\/luchonoticias.com\/editor\/#\/schema\/person\/image\/","url":"https:\/\/luchonoticias.com\/editor\/wp-content\/uploads\/2024\/02\/cropped-cropped-logolu-150x150.webp","contentUrl":"https:\/\/luchonoticias.com\/editor\/wp-content\/uploads\/2024\/02\/cropped-cropped-logolu-150x150.webp","caption":"Editor General"},"sameAs":["https:\/\/luchonoticias.com\/"],"url":"https:\/\/luchonoticias.com\/editor\/author\/editor-general\/"}]}},"_links":{"self":[{"href":"https:\/\/luchonoticias.com\/editor\/wp-json\/wp\/v2\/posts\/51991","targetHints":{"allow":["GET"]}}],"collection":[{"href":"https:\/\/luchonoticias.com\/editor\/wp-json\/wp\/v2\/posts"}],"about":[{"href":"https:\/\/luchonoticias.com\/editor\/wp-json\/wp\/v2\/types\/post"}],"author":[{"embeddable":true,"href":"https:\/\/luchonoticias.com\/editor\/wp-json\/wp\/v2\/users\/2"}],"replies":[{"embeddable":true,"href":"https:\/\/luchonoticias.com\/editor\/wp-json\/wp\/v2\/comments?post=51991"}],"version-history":[{"count":0,"href":"https:\/\/luchonoticias.com\/editor\/wp-json\/wp\/v2\/posts\/51991\/revisions"}],"wp:attachment":[{"href":"https:\/\/luchonoticias.com\/editor\/wp-json\/wp\/v2\/media?parent=51991"}],"wp:term":[{"taxonomy":"category","embeddable":true,"href":"https:\/\/luchonoticias.com\/editor\/wp-json\/wp\/v2\/categories?post=51991"},{"taxonomy":"post_tag","embeddable":true,"href":"https:\/\/luchonoticias.com\/editor\/wp-json\/wp\/v2\/tags?post=51991"}],"curies":[{"name":"wp","href":"https:\/\/api.w.org\/{rel}","templated":true}]}}