{"id":52004,"date":"2023-05-08T10:48:07","date_gmt":"2023-05-08T15:48:07","guid":{"rendered":"https:\/\/luchonoticias.com\/?p=52004"},"modified":"2023-05-08T10:48:07","modified_gmt":"2023-05-08T15:48:07","slug":"delincuentes-disfrazados-de-policias-intentaron-robar-un-camion","status":"publish","type":"post","link":"https:\/\/luchonoticias.com\/editor\/delincuentes-disfrazados-de-policias-intentaron-robar-un-camion\/","title":{"rendered":"Delincuentes disfrazados de polic\u00edas intentaron robar un cami\u00f3n"},"content":{"rendered":"\n<p>La Polic\u00eda Metropolitana de Neiva, dio a conocer en las \u00faltimas horas, que, en relaci\u00f3n a los hechos sucedidos en las \u00faltimas horas, sobre la v\u00eda que del municipio de Rivera conduce al Centro Poblado el Juncal se permite informar que, donde sujetos disfrazados de uniformados de la polic\u00eda nacional, intentaron robar un cami\u00f3n que cargaba queso.<\/p>\n\n\n\n<p>\u201cSe presenta un hecho delictivo, donde un veh\u00edculo tipo cami\u00f3n en el que transportaban cerca de 20 toneladas de queso, fue objeto de un hecho delictivo, siendo interceptado, al parecer por personas que usaban prendas de uso privativo. &nbsp;Seg\u00fan lo manifestado por las v\u00edctimas, son intimidados y obligados a descender del veh\u00edculo, ocasionando a uno de los ciudadanos una lesi\u00f3n con arma cortopunzante y golpes contundentes al otro\u201d, indicaron las fuentes oficiales en un comunicado.<\/p>\n\n\n\n<p>Asimismo, las autoridades dieron a conocer que, en coordinaci\u00f3n con la Fiscal\u00eda General de la Naci\u00f3n, se adelantan las actividades de indagaci\u00f3n pertinentes, con el prop\u00f3sito de recolectar elementos materiales probatorios y evidencia f\u00edsica, que conlleven a determinar las circunstancias de los hechos.<\/p>\n\n\n\n<p>\u201cLa Polic\u00eda Nacional invita a la ciudadan\u00eda a brindar informaci\u00f3n que nos permita identificar y judicializar a los responsables de este caso, comunic\u00e1ndose a la l\u00ednea 123 o dirig\u00edendose a las instalaciones de nuestra SIJIN, donde con absoluta reserva ser\u00e1 administrada la misma\u201d, puntualizaron.<\/p>\n\n\n\n<figure class=\"wp-block-video\"><video controls src=\"https:\/\/luchonoticias.com\/wp-content\/uploads\/2023\/05\/asa.mp4\"><\/video><\/figure>\n","protected":false},"excerpt":{"rendered":"<p>La Polic\u00eda Metropolitana de Neiva, dio a conocer en las \u00faltimas horas, que, en relaci\u00f3n a los hechos sucedidos en las \u00faltimas horas, sobre la v\u00eda que del municipio de Rivera conduce al Centro Poblado el Juncal se permite informar que, donde sujetos disfrazados de uniformados de la polic\u00eda nacional, intentaron robar un cami\u00f3n que [&hellip;]<\/p>\n","protected":false},"author":2,"featured_media":0,"comment_status":"open","ping_status":"open","sticky":false,"template":"","format":"standard","meta":{"footnotes":""},"categories":[36,29],"tags":[],"class_list":["post-52004","post","type-post","status-publish","format-standard","hentry","category-destacado","category-judicial"],"yoast_head":"<!-- This site is optimized with the Yoast SEO plugin v26.6 - https:\/\/yoast.com\/wordpress\/plugins\/seo\/ -->\n<title>Delincuentes disfrazados de polic\u00edas intentaron robar un cami\u00f3n -<\/title>\n<meta name=\"robots\" content=\"index, follow, max-snippet:-1, max-image-preview:large, max-video-preview:-1\" \/>\n<link rel=\"canonical\" href=\"https:\/\/luchonoticias.com\/editor\/delincuentes-disfrazados-de-policias-intentaron-robar-un-camion\/\" \/>\n<meta property=\"og:locale\" content=\"es_ES\" \/>\n<meta property=\"og:type\" content=\"article\" \/>\n<meta property=\"og:title\" content=\"Delincuentes disfrazados de polic\u00edas intentaron robar un cami\u00f3n -\" \/>\n<meta property=\"og:url\" content=\"https:\/\/luchonoticias.com\/editor\/delincuentes-disfrazados-de-policias-intentaron-robar-un-camion\/\" \/>\n<meta property=\"article:publisher\" content=\"https:\/\/www.facebook.com\/luchonoticiasneiva\" \/>\n<meta property=\"article:published_time\" content=\"2023-05-08T15:48:07+00:00\" \/>\n<meta name=\"author\" content=\"Editor General\" \/>\n<meta name=\"twitter:card\" content=\"summary_large_image\" \/>\n<meta name=\"twitter:label1\" content=\"Escrito por\" \/>\n\t<meta name=\"twitter:data1\" content=\"Editor General\" \/>\n\t<meta name=\"twitter:label2\" content=\"Tiempo de lectura\" \/>\n\t<meta name=\"twitter:data2\" content=\"1 minuto\" \/>\n<script type=\"application\/ld+json\" class=\"yoast-schema-graph\">{\"@context\":\"https:\/\/schema.org\",\"@graph\":[{\"@type\":\"Article\",\"@id\":\"https:\/\/luchonoticias.com\/editor\/delincuentes-disfrazados-de-policias-intentaron-robar-un-camion\/#article\",\"isPartOf\":{\"@id\":\"https:\/\/luchonoticias.com\/editor\/delincuentes-disfrazados-de-policias-intentaron-robar-un-camion\/\"},\"author\":{\"name\":\"Editor General\",\"@id\":\"https:\/\/luchonoticias.com\/editor\/#\/schema\/person\/29217990ddf6f14e35912b2866d591fb\"},\"headline\":\"Delincuentes disfrazados de polic\u00edas intentaron robar un cami\u00f3n\",\"datePublished\":\"2023-05-08T15:48:07+00:00\",\"mainEntityOfPage\":{\"@id\":\"https:\/\/luchonoticias.com\/editor\/delincuentes-disfrazados-de-policias-intentaron-robar-un-camion\/\"},\"wordCount\":251,\"commentCount\":0,\"publisher\":{\"@id\":\"https:\/\/luchonoticias.com\/editor\/#\/schema\/person\/7a7fd911f58561fd056dbac7b55af9cd\"},\"articleSection\":[\"Destacado\",\"Judicial\"],\"inLanguage\":\"es\",\"potentialAction\":[{\"@type\":\"CommentAction\",\"name\":\"Comment\",\"target\":[\"https:\/\/luchonoticias.com\/editor\/delincuentes-disfrazados-de-policias-intentaron-robar-un-camion\/#respond\"]}]},{\"@type\":\"WebPage\",\"@id\":\"https:\/\/luchonoticias.com\/editor\/delincuentes-disfrazados-de-policias-intentaron-robar-un-camion\/\",\"url\":\"https:\/\/luchonoticias.com\/editor\/delincuentes-disfrazados-de-policias-intentaron-robar-un-camion\/\",\"name\":\"Delincuentes disfrazados de polic\u00edas intentaron robar un cami\u00f3n -\",\"isPartOf\":{\"@id\":\"https:\/\/luchonoticias.com\/editor\/#website\"},\"datePublished\":\"2023-05-08T15:48:07+00:00\",\"breadcrumb\":{\"@id\":\"https:\/\/luchonoticias.com\/editor\/delincuentes-disfrazados-de-policias-intentaron-robar-un-camion\/#breadcrumb\"},\"inLanguage\":\"es\",\"potentialAction\":[{\"@type\":\"ReadAction\",\"target\":[\"https:\/\/luchonoticias.com\/editor\/delincuentes-disfrazados-de-policias-intentaron-robar-un-camion\/\"]}]},{\"@type\":\"BreadcrumbList\",\"@id\":\"https:\/\/luchonoticias.com\/editor\/delincuentes-disfrazados-de-policias-intentaron-robar-un-camion\/#breadcrumb\",\"itemListElement\":[{\"@type\":\"ListItem\",\"position\":1,\"name\":\"Portada\",\"item\":\"https:\/\/luchonoticias.com\/editor\/\"},{\"@type\":\"ListItem\",\"position\":2,\"name\":\"Delincuentes disfrazados de polic\u00edas intentaron robar un cami\u00f3n\"}]},{\"@type\":\"WebSite\",\"@id\":\"https:\/\/luchonoticias.com\/editor\/#website\",\"url\":\"https:\/\/luchonoticias.com\/editor\/\",\"name\":\"\",\"description\":\"\",\"publisher\":{\"@id\":\"https:\/\/luchonoticias.com\/editor\/#\/schema\/person\/7a7fd911f58561fd056dbac7b55af9cd\"},\"potentialAction\":[{\"@type\":\"SearchAction\",\"target\":{\"@type\":\"EntryPoint\",\"urlTemplate\":\"https:\/\/luchonoticias.com\/editor\/?s={search_term_string}\"},\"query-input\":{\"@type\":\"PropertyValueSpecification\",\"valueRequired\":true,\"valueName\":\"search_term_string\"}}],\"inLanguage\":\"es\"},{\"@type\":[\"Person\",\"Organization\"],\"@id\":\"https:\/\/luchonoticias.com\/editor\/#\/schema\/person\/7a7fd911f58561fd056dbac7b55af9cd\",\"name\":\"admin\",\"image\":{\"@type\":\"ImageObject\",\"inLanguage\":\"es\",\"@id\":\"https:\/\/luchonoticias.com\/editor\/#\/schema\/person\/image\/\",\"url\":\"https:\/\/luchonoticias.com\/editor\/wp-content\/uploads\/2024\/02\/cropped-cropped-logolu.webp\",\"contentUrl\":\"https:\/\/luchonoticias.com\/editor\/wp-content\/uploads\/2024\/02\/cropped-cropped-logolu.webp\",\"width\":382,\"height\":170,\"caption\":\"admin\"},\"logo\":{\"@id\":\"https:\/\/luchonoticias.com\/editor\/#\/schema\/person\/image\/\"},\"sameAs\":[\"https:\/\/www.facebook.com\/luchonoticiasneiva\"]},{\"@type\":\"Person\",\"@id\":\"https:\/\/luchonoticias.com\/editor\/#\/schema\/person\/29217990ddf6f14e35912b2866d591fb\",\"name\":\"Editor General\",\"image\":{\"@type\":\"ImageObject\",\"inLanguage\":\"es\",\"@id\":\"https:\/\/luchonoticias.com\/editor\/#\/schema\/person\/image\/\",\"url\":\"https:\/\/luchonoticias.com\/editor\/wp-content\/uploads\/2024\/02\/cropped-cropped-logolu-150x150.webp\",\"contentUrl\":\"https:\/\/luchonoticias.com\/editor\/wp-content\/uploads\/2024\/02\/cropped-cropped-logolu-150x150.webp\",\"caption\":\"Editor General\"},\"sameAs\":[\"https:\/\/luchonoticias.com\/\"],\"url\":\"https:\/\/luchonoticias.com\/editor\/author\/editor-general\/\"}]}<\/script>\n<!-- \/ Yoast SEO plugin. -->","yoast_head_json":{"title":"Delincuentes disfrazados de polic\u00edas intentaron robar un cami\u00f3n -","robots":{"index":"index","follow":"follow","max-snippet":"max-snippet:-1","max-image-preview":"max-image-preview:large","max-video-preview":"max-video-preview:-1"},"canonical":"https:\/\/luchonoticias.com\/editor\/delincuentes-disfrazados-de-policias-intentaron-robar-un-camion\/","og_locale":"es_ES","og_type":"article","og_title":"Delincuentes disfrazados de polic\u00edas intentaron robar un cami\u00f3n -","og_url":"https:\/\/luchonoticias.com\/editor\/delincuentes-disfrazados-de-policias-intentaron-robar-un-camion\/","article_publisher":"https:\/\/www.facebook.com\/luchonoticiasneiva","article_published_time":"2023-05-08T15:48:07+00:00","author":"Editor General","twitter_card":"summary_large_image","twitter_misc":{"Escrito por":"Editor General","Tiempo de lectura":"1 minuto"},"schema":{"@context":"https:\/\/schema.org","@graph":[{"@type":"Article","@id":"https:\/\/luchonoticias.com\/editor\/delincuentes-disfrazados-de-policias-intentaron-robar-un-camion\/#article","isPartOf":{"@id":"https:\/\/luchonoticias.com\/editor\/delincuentes-disfrazados-de-policias-intentaron-robar-un-camion\/"},"author":{"name":"Editor General","@id":"https:\/\/luchonoticias.com\/editor\/#\/schema\/person\/29217990ddf6f14e35912b2866d591fb"},"headline":"Delincuentes disfrazados de polic\u00edas intentaron robar un cami\u00f3n","datePublished":"2023-05-08T15:48:07+00:00","mainEntityOfPage":{"@id":"https:\/\/luchonoticias.com\/editor\/delincuentes-disfrazados-de-policias-intentaron-robar-un-camion\/"},"wordCount":251,"commentCount":0,"publisher":{"@id":"https:\/\/luchonoticias.com\/editor\/#\/schema\/person\/7a7fd911f58561fd056dbac7b55af9cd"},"articleSection":["Destacado","Judicial"],"inLanguage":"es","potentialAction":[{"@type":"CommentAction","name":"Comment","target":["https:\/\/luchonoticias.com\/editor\/delincuentes-disfrazados-de-policias-intentaron-robar-un-camion\/#respond"]}]},{"@type":"WebPage","@id":"https:\/\/luchonoticias.com\/editor\/delincuentes-disfrazados-de-policias-intentaron-robar-un-camion\/","url":"https:\/\/luchonoticias.com\/editor\/delincuentes-disfrazados-de-policias-intentaron-robar-un-camion\/","name":"Delincuentes disfrazados de polic\u00edas intentaron robar un cami\u00f3n -","isPartOf":{"@id":"https:\/\/luchonoticias.com\/editor\/#website"},"datePublished":"2023-05-08T15:48:07+00:00","breadcrumb":{"@id":"https:\/\/luchonoticias.com\/editor\/delincuentes-disfrazados-de-policias-intentaron-robar-un-camion\/#breadcrumb"},"inLanguage":"es","potentialAction":[{"@type":"ReadAction","target":["https:\/\/luchonoticias.com\/editor\/delincuentes-disfrazados-de-policias-intentaron-robar-un-camion\/"]}]},{"@type":"BreadcrumbList","@id":"https:\/\/luchonoticias.com\/editor\/delincuentes-disfrazados-de-policias-intentaron-robar-un-camion\/#breadcrumb","itemListElement":[{"@type":"ListItem","position":1,"name":"Portada","item":"https:\/\/luchonoticias.com\/editor\/"},{"@type":"ListItem","position":2,"name":"Delincuentes disfrazados de polic\u00edas intentaron robar un cami\u00f3n"}]},{"@type":"WebSite","@id":"https:\/\/luchonoticias.com\/editor\/#website","url":"https:\/\/luchonoticias.com\/editor\/","name":"","description":"","publisher":{"@id":"https:\/\/luchonoticias.com\/editor\/#\/schema\/person\/7a7fd911f58561fd056dbac7b55af9cd"},"potentialAction":[{"@type":"SearchAction","target":{"@type":"EntryPoint","urlTemplate":"https:\/\/luchonoticias.com\/editor\/?s={search_term_string}"},"query-input":{"@type":"PropertyValueSpecification","valueRequired":true,"valueName":"search_term_string"}}],"inLanguage":"es"},{"@type":["Person","Organization"],"@id":"https:\/\/luchonoticias.com\/editor\/#\/schema\/person\/7a7fd911f58561fd056dbac7b55af9cd","name":"admin","image":{"@type":"ImageObject","inLanguage":"es","@id":"https:\/\/luchonoticias.com\/editor\/#\/schema\/person\/image\/","url":"https:\/\/luchonoticias.com\/editor\/wp-content\/uploads\/2024\/02\/cropped-cropped-logolu.webp","contentUrl":"https:\/\/luchonoticias.com\/editor\/wp-content\/uploads\/2024\/02\/cropped-cropped-logolu.webp","width":382,"height":170,"caption":"admin"},"logo":{"@id":"https:\/\/luchonoticias.com\/editor\/#\/schema\/person\/image\/"},"sameAs":["https:\/\/www.facebook.com\/luchonoticiasneiva"]},{"@type":"Person","@id":"https:\/\/luchonoticias.com\/editor\/#\/schema\/person\/29217990ddf6f14e35912b2866d591fb","name":"Editor General","image":{"@type":"ImageObject","inLanguage":"es","@id":"https:\/\/luchonoticias.com\/editor\/#\/schema\/person\/image\/","url":"https:\/\/luchonoticias.com\/editor\/wp-content\/uploads\/2024\/02\/cropped-cropped-logolu-150x150.webp","contentUrl":"https:\/\/luchonoticias.com\/editor\/wp-content\/uploads\/2024\/02\/cropped-cropped-logolu-150x150.webp","caption":"Editor General"},"sameAs":["https:\/\/luchonoticias.com\/"],"url":"https:\/\/luchonoticias.com\/editor\/author\/editor-general\/"}]}},"_links":{"self":[{"href":"https:\/\/luchonoticias.com\/editor\/wp-json\/wp\/v2\/posts\/52004","targetHints":{"allow":["GET"]}}],"collection":[{"href":"https:\/\/luchonoticias.com\/editor\/wp-json\/wp\/v2\/posts"}],"about":[{"href":"https:\/\/luchonoticias.com\/editor\/wp-json\/wp\/v2\/types\/post"}],"author":[{"embeddable":true,"href":"https:\/\/luchonoticias.com\/editor\/wp-json\/wp\/v2\/users\/2"}],"replies":[{"embeddable":true,"href":"https:\/\/luchonoticias.com\/editor\/wp-json\/wp\/v2\/comments?post=52004"}],"version-history":[{"count":0,"href":"https:\/\/luchonoticias.com\/editor\/wp-json\/wp\/v2\/posts\/52004\/revisions"}],"wp:attachment":[{"href":"https:\/\/luchonoticias.com\/editor\/wp-json\/wp\/v2\/media?parent=52004"}],"wp:term":[{"taxonomy":"category","embeddable":true,"href":"https:\/\/luchonoticias.com\/editor\/wp-json\/wp\/v2\/categories?post=52004"},{"taxonomy":"post_tag","embeddable":true,"href":"https:\/\/luchonoticias.com\/editor\/wp-json\/wp\/v2\/tags?post=52004"}],"curies":[{"name":"wp","href":"https:\/\/api.w.org\/{rel}","templated":true}]}}