{"id":52025,"date":"2023-05-08T15:53:30","date_gmt":"2023-05-08T20:53:30","guid":{"rendered":"https:\/\/luchonoticias.com\/?p=52025"},"modified":"2023-05-08T15:53:31","modified_gmt":"2023-05-08T20:53:31","slug":"en-alerta-el-sector-agropecuario-colombiano","status":"publish","type":"post","link":"https:\/\/luchonoticias.com\/editor\/en-alerta-el-sector-agropecuario-colombiano\/","title":{"rendered":"En alerta el sector agropecuario colombiano"},"content":{"rendered":"\n<p>En medio de acusaciones de pupitrazo y violaci\u00f3n del reglamento del Congreso en la aprobaci\u00f3n del Plan Nacional de Desarrollo, el presidente ejecutivo de FEDEG\u00c1N, Jos\u00e9 F\u00e9lix Lafaurie Rivera, se declar\u00f3 sorprendido por los t\u00e9rminos del art\u00edculo 61, sobre los \u201cMecanismos para facilitar y dinamizar los procesos de compra de tierras por oferta voluntaria\u201d.<\/p>\n\n\n\n<p>El dirigente gremial afirm\u00f3 que las modificaciones sustanciales frente al texto que se conoci\u00f3 hasta la semana anterior van en contrav\u00eda de los anuncios del Gobierno de no acudir a la expropiaci\u00f3n, sino a la compra por oferta voluntaria, principio que, adem\u00e1s, inspira el convenio suscrito entre el Gobierno y la Federaci\u00f3n Colombiana de Ganaderos en octubre de 2022.<\/p>\n\n\n\n<p>\u201cEn el numeral 5 del art\u00edculo, principalmente, son varios los elementos que se alejan de esa condici\u00f3n voluntaria y, por el contrario, se acercan a una intenci\u00f3n expropiatoria\u201d, precis\u00f3 el alto ejecutivo.<\/p>\n\n\n\n<p>Primero: Todos los predios con \u00e1reas superiores a dos Unidades Agr\u00edcolas Familiares (UAF), ser\u00e1n identificados por el Ministerio de Agricultura y podr\u00e1n ser priorizados para Reforma Agraria.<\/p>\n\n\n\n<p>Segundo: Si su predio cae en esas prioridades, la Agencia Nacional de Tierras (ANT) le aplicar\u00e1 el procedimiento de compra por oferta voluntaria, lo cual ya es contradictorio, pues ese procedimiento solo aplica a quien \u201cvoluntariamente\u201d quiera vender.<\/p>\n\n\n\n<p>Tercero: Si usted no acepta la \u201cventa voluntaria\u201d, a su predio le har\u00e1n \u201can\u00e1lisis de explotaci\u00f3n econ\u00f3mica\u201d, sin que existan criterios objetivos y, por el contrario, un gran sesgo contra la ganader\u00eda.<\/p>\n\n\n\n<p>Cuarto: Si la ANT considera que su predio no est\u00e1 \u201cbajo aprovechamiento econ\u00f3mico\u201d, lo requerir\u00e1n \u201cpor una \u00fanica vez\u201d para que venda, y si se niega, la ANT aplicar\u00e1 los procedimientos agrarios establecidos para alimentar el Fondo Gratuito de Tierras: la extinci\u00f3n judicial de dominio a delincuentes, pero tambi\u00e9n la extinci\u00f3n administrativa dominio por incumplimiento de la funci\u00f3n social y ecol\u00f3gica; o la expropiaci\u00f3n por motivos de inter\u00e9s social o utilidad p\u00fablica.<\/p>\n\n\n\n<p>Voluntad de concertaci\u00f3n<br>Lafaurie Rivera consider\u00f3 que \u201cla inclusi\u00f3n de ese numeral 5 no solo deja al art\u00edculo 61 del Plan en el \u00e1mbito de la inconstitucionalidad, sino de la clara inconsistencia, pues se pretende \u2018facilitar y dinamizar\u2019 la compra por oferta voluntaria, pero un proceso coercitivo que derive en extinci\u00f3n de dominio o expropiaci\u00f3n sumaria, definitivamente nada tiene que ver con lo voluntario\u201d.<\/p>\n\n\n\n<p>El alto ejecutivo expres\u00f3 que quiere seguir creyendo en la voluntad de concertaci\u00f3n del Gobierno, para adelantar el proceso de adquisici\u00f3n de tierras CON los propietarios y no EN CONTRA de ellos.<\/p>\n\n\n\n<p>\u201cDe nuestra parte, en virtud del acuerdo que firmamos con el presidente de la Rep\u00fablica, hemos canalizado hacia la ANT ofertas por m\u00e1s de 500.000 hect\u00e1reas. Por ello, esperamos que la nueva ministra convoque a la Mesa de Trabajo contemplada en el acuerdo, no solo para evaluar sus avances, sino su INTEGRALIDAD, un componente esencial de la verdadera Reforma Agraria, pues seguimos creyendo que la propiedad de la tierra no es suficiente, si no se acompa\u00f1a de las condiciones para hacerla realmente transformadora de las condiciones de vida del campesino\u201d, manifest\u00f3 el presidente ejecutivo de FEDEG\u00c1N.<\/p>\n\n\n\n<p>Y concluy\u00f3: \u201cantes de la aplicaci\u00f3n de medidas que causan zozobra y generar\u00edan elementos nocivos de perturbaci\u00f3n entre los productores agropecuarios, me gustar\u00eda ver repartidas las 100.000 hect\u00e1reas de la SAE, ya arrebatadas a los delincuentes, o aplicada la figura de \u2018enajenaci\u00f3n temprana\u2019 a las m\u00e1s de 300.000 embolatadas en procesos dilatados por abogados de las mafias, con verdaderos proyectos productivos que rescaten al campesino de la pobreza y le permitan una mejor vida\u201d.<\/p>\n","protected":false},"excerpt":{"rendered":"<p>En medio de acusaciones de pupitrazo y violaci\u00f3n del reglamento del Congreso en la aprobaci\u00f3n del Plan Nacional de Desarrollo, el presidente ejecutivo de FEDEG\u00c1N, Jos\u00e9 F\u00e9lix Lafaurie Rivera, se declar\u00f3 sorprendido por los t\u00e9rminos del art\u00edculo 61, sobre los \u201cMecanismos para facilitar y dinamizar los procesos de compra de tierras por oferta voluntaria\u201d. El [&hellip;]<\/p>\n","protected":false},"author":2,"featured_media":0,"comment_status":"open","ping_status":"open","sticky":false,"template":"","format":"standard","meta":{"footnotes":""},"categories":[28,36],"tags":[],"class_list":["post-52025","post","type-post","status-publish","format-standard","hentry","category-actualidad","category-destacado"],"yoast_head":"<!-- This site is optimized with the Yoast SEO plugin v26.6 - https:\/\/yoast.com\/wordpress\/plugins\/seo\/ -->\n<title>En alerta el sector agropecuario colombiano -<\/title>\n<meta name=\"robots\" content=\"index, follow, max-snippet:-1, max-image-preview:large, max-video-preview:-1\" \/>\n<link rel=\"canonical\" href=\"https:\/\/luchonoticias.com\/editor\/en-alerta-el-sector-agropecuario-colombiano\/\" \/>\n<meta property=\"og:locale\" content=\"es_ES\" \/>\n<meta property=\"og:type\" content=\"article\" \/>\n<meta property=\"og:title\" content=\"En alerta el sector agropecuario colombiano -\" \/>\n<meta property=\"og:url\" content=\"https:\/\/luchonoticias.com\/editor\/en-alerta-el-sector-agropecuario-colombiano\/\" \/>\n<meta property=\"article:publisher\" content=\"https:\/\/www.facebook.com\/luchonoticiasneiva\" \/>\n<meta property=\"article:published_time\" content=\"2023-05-08T20:53:30+00:00\" \/>\n<meta property=\"article:modified_time\" content=\"2023-05-08T20:53:31+00:00\" \/>\n<meta name=\"author\" content=\"Editor General\" \/>\n<meta name=\"twitter:card\" content=\"summary_large_image\" \/>\n<meta name=\"twitter:label1\" content=\"Escrito por\" \/>\n\t<meta name=\"twitter:data1\" content=\"Editor General\" \/>\n\t<meta name=\"twitter:label2\" content=\"Tiempo de lectura\" \/>\n\t<meta name=\"twitter:data2\" content=\"3 minutos\" \/>\n<script type=\"application\/ld+json\" class=\"yoast-schema-graph\">{\"@context\":\"https:\/\/schema.org\",\"@graph\":[{\"@type\":\"Article\",\"@id\":\"https:\/\/luchonoticias.com\/editor\/en-alerta-el-sector-agropecuario-colombiano\/#article\",\"isPartOf\":{\"@id\":\"https:\/\/luchonoticias.com\/editor\/en-alerta-el-sector-agropecuario-colombiano\/\"},\"author\":{\"name\":\"Editor General\",\"@id\":\"https:\/\/luchonoticias.com\/editor\/#\/schema\/person\/29217990ddf6f14e35912b2866d591fb\"},\"headline\":\"En alerta el sector agropecuario colombiano\",\"datePublished\":\"2023-05-08T20:53:30+00:00\",\"dateModified\":\"2023-05-08T20:53:31+00:00\",\"mainEntityOfPage\":{\"@id\":\"https:\/\/luchonoticias.com\/editor\/en-alerta-el-sector-agropecuario-colombiano\/\"},\"wordCount\":627,\"commentCount\":0,\"publisher\":{\"@id\":\"https:\/\/luchonoticias.com\/editor\/#\/schema\/person\/7a7fd911f58561fd056dbac7b55af9cd\"},\"articleSection\":[\"Actualidad\",\"Destacado\"],\"inLanguage\":\"es\",\"potentialAction\":[{\"@type\":\"CommentAction\",\"name\":\"Comment\",\"target\":[\"https:\/\/luchonoticias.com\/editor\/en-alerta-el-sector-agropecuario-colombiano\/#respond\"]}]},{\"@type\":\"WebPage\",\"@id\":\"https:\/\/luchonoticias.com\/editor\/en-alerta-el-sector-agropecuario-colombiano\/\",\"url\":\"https:\/\/luchonoticias.com\/editor\/en-alerta-el-sector-agropecuario-colombiano\/\",\"name\":\"En alerta el sector agropecuario colombiano -\",\"isPartOf\":{\"@id\":\"https:\/\/luchonoticias.com\/editor\/#website\"},\"datePublished\":\"2023-05-08T20:53:30+00:00\",\"dateModified\":\"2023-05-08T20:53:31+00:00\",\"breadcrumb\":{\"@id\":\"https:\/\/luchonoticias.com\/editor\/en-alerta-el-sector-agropecuario-colombiano\/#breadcrumb\"},\"inLanguage\":\"es\",\"potentialAction\":[{\"@type\":\"ReadAction\",\"target\":[\"https:\/\/luchonoticias.com\/editor\/en-alerta-el-sector-agropecuario-colombiano\/\"]}]},{\"@type\":\"BreadcrumbList\",\"@id\":\"https:\/\/luchonoticias.com\/editor\/en-alerta-el-sector-agropecuario-colombiano\/#breadcrumb\",\"itemListElement\":[{\"@type\":\"ListItem\",\"position\":1,\"name\":\"Portada\",\"item\":\"https:\/\/luchonoticias.com\/editor\/\"},{\"@type\":\"ListItem\",\"position\":2,\"name\":\"En alerta el sector agropecuario colombiano\"}]},{\"@type\":\"WebSite\",\"@id\":\"https:\/\/luchonoticias.com\/editor\/#website\",\"url\":\"https:\/\/luchonoticias.com\/editor\/\",\"name\":\"\",\"description\":\"\",\"publisher\":{\"@id\":\"https:\/\/luchonoticias.com\/editor\/#\/schema\/person\/7a7fd911f58561fd056dbac7b55af9cd\"},\"potentialAction\":[{\"@type\":\"SearchAction\",\"target\":{\"@type\":\"EntryPoint\",\"urlTemplate\":\"https:\/\/luchonoticias.com\/editor\/?s={search_term_string}\"},\"query-input\":{\"@type\":\"PropertyValueSpecification\",\"valueRequired\":true,\"valueName\":\"search_term_string\"}}],\"inLanguage\":\"es\"},{\"@type\":[\"Person\",\"Organization\"],\"@id\":\"https:\/\/luchonoticias.com\/editor\/#\/schema\/person\/7a7fd911f58561fd056dbac7b55af9cd\",\"name\":\"admin\",\"image\":{\"@type\":\"ImageObject\",\"inLanguage\":\"es\",\"@id\":\"https:\/\/luchonoticias.com\/editor\/#\/schema\/person\/image\/\",\"url\":\"https:\/\/luchonoticias.com\/editor\/wp-content\/uploads\/2024\/02\/cropped-cropped-logolu.webp\",\"contentUrl\":\"https:\/\/luchonoticias.com\/editor\/wp-content\/uploads\/2024\/02\/cropped-cropped-logolu.webp\",\"width\":382,\"height\":170,\"caption\":\"admin\"},\"logo\":{\"@id\":\"https:\/\/luchonoticias.com\/editor\/#\/schema\/person\/image\/\"},\"sameAs\":[\"https:\/\/www.facebook.com\/luchonoticiasneiva\"]},{\"@type\":\"Person\",\"@id\":\"https:\/\/luchonoticias.com\/editor\/#\/schema\/person\/29217990ddf6f14e35912b2866d591fb\",\"name\":\"Editor General\",\"image\":{\"@type\":\"ImageObject\",\"inLanguage\":\"es\",\"@id\":\"https:\/\/luchonoticias.com\/editor\/#\/schema\/person\/image\/\",\"url\":\"https:\/\/luchonoticias.com\/editor\/wp-content\/uploads\/2024\/02\/cropped-cropped-logolu-150x150.webp\",\"contentUrl\":\"https:\/\/luchonoticias.com\/editor\/wp-content\/uploads\/2024\/02\/cropped-cropped-logolu-150x150.webp\",\"caption\":\"Editor General\"},\"sameAs\":[\"https:\/\/luchonoticias.com\/\"],\"url\":\"https:\/\/luchonoticias.com\/editor\/author\/editor-general\/\"}]}<\/script>\n<!-- \/ Yoast SEO plugin. -->","yoast_head_json":{"title":"En alerta el sector agropecuario colombiano -","robots":{"index":"index","follow":"follow","max-snippet":"max-snippet:-1","max-image-preview":"max-image-preview:large","max-video-preview":"max-video-preview:-1"},"canonical":"https:\/\/luchonoticias.com\/editor\/en-alerta-el-sector-agropecuario-colombiano\/","og_locale":"es_ES","og_type":"article","og_title":"En alerta el sector agropecuario colombiano -","og_url":"https:\/\/luchonoticias.com\/editor\/en-alerta-el-sector-agropecuario-colombiano\/","article_publisher":"https:\/\/www.facebook.com\/luchonoticiasneiva","article_published_time":"2023-05-08T20:53:30+00:00","article_modified_time":"2023-05-08T20:53:31+00:00","author":"Editor General","twitter_card":"summary_large_image","twitter_misc":{"Escrito por":"Editor General","Tiempo de lectura":"3 minutos"},"schema":{"@context":"https:\/\/schema.org","@graph":[{"@type":"Article","@id":"https:\/\/luchonoticias.com\/editor\/en-alerta-el-sector-agropecuario-colombiano\/#article","isPartOf":{"@id":"https:\/\/luchonoticias.com\/editor\/en-alerta-el-sector-agropecuario-colombiano\/"},"author":{"name":"Editor General","@id":"https:\/\/luchonoticias.com\/editor\/#\/schema\/person\/29217990ddf6f14e35912b2866d591fb"},"headline":"En alerta el sector agropecuario colombiano","datePublished":"2023-05-08T20:53:30+00:00","dateModified":"2023-05-08T20:53:31+00:00","mainEntityOfPage":{"@id":"https:\/\/luchonoticias.com\/editor\/en-alerta-el-sector-agropecuario-colombiano\/"},"wordCount":627,"commentCount":0,"publisher":{"@id":"https:\/\/luchonoticias.com\/editor\/#\/schema\/person\/7a7fd911f58561fd056dbac7b55af9cd"},"articleSection":["Actualidad","Destacado"],"inLanguage":"es","potentialAction":[{"@type":"CommentAction","name":"Comment","target":["https:\/\/luchonoticias.com\/editor\/en-alerta-el-sector-agropecuario-colombiano\/#respond"]}]},{"@type":"WebPage","@id":"https:\/\/luchonoticias.com\/editor\/en-alerta-el-sector-agropecuario-colombiano\/","url":"https:\/\/luchonoticias.com\/editor\/en-alerta-el-sector-agropecuario-colombiano\/","name":"En alerta el sector agropecuario colombiano -","isPartOf":{"@id":"https:\/\/luchonoticias.com\/editor\/#website"},"datePublished":"2023-05-08T20:53:30+00:00","dateModified":"2023-05-08T20:53:31+00:00","breadcrumb":{"@id":"https:\/\/luchonoticias.com\/editor\/en-alerta-el-sector-agropecuario-colombiano\/#breadcrumb"},"inLanguage":"es","potentialAction":[{"@type":"ReadAction","target":["https:\/\/luchonoticias.com\/editor\/en-alerta-el-sector-agropecuario-colombiano\/"]}]},{"@type":"BreadcrumbList","@id":"https:\/\/luchonoticias.com\/editor\/en-alerta-el-sector-agropecuario-colombiano\/#breadcrumb","itemListElement":[{"@type":"ListItem","position":1,"name":"Portada","item":"https:\/\/luchonoticias.com\/editor\/"},{"@type":"ListItem","position":2,"name":"En alerta el sector agropecuario colombiano"}]},{"@type":"WebSite","@id":"https:\/\/luchonoticias.com\/editor\/#website","url":"https:\/\/luchonoticias.com\/editor\/","name":"","description":"","publisher":{"@id":"https:\/\/luchonoticias.com\/editor\/#\/schema\/person\/7a7fd911f58561fd056dbac7b55af9cd"},"potentialAction":[{"@type":"SearchAction","target":{"@type":"EntryPoint","urlTemplate":"https:\/\/luchonoticias.com\/editor\/?s={search_term_string}"},"query-input":{"@type":"PropertyValueSpecification","valueRequired":true,"valueName":"search_term_string"}}],"inLanguage":"es"},{"@type":["Person","Organization"],"@id":"https:\/\/luchonoticias.com\/editor\/#\/schema\/person\/7a7fd911f58561fd056dbac7b55af9cd","name":"admin","image":{"@type":"ImageObject","inLanguage":"es","@id":"https:\/\/luchonoticias.com\/editor\/#\/schema\/person\/image\/","url":"https:\/\/luchonoticias.com\/editor\/wp-content\/uploads\/2024\/02\/cropped-cropped-logolu.webp","contentUrl":"https:\/\/luchonoticias.com\/editor\/wp-content\/uploads\/2024\/02\/cropped-cropped-logolu.webp","width":382,"height":170,"caption":"admin"},"logo":{"@id":"https:\/\/luchonoticias.com\/editor\/#\/schema\/person\/image\/"},"sameAs":["https:\/\/www.facebook.com\/luchonoticiasneiva"]},{"@type":"Person","@id":"https:\/\/luchonoticias.com\/editor\/#\/schema\/person\/29217990ddf6f14e35912b2866d591fb","name":"Editor General","image":{"@type":"ImageObject","inLanguage":"es","@id":"https:\/\/luchonoticias.com\/editor\/#\/schema\/person\/image\/","url":"https:\/\/luchonoticias.com\/editor\/wp-content\/uploads\/2024\/02\/cropped-cropped-logolu-150x150.webp","contentUrl":"https:\/\/luchonoticias.com\/editor\/wp-content\/uploads\/2024\/02\/cropped-cropped-logolu-150x150.webp","caption":"Editor General"},"sameAs":["https:\/\/luchonoticias.com\/"],"url":"https:\/\/luchonoticias.com\/editor\/author\/editor-general\/"}]}},"_links":{"self":[{"href":"https:\/\/luchonoticias.com\/editor\/wp-json\/wp\/v2\/posts\/52025","targetHints":{"allow":["GET"]}}],"collection":[{"href":"https:\/\/luchonoticias.com\/editor\/wp-json\/wp\/v2\/posts"}],"about":[{"href":"https:\/\/luchonoticias.com\/editor\/wp-json\/wp\/v2\/types\/post"}],"author":[{"embeddable":true,"href":"https:\/\/luchonoticias.com\/editor\/wp-json\/wp\/v2\/users\/2"}],"replies":[{"embeddable":true,"href":"https:\/\/luchonoticias.com\/editor\/wp-json\/wp\/v2\/comments?post=52025"}],"version-history":[{"count":0,"href":"https:\/\/luchonoticias.com\/editor\/wp-json\/wp\/v2\/posts\/52025\/revisions"}],"wp:attachment":[{"href":"https:\/\/luchonoticias.com\/editor\/wp-json\/wp\/v2\/media?parent=52025"}],"wp:term":[{"taxonomy":"category","embeddable":true,"href":"https:\/\/luchonoticias.com\/editor\/wp-json\/wp\/v2\/categories?post=52025"},{"taxonomy":"post_tag","embeddable":true,"href":"https:\/\/luchonoticias.com\/editor\/wp-json\/wp\/v2\/tags?post=52025"}],"curies":[{"name":"wp","href":"https:\/\/api.w.org\/{rel}","templated":true}]}}