{"id":52079,"date":"2023-05-09T17:01:33","date_gmt":"2023-05-09T22:01:33","guid":{"rendered":"https:\/\/luchonoticias.com\/?p=52079"},"modified":"2023-05-09T17:01:34","modified_gmt":"2023-05-09T22:01:34","slug":"sorprendidos-con-armas-de-fuego-en-la-via-suaza-florencia","status":"publish","type":"post","link":"https:\/\/luchonoticias.com\/editor\/sorprendidos-con-armas-de-fuego-en-la-via-suaza-florencia\/","title":{"rendered":"Sorprendidos con armas de fuego en la v\u00eda Suaza \u2013 Florencia"},"content":{"rendered":"\n<p>Una llamada telef\u00f3nica a la patrulla del cuadrante de la estaci\u00f3n de Polic\u00eda Suaza sobre la presencia de un veh\u00edculo sospechoso transitando sobre la ruta 20, a la altura del kil\u00f3metro 7 v\u00eda Suaza-Florencia, permiti\u00f3 a los uniformados del cuadrante la captura de un hombre y una mujer, los cuales, al momento de interceptarlos y solicitarles un registro, lanzaron dos armas de fuego por la ventana del copiloto a un costado de la v\u00eda.&nbsp;&nbsp;<\/p>\n\n\n\n<p>Seg\u00fan el Mayor Edwin L\u00f3pez comandante del cuarto distrito de polic\u00eda, este hombre de 34 a\u00f1os de edad conocido como \u2018Deiby\u2019, ten\u00eda vigente una medida restrictiva de la libertad impuesta por un juez de la rep\u00fablica por el delito de porte ilegal de armas de fuego, la cual deb\u00eda cumplir en el municipio de Pitalito. As\u00ed mismo indic\u00f3 que, con la captura de estas personas y la incautaci\u00f3n de las armas, se evit\u00f3 una acci\u00f3n delictiva de afectaci\u00f3n a la vida o al patrimonio econ\u00f3mico en esta zona sur del departamento.&nbsp;&nbsp;<\/p>\n\n\n\n<p>Las dos armas de fuego halladas son un rev\u00f3lver marca Ruger calibre 38 con 2 cartuchos y una vainilla percutida y, una pistola marca C\u00f3rdoba calibre 9 mil\u00edmetros con su respectivo proveedor y 9 cartuchos. Estas armas fueron enviadas a peritaje y estudio bal\u00edstico para cotejar y determinar si han sido utilizadas en alg\u00fan hecho delictivo.&nbsp;&nbsp;&nbsp;&nbsp;&nbsp;&nbsp;&nbsp;<\/p>\n\n\n\n<p>Los capturados est\u00e1n siendo presentados ante las autoridades competentes, como presuntos responsables del delito de fabricaci\u00f3n, tr\u00e1fico o porte ilegal de armas de fuego y municiones y, est\u00e1n a esperas de que se les defina su situaci\u00f3n judicial.<\/p>\n","protected":false},"excerpt":{"rendered":"<p>Una llamada telef\u00f3nica a la patrulla del cuadrante de la estaci\u00f3n de Polic\u00eda Suaza sobre la presencia de un veh\u00edculo sospechoso transitando sobre la ruta 20, a la altura del kil\u00f3metro 7 v\u00eda Suaza-Florencia, permiti\u00f3 a los uniformados del cuadrante la captura de un hombre y una mujer, los cuales, al momento de interceptarlos y [&hellip;]<\/p>\n","protected":false},"author":2,"featured_media":0,"comment_status":"open","ping_status":"open","sticky":false,"template":"","format":"standard","meta":{"footnotes":""},"categories":[36,29],"tags":[],"class_list":["post-52079","post","type-post","status-publish","format-standard","hentry","category-destacado","category-judicial"],"yoast_head":"<!-- This site is optimized with the Yoast SEO plugin v26.6 - https:\/\/yoast.com\/wordpress\/plugins\/seo\/ -->\n<title>Sorprendidos con armas de fuego en la v\u00eda Suaza \u2013 Florencia -<\/title>\n<meta name=\"robots\" content=\"index, follow, max-snippet:-1, max-image-preview:large, max-video-preview:-1\" \/>\n<link rel=\"canonical\" href=\"https:\/\/luchonoticias.com\/editor\/sorprendidos-con-armas-de-fuego-en-la-via-suaza-florencia\/\" \/>\n<meta property=\"og:locale\" content=\"es_ES\" \/>\n<meta property=\"og:type\" content=\"article\" \/>\n<meta property=\"og:title\" content=\"Sorprendidos con armas de fuego en la v\u00eda Suaza \u2013 Florencia -\" \/>\n<meta property=\"og:url\" content=\"https:\/\/luchonoticias.com\/editor\/sorprendidos-con-armas-de-fuego-en-la-via-suaza-florencia\/\" \/>\n<meta property=\"article:publisher\" content=\"https:\/\/www.facebook.com\/luchonoticiasneiva\" \/>\n<meta property=\"article:published_time\" content=\"2023-05-09T22:01:33+00:00\" \/>\n<meta property=\"article:modified_time\" content=\"2023-05-09T22:01:34+00:00\" \/>\n<meta name=\"author\" content=\"Editor General\" \/>\n<meta name=\"twitter:card\" content=\"summary_large_image\" \/>\n<meta name=\"twitter:label1\" content=\"Escrito por\" \/>\n\t<meta name=\"twitter:data1\" content=\"Editor General\" \/>\n\t<meta name=\"twitter:label2\" content=\"Tiempo de lectura\" \/>\n\t<meta name=\"twitter:data2\" content=\"1 minuto\" \/>\n<script type=\"application\/ld+json\" class=\"yoast-schema-graph\">{\"@context\":\"https:\/\/schema.org\",\"@graph\":[{\"@type\":\"Article\",\"@id\":\"https:\/\/luchonoticias.com\/editor\/sorprendidos-con-armas-de-fuego-en-la-via-suaza-florencia\/#article\",\"isPartOf\":{\"@id\":\"https:\/\/luchonoticias.com\/editor\/sorprendidos-con-armas-de-fuego-en-la-via-suaza-florencia\/\"},\"author\":{\"name\":\"Editor General\",\"@id\":\"https:\/\/luchonoticias.com\/editor\/#\/schema\/person\/29217990ddf6f14e35912b2866d591fb\"},\"headline\":\"Sorprendidos con armas de fuego en la v\u00eda Suaza \u2013 Florencia\",\"datePublished\":\"2023-05-09T22:01:33+00:00\",\"dateModified\":\"2023-05-09T22:01:34+00:00\",\"mainEntityOfPage\":{\"@id\":\"https:\/\/luchonoticias.com\/editor\/sorprendidos-con-armas-de-fuego-en-la-via-suaza-florencia\/\"},\"wordCount\":302,\"commentCount\":0,\"publisher\":{\"@id\":\"https:\/\/luchonoticias.com\/editor\/#\/schema\/person\/7a7fd911f58561fd056dbac7b55af9cd\"},\"articleSection\":[\"Destacado\",\"Judicial\"],\"inLanguage\":\"es\",\"potentialAction\":[{\"@type\":\"CommentAction\",\"name\":\"Comment\",\"target\":[\"https:\/\/luchonoticias.com\/editor\/sorprendidos-con-armas-de-fuego-en-la-via-suaza-florencia\/#respond\"]}]},{\"@type\":\"WebPage\",\"@id\":\"https:\/\/luchonoticias.com\/editor\/sorprendidos-con-armas-de-fuego-en-la-via-suaza-florencia\/\",\"url\":\"https:\/\/luchonoticias.com\/editor\/sorprendidos-con-armas-de-fuego-en-la-via-suaza-florencia\/\",\"name\":\"Sorprendidos con armas de fuego en la v\u00eda Suaza \u2013 Florencia -\",\"isPartOf\":{\"@id\":\"https:\/\/luchonoticias.com\/editor\/#website\"},\"datePublished\":\"2023-05-09T22:01:33+00:00\",\"dateModified\":\"2023-05-09T22:01:34+00:00\",\"breadcrumb\":{\"@id\":\"https:\/\/luchonoticias.com\/editor\/sorprendidos-con-armas-de-fuego-en-la-via-suaza-florencia\/#breadcrumb\"},\"inLanguage\":\"es\",\"potentialAction\":[{\"@type\":\"ReadAction\",\"target\":[\"https:\/\/luchonoticias.com\/editor\/sorprendidos-con-armas-de-fuego-en-la-via-suaza-florencia\/\"]}]},{\"@type\":\"BreadcrumbList\",\"@id\":\"https:\/\/luchonoticias.com\/editor\/sorprendidos-con-armas-de-fuego-en-la-via-suaza-florencia\/#breadcrumb\",\"itemListElement\":[{\"@type\":\"ListItem\",\"position\":1,\"name\":\"Portada\",\"item\":\"https:\/\/luchonoticias.com\/editor\/\"},{\"@type\":\"ListItem\",\"position\":2,\"name\":\"Sorprendidos con armas de fuego en la v\u00eda Suaza \u2013 Florencia\"}]},{\"@type\":\"WebSite\",\"@id\":\"https:\/\/luchonoticias.com\/editor\/#website\",\"url\":\"https:\/\/luchonoticias.com\/editor\/\",\"name\":\"\",\"description\":\"\",\"publisher\":{\"@id\":\"https:\/\/luchonoticias.com\/editor\/#\/schema\/person\/7a7fd911f58561fd056dbac7b55af9cd\"},\"potentialAction\":[{\"@type\":\"SearchAction\",\"target\":{\"@type\":\"EntryPoint\",\"urlTemplate\":\"https:\/\/luchonoticias.com\/editor\/?s={search_term_string}\"},\"query-input\":{\"@type\":\"PropertyValueSpecification\",\"valueRequired\":true,\"valueName\":\"search_term_string\"}}],\"inLanguage\":\"es\"},{\"@type\":[\"Person\",\"Organization\"],\"@id\":\"https:\/\/luchonoticias.com\/editor\/#\/schema\/person\/7a7fd911f58561fd056dbac7b55af9cd\",\"name\":\"admin\",\"image\":{\"@type\":\"ImageObject\",\"inLanguage\":\"es\",\"@id\":\"https:\/\/luchonoticias.com\/editor\/#\/schema\/person\/image\/\",\"url\":\"https:\/\/luchonoticias.com\/editor\/wp-content\/uploads\/2024\/02\/cropped-cropped-logolu.webp\",\"contentUrl\":\"https:\/\/luchonoticias.com\/editor\/wp-content\/uploads\/2024\/02\/cropped-cropped-logolu.webp\",\"width\":382,\"height\":170,\"caption\":\"admin\"},\"logo\":{\"@id\":\"https:\/\/luchonoticias.com\/editor\/#\/schema\/person\/image\/\"},\"sameAs\":[\"https:\/\/www.facebook.com\/luchonoticiasneiva\"]},{\"@type\":\"Person\",\"@id\":\"https:\/\/luchonoticias.com\/editor\/#\/schema\/person\/29217990ddf6f14e35912b2866d591fb\",\"name\":\"Editor General\",\"image\":{\"@type\":\"ImageObject\",\"inLanguage\":\"es\",\"@id\":\"https:\/\/luchonoticias.com\/editor\/#\/schema\/person\/image\/\",\"url\":\"https:\/\/luchonoticias.com\/editor\/wp-content\/uploads\/2024\/02\/cropped-cropped-logolu-150x150.webp\",\"contentUrl\":\"https:\/\/luchonoticias.com\/editor\/wp-content\/uploads\/2024\/02\/cropped-cropped-logolu-150x150.webp\",\"caption\":\"Editor General\"},\"sameAs\":[\"https:\/\/luchonoticias.com\/\"],\"url\":\"https:\/\/luchonoticias.com\/editor\/author\/editor-general\/\"}]}<\/script>\n<!-- \/ Yoast SEO plugin. -->","yoast_head_json":{"title":"Sorprendidos con armas de fuego en la v\u00eda Suaza \u2013 Florencia -","robots":{"index":"index","follow":"follow","max-snippet":"max-snippet:-1","max-image-preview":"max-image-preview:large","max-video-preview":"max-video-preview:-1"},"canonical":"https:\/\/luchonoticias.com\/editor\/sorprendidos-con-armas-de-fuego-en-la-via-suaza-florencia\/","og_locale":"es_ES","og_type":"article","og_title":"Sorprendidos con armas de fuego en la v\u00eda Suaza \u2013 Florencia -","og_url":"https:\/\/luchonoticias.com\/editor\/sorprendidos-con-armas-de-fuego-en-la-via-suaza-florencia\/","article_publisher":"https:\/\/www.facebook.com\/luchonoticiasneiva","article_published_time":"2023-05-09T22:01:33+00:00","article_modified_time":"2023-05-09T22:01:34+00:00","author":"Editor General","twitter_card":"summary_large_image","twitter_misc":{"Escrito por":"Editor General","Tiempo de lectura":"1 minuto"},"schema":{"@context":"https:\/\/schema.org","@graph":[{"@type":"Article","@id":"https:\/\/luchonoticias.com\/editor\/sorprendidos-con-armas-de-fuego-en-la-via-suaza-florencia\/#article","isPartOf":{"@id":"https:\/\/luchonoticias.com\/editor\/sorprendidos-con-armas-de-fuego-en-la-via-suaza-florencia\/"},"author":{"name":"Editor General","@id":"https:\/\/luchonoticias.com\/editor\/#\/schema\/person\/29217990ddf6f14e35912b2866d591fb"},"headline":"Sorprendidos con armas de fuego en la v\u00eda Suaza \u2013 Florencia","datePublished":"2023-05-09T22:01:33+00:00","dateModified":"2023-05-09T22:01:34+00:00","mainEntityOfPage":{"@id":"https:\/\/luchonoticias.com\/editor\/sorprendidos-con-armas-de-fuego-en-la-via-suaza-florencia\/"},"wordCount":302,"commentCount":0,"publisher":{"@id":"https:\/\/luchonoticias.com\/editor\/#\/schema\/person\/7a7fd911f58561fd056dbac7b55af9cd"},"articleSection":["Destacado","Judicial"],"inLanguage":"es","potentialAction":[{"@type":"CommentAction","name":"Comment","target":["https:\/\/luchonoticias.com\/editor\/sorprendidos-con-armas-de-fuego-en-la-via-suaza-florencia\/#respond"]}]},{"@type":"WebPage","@id":"https:\/\/luchonoticias.com\/editor\/sorprendidos-con-armas-de-fuego-en-la-via-suaza-florencia\/","url":"https:\/\/luchonoticias.com\/editor\/sorprendidos-con-armas-de-fuego-en-la-via-suaza-florencia\/","name":"Sorprendidos con armas de fuego en la v\u00eda Suaza \u2013 Florencia -","isPartOf":{"@id":"https:\/\/luchonoticias.com\/editor\/#website"},"datePublished":"2023-05-09T22:01:33+00:00","dateModified":"2023-05-09T22:01:34+00:00","breadcrumb":{"@id":"https:\/\/luchonoticias.com\/editor\/sorprendidos-con-armas-de-fuego-en-la-via-suaza-florencia\/#breadcrumb"},"inLanguage":"es","potentialAction":[{"@type":"ReadAction","target":["https:\/\/luchonoticias.com\/editor\/sorprendidos-con-armas-de-fuego-en-la-via-suaza-florencia\/"]}]},{"@type":"BreadcrumbList","@id":"https:\/\/luchonoticias.com\/editor\/sorprendidos-con-armas-de-fuego-en-la-via-suaza-florencia\/#breadcrumb","itemListElement":[{"@type":"ListItem","position":1,"name":"Portada","item":"https:\/\/luchonoticias.com\/editor\/"},{"@type":"ListItem","position":2,"name":"Sorprendidos con armas de fuego en la v\u00eda Suaza \u2013 Florencia"}]},{"@type":"WebSite","@id":"https:\/\/luchonoticias.com\/editor\/#website","url":"https:\/\/luchonoticias.com\/editor\/","name":"","description":"","publisher":{"@id":"https:\/\/luchonoticias.com\/editor\/#\/schema\/person\/7a7fd911f58561fd056dbac7b55af9cd"},"potentialAction":[{"@type":"SearchAction","target":{"@type":"EntryPoint","urlTemplate":"https:\/\/luchonoticias.com\/editor\/?s={search_term_string}"},"query-input":{"@type":"PropertyValueSpecification","valueRequired":true,"valueName":"search_term_string"}}],"inLanguage":"es"},{"@type":["Person","Organization"],"@id":"https:\/\/luchonoticias.com\/editor\/#\/schema\/person\/7a7fd911f58561fd056dbac7b55af9cd","name":"admin","image":{"@type":"ImageObject","inLanguage":"es","@id":"https:\/\/luchonoticias.com\/editor\/#\/schema\/person\/image\/","url":"https:\/\/luchonoticias.com\/editor\/wp-content\/uploads\/2024\/02\/cropped-cropped-logolu.webp","contentUrl":"https:\/\/luchonoticias.com\/editor\/wp-content\/uploads\/2024\/02\/cropped-cropped-logolu.webp","width":382,"height":170,"caption":"admin"},"logo":{"@id":"https:\/\/luchonoticias.com\/editor\/#\/schema\/person\/image\/"},"sameAs":["https:\/\/www.facebook.com\/luchonoticiasneiva"]},{"@type":"Person","@id":"https:\/\/luchonoticias.com\/editor\/#\/schema\/person\/29217990ddf6f14e35912b2866d591fb","name":"Editor General","image":{"@type":"ImageObject","inLanguage":"es","@id":"https:\/\/luchonoticias.com\/editor\/#\/schema\/person\/image\/","url":"https:\/\/luchonoticias.com\/editor\/wp-content\/uploads\/2024\/02\/cropped-cropped-logolu-150x150.webp","contentUrl":"https:\/\/luchonoticias.com\/editor\/wp-content\/uploads\/2024\/02\/cropped-cropped-logolu-150x150.webp","caption":"Editor General"},"sameAs":["https:\/\/luchonoticias.com\/"],"url":"https:\/\/luchonoticias.com\/editor\/author\/editor-general\/"}]}},"_links":{"self":[{"href":"https:\/\/luchonoticias.com\/editor\/wp-json\/wp\/v2\/posts\/52079","targetHints":{"allow":["GET"]}}],"collection":[{"href":"https:\/\/luchonoticias.com\/editor\/wp-json\/wp\/v2\/posts"}],"about":[{"href":"https:\/\/luchonoticias.com\/editor\/wp-json\/wp\/v2\/types\/post"}],"author":[{"embeddable":true,"href":"https:\/\/luchonoticias.com\/editor\/wp-json\/wp\/v2\/users\/2"}],"replies":[{"embeddable":true,"href":"https:\/\/luchonoticias.com\/editor\/wp-json\/wp\/v2\/comments?post=52079"}],"version-history":[{"count":0,"href":"https:\/\/luchonoticias.com\/editor\/wp-json\/wp\/v2\/posts\/52079\/revisions"}],"wp:attachment":[{"href":"https:\/\/luchonoticias.com\/editor\/wp-json\/wp\/v2\/media?parent=52079"}],"wp:term":[{"taxonomy":"category","embeddable":true,"href":"https:\/\/luchonoticias.com\/editor\/wp-json\/wp\/v2\/categories?post=52079"},{"taxonomy":"post_tag","embeddable":true,"href":"https:\/\/luchonoticias.com\/editor\/wp-json\/wp\/v2\/tags?post=52079"}],"curies":[{"name":"wp","href":"https:\/\/api.w.org\/{rel}","templated":true}]}}