{"id":52085,"date":"2023-05-09T17:05:55","date_gmt":"2023-05-09T22:05:55","guid":{"rendered":"https:\/\/luchonoticias.com\/?p=52085"},"modified":"2023-05-09T17:05:56","modified_gmt":"2023-05-09T22:05:56","slug":"presidente-petro-planteo-la-necesidad-de-una-fuerza-publica-dialogante-digna-y-con-audacia","status":"publish","type":"post","link":"https:\/\/luchonoticias.com\/editor\/presidente-petro-planteo-la-necesidad-de-una-fuerza-publica-dialogante-digna-y-con-audacia\/","title":{"rendered":"Presidente Petro plante\u00f3 la necesidad de una Fuerza P\u00fablica dialogante, digna y con audacia"},"content":{"rendered":"\n<p>En la entrega de mando de la Direcci\u00f3n de la Polic\u00eda Nacional al general William Ren\u00e9 Salamanca, el Presidente Gustavo Petro plante\u00f3 la necesidad de que en Colombia haya una Fuerza P\u00fablica dialogante, digna y con audacia para construir una \u201cverdadera naci\u00f3n\u201d.<\/p>\n\n\n\n<p>En la ceremonia, que se realiz\u00f3 en la Escuela de Cadetes de Polic\u00eda General Santander, el Mandatario coment\u00f3 que hoy existe m\u00e1s confianza en la Polic\u00eda por parte de la ciudadan\u00eda, lo que significa \u201cque se est\u00e1n haciendo las cosas bien\u201d, por lo que insisti\u00f3 en que para reforzar esos lazos debe haber una \u201calianza entre la Fuerza P\u00fablica y el pueblo colombiano\u201d.<\/p>\n\n\n\n<p>\u201cSi hay desconfianza entre el pueblo y la fuerza p\u00fablica la democracia se acaba y la paz ni la so\u00f1amos\u201d, dijo al reiterar que \u201cse ha avanzado en la confianza, eso hace que la Polic\u00eda tenga que hacer un mayor esfuerzo en la tarea, el compromiso con las ciudadan\u00edas m\u00e1s d\u00e9biles\u201d.<\/p>\n\n\n\n<p>Por esta raz\u00f3n, enfatiz\u00f3 que \u201ccuando la Fuerza P\u00fablica en general y la Polic\u00eda, en especial, puedan cerrar una f\u00e9rrea alianza de compa\u00f1erismo, de vivencia conjunta entre esa sociedad, la m\u00e1s d\u00e9bil, y la Fuerza P\u00fablica, como representante del Estado, tendremos la base de una naci\u00f3n fuerte\u201d.<\/p>\n\n\n\n<p>\u201cEl esfuerzo de juntar de la mano el pueblo y la Fuerza P\u00fablica es fundamental\u201d, dijo.<\/p>\n\n\n\n<p>En sus palabras, el Jefe de Estado se refiri\u00f3 a la necesidad de un Gobierno con audacia, que debe extenderse a la Fuerza P\u00fablica.<\/p>\n\n\n\n<p>\u201cLa audacia se impone aqu\u00ed en nosotros, la ruptura de rutinas\u201d, asegur\u00f3 al explicar que \u201cno es una ruptura con la ley ni la Constituci\u00f3n, sino nuestros procederes rutinarios, nuestra manera permanente: igual, similar, de todos los d\u00edas afrontar los problemas\u201d.<\/p>\n\n\n\n<p>Por ello, asegur\u00f3 que \u201cle ped\u00ed al gabinete que el sin\u00f3nimo de sus acciones sea, en adelante, la audacia para cumplir los objetivos\u201d, en la medida en que consider\u00f3 que \u201cyo creo que la sociedad colombiana demanda de este gobierno audacia y entonces eso tiene sus expresiones dependiendo de los sectores de la sociedad, pero en la Fuerza P\u00fablica tambi\u00e9n tiene que tenerlos\u201d.<\/p>\n\n\n\n<p><strong>Una Fuerza P\u00fablica con vida digna<\/strong><\/p>\n\n\n\n<p>En su intervenci\u00f3n, el Presidente Petro habl\u00f3 del prop\u00f3sito que tiene su Gobierno de tener una Fuerza P\u00fablica que \u201cno se le pueda criticar, para nada, que haya violado derechos humanos, absolutamente respetuosa de los derechos humanos\u201d.<\/p>\n\n\n\n<p>\u201cCreo que si eso lo entregamos, por all\u00e1 en el 2026 cuando el pueblo elija otro u otra presidenta, ser\u00e1 un gran hecho, porque tendremos una Fuerza P\u00fablica que se gana la confianza definitiva del pueblo. Ah\u00ed tendremos de verdad, verdad una naci\u00f3n\u201d, subray\u00f3.<\/p>\n\n\n\n<p>De la misma manera, se refiri\u00f3 a la pol\u00edtica social que presentar\u00e1 el Ministro de Defensa, Iv\u00e1n Vel\u00e1squez, de la que dijo tiene que ver con \u201cla dignidad de la vida del patrullero, de la patrullera o, en el caso del Ej\u00e9rcito, del soldado, el soldado de cualquiera de las armas\u201d.<\/p>\n\n\n\n<p>\u201cSi esa persona tiene una vida digna es muy dif\u00edcil que la instituci\u00f3n no quiera una vida digna para el resto de la sociedad; es una escuelita micro en cada persona que nos rodea, que educa mucho m\u00e1s, tener una vida digna que lleva en su relaci\u00f3n con la sociedad a cuidarla, incluso con amor\u201d.<\/p>\n\n\n\n<p>Sobre esta base, el Presidente dijo que aqu\u00ed \u201cse necesita audacia\u201d, debido a que si se lograra el salto \u201cen la dignidad de la vida humana de estas personas de la base de la Fuerza P\u00fablica, en hombres y mujeres \u2013generalmente\u2013 en muchachos y muchachas, arrojamos al final del Gobierno una Fuerza P\u00fablica intachable y ojal\u00e1 en paz\u201d. \u201cLa Fuerza P\u00fablica se quiere si ese muchacho de base vive mejor. Esa es la mejor expresi\u00f3n\u201d, anot\u00f3 al insistir en que eso se evidencia en \u201cestudio, vivienda. Eso es una vida digna\u201d.<\/p>\n","protected":false},"excerpt":{"rendered":"<p>En la entrega de mando de la Direcci\u00f3n de la Polic\u00eda Nacional al general William Ren\u00e9 Salamanca, el Presidente Gustavo Petro plante\u00f3 la necesidad de que en Colombia haya una Fuerza P\u00fablica dialogante, digna y con audacia para construir una \u201cverdadera naci\u00f3n\u201d. En la ceremonia, que se realiz\u00f3 en la Escuela de Cadetes de Polic\u00eda [&hellip;]<\/p>\n","protected":false},"author":2,"featured_media":0,"comment_status":"open","ping_status":"open","sticky":false,"template":"","format":"standard","meta":{"footnotes":""},"categories":[36,32],"tags":[],"class_list":["post-52085","post","type-post","status-publish","format-standard","hentry","category-destacado","category-nacional"],"yoast_head":"<!-- This site is optimized with the Yoast SEO plugin v26.6 - https:\/\/yoast.com\/wordpress\/plugins\/seo\/ -->\n<title>Presidente Petro plante\u00f3 la necesidad de una Fuerza P\u00fablica dialogante, digna y con audacia -<\/title>\n<meta name=\"robots\" content=\"index, follow, max-snippet:-1, max-image-preview:large, max-video-preview:-1\" \/>\n<link rel=\"canonical\" href=\"https:\/\/luchonoticias.com\/editor\/presidente-petro-planteo-la-necesidad-de-una-fuerza-publica-dialogante-digna-y-con-audacia\/\" \/>\n<meta property=\"og:locale\" content=\"es_ES\" \/>\n<meta property=\"og:type\" content=\"article\" \/>\n<meta property=\"og:title\" content=\"Presidente Petro plante\u00f3 la necesidad de una Fuerza P\u00fablica dialogante, digna y con audacia -\" \/>\n<meta property=\"og:url\" content=\"https:\/\/luchonoticias.com\/editor\/presidente-petro-planteo-la-necesidad-de-una-fuerza-publica-dialogante-digna-y-con-audacia\/\" \/>\n<meta property=\"article:publisher\" content=\"https:\/\/www.facebook.com\/luchonoticiasneiva\" \/>\n<meta property=\"article:published_time\" content=\"2023-05-09T22:05:55+00:00\" \/>\n<meta property=\"article:modified_time\" content=\"2023-05-09T22:05:56+00:00\" \/>\n<meta name=\"author\" content=\"Editor General\" \/>\n<meta name=\"twitter:card\" content=\"summary_large_image\" \/>\n<meta name=\"twitter:label1\" content=\"Escrito por\" \/>\n\t<meta name=\"twitter:data1\" content=\"Editor General\" \/>\n\t<meta name=\"twitter:label2\" content=\"Tiempo de lectura\" \/>\n\t<meta name=\"twitter:data2\" content=\"3 minutos\" \/>\n<script type=\"application\/ld+json\" class=\"yoast-schema-graph\">{\"@context\":\"https:\/\/schema.org\",\"@graph\":[{\"@type\":\"Article\",\"@id\":\"https:\/\/luchonoticias.com\/editor\/presidente-petro-planteo-la-necesidad-de-una-fuerza-publica-dialogante-digna-y-con-audacia\/#article\",\"isPartOf\":{\"@id\":\"https:\/\/luchonoticias.com\/editor\/presidente-petro-planteo-la-necesidad-de-una-fuerza-publica-dialogante-digna-y-con-audacia\/\"},\"author\":{\"name\":\"Editor General\",\"@id\":\"https:\/\/luchonoticias.com\/editor\/#\/schema\/person\/29217990ddf6f14e35912b2866d591fb\"},\"headline\":\"Presidente Petro plante\u00f3 la necesidad de una Fuerza P\u00fablica dialogante, digna y con audacia\",\"datePublished\":\"2023-05-09T22:05:55+00:00\",\"dateModified\":\"2023-05-09T22:05:56+00:00\",\"mainEntityOfPage\":{\"@id\":\"https:\/\/luchonoticias.com\/editor\/presidente-petro-planteo-la-necesidad-de-una-fuerza-publica-dialogante-digna-y-con-audacia\/\"},\"wordCount\":695,\"commentCount\":0,\"publisher\":{\"@id\":\"https:\/\/luchonoticias.com\/editor\/#\/schema\/person\/7a7fd911f58561fd056dbac7b55af9cd\"},\"articleSection\":[\"Destacado\",\"Nacional\"],\"inLanguage\":\"es\",\"potentialAction\":[{\"@type\":\"CommentAction\",\"name\":\"Comment\",\"target\":[\"https:\/\/luchonoticias.com\/editor\/presidente-petro-planteo-la-necesidad-de-una-fuerza-publica-dialogante-digna-y-con-audacia\/#respond\"]}]},{\"@type\":\"WebPage\",\"@id\":\"https:\/\/luchonoticias.com\/editor\/presidente-petro-planteo-la-necesidad-de-una-fuerza-publica-dialogante-digna-y-con-audacia\/\",\"url\":\"https:\/\/luchonoticias.com\/editor\/presidente-petro-planteo-la-necesidad-de-una-fuerza-publica-dialogante-digna-y-con-audacia\/\",\"name\":\"Presidente Petro plante\u00f3 la necesidad de una Fuerza P\u00fablica dialogante, digna y con audacia -\",\"isPartOf\":{\"@id\":\"https:\/\/luchonoticias.com\/editor\/#website\"},\"datePublished\":\"2023-05-09T22:05:55+00:00\",\"dateModified\":\"2023-05-09T22:05:56+00:00\",\"breadcrumb\":{\"@id\":\"https:\/\/luchonoticias.com\/editor\/presidente-petro-planteo-la-necesidad-de-una-fuerza-publica-dialogante-digna-y-con-audacia\/#breadcrumb\"},\"inLanguage\":\"es\",\"potentialAction\":[{\"@type\":\"ReadAction\",\"target\":[\"https:\/\/luchonoticias.com\/editor\/presidente-petro-planteo-la-necesidad-de-una-fuerza-publica-dialogante-digna-y-con-audacia\/\"]}]},{\"@type\":\"BreadcrumbList\",\"@id\":\"https:\/\/luchonoticias.com\/editor\/presidente-petro-planteo-la-necesidad-de-una-fuerza-publica-dialogante-digna-y-con-audacia\/#breadcrumb\",\"itemListElement\":[{\"@type\":\"ListItem\",\"position\":1,\"name\":\"Portada\",\"item\":\"https:\/\/luchonoticias.com\/editor\/\"},{\"@type\":\"ListItem\",\"position\":2,\"name\":\"Presidente Petro plante\u00f3 la necesidad de una Fuerza P\u00fablica dialogante, digna y con audacia\"}]},{\"@type\":\"WebSite\",\"@id\":\"https:\/\/luchonoticias.com\/editor\/#website\",\"url\":\"https:\/\/luchonoticias.com\/editor\/\",\"name\":\"\",\"description\":\"\",\"publisher\":{\"@id\":\"https:\/\/luchonoticias.com\/editor\/#\/schema\/person\/7a7fd911f58561fd056dbac7b55af9cd\"},\"potentialAction\":[{\"@type\":\"SearchAction\",\"target\":{\"@type\":\"EntryPoint\",\"urlTemplate\":\"https:\/\/luchonoticias.com\/editor\/?s={search_term_string}\"},\"query-input\":{\"@type\":\"PropertyValueSpecification\",\"valueRequired\":true,\"valueName\":\"search_term_string\"}}],\"inLanguage\":\"es\"},{\"@type\":[\"Person\",\"Organization\"],\"@id\":\"https:\/\/luchonoticias.com\/editor\/#\/schema\/person\/7a7fd911f58561fd056dbac7b55af9cd\",\"name\":\"admin\",\"image\":{\"@type\":\"ImageObject\",\"inLanguage\":\"es\",\"@id\":\"https:\/\/luchonoticias.com\/editor\/#\/schema\/person\/image\/\",\"url\":\"https:\/\/luchonoticias.com\/editor\/wp-content\/uploads\/2024\/02\/cropped-cropped-logolu.webp\",\"contentUrl\":\"https:\/\/luchonoticias.com\/editor\/wp-content\/uploads\/2024\/02\/cropped-cropped-logolu.webp\",\"width\":382,\"height\":170,\"caption\":\"admin\"},\"logo\":{\"@id\":\"https:\/\/luchonoticias.com\/editor\/#\/schema\/person\/image\/\"},\"sameAs\":[\"https:\/\/www.facebook.com\/luchonoticiasneiva\"]},{\"@type\":\"Person\",\"@id\":\"https:\/\/luchonoticias.com\/editor\/#\/schema\/person\/29217990ddf6f14e35912b2866d591fb\",\"name\":\"Editor General\",\"image\":{\"@type\":\"ImageObject\",\"inLanguage\":\"es\",\"@id\":\"https:\/\/luchonoticias.com\/editor\/#\/schema\/person\/image\/\",\"url\":\"https:\/\/luchonoticias.com\/editor\/wp-content\/uploads\/2024\/02\/cropped-cropped-logolu-150x150.webp\",\"contentUrl\":\"https:\/\/luchonoticias.com\/editor\/wp-content\/uploads\/2024\/02\/cropped-cropped-logolu-150x150.webp\",\"caption\":\"Editor General\"},\"sameAs\":[\"https:\/\/luchonoticias.com\/\"],\"url\":\"https:\/\/luchonoticias.com\/editor\/author\/editor-general\/\"}]}<\/script>\n<!-- \/ Yoast SEO plugin. -->","yoast_head_json":{"title":"Presidente Petro plante\u00f3 la necesidad de una Fuerza P\u00fablica dialogante, digna y con audacia -","robots":{"index":"index","follow":"follow","max-snippet":"max-snippet:-1","max-image-preview":"max-image-preview:large","max-video-preview":"max-video-preview:-1"},"canonical":"https:\/\/luchonoticias.com\/editor\/presidente-petro-planteo-la-necesidad-de-una-fuerza-publica-dialogante-digna-y-con-audacia\/","og_locale":"es_ES","og_type":"article","og_title":"Presidente Petro plante\u00f3 la necesidad de una Fuerza P\u00fablica dialogante, digna y con audacia -","og_url":"https:\/\/luchonoticias.com\/editor\/presidente-petro-planteo-la-necesidad-de-una-fuerza-publica-dialogante-digna-y-con-audacia\/","article_publisher":"https:\/\/www.facebook.com\/luchonoticiasneiva","article_published_time":"2023-05-09T22:05:55+00:00","article_modified_time":"2023-05-09T22:05:56+00:00","author":"Editor General","twitter_card":"summary_large_image","twitter_misc":{"Escrito por":"Editor General","Tiempo de lectura":"3 minutos"},"schema":{"@context":"https:\/\/schema.org","@graph":[{"@type":"Article","@id":"https:\/\/luchonoticias.com\/editor\/presidente-petro-planteo-la-necesidad-de-una-fuerza-publica-dialogante-digna-y-con-audacia\/#article","isPartOf":{"@id":"https:\/\/luchonoticias.com\/editor\/presidente-petro-planteo-la-necesidad-de-una-fuerza-publica-dialogante-digna-y-con-audacia\/"},"author":{"name":"Editor General","@id":"https:\/\/luchonoticias.com\/editor\/#\/schema\/person\/29217990ddf6f14e35912b2866d591fb"},"headline":"Presidente Petro plante\u00f3 la necesidad de una Fuerza P\u00fablica dialogante, digna y con audacia","datePublished":"2023-05-09T22:05:55+00:00","dateModified":"2023-05-09T22:05:56+00:00","mainEntityOfPage":{"@id":"https:\/\/luchonoticias.com\/editor\/presidente-petro-planteo-la-necesidad-de-una-fuerza-publica-dialogante-digna-y-con-audacia\/"},"wordCount":695,"commentCount":0,"publisher":{"@id":"https:\/\/luchonoticias.com\/editor\/#\/schema\/person\/7a7fd911f58561fd056dbac7b55af9cd"},"articleSection":["Destacado","Nacional"],"inLanguage":"es","potentialAction":[{"@type":"CommentAction","name":"Comment","target":["https:\/\/luchonoticias.com\/editor\/presidente-petro-planteo-la-necesidad-de-una-fuerza-publica-dialogante-digna-y-con-audacia\/#respond"]}]},{"@type":"WebPage","@id":"https:\/\/luchonoticias.com\/editor\/presidente-petro-planteo-la-necesidad-de-una-fuerza-publica-dialogante-digna-y-con-audacia\/","url":"https:\/\/luchonoticias.com\/editor\/presidente-petro-planteo-la-necesidad-de-una-fuerza-publica-dialogante-digna-y-con-audacia\/","name":"Presidente Petro plante\u00f3 la necesidad de una Fuerza P\u00fablica dialogante, digna y con audacia -","isPartOf":{"@id":"https:\/\/luchonoticias.com\/editor\/#website"},"datePublished":"2023-05-09T22:05:55+00:00","dateModified":"2023-05-09T22:05:56+00:00","breadcrumb":{"@id":"https:\/\/luchonoticias.com\/editor\/presidente-petro-planteo-la-necesidad-de-una-fuerza-publica-dialogante-digna-y-con-audacia\/#breadcrumb"},"inLanguage":"es","potentialAction":[{"@type":"ReadAction","target":["https:\/\/luchonoticias.com\/editor\/presidente-petro-planteo-la-necesidad-de-una-fuerza-publica-dialogante-digna-y-con-audacia\/"]}]},{"@type":"BreadcrumbList","@id":"https:\/\/luchonoticias.com\/editor\/presidente-petro-planteo-la-necesidad-de-una-fuerza-publica-dialogante-digna-y-con-audacia\/#breadcrumb","itemListElement":[{"@type":"ListItem","position":1,"name":"Portada","item":"https:\/\/luchonoticias.com\/editor\/"},{"@type":"ListItem","position":2,"name":"Presidente Petro plante\u00f3 la necesidad de una Fuerza P\u00fablica dialogante, digna y con audacia"}]},{"@type":"WebSite","@id":"https:\/\/luchonoticias.com\/editor\/#website","url":"https:\/\/luchonoticias.com\/editor\/","name":"","description":"","publisher":{"@id":"https:\/\/luchonoticias.com\/editor\/#\/schema\/person\/7a7fd911f58561fd056dbac7b55af9cd"},"potentialAction":[{"@type":"SearchAction","target":{"@type":"EntryPoint","urlTemplate":"https:\/\/luchonoticias.com\/editor\/?s={search_term_string}"},"query-input":{"@type":"PropertyValueSpecification","valueRequired":true,"valueName":"search_term_string"}}],"inLanguage":"es"},{"@type":["Person","Organization"],"@id":"https:\/\/luchonoticias.com\/editor\/#\/schema\/person\/7a7fd911f58561fd056dbac7b55af9cd","name":"admin","image":{"@type":"ImageObject","inLanguage":"es","@id":"https:\/\/luchonoticias.com\/editor\/#\/schema\/person\/image\/","url":"https:\/\/luchonoticias.com\/editor\/wp-content\/uploads\/2024\/02\/cropped-cropped-logolu.webp","contentUrl":"https:\/\/luchonoticias.com\/editor\/wp-content\/uploads\/2024\/02\/cropped-cropped-logolu.webp","width":382,"height":170,"caption":"admin"},"logo":{"@id":"https:\/\/luchonoticias.com\/editor\/#\/schema\/person\/image\/"},"sameAs":["https:\/\/www.facebook.com\/luchonoticiasneiva"]},{"@type":"Person","@id":"https:\/\/luchonoticias.com\/editor\/#\/schema\/person\/29217990ddf6f14e35912b2866d591fb","name":"Editor General","image":{"@type":"ImageObject","inLanguage":"es","@id":"https:\/\/luchonoticias.com\/editor\/#\/schema\/person\/image\/","url":"https:\/\/luchonoticias.com\/editor\/wp-content\/uploads\/2024\/02\/cropped-cropped-logolu-150x150.webp","contentUrl":"https:\/\/luchonoticias.com\/editor\/wp-content\/uploads\/2024\/02\/cropped-cropped-logolu-150x150.webp","caption":"Editor General"},"sameAs":["https:\/\/luchonoticias.com\/"],"url":"https:\/\/luchonoticias.com\/editor\/author\/editor-general\/"}]}},"_links":{"self":[{"href":"https:\/\/luchonoticias.com\/editor\/wp-json\/wp\/v2\/posts\/52085","targetHints":{"allow":["GET"]}}],"collection":[{"href":"https:\/\/luchonoticias.com\/editor\/wp-json\/wp\/v2\/posts"}],"about":[{"href":"https:\/\/luchonoticias.com\/editor\/wp-json\/wp\/v2\/types\/post"}],"author":[{"embeddable":true,"href":"https:\/\/luchonoticias.com\/editor\/wp-json\/wp\/v2\/users\/2"}],"replies":[{"embeddable":true,"href":"https:\/\/luchonoticias.com\/editor\/wp-json\/wp\/v2\/comments?post=52085"}],"version-history":[{"count":0,"href":"https:\/\/luchonoticias.com\/editor\/wp-json\/wp\/v2\/posts\/52085\/revisions"}],"wp:attachment":[{"href":"https:\/\/luchonoticias.com\/editor\/wp-json\/wp\/v2\/media?parent=52085"}],"wp:term":[{"taxonomy":"category","embeddable":true,"href":"https:\/\/luchonoticias.com\/editor\/wp-json\/wp\/v2\/categories?post=52085"},{"taxonomy":"post_tag","embeddable":true,"href":"https:\/\/luchonoticias.com\/editor\/wp-json\/wp\/v2\/tags?post=52085"}],"curies":[{"name":"wp","href":"https:\/\/api.w.org\/{rel}","templated":true}]}}