{"id":52123,"date":"2023-05-10T06:55:56","date_gmt":"2023-05-10T11:55:56","guid":{"rendered":"https:\/\/luchonoticias.com\/?p=52123"},"modified":"2023-05-10T06:55:58","modified_gmt":"2023-05-10T11:55:58","slug":"alcaldia-de-neiva-adelantara-obra-de-mitigacion-en-el-barrio-campos-de-venecia","status":"publish","type":"post","link":"https:\/\/luchonoticias.com\/editor\/alcaldia-de-neiva-adelantara-obra-de-mitigacion-en-el-barrio-campos-de-venecia\/","title":{"rendered":"Alcald\u00eda de Neiva adelantar\u00e1 obra de mitigaci\u00f3n en el barrio Campos de Venecia"},"content":{"rendered":"\n<p>Por varios a\u00f1os la quebrada Mampuesto que atraviesa por el barrio Campos de Venecia, en el norte de Neiva, ha venido afectando a los habitantes de esa zona. En temporadas de lluvias el afluente colapsa inundando algunas viviendas y amenaza con arrasar varios inmuebles que se ubican en la parte alta de la quebrada.<\/p>\n\n\n\n<p>Cansados con esta situaci\u00f3n, la comunidad solicit\u00f3 la intervenci\u00f3n de la Alcald\u00eda de Neiva, en busca de prevenir emergencias en ese lugar.<\/p>\n\n\n\n<p>Al barrio acudi\u00f3 el secretario de Gesti\u00f3n del Riesgo, Armando Cabrera, quien adem\u00e1s de escuchar las peticiones de la gente, se comprometi\u00f3 en adelantar obras de mitigaci\u00f3n sobre el afluente.<\/p>\n\n\n\n<p>\u201cEstamos haciendo una inspecci\u00f3n t\u00e9cnica. Son entre siete y ocho viviendas las que est\u00e1n en zona de deslizamiento. Seguimos trabajando en la prevenci\u00f3n, haciendo obras para mitigar cualquier situaci\u00f3n, sobre todo en los fen\u00f3menos naturales\u201d indic\u00f3 el funcionario.<\/p>\n\n\n\n<figure class=\"wp-block-gallery has-nested-images columns-default is-cropped wp-block-gallery-1 is-layout-flex wp-block-gallery-is-layout-flex\">\n<figure class=\"wp-block-image size-large\"><img decoding=\"async\" data-id=\"52126\" src=\"https:\/\/luchonoticias.com\/wp-content\/uploads\/2023\/05\/WhatsApp-Image-2023-05-09-at-8.24.59-PM-1024x768.jpeg\" alt=\"\" class=\"wp-image-52126\"\/><\/figure>\n\n\n\n<figure class=\"wp-block-image size-large\"><img decoding=\"async\" data-id=\"52127\" src=\"https:\/\/luchonoticias.com\/wp-content\/uploads\/2023\/05\/WhatsApp-Image-2023-05-09-at-8.24.58-PM-2-1024x768.jpeg\" alt=\"\" class=\"wp-image-52127\"\/><\/figure>\n\n\n\n<figure class=\"wp-block-image size-large\"><img decoding=\"async\" data-id=\"52125\" src=\"https:\/\/luchonoticias.com\/wp-content\/uploads\/2023\/05\/WhatsApp-Image-2023-05-09-at-8.24.58-PM-1-1024x768.jpeg\" alt=\"\" class=\"wp-image-52125\"\/><\/figure>\n<\/figure>\n\n\n\n<p><strong>Obra de mitigaci\u00f3n<\/strong><\/p>\n\n\n\n<p>Un trabajo en conjunto entre las Secretar\u00edas de Gesti\u00f3n del Riesgo e Infraestructura y las Ceibas EPN, adelantar\u00e1n la construcci\u00f3n de un muro en concreto para evitar que el agua de la quebrada inunde las viviendas ubicadas en la parte alta de la misma. De momento se hizo la evaluaci\u00f3n de la afectaci\u00f3n, para despu\u00e9s iniciar el proceso contractual del proyecto.<\/p>\n\n\n\n<p>El funcionario se comprometi\u00f3 con la malla en gaviones para darle sostenibilidad al muro que se levantar\u00e1 sobre la quebrada. En los pr\u00f3ximos d\u00edas se har\u00e1 una mesa t\u00e9cnica con las tres entidades de la Administraci\u00f3n Municipal, para ejecutar la obra e iniciar las adecuaciones en un mes. La Secretar\u00eda de v\u00edas dispondr\u00e1 de cemento y piedras, mientras que las Ceibas, Empresas P\u00fablicas de Neiva, pondr\u00e1 la mano de obra, para hacer la construcci\u00f3n en el menor tiempo posible.<\/p>\n","protected":false},"excerpt":{"rendered":"<p>Por varios a\u00f1os la quebrada Mampuesto que atraviesa por el barrio Campos de Venecia, en el norte de Neiva, ha venido afectando a los habitantes de esa zona. En temporadas de lluvias el afluente colapsa inundando algunas viviendas y amenaza con arrasar varios inmuebles que se ubican en la parte alta de la quebrada. Cansados [&hellip;]<\/p>\n","protected":false},"author":2,"featured_media":0,"comment_status":"open","ping_status":"open","sticky":false,"template":"","format":"standard","meta":{"footnotes":""},"categories":[36,31],"tags":[],"class_list":["post-52123","post","type-post","status-publish","format-standard","hentry","category-destacado","category-local"],"yoast_head":"<!-- This site is optimized with the Yoast SEO plugin v26.6 - https:\/\/yoast.com\/wordpress\/plugins\/seo\/ -->\n<title>Alcald\u00eda de Neiva adelantar\u00e1 obra de mitigaci\u00f3n en el barrio Campos de Venecia -<\/title>\n<meta name=\"robots\" content=\"index, follow, max-snippet:-1, max-image-preview:large, max-video-preview:-1\" \/>\n<link rel=\"canonical\" href=\"https:\/\/luchonoticias.com\/editor\/alcaldia-de-neiva-adelantara-obra-de-mitigacion-en-el-barrio-campos-de-venecia\/\" \/>\n<meta property=\"og:locale\" content=\"es_ES\" \/>\n<meta property=\"og:type\" content=\"article\" \/>\n<meta property=\"og:title\" content=\"Alcald\u00eda de Neiva adelantar\u00e1 obra de mitigaci\u00f3n en el barrio Campos de Venecia -\" \/>\n<meta property=\"og:url\" content=\"https:\/\/luchonoticias.com\/editor\/alcaldia-de-neiva-adelantara-obra-de-mitigacion-en-el-barrio-campos-de-venecia\/\" \/>\n<meta property=\"article:publisher\" content=\"https:\/\/www.facebook.com\/luchonoticiasneiva\" \/>\n<meta property=\"article:published_time\" content=\"2023-05-10T11:55:56+00:00\" \/>\n<meta property=\"article:modified_time\" content=\"2023-05-10T11:55:58+00:00\" \/>\n<meta property=\"og:image\" content=\"https:\/\/luchonoticias.com\/wp-content\/uploads\/2023\/05\/WhatsApp-Image-2023-05-09-at-8.24.59-PM-1024x768.jpeg\" \/>\n<meta name=\"author\" content=\"Editor General\" \/>\n<meta name=\"twitter:card\" content=\"summary_large_image\" \/>\n<meta name=\"twitter:label1\" content=\"Escrito por\" \/>\n\t<meta name=\"twitter:data1\" content=\"Editor General\" \/>\n\t<meta name=\"twitter:label2\" content=\"Tiempo de lectura\" \/>\n\t<meta name=\"twitter:data2\" content=\"2 minutos\" \/>\n<script type=\"application\/ld+json\" class=\"yoast-schema-graph\">{\"@context\":\"https:\/\/schema.org\",\"@graph\":[{\"@type\":\"Article\",\"@id\":\"https:\/\/luchonoticias.com\/editor\/alcaldia-de-neiva-adelantara-obra-de-mitigacion-en-el-barrio-campos-de-venecia\/#article\",\"isPartOf\":{\"@id\":\"https:\/\/luchonoticias.com\/editor\/alcaldia-de-neiva-adelantara-obra-de-mitigacion-en-el-barrio-campos-de-venecia\/\"},\"author\":{\"name\":\"Editor General\",\"@id\":\"https:\/\/luchonoticias.com\/editor\/#\/schema\/person\/29217990ddf6f14e35912b2866d591fb\"},\"headline\":\"Alcald\u00eda de Neiva adelantar\u00e1 obra de mitigaci\u00f3n en el barrio Campos de Venecia\",\"datePublished\":\"2023-05-10T11:55:56+00:00\",\"dateModified\":\"2023-05-10T11:55:58+00:00\",\"mainEntityOfPage\":{\"@id\":\"https:\/\/luchonoticias.com\/editor\/alcaldia-de-neiva-adelantara-obra-de-mitigacion-en-el-barrio-campos-de-venecia\/\"},\"wordCount\":331,\"commentCount\":0,\"publisher\":{\"@id\":\"https:\/\/luchonoticias.com\/editor\/#\/schema\/person\/7a7fd911f58561fd056dbac7b55af9cd\"},\"image\":{\"@id\":\"https:\/\/luchonoticias.com\/editor\/alcaldia-de-neiva-adelantara-obra-de-mitigacion-en-el-barrio-campos-de-venecia\/#primaryimage\"},\"thumbnailUrl\":\"https:\/\/luchonoticias.com\/wp-content\/uploads\/2023\/05\/WhatsApp-Image-2023-05-09-at-8.24.59-PM-1024x768.jpeg\",\"articleSection\":[\"Destacado\",\"Local\"],\"inLanguage\":\"es\",\"potentialAction\":[{\"@type\":\"CommentAction\",\"name\":\"Comment\",\"target\":[\"https:\/\/luchonoticias.com\/editor\/alcaldia-de-neiva-adelantara-obra-de-mitigacion-en-el-barrio-campos-de-venecia\/#respond\"]}]},{\"@type\":\"WebPage\",\"@id\":\"https:\/\/luchonoticias.com\/editor\/alcaldia-de-neiva-adelantara-obra-de-mitigacion-en-el-barrio-campos-de-venecia\/\",\"url\":\"https:\/\/luchonoticias.com\/editor\/alcaldia-de-neiva-adelantara-obra-de-mitigacion-en-el-barrio-campos-de-venecia\/\",\"name\":\"Alcald\u00eda de Neiva adelantar\u00e1 obra de mitigaci\u00f3n en el barrio Campos de Venecia -\",\"isPartOf\":{\"@id\":\"https:\/\/luchonoticias.com\/editor\/#website\"},\"primaryImageOfPage\":{\"@id\":\"https:\/\/luchonoticias.com\/editor\/alcaldia-de-neiva-adelantara-obra-de-mitigacion-en-el-barrio-campos-de-venecia\/#primaryimage\"},\"image\":{\"@id\":\"https:\/\/luchonoticias.com\/editor\/alcaldia-de-neiva-adelantara-obra-de-mitigacion-en-el-barrio-campos-de-venecia\/#primaryimage\"},\"thumbnailUrl\":\"https:\/\/luchonoticias.com\/wp-content\/uploads\/2023\/05\/WhatsApp-Image-2023-05-09-at-8.24.59-PM-1024x768.jpeg\",\"datePublished\":\"2023-05-10T11:55:56+00:00\",\"dateModified\":\"2023-05-10T11:55:58+00:00\",\"breadcrumb\":{\"@id\":\"https:\/\/luchonoticias.com\/editor\/alcaldia-de-neiva-adelantara-obra-de-mitigacion-en-el-barrio-campos-de-venecia\/#breadcrumb\"},\"inLanguage\":\"es\",\"potentialAction\":[{\"@type\":\"ReadAction\",\"target\":[\"https:\/\/luchonoticias.com\/editor\/alcaldia-de-neiva-adelantara-obra-de-mitigacion-en-el-barrio-campos-de-venecia\/\"]}]},{\"@type\":\"ImageObject\",\"inLanguage\":\"es\",\"@id\":\"https:\/\/luchonoticias.com\/editor\/alcaldia-de-neiva-adelantara-obra-de-mitigacion-en-el-barrio-campos-de-venecia\/#primaryimage\",\"url\":\"https:\/\/luchonoticias.com\/wp-content\/uploads\/2023\/05\/WhatsApp-Image-2023-05-09-at-8.24.59-PM-1024x768.jpeg\",\"contentUrl\":\"https:\/\/luchonoticias.com\/wp-content\/uploads\/2023\/05\/WhatsApp-Image-2023-05-09-at-8.24.59-PM-1024x768.jpeg\"},{\"@type\":\"BreadcrumbList\",\"@id\":\"https:\/\/luchonoticias.com\/editor\/alcaldia-de-neiva-adelantara-obra-de-mitigacion-en-el-barrio-campos-de-venecia\/#breadcrumb\",\"itemListElement\":[{\"@type\":\"ListItem\",\"position\":1,\"name\":\"Portada\",\"item\":\"https:\/\/luchonoticias.com\/editor\/\"},{\"@type\":\"ListItem\",\"position\":2,\"name\":\"Alcald\u00eda de Neiva adelantar\u00e1 obra de mitigaci\u00f3n en el barrio Campos de Venecia\"}]},{\"@type\":\"WebSite\",\"@id\":\"https:\/\/luchonoticias.com\/editor\/#website\",\"url\":\"https:\/\/luchonoticias.com\/editor\/\",\"name\":\"\",\"description\":\"\",\"publisher\":{\"@id\":\"https:\/\/luchonoticias.com\/editor\/#\/schema\/person\/7a7fd911f58561fd056dbac7b55af9cd\"},\"potentialAction\":[{\"@type\":\"SearchAction\",\"target\":{\"@type\":\"EntryPoint\",\"urlTemplate\":\"https:\/\/luchonoticias.com\/editor\/?s={search_term_string}\"},\"query-input\":{\"@type\":\"PropertyValueSpecification\",\"valueRequired\":true,\"valueName\":\"search_term_string\"}}],\"inLanguage\":\"es\"},{\"@type\":[\"Person\",\"Organization\"],\"@id\":\"https:\/\/luchonoticias.com\/editor\/#\/schema\/person\/7a7fd911f58561fd056dbac7b55af9cd\",\"name\":\"admin\",\"image\":{\"@type\":\"ImageObject\",\"inLanguage\":\"es\",\"@id\":\"https:\/\/luchonoticias.com\/editor\/#\/schema\/person\/image\/\",\"url\":\"https:\/\/luchonoticias.com\/editor\/wp-content\/uploads\/2024\/02\/cropped-cropped-logolu.webp\",\"contentUrl\":\"https:\/\/luchonoticias.com\/editor\/wp-content\/uploads\/2024\/02\/cropped-cropped-logolu.webp\",\"width\":382,\"height\":170,\"caption\":\"admin\"},\"logo\":{\"@id\":\"https:\/\/luchonoticias.com\/editor\/#\/schema\/person\/image\/\"},\"sameAs\":[\"https:\/\/www.facebook.com\/luchonoticiasneiva\"]},{\"@type\":\"Person\",\"@id\":\"https:\/\/luchonoticias.com\/editor\/#\/schema\/person\/29217990ddf6f14e35912b2866d591fb\",\"name\":\"Editor General\",\"image\":{\"@type\":\"ImageObject\",\"inLanguage\":\"es\",\"@id\":\"https:\/\/luchonoticias.com\/editor\/#\/schema\/person\/image\/\",\"url\":\"https:\/\/luchonoticias.com\/editor\/wp-content\/uploads\/2024\/02\/cropped-cropped-logolu-150x150.webp\",\"contentUrl\":\"https:\/\/luchonoticias.com\/editor\/wp-content\/uploads\/2024\/02\/cropped-cropped-logolu-150x150.webp\",\"caption\":\"Editor General\"},\"sameAs\":[\"https:\/\/luchonoticias.com\/\"],\"url\":\"https:\/\/luchonoticias.com\/editor\/author\/editor-general\/\"}]}<\/script>\n<!-- \/ Yoast SEO plugin. -->","yoast_head_json":{"title":"Alcald\u00eda de Neiva adelantar\u00e1 obra de mitigaci\u00f3n en el barrio Campos de Venecia -","robots":{"index":"index","follow":"follow","max-snippet":"max-snippet:-1","max-image-preview":"max-image-preview:large","max-video-preview":"max-video-preview:-1"},"canonical":"https:\/\/luchonoticias.com\/editor\/alcaldia-de-neiva-adelantara-obra-de-mitigacion-en-el-barrio-campos-de-venecia\/","og_locale":"es_ES","og_type":"article","og_title":"Alcald\u00eda de Neiva adelantar\u00e1 obra de mitigaci\u00f3n en el barrio Campos de Venecia -","og_url":"https:\/\/luchonoticias.com\/editor\/alcaldia-de-neiva-adelantara-obra-de-mitigacion-en-el-barrio-campos-de-venecia\/","article_publisher":"https:\/\/www.facebook.com\/luchonoticiasneiva","article_published_time":"2023-05-10T11:55:56+00:00","article_modified_time":"2023-05-10T11:55:58+00:00","og_image":[{"url":"https:\/\/luchonoticias.com\/wp-content\/uploads\/2023\/05\/WhatsApp-Image-2023-05-09-at-8.24.59-PM-1024x768.jpeg","type":"","width":"","height":""}],"author":"Editor General","twitter_card":"summary_large_image","twitter_misc":{"Escrito por":"Editor General","Tiempo de lectura":"2 minutos"},"schema":{"@context":"https:\/\/schema.org","@graph":[{"@type":"Article","@id":"https:\/\/luchonoticias.com\/editor\/alcaldia-de-neiva-adelantara-obra-de-mitigacion-en-el-barrio-campos-de-venecia\/#article","isPartOf":{"@id":"https:\/\/luchonoticias.com\/editor\/alcaldia-de-neiva-adelantara-obra-de-mitigacion-en-el-barrio-campos-de-venecia\/"},"author":{"name":"Editor General","@id":"https:\/\/luchonoticias.com\/editor\/#\/schema\/person\/29217990ddf6f14e35912b2866d591fb"},"headline":"Alcald\u00eda de Neiva adelantar\u00e1 obra de mitigaci\u00f3n en el barrio Campos de Venecia","datePublished":"2023-05-10T11:55:56+00:00","dateModified":"2023-05-10T11:55:58+00:00","mainEntityOfPage":{"@id":"https:\/\/luchonoticias.com\/editor\/alcaldia-de-neiva-adelantara-obra-de-mitigacion-en-el-barrio-campos-de-venecia\/"},"wordCount":331,"commentCount":0,"publisher":{"@id":"https:\/\/luchonoticias.com\/editor\/#\/schema\/person\/7a7fd911f58561fd056dbac7b55af9cd"},"image":{"@id":"https:\/\/luchonoticias.com\/editor\/alcaldia-de-neiva-adelantara-obra-de-mitigacion-en-el-barrio-campos-de-venecia\/#primaryimage"},"thumbnailUrl":"https:\/\/luchonoticias.com\/wp-content\/uploads\/2023\/05\/WhatsApp-Image-2023-05-09-at-8.24.59-PM-1024x768.jpeg","articleSection":["Destacado","Local"],"inLanguage":"es","potentialAction":[{"@type":"CommentAction","name":"Comment","target":["https:\/\/luchonoticias.com\/editor\/alcaldia-de-neiva-adelantara-obra-de-mitigacion-en-el-barrio-campos-de-venecia\/#respond"]}]},{"@type":"WebPage","@id":"https:\/\/luchonoticias.com\/editor\/alcaldia-de-neiva-adelantara-obra-de-mitigacion-en-el-barrio-campos-de-venecia\/","url":"https:\/\/luchonoticias.com\/editor\/alcaldia-de-neiva-adelantara-obra-de-mitigacion-en-el-barrio-campos-de-venecia\/","name":"Alcald\u00eda de Neiva adelantar\u00e1 obra de mitigaci\u00f3n en el barrio Campos de Venecia -","isPartOf":{"@id":"https:\/\/luchonoticias.com\/editor\/#website"},"primaryImageOfPage":{"@id":"https:\/\/luchonoticias.com\/editor\/alcaldia-de-neiva-adelantara-obra-de-mitigacion-en-el-barrio-campos-de-venecia\/#primaryimage"},"image":{"@id":"https:\/\/luchonoticias.com\/editor\/alcaldia-de-neiva-adelantara-obra-de-mitigacion-en-el-barrio-campos-de-venecia\/#primaryimage"},"thumbnailUrl":"https:\/\/luchonoticias.com\/wp-content\/uploads\/2023\/05\/WhatsApp-Image-2023-05-09-at-8.24.59-PM-1024x768.jpeg","datePublished":"2023-05-10T11:55:56+00:00","dateModified":"2023-05-10T11:55:58+00:00","breadcrumb":{"@id":"https:\/\/luchonoticias.com\/editor\/alcaldia-de-neiva-adelantara-obra-de-mitigacion-en-el-barrio-campos-de-venecia\/#breadcrumb"},"inLanguage":"es","potentialAction":[{"@type":"ReadAction","target":["https:\/\/luchonoticias.com\/editor\/alcaldia-de-neiva-adelantara-obra-de-mitigacion-en-el-barrio-campos-de-venecia\/"]}]},{"@type":"ImageObject","inLanguage":"es","@id":"https:\/\/luchonoticias.com\/editor\/alcaldia-de-neiva-adelantara-obra-de-mitigacion-en-el-barrio-campos-de-venecia\/#primaryimage","url":"https:\/\/luchonoticias.com\/wp-content\/uploads\/2023\/05\/WhatsApp-Image-2023-05-09-at-8.24.59-PM-1024x768.jpeg","contentUrl":"https:\/\/luchonoticias.com\/wp-content\/uploads\/2023\/05\/WhatsApp-Image-2023-05-09-at-8.24.59-PM-1024x768.jpeg"},{"@type":"BreadcrumbList","@id":"https:\/\/luchonoticias.com\/editor\/alcaldia-de-neiva-adelantara-obra-de-mitigacion-en-el-barrio-campos-de-venecia\/#breadcrumb","itemListElement":[{"@type":"ListItem","position":1,"name":"Portada","item":"https:\/\/luchonoticias.com\/editor\/"},{"@type":"ListItem","position":2,"name":"Alcald\u00eda de Neiva adelantar\u00e1 obra de mitigaci\u00f3n en el barrio Campos de Venecia"}]},{"@type":"WebSite","@id":"https:\/\/luchonoticias.com\/editor\/#website","url":"https:\/\/luchonoticias.com\/editor\/","name":"","description":"","publisher":{"@id":"https:\/\/luchonoticias.com\/editor\/#\/schema\/person\/7a7fd911f58561fd056dbac7b55af9cd"},"potentialAction":[{"@type":"SearchAction","target":{"@type":"EntryPoint","urlTemplate":"https:\/\/luchonoticias.com\/editor\/?s={search_term_string}"},"query-input":{"@type":"PropertyValueSpecification","valueRequired":true,"valueName":"search_term_string"}}],"inLanguage":"es"},{"@type":["Person","Organization"],"@id":"https:\/\/luchonoticias.com\/editor\/#\/schema\/person\/7a7fd911f58561fd056dbac7b55af9cd","name":"admin","image":{"@type":"ImageObject","inLanguage":"es","@id":"https:\/\/luchonoticias.com\/editor\/#\/schema\/person\/image\/","url":"https:\/\/luchonoticias.com\/editor\/wp-content\/uploads\/2024\/02\/cropped-cropped-logolu.webp","contentUrl":"https:\/\/luchonoticias.com\/editor\/wp-content\/uploads\/2024\/02\/cropped-cropped-logolu.webp","width":382,"height":170,"caption":"admin"},"logo":{"@id":"https:\/\/luchonoticias.com\/editor\/#\/schema\/person\/image\/"},"sameAs":["https:\/\/www.facebook.com\/luchonoticiasneiva"]},{"@type":"Person","@id":"https:\/\/luchonoticias.com\/editor\/#\/schema\/person\/29217990ddf6f14e35912b2866d591fb","name":"Editor General","image":{"@type":"ImageObject","inLanguage":"es","@id":"https:\/\/luchonoticias.com\/editor\/#\/schema\/person\/image\/","url":"https:\/\/luchonoticias.com\/editor\/wp-content\/uploads\/2024\/02\/cropped-cropped-logolu-150x150.webp","contentUrl":"https:\/\/luchonoticias.com\/editor\/wp-content\/uploads\/2024\/02\/cropped-cropped-logolu-150x150.webp","caption":"Editor General"},"sameAs":["https:\/\/luchonoticias.com\/"],"url":"https:\/\/luchonoticias.com\/editor\/author\/editor-general\/"}]}},"_links":{"self":[{"href":"https:\/\/luchonoticias.com\/editor\/wp-json\/wp\/v2\/posts\/52123","targetHints":{"allow":["GET"]}}],"collection":[{"href":"https:\/\/luchonoticias.com\/editor\/wp-json\/wp\/v2\/posts"}],"about":[{"href":"https:\/\/luchonoticias.com\/editor\/wp-json\/wp\/v2\/types\/post"}],"author":[{"embeddable":true,"href":"https:\/\/luchonoticias.com\/editor\/wp-json\/wp\/v2\/users\/2"}],"replies":[{"embeddable":true,"href":"https:\/\/luchonoticias.com\/editor\/wp-json\/wp\/v2\/comments?post=52123"}],"version-history":[{"count":0,"href":"https:\/\/luchonoticias.com\/editor\/wp-json\/wp\/v2\/posts\/52123\/revisions"}],"wp:attachment":[{"href":"https:\/\/luchonoticias.com\/editor\/wp-json\/wp\/v2\/media?parent=52123"}],"wp:term":[{"taxonomy":"category","embeddable":true,"href":"https:\/\/luchonoticias.com\/editor\/wp-json\/wp\/v2\/categories?post=52123"},{"taxonomy":"post_tag","embeddable":true,"href":"https:\/\/luchonoticias.com\/editor\/wp-json\/wp\/v2\/tags?post=52123"}],"curies":[{"name":"wp","href":"https:\/\/api.w.org\/{rel}","templated":true}]}}