{"id":52129,"date":"2023-05-10T07:00:48","date_gmt":"2023-05-10T12:00:48","guid":{"rendered":"https:\/\/luchonoticias.com\/?p=52129"},"modified":"2023-05-10T07:00:49","modified_gmt":"2023-05-10T12:00:49","slug":"en-una-rapida-reaccion-capturadas-dos-personas-por-porte-ilegal-de-armas-de-fuego","status":"publish","type":"post","link":"https:\/\/luchonoticias.com\/editor\/en-una-rapida-reaccion-capturadas-dos-personas-por-porte-ilegal-de-armas-de-fuego\/","title":{"rendered":"En una r\u00e1pida reacci\u00f3n capturadas dos personas por Porte Ilegal de Armas de Fuego"},"content":{"rendered":"\n<p>Las autoridades de Neiva, dieron a conocer que en las \u00faltimas horas mediante una acci\u00f3n policial, realizada por uniformados adscritos al CAI Alpes, lograron la captura en flagrancia de dos personas por el delito de Porte Ilegal de arma de fuego, en el barrio Alfonso L\u00f3pez de la Capital Huilense.<\/p>\n\n\n\n<p>\u201cMediante planes de prevenci\u00f3n y control, en la calle 2a con carrera 23 del barrio Alfonso L\u00f3pez, logran la captura de Jos\u00e9 Ricardo Leguizamo Iquira de 25 a\u00f1os de edad a quien le figura antecedentes por los delitos de Porte y Tr\u00e1fico de Estupefacientes, Porte Ilegal de Armas de Fuego y fuga de presos y de un sujeto de 46 a\u00f1os de edad, quienes al practicarle un registro se le halla en su poder un arma de fuego tipo rev\u00f3lver Calibre 38 mm\u201d, indicaron las fuentes oficiales en un comunicado.<\/p>\n\n\n\n<p>Finalmente se estableci\u00f3 que los hoy capturados fueron dejados a disposici\u00f3n de la autoridad competente por el delito de tr\u00e1fico, fabricaci\u00f3n, porte o tenencia de armas de fuego, partes o municiones, ante un juez de control y garant\u00eda, quien decidir\u00e1 su situaci\u00f3n jur\u00eddica.<\/p>\n","protected":false},"excerpt":{"rendered":"<p>Las autoridades de Neiva, dieron a conocer que en las \u00faltimas horas mediante una acci\u00f3n policial, realizada por uniformados adscritos al CAI Alpes, lograron la captura en flagrancia de dos personas por el delito de Porte Ilegal de arma de fuego, en el barrio Alfonso L\u00f3pez de la Capital Huilense. \u201cMediante planes de prevenci\u00f3n y [&hellip;]<\/p>\n","protected":false},"author":2,"featured_media":0,"comment_status":"open","ping_status":"open","sticky":false,"template":"","format":"standard","meta":{"footnotes":""},"categories":[36,29],"tags":[],"class_list":["post-52129","post","type-post","status-publish","format-standard","hentry","category-destacado","category-judicial"],"yoast_head":"<!-- This site is optimized with the Yoast SEO plugin v26.6 - https:\/\/yoast.com\/wordpress\/plugins\/seo\/ -->\n<title>En una r\u00e1pida reacci\u00f3n capturadas dos personas por Porte Ilegal de Armas de Fuego -<\/title>\n<meta name=\"robots\" content=\"index, follow, max-snippet:-1, max-image-preview:large, max-video-preview:-1\" \/>\n<link rel=\"canonical\" href=\"https:\/\/luchonoticias.com\/editor\/en-una-rapida-reaccion-capturadas-dos-personas-por-porte-ilegal-de-armas-de-fuego\/\" \/>\n<meta property=\"og:locale\" content=\"es_ES\" \/>\n<meta property=\"og:type\" content=\"article\" \/>\n<meta property=\"og:title\" content=\"En una r\u00e1pida reacci\u00f3n capturadas dos personas por Porte Ilegal de Armas de Fuego -\" \/>\n<meta property=\"og:url\" content=\"https:\/\/luchonoticias.com\/editor\/en-una-rapida-reaccion-capturadas-dos-personas-por-porte-ilegal-de-armas-de-fuego\/\" \/>\n<meta property=\"article:publisher\" content=\"https:\/\/www.facebook.com\/luchonoticiasneiva\" \/>\n<meta property=\"article:published_time\" content=\"2023-05-10T12:00:48+00:00\" \/>\n<meta property=\"article:modified_time\" content=\"2023-05-10T12:00:49+00:00\" \/>\n<meta name=\"author\" content=\"Editor General\" \/>\n<meta name=\"twitter:card\" content=\"summary_large_image\" \/>\n<meta name=\"twitter:label1\" content=\"Escrito por\" \/>\n\t<meta name=\"twitter:data1\" content=\"Editor General\" \/>\n\t<meta name=\"twitter:label2\" content=\"Tiempo de lectura\" \/>\n\t<meta name=\"twitter:data2\" content=\"1 minuto\" \/>\n<script type=\"application\/ld+json\" class=\"yoast-schema-graph\">{\"@context\":\"https:\/\/schema.org\",\"@graph\":[{\"@type\":\"Article\",\"@id\":\"https:\/\/luchonoticias.com\/editor\/en-una-rapida-reaccion-capturadas-dos-personas-por-porte-ilegal-de-armas-de-fuego\/#article\",\"isPartOf\":{\"@id\":\"https:\/\/luchonoticias.com\/editor\/en-una-rapida-reaccion-capturadas-dos-personas-por-porte-ilegal-de-armas-de-fuego\/\"},\"author\":{\"name\":\"Editor General\",\"@id\":\"https:\/\/luchonoticias.com\/editor\/#\/schema\/person\/29217990ddf6f14e35912b2866d591fb\"},\"headline\":\"En una r\u00e1pida reacci\u00f3n capturadas dos personas por Porte Ilegal de Armas de Fuego\",\"datePublished\":\"2023-05-10T12:00:48+00:00\",\"dateModified\":\"2023-05-10T12:00:49+00:00\",\"mainEntityOfPage\":{\"@id\":\"https:\/\/luchonoticias.com\/editor\/en-una-rapida-reaccion-capturadas-dos-personas-por-porte-ilegal-de-armas-de-fuego\/\"},\"wordCount\":209,\"commentCount\":0,\"publisher\":{\"@id\":\"https:\/\/luchonoticias.com\/editor\/#\/schema\/person\/7a7fd911f58561fd056dbac7b55af9cd\"},\"articleSection\":[\"Destacado\",\"Judicial\"],\"inLanguage\":\"es\",\"potentialAction\":[{\"@type\":\"CommentAction\",\"name\":\"Comment\",\"target\":[\"https:\/\/luchonoticias.com\/editor\/en-una-rapida-reaccion-capturadas-dos-personas-por-porte-ilegal-de-armas-de-fuego\/#respond\"]}]},{\"@type\":\"WebPage\",\"@id\":\"https:\/\/luchonoticias.com\/editor\/en-una-rapida-reaccion-capturadas-dos-personas-por-porte-ilegal-de-armas-de-fuego\/\",\"url\":\"https:\/\/luchonoticias.com\/editor\/en-una-rapida-reaccion-capturadas-dos-personas-por-porte-ilegal-de-armas-de-fuego\/\",\"name\":\"En una r\u00e1pida reacci\u00f3n capturadas dos personas por Porte Ilegal de Armas de Fuego -\",\"isPartOf\":{\"@id\":\"https:\/\/luchonoticias.com\/editor\/#website\"},\"datePublished\":\"2023-05-10T12:00:48+00:00\",\"dateModified\":\"2023-05-10T12:00:49+00:00\",\"breadcrumb\":{\"@id\":\"https:\/\/luchonoticias.com\/editor\/en-una-rapida-reaccion-capturadas-dos-personas-por-porte-ilegal-de-armas-de-fuego\/#breadcrumb\"},\"inLanguage\":\"es\",\"potentialAction\":[{\"@type\":\"ReadAction\",\"target\":[\"https:\/\/luchonoticias.com\/editor\/en-una-rapida-reaccion-capturadas-dos-personas-por-porte-ilegal-de-armas-de-fuego\/\"]}]},{\"@type\":\"BreadcrumbList\",\"@id\":\"https:\/\/luchonoticias.com\/editor\/en-una-rapida-reaccion-capturadas-dos-personas-por-porte-ilegal-de-armas-de-fuego\/#breadcrumb\",\"itemListElement\":[{\"@type\":\"ListItem\",\"position\":1,\"name\":\"Portada\",\"item\":\"https:\/\/luchonoticias.com\/editor\/\"},{\"@type\":\"ListItem\",\"position\":2,\"name\":\"En una r\u00e1pida reacci\u00f3n capturadas dos personas por Porte Ilegal de Armas de Fuego\"}]},{\"@type\":\"WebSite\",\"@id\":\"https:\/\/luchonoticias.com\/editor\/#website\",\"url\":\"https:\/\/luchonoticias.com\/editor\/\",\"name\":\"\",\"description\":\"\",\"publisher\":{\"@id\":\"https:\/\/luchonoticias.com\/editor\/#\/schema\/person\/7a7fd911f58561fd056dbac7b55af9cd\"},\"potentialAction\":[{\"@type\":\"SearchAction\",\"target\":{\"@type\":\"EntryPoint\",\"urlTemplate\":\"https:\/\/luchonoticias.com\/editor\/?s={search_term_string}\"},\"query-input\":{\"@type\":\"PropertyValueSpecification\",\"valueRequired\":true,\"valueName\":\"search_term_string\"}}],\"inLanguage\":\"es\"},{\"@type\":[\"Person\",\"Organization\"],\"@id\":\"https:\/\/luchonoticias.com\/editor\/#\/schema\/person\/7a7fd911f58561fd056dbac7b55af9cd\",\"name\":\"admin\",\"image\":{\"@type\":\"ImageObject\",\"inLanguage\":\"es\",\"@id\":\"https:\/\/luchonoticias.com\/editor\/#\/schema\/person\/image\/\",\"url\":\"https:\/\/luchonoticias.com\/editor\/wp-content\/uploads\/2024\/02\/cropped-cropped-logolu.webp\",\"contentUrl\":\"https:\/\/luchonoticias.com\/editor\/wp-content\/uploads\/2024\/02\/cropped-cropped-logolu.webp\",\"width\":382,\"height\":170,\"caption\":\"admin\"},\"logo\":{\"@id\":\"https:\/\/luchonoticias.com\/editor\/#\/schema\/person\/image\/\"},\"sameAs\":[\"https:\/\/www.facebook.com\/luchonoticiasneiva\"]},{\"@type\":\"Person\",\"@id\":\"https:\/\/luchonoticias.com\/editor\/#\/schema\/person\/29217990ddf6f14e35912b2866d591fb\",\"name\":\"Editor General\",\"image\":{\"@type\":\"ImageObject\",\"inLanguage\":\"es\",\"@id\":\"https:\/\/luchonoticias.com\/editor\/#\/schema\/person\/image\/\",\"url\":\"https:\/\/luchonoticias.com\/editor\/wp-content\/uploads\/2024\/02\/cropped-cropped-logolu-150x150.webp\",\"contentUrl\":\"https:\/\/luchonoticias.com\/editor\/wp-content\/uploads\/2024\/02\/cropped-cropped-logolu-150x150.webp\",\"caption\":\"Editor General\"},\"sameAs\":[\"https:\/\/luchonoticias.com\/\"],\"url\":\"https:\/\/luchonoticias.com\/editor\/author\/editor-general\/\"}]}<\/script>\n<!-- \/ Yoast SEO plugin. -->","yoast_head_json":{"title":"En una r\u00e1pida reacci\u00f3n capturadas dos personas por Porte Ilegal de Armas de Fuego -","robots":{"index":"index","follow":"follow","max-snippet":"max-snippet:-1","max-image-preview":"max-image-preview:large","max-video-preview":"max-video-preview:-1"},"canonical":"https:\/\/luchonoticias.com\/editor\/en-una-rapida-reaccion-capturadas-dos-personas-por-porte-ilegal-de-armas-de-fuego\/","og_locale":"es_ES","og_type":"article","og_title":"En una r\u00e1pida reacci\u00f3n capturadas dos personas por Porte Ilegal de Armas de Fuego -","og_url":"https:\/\/luchonoticias.com\/editor\/en-una-rapida-reaccion-capturadas-dos-personas-por-porte-ilegal-de-armas-de-fuego\/","article_publisher":"https:\/\/www.facebook.com\/luchonoticiasneiva","article_published_time":"2023-05-10T12:00:48+00:00","article_modified_time":"2023-05-10T12:00:49+00:00","author":"Editor General","twitter_card":"summary_large_image","twitter_misc":{"Escrito por":"Editor General","Tiempo de lectura":"1 minuto"},"schema":{"@context":"https:\/\/schema.org","@graph":[{"@type":"Article","@id":"https:\/\/luchonoticias.com\/editor\/en-una-rapida-reaccion-capturadas-dos-personas-por-porte-ilegal-de-armas-de-fuego\/#article","isPartOf":{"@id":"https:\/\/luchonoticias.com\/editor\/en-una-rapida-reaccion-capturadas-dos-personas-por-porte-ilegal-de-armas-de-fuego\/"},"author":{"name":"Editor General","@id":"https:\/\/luchonoticias.com\/editor\/#\/schema\/person\/29217990ddf6f14e35912b2866d591fb"},"headline":"En una r\u00e1pida reacci\u00f3n capturadas dos personas por Porte Ilegal de Armas de Fuego","datePublished":"2023-05-10T12:00:48+00:00","dateModified":"2023-05-10T12:00:49+00:00","mainEntityOfPage":{"@id":"https:\/\/luchonoticias.com\/editor\/en-una-rapida-reaccion-capturadas-dos-personas-por-porte-ilegal-de-armas-de-fuego\/"},"wordCount":209,"commentCount":0,"publisher":{"@id":"https:\/\/luchonoticias.com\/editor\/#\/schema\/person\/7a7fd911f58561fd056dbac7b55af9cd"},"articleSection":["Destacado","Judicial"],"inLanguage":"es","potentialAction":[{"@type":"CommentAction","name":"Comment","target":["https:\/\/luchonoticias.com\/editor\/en-una-rapida-reaccion-capturadas-dos-personas-por-porte-ilegal-de-armas-de-fuego\/#respond"]}]},{"@type":"WebPage","@id":"https:\/\/luchonoticias.com\/editor\/en-una-rapida-reaccion-capturadas-dos-personas-por-porte-ilegal-de-armas-de-fuego\/","url":"https:\/\/luchonoticias.com\/editor\/en-una-rapida-reaccion-capturadas-dos-personas-por-porte-ilegal-de-armas-de-fuego\/","name":"En una r\u00e1pida reacci\u00f3n capturadas dos personas por Porte Ilegal de Armas de Fuego -","isPartOf":{"@id":"https:\/\/luchonoticias.com\/editor\/#website"},"datePublished":"2023-05-10T12:00:48+00:00","dateModified":"2023-05-10T12:00:49+00:00","breadcrumb":{"@id":"https:\/\/luchonoticias.com\/editor\/en-una-rapida-reaccion-capturadas-dos-personas-por-porte-ilegal-de-armas-de-fuego\/#breadcrumb"},"inLanguage":"es","potentialAction":[{"@type":"ReadAction","target":["https:\/\/luchonoticias.com\/editor\/en-una-rapida-reaccion-capturadas-dos-personas-por-porte-ilegal-de-armas-de-fuego\/"]}]},{"@type":"BreadcrumbList","@id":"https:\/\/luchonoticias.com\/editor\/en-una-rapida-reaccion-capturadas-dos-personas-por-porte-ilegal-de-armas-de-fuego\/#breadcrumb","itemListElement":[{"@type":"ListItem","position":1,"name":"Portada","item":"https:\/\/luchonoticias.com\/editor\/"},{"@type":"ListItem","position":2,"name":"En una r\u00e1pida reacci\u00f3n capturadas dos personas por Porte Ilegal de Armas de Fuego"}]},{"@type":"WebSite","@id":"https:\/\/luchonoticias.com\/editor\/#website","url":"https:\/\/luchonoticias.com\/editor\/","name":"","description":"","publisher":{"@id":"https:\/\/luchonoticias.com\/editor\/#\/schema\/person\/7a7fd911f58561fd056dbac7b55af9cd"},"potentialAction":[{"@type":"SearchAction","target":{"@type":"EntryPoint","urlTemplate":"https:\/\/luchonoticias.com\/editor\/?s={search_term_string}"},"query-input":{"@type":"PropertyValueSpecification","valueRequired":true,"valueName":"search_term_string"}}],"inLanguage":"es"},{"@type":["Person","Organization"],"@id":"https:\/\/luchonoticias.com\/editor\/#\/schema\/person\/7a7fd911f58561fd056dbac7b55af9cd","name":"admin","image":{"@type":"ImageObject","inLanguage":"es","@id":"https:\/\/luchonoticias.com\/editor\/#\/schema\/person\/image\/","url":"https:\/\/luchonoticias.com\/editor\/wp-content\/uploads\/2024\/02\/cropped-cropped-logolu.webp","contentUrl":"https:\/\/luchonoticias.com\/editor\/wp-content\/uploads\/2024\/02\/cropped-cropped-logolu.webp","width":382,"height":170,"caption":"admin"},"logo":{"@id":"https:\/\/luchonoticias.com\/editor\/#\/schema\/person\/image\/"},"sameAs":["https:\/\/www.facebook.com\/luchonoticiasneiva"]},{"@type":"Person","@id":"https:\/\/luchonoticias.com\/editor\/#\/schema\/person\/29217990ddf6f14e35912b2866d591fb","name":"Editor General","image":{"@type":"ImageObject","inLanguage":"es","@id":"https:\/\/luchonoticias.com\/editor\/#\/schema\/person\/image\/","url":"https:\/\/luchonoticias.com\/editor\/wp-content\/uploads\/2024\/02\/cropped-cropped-logolu-150x150.webp","contentUrl":"https:\/\/luchonoticias.com\/editor\/wp-content\/uploads\/2024\/02\/cropped-cropped-logolu-150x150.webp","caption":"Editor General"},"sameAs":["https:\/\/luchonoticias.com\/"],"url":"https:\/\/luchonoticias.com\/editor\/author\/editor-general\/"}]}},"_links":{"self":[{"href":"https:\/\/luchonoticias.com\/editor\/wp-json\/wp\/v2\/posts\/52129","targetHints":{"allow":["GET"]}}],"collection":[{"href":"https:\/\/luchonoticias.com\/editor\/wp-json\/wp\/v2\/posts"}],"about":[{"href":"https:\/\/luchonoticias.com\/editor\/wp-json\/wp\/v2\/types\/post"}],"author":[{"embeddable":true,"href":"https:\/\/luchonoticias.com\/editor\/wp-json\/wp\/v2\/users\/2"}],"replies":[{"embeddable":true,"href":"https:\/\/luchonoticias.com\/editor\/wp-json\/wp\/v2\/comments?post=52129"}],"version-history":[{"count":0,"href":"https:\/\/luchonoticias.com\/editor\/wp-json\/wp\/v2\/posts\/52129\/revisions"}],"wp:attachment":[{"href":"https:\/\/luchonoticias.com\/editor\/wp-json\/wp\/v2\/media?parent=52129"}],"wp:term":[{"taxonomy":"category","embeddable":true,"href":"https:\/\/luchonoticias.com\/editor\/wp-json\/wp\/v2\/categories?post=52129"},{"taxonomy":"post_tag","embeddable":true,"href":"https:\/\/luchonoticias.com\/editor\/wp-json\/wp\/v2\/tags?post=52129"}],"curies":[{"name":"wp","href":"https:\/\/api.w.org\/{rel}","templated":true}]}}