{"id":52142,"date":"2023-05-10T14:01:12","date_gmt":"2023-05-10T19:01:12","guid":{"rendered":"https:\/\/luchonoticias.com\/?p=52142"},"modified":"2023-05-10T14:01:13","modified_gmt":"2023-05-10T19:01:13","slug":"dos-hombres-fueron-capturados-por-hurto-a-una-finca-en-pitalito","status":"publish","type":"post","link":"https:\/\/luchonoticias.com\/editor\/dos-hombres-fueron-capturados-por-hurto-a-una-finca-en-pitalito\/","title":{"rendered":"Dos hombres fueron capturados por hurto a una finca en Pitalito"},"content":{"rendered":"\n<p>En los planes de control al tr\u00e1nsito y verificaci\u00f3n de antecedentes que realizan los uniformados de la Seccional de Tr\u00e1nsito y Transporte en carreteras del sur del Huila, fueron capturados dos hombres, quienes, a bordo de una moto, transportaban un televisor de 42 pulgadas, un parlante de sonido, una motobomba, 2 celulares y otros elementos, los cuales, al parecer hab\u00edan sido hurtados momentos antes de una finca en el corregimiento de La Laguna, vereda Arrayanes.<\/p>\n\n\n\n<p>Los dos hombres al parecer hab\u00edan ingresado a la vivienda aprovechando que estaba sola, hurt\u00e1ndose los elementos de mayor valor que encontraron a la mano. Estos sujetos fueron capturados en el kil\u00f3metro 140 de la vereda Guachicos.<\/p>\n\n\n\n<p>Seg\u00fan el mayor Estaban Tapia comandante encargado del quinto distrito, la informaci\u00f3n de la comunidad fue clave para la captura de estos dos delincuentes, los cuales, fueron abordados por los uniformados de tr\u00e1nsito al estar estacionados unos metros antes a puesto de control que ellos ten\u00edan instalados en la v\u00eda. Al abordarlos y verificar los elementos que llevaban y los celulares, ingres\u00f3 una llamada telef\u00f3nica donde la v\u00edctima manifiesta que ese celular es de ella y que los hab\u00edan robado.<\/p>\n\n\n\n<p>Estos dos delincuentes fueron puestos a disposici\u00f3n de la Fiscal\u00eda URI de turno, como presuntos responsables del delito de hurto calificado y agravado. Terminadas las audiencias les fue determinada la medida de aseguramiento en centro carcelario.<\/p>\n","protected":false},"excerpt":{"rendered":"<p>En los planes de control al tr\u00e1nsito y verificaci\u00f3n de antecedentes que realizan los uniformados de la Seccional de Tr\u00e1nsito y Transporte en carreteras del sur del Huila, fueron capturados dos hombres, quienes, a bordo de una moto, transportaban un televisor de 42 pulgadas, un parlante de sonido, una motobomba, 2 celulares y otros elementos, [&hellip;]<\/p>\n","protected":false},"author":2,"featured_media":0,"comment_status":"open","ping_status":"open","sticky":false,"template":"","format":"standard","meta":{"footnotes":""},"categories":[36,29],"tags":[],"class_list":["post-52142","post","type-post","status-publish","format-standard","hentry","category-destacado","category-judicial"],"yoast_head":"<!-- This site is optimized with the Yoast SEO plugin v26.6 - https:\/\/yoast.com\/wordpress\/plugins\/seo\/ -->\n<title>Dos hombres fueron capturados por hurto a una finca en Pitalito -<\/title>\n<meta name=\"robots\" content=\"index, follow, max-snippet:-1, max-image-preview:large, max-video-preview:-1\" \/>\n<link rel=\"canonical\" href=\"https:\/\/luchonoticias.com\/editor\/dos-hombres-fueron-capturados-por-hurto-a-una-finca-en-pitalito\/\" \/>\n<meta property=\"og:locale\" content=\"es_ES\" \/>\n<meta property=\"og:type\" content=\"article\" \/>\n<meta property=\"og:title\" content=\"Dos hombres fueron capturados por hurto a una finca en Pitalito -\" \/>\n<meta property=\"og:url\" content=\"https:\/\/luchonoticias.com\/editor\/dos-hombres-fueron-capturados-por-hurto-a-una-finca-en-pitalito\/\" \/>\n<meta property=\"article:publisher\" content=\"https:\/\/www.facebook.com\/luchonoticiasneiva\" \/>\n<meta property=\"article:published_time\" content=\"2023-05-10T19:01:12+00:00\" \/>\n<meta property=\"article:modified_time\" content=\"2023-05-10T19:01:13+00:00\" \/>\n<meta name=\"author\" content=\"Editor General\" \/>\n<meta name=\"twitter:card\" content=\"summary_large_image\" \/>\n<meta name=\"twitter:label1\" content=\"Escrito por\" \/>\n\t<meta name=\"twitter:data1\" content=\"Editor General\" \/>\n\t<meta name=\"twitter:label2\" content=\"Tiempo de lectura\" \/>\n\t<meta name=\"twitter:data2\" content=\"1 minuto\" \/>\n<script type=\"application\/ld+json\" class=\"yoast-schema-graph\">{\"@context\":\"https:\/\/schema.org\",\"@graph\":[{\"@type\":\"Article\",\"@id\":\"https:\/\/luchonoticias.com\/editor\/dos-hombres-fueron-capturados-por-hurto-a-una-finca-en-pitalito\/#article\",\"isPartOf\":{\"@id\":\"https:\/\/luchonoticias.com\/editor\/dos-hombres-fueron-capturados-por-hurto-a-una-finca-en-pitalito\/\"},\"author\":{\"name\":\"Editor General\",\"@id\":\"https:\/\/luchonoticias.com\/editor\/#\/schema\/person\/29217990ddf6f14e35912b2866d591fb\"},\"headline\":\"Dos hombres fueron capturados por hurto a una finca en Pitalito\",\"datePublished\":\"2023-05-10T19:01:12+00:00\",\"dateModified\":\"2023-05-10T19:01:13+00:00\",\"mainEntityOfPage\":{\"@id\":\"https:\/\/luchonoticias.com\/editor\/dos-hombres-fueron-capturados-por-hurto-a-una-finca-en-pitalito\/\"},\"wordCount\":253,\"commentCount\":0,\"publisher\":{\"@id\":\"https:\/\/luchonoticias.com\/editor\/#\/schema\/person\/7a7fd911f58561fd056dbac7b55af9cd\"},\"articleSection\":[\"Destacado\",\"Judicial\"],\"inLanguage\":\"es\",\"potentialAction\":[{\"@type\":\"CommentAction\",\"name\":\"Comment\",\"target\":[\"https:\/\/luchonoticias.com\/editor\/dos-hombres-fueron-capturados-por-hurto-a-una-finca-en-pitalito\/#respond\"]}]},{\"@type\":\"WebPage\",\"@id\":\"https:\/\/luchonoticias.com\/editor\/dos-hombres-fueron-capturados-por-hurto-a-una-finca-en-pitalito\/\",\"url\":\"https:\/\/luchonoticias.com\/editor\/dos-hombres-fueron-capturados-por-hurto-a-una-finca-en-pitalito\/\",\"name\":\"Dos hombres fueron capturados por hurto a una finca en Pitalito -\",\"isPartOf\":{\"@id\":\"https:\/\/luchonoticias.com\/editor\/#website\"},\"datePublished\":\"2023-05-10T19:01:12+00:00\",\"dateModified\":\"2023-05-10T19:01:13+00:00\",\"breadcrumb\":{\"@id\":\"https:\/\/luchonoticias.com\/editor\/dos-hombres-fueron-capturados-por-hurto-a-una-finca-en-pitalito\/#breadcrumb\"},\"inLanguage\":\"es\",\"potentialAction\":[{\"@type\":\"ReadAction\",\"target\":[\"https:\/\/luchonoticias.com\/editor\/dos-hombres-fueron-capturados-por-hurto-a-una-finca-en-pitalito\/\"]}]},{\"@type\":\"BreadcrumbList\",\"@id\":\"https:\/\/luchonoticias.com\/editor\/dos-hombres-fueron-capturados-por-hurto-a-una-finca-en-pitalito\/#breadcrumb\",\"itemListElement\":[{\"@type\":\"ListItem\",\"position\":1,\"name\":\"Portada\",\"item\":\"https:\/\/luchonoticias.com\/editor\/\"},{\"@type\":\"ListItem\",\"position\":2,\"name\":\"Dos hombres fueron capturados por hurto a una finca en Pitalito\"}]},{\"@type\":\"WebSite\",\"@id\":\"https:\/\/luchonoticias.com\/editor\/#website\",\"url\":\"https:\/\/luchonoticias.com\/editor\/\",\"name\":\"\",\"description\":\"\",\"publisher\":{\"@id\":\"https:\/\/luchonoticias.com\/editor\/#\/schema\/person\/7a7fd911f58561fd056dbac7b55af9cd\"},\"potentialAction\":[{\"@type\":\"SearchAction\",\"target\":{\"@type\":\"EntryPoint\",\"urlTemplate\":\"https:\/\/luchonoticias.com\/editor\/?s={search_term_string}\"},\"query-input\":{\"@type\":\"PropertyValueSpecification\",\"valueRequired\":true,\"valueName\":\"search_term_string\"}}],\"inLanguage\":\"es\"},{\"@type\":[\"Person\",\"Organization\"],\"@id\":\"https:\/\/luchonoticias.com\/editor\/#\/schema\/person\/7a7fd911f58561fd056dbac7b55af9cd\",\"name\":\"admin\",\"image\":{\"@type\":\"ImageObject\",\"inLanguage\":\"es\",\"@id\":\"https:\/\/luchonoticias.com\/editor\/#\/schema\/person\/image\/\",\"url\":\"https:\/\/luchonoticias.com\/editor\/wp-content\/uploads\/2024\/02\/cropped-cropped-logolu.webp\",\"contentUrl\":\"https:\/\/luchonoticias.com\/editor\/wp-content\/uploads\/2024\/02\/cropped-cropped-logolu.webp\",\"width\":382,\"height\":170,\"caption\":\"admin\"},\"logo\":{\"@id\":\"https:\/\/luchonoticias.com\/editor\/#\/schema\/person\/image\/\"},\"sameAs\":[\"https:\/\/www.facebook.com\/luchonoticiasneiva\"]},{\"@type\":\"Person\",\"@id\":\"https:\/\/luchonoticias.com\/editor\/#\/schema\/person\/29217990ddf6f14e35912b2866d591fb\",\"name\":\"Editor General\",\"image\":{\"@type\":\"ImageObject\",\"inLanguage\":\"es\",\"@id\":\"https:\/\/luchonoticias.com\/editor\/#\/schema\/person\/image\/\",\"url\":\"https:\/\/luchonoticias.com\/editor\/wp-content\/uploads\/2024\/02\/cropped-cropped-logolu-150x150.webp\",\"contentUrl\":\"https:\/\/luchonoticias.com\/editor\/wp-content\/uploads\/2024\/02\/cropped-cropped-logolu-150x150.webp\",\"caption\":\"Editor General\"},\"sameAs\":[\"https:\/\/luchonoticias.com\/\"],\"url\":\"https:\/\/luchonoticias.com\/editor\/author\/editor-general\/\"}]}<\/script>\n<!-- \/ Yoast SEO plugin. -->","yoast_head_json":{"title":"Dos hombres fueron capturados por hurto a una finca en Pitalito -","robots":{"index":"index","follow":"follow","max-snippet":"max-snippet:-1","max-image-preview":"max-image-preview:large","max-video-preview":"max-video-preview:-1"},"canonical":"https:\/\/luchonoticias.com\/editor\/dos-hombres-fueron-capturados-por-hurto-a-una-finca-en-pitalito\/","og_locale":"es_ES","og_type":"article","og_title":"Dos hombres fueron capturados por hurto a una finca en Pitalito -","og_url":"https:\/\/luchonoticias.com\/editor\/dos-hombres-fueron-capturados-por-hurto-a-una-finca-en-pitalito\/","article_publisher":"https:\/\/www.facebook.com\/luchonoticiasneiva","article_published_time":"2023-05-10T19:01:12+00:00","article_modified_time":"2023-05-10T19:01:13+00:00","author":"Editor General","twitter_card":"summary_large_image","twitter_misc":{"Escrito por":"Editor General","Tiempo de lectura":"1 minuto"},"schema":{"@context":"https:\/\/schema.org","@graph":[{"@type":"Article","@id":"https:\/\/luchonoticias.com\/editor\/dos-hombres-fueron-capturados-por-hurto-a-una-finca-en-pitalito\/#article","isPartOf":{"@id":"https:\/\/luchonoticias.com\/editor\/dos-hombres-fueron-capturados-por-hurto-a-una-finca-en-pitalito\/"},"author":{"name":"Editor General","@id":"https:\/\/luchonoticias.com\/editor\/#\/schema\/person\/29217990ddf6f14e35912b2866d591fb"},"headline":"Dos hombres fueron capturados por hurto a una finca en Pitalito","datePublished":"2023-05-10T19:01:12+00:00","dateModified":"2023-05-10T19:01:13+00:00","mainEntityOfPage":{"@id":"https:\/\/luchonoticias.com\/editor\/dos-hombres-fueron-capturados-por-hurto-a-una-finca-en-pitalito\/"},"wordCount":253,"commentCount":0,"publisher":{"@id":"https:\/\/luchonoticias.com\/editor\/#\/schema\/person\/7a7fd911f58561fd056dbac7b55af9cd"},"articleSection":["Destacado","Judicial"],"inLanguage":"es","potentialAction":[{"@type":"CommentAction","name":"Comment","target":["https:\/\/luchonoticias.com\/editor\/dos-hombres-fueron-capturados-por-hurto-a-una-finca-en-pitalito\/#respond"]}]},{"@type":"WebPage","@id":"https:\/\/luchonoticias.com\/editor\/dos-hombres-fueron-capturados-por-hurto-a-una-finca-en-pitalito\/","url":"https:\/\/luchonoticias.com\/editor\/dos-hombres-fueron-capturados-por-hurto-a-una-finca-en-pitalito\/","name":"Dos hombres fueron capturados por hurto a una finca en Pitalito -","isPartOf":{"@id":"https:\/\/luchonoticias.com\/editor\/#website"},"datePublished":"2023-05-10T19:01:12+00:00","dateModified":"2023-05-10T19:01:13+00:00","breadcrumb":{"@id":"https:\/\/luchonoticias.com\/editor\/dos-hombres-fueron-capturados-por-hurto-a-una-finca-en-pitalito\/#breadcrumb"},"inLanguage":"es","potentialAction":[{"@type":"ReadAction","target":["https:\/\/luchonoticias.com\/editor\/dos-hombres-fueron-capturados-por-hurto-a-una-finca-en-pitalito\/"]}]},{"@type":"BreadcrumbList","@id":"https:\/\/luchonoticias.com\/editor\/dos-hombres-fueron-capturados-por-hurto-a-una-finca-en-pitalito\/#breadcrumb","itemListElement":[{"@type":"ListItem","position":1,"name":"Portada","item":"https:\/\/luchonoticias.com\/editor\/"},{"@type":"ListItem","position":2,"name":"Dos hombres fueron capturados por hurto a una finca en Pitalito"}]},{"@type":"WebSite","@id":"https:\/\/luchonoticias.com\/editor\/#website","url":"https:\/\/luchonoticias.com\/editor\/","name":"","description":"","publisher":{"@id":"https:\/\/luchonoticias.com\/editor\/#\/schema\/person\/7a7fd911f58561fd056dbac7b55af9cd"},"potentialAction":[{"@type":"SearchAction","target":{"@type":"EntryPoint","urlTemplate":"https:\/\/luchonoticias.com\/editor\/?s={search_term_string}"},"query-input":{"@type":"PropertyValueSpecification","valueRequired":true,"valueName":"search_term_string"}}],"inLanguage":"es"},{"@type":["Person","Organization"],"@id":"https:\/\/luchonoticias.com\/editor\/#\/schema\/person\/7a7fd911f58561fd056dbac7b55af9cd","name":"admin","image":{"@type":"ImageObject","inLanguage":"es","@id":"https:\/\/luchonoticias.com\/editor\/#\/schema\/person\/image\/","url":"https:\/\/luchonoticias.com\/editor\/wp-content\/uploads\/2024\/02\/cropped-cropped-logolu.webp","contentUrl":"https:\/\/luchonoticias.com\/editor\/wp-content\/uploads\/2024\/02\/cropped-cropped-logolu.webp","width":382,"height":170,"caption":"admin"},"logo":{"@id":"https:\/\/luchonoticias.com\/editor\/#\/schema\/person\/image\/"},"sameAs":["https:\/\/www.facebook.com\/luchonoticiasneiva"]},{"@type":"Person","@id":"https:\/\/luchonoticias.com\/editor\/#\/schema\/person\/29217990ddf6f14e35912b2866d591fb","name":"Editor General","image":{"@type":"ImageObject","inLanguage":"es","@id":"https:\/\/luchonoticias.com\/editor\/#\/schema\/person\/image\/","url":"https:\/\/luchonoticias.com\/editor\/wp-content\/uploads\/2024\/02\/cropped-cropped-logolu-150x150.webp","contentUrl":"https:\/\/luchonoticias.com\/editor\/wp-content\/uploads\/2024\/02\/cropped-cropped-logolu-150x150.webp","caption":"Editor General"},"sameAs":["https:\/\/luchonoticias.com\/"],"url":"https:\/\/luchonoticias.com\/editor\/author\/editor-general\/"}]}},"_links":{"self":[{"href":"https:\/\/luchonoticias.com\/editor\/wp-json\/wp\/v2\/posts\/52142","targetHints":{"allow":["GET"]}}],"collection":[{"href":"https:\/\/luchonoticias.com\/editor\/wp-json\/wp\/v2\/posts"}],"about":[{"href":"https:\/\/luchonoticias.com\/editor\/wp-json\/wp\/v2\/types\/post"}],"author":[{"embeddable":true,"href":"https:\/\/luchonoticias.com\/editor\/wp-json\/wp\/v2\/users\/2"}],"replies":[{"embeddable":true,"href":"https:\/\/luchonoticias.com\/editor\/wp-json\/wp\/v2\/comments?post=52142"}],"version-history":[{"count":0,"href":"https:\/\/luchonoticias.com\/editor\/wp-json\/wp\/v2\/posts\/52142\/revisions"}],"wp:attachment":[{"href":"https:\/\/luchonoticias.com\/editor\/wp-json\/wp\/v2\/media?parent=52142"}],"wp:term":[{"taxonomy":"category","embeddable":true,"href":"https:\/\/luchonoticias.com\/editor\/wp-json\/wp\/v2\/categories?post=52142"},{"taxonomy":"post_tag","embeddable":true,"href":"https:\/\/luchonoticias.com\/editor\/wp-json\/wp\/v2\/tags?post=52142"}],"curies":[{"name":"wp","href":"https:\/\/api.w.org\/{rel}","templated":true}]}}