{"id":52147,"date":"2023-05-10T14:04:34","date_gmt":"2023-05-10T19:04:34","guid":{"rendered":"https:\/\/luchonoticias.com\/?p=52147"},"modified":"2023-05-10T14:04:35","modified_gmt":"2023-05-10T19:04:35","slug":"sujeto-fue-enviado-a-la-carcel-por-presuntamente-someter-al-bebe-de-su-pareja-a-violencia-fisica-y-sexual","status":"publish","type":"post","link":"https:\/\/luchonoticias.com\/editor\/sujeto-fue-enviado-a-la-carcel-por-presuntamente-someter-al-bebe-de-su-pareja-a-violencia-fisica-y-sexual\/","title":{"rendered":"Sujeto fue enviado a la c\u00e1rcel por presuntamente someter al beb\u00e9 de su pareja a violencia f\u00edsica y sexual"},"content":{"rendered":"\n<p>La contundencia de los elementos materiales probatorios aportados por La Fiscal\u00eda General de La Naci\u00f3n, permiti\u00f3 que un juez con funci\u00f3n de control de garant\u00edas de Saladoblanco (Huila), enviara a prisi\u00f3n a un hombre de 30 a\u00f1os, presuntamente responsable de golpear y someter a agresiones sexuales a su hijastro de 1 a\u00f1o y 10 meses.<\/p>\n\n\n\n<p>Seg\u00fan la investigaci\u00f3n, los hechos se presentaron entre el 21 y el 25 de abril pasados cuando el ni\u00f1o fue dejado al cuidado de su padrastro, debido a que su mam\u00e1 hab\u00eda sido hospitalizada por problemas de salud.<\/p>\n\n\n\n<p>En la denuncia, instaurada por la madre de la v\u00edctima inicialmente ante la Comisar\u00eda de Familia de Saladoblanco, se afirma que el 25 de abril una vez la mam\u00e1 del menor retorn\u00f3 a su casa tras salir del hospital, encontr\u00f3 a su hijo desnudo y con m\u00faltiples golpes en el cuerpo.<\/p>\n\n\n\n<p>M\u00e9dicos pediatras consultados por la madre advirtieron que el ni\u00f1o reporta lesiones y hematomas en las piernas, el est\u00f3mago y la cara.<\/p>\n\n\n\n<p>Una vez se puso en conocimiento el caso ante la Fiscal\u00eda General de la Naci\u00f3n, se iniciaron los actos urgentes para esclarecer los hechos de manera priorizada. Registros encontrados en c\u00e1maras de seguridad permitieron establecer que el beb\u00e9 habr\u00eda sido maltratado f\u00edsicamente por el compa\u00f1ero sentimental de su mam\u00e1.<\/p>\n\n\n\n<p>El material de prueba permiti\u00f3 imputar al procesado como presunto autor de los delitos de acceso carnal violento agravado y violencia intrafamiliar agravada. Ninguno de los cargos fue aceptado.<\/p>\n\n\n\n<p>Un operativo desplegado por funcionarios de Cuerpo T\u00e9cnico de Investigaci\u00f3n (CTI), con el apoyo de Ej\u00e9rcito Nacional, permiti\u00f3 la captura del hombre en el parque principal de Saladoblanco (Huila).<\/p>\n","protected":false},"excerpt":{"rendered":"<p>La contundencia de los elementos materiales probatorios aportados por La Fiscal\u00eda General de La Naci\u00f3n, permiti\u00f3 que un juez con funci\u00f3n de control de garant\u00edas de Saladoblanco (Huila), enviara a prisi\u00f3n a un hombre de 30 a\u00f1os, presuntamente responsable de golpear y someter a agresiones sexuales a su hijastro de 1 a\u00f1o y 10 meses. [&hellip;]<\/p>\n","protected":false},"author":2,"featured_media":0,"comment_status":"open","ping_status":"open","sticky":false,"template":"","format":"standard","meta":{"footnotes":""},"categories":[36,29],"tags":[],"class_list":["post-52147","post","type-post","status-publish","format-standard","hentry","category-destacado","category-judicial"],"yoast_head":"<!-- This site is optimized with the Yoast SEO plugin v26.6 - https:\/\/yoast.com\/wordpress\/plugins\/seo\/ -->\n<title>Sujeto fue enviado a la c\u00e1rcel por presuntamente someter al beb\u00e9 de su pareja a violencia f\u00edsica y sexual -<\/title>\n<meta name=\"robots\" content=\"index, follow, max-snippet:-1, max-image-preview:large, max-video-preview:-1\" \/>\n<link rel=\"canonical\" href=\"https:\/\/luchonoticias.com\/editor\/sujeto-fue-enviado-a-la-carcel-por-presuntamente-someter-al-bebe-de-su-pareja-a-violencia-fisica-y-sexual\/\" \/>\n<meta property=\"og:locale\" content=\"es_ES\" \/>\n<meta property=\"og:type\" content=\"article\" \/>\n<meta property=\"og:title\" content=\"Sujeto fue enviado a la c\u00e1rcel por presuntamente someter al beb\u00e9 de su pareja a violencia f\u00edsica y sexual -\" \/>\n<meta property=\"og:url\" content=\"https:\/\/luchonoticias.com\/editor\/sujeto-fue-enviado-a-la-carcel-por-presuntamente-someter-al-bebe-de-su-pareja-a-violencia-fisica-y-sexual\/\" \/>\n<meta property=\"article:publisher\" content=\"https:\/\/www.facebook.com\/luchonoticiasneiva\" \/>\n<meta property=\"article:published_time\" content=\"2023-05-10T19:04:34+00:00\" \/>\n<meta property=\"article:modified_time\" content=\"2023-05-10T19:04:35+00:00\" \/>\n<meta name=\"author\" content=\"Editor General\" \/>\n<meta name=\"twitter:card\" content=\"summary_large_image\" \/>\n<meta name=\"twitter:label1\" content=\"Escrito por\" \/>\n\t<meta name=\"twitter:data1\" content=\"Editor General\" \/>\n\t<meta name=\"twitter:label2\" content=\"Tiempo de lectura\" \/>\n\t<meta name=\"twitter:data2\" content=\"1 minuto\" \/>\n<script type=\"application\/ld+json\" class=\"yoast-schema-graph\">{\"@context\":\"https:\/\/schema.org\",\"@graph\":[{\"@type\":\"Article\",\"@id\":\"https:\/\/luchonoticias.com\/editor\/sujeto-fue-enviado-a-la-carcel-por-presuntamente-someter-al-bebe-de-su-pareja-a-violencia-fisica-y-sexual\/#article\",\"isPartOf\":{\"@id\":\"https:\/\/luchonoticias.com\/editor\/sujeto-fue-enviado-a-la-carcel-por-presuntamente-someter-al-bebe-de-su-pareja-a-violencia-fisica-y-sexual\/\"},\"author\":{\"name\":\"Editor General\",\"@id\":\"https:\/\/luchonoticias.com\/editor\/#\/schema\/person\/29217990ddf6f14e35912b2866d591fb\"},\"headline\":\"Sujeto fue enviado a la c\u00e1rcel por presuntamente someter al beb\u00e9 de su pareja a violencia f\u00edsica y sexual\",\"datePublished\":\"2023-05-10T19:04:34+00:00\",\"dateModified\":\"2023-05-10T19:04:35+00:00\",\"mainEntityOfPage\":{\"@id\":\"https:\/\/luchonoticias.com\/editor\/sujeto-fue-enviado-a-la-carcel-por-presuntamente-someter-al-bebe-de-su-pareja-a-violencia-fisica-y-sexual\/\"},\"wordCount\":314,\"commentCount\":0,\"publisher\":{\"@id\":\"https:\/\/luchonoticias.com\/editor\/#\/schema\/person\/7a7fd911f58561fd056dbac7b55af9cd\"},\"articleSection\":[\"Destacado\",\"Judicial\"],\"inLanguage\":\"es\",\"potentialAction\":[{\"@type\":\"CommentAction\",\"name\":\"Comment\",\"target\":[\"https:\/\/luchonoticias.com\/editor\/sujeto-fue-enviado-a-la-carcel-por-presuntamente-someter-al-bebe-de-su-pareja-a-violencia-fisica-y-sexual\/#respond\"]}]},{\"@type\":\"WebPage\",\"@id\":\"https:\/\/luchonoticias.com\/editor\/sujeto-fue-enviado-a-la-carcel-por-presuntamente-someter-al-bebe-de-su-pareja-a-violencia-fisica-y-sexual\/\",\"url\":\"https:\/\/luchonoticias.com\/editor\/sujeto-fue-enviado-a-la-carcel-por-presuntamente-someter-al-bebe-de-su-pareja-a-violencia-fisica-y-sexual\/\",\"name\":\"Sujeto fue enviado a la c\u00e1rcel por presuntamente someter al beb\u00e9 de su pareja a violencia f\u00edsica y sexual -\",\"isPartOf\":{\"@id\":\"https:\/\/luchonoticias.com\/editor\/#website\"},\"datePublished\":\"2023-05-10T19:04:34+00:00\",\"dateModified\":\"2023-05-10T19:04:35+00:00\",\"breadcrumb\":{\"@id\":\"https:\/\/luchonoticias.com\/editor\/sujeto-fue-enviado-a-la-carcel-por-presuntamente-someter-al-bebe-de-su-pareja-a-violencia-fisica-y-sexual\/#breadcrumb\"},\"inLanguage\":\"es\",\"potentialAction\":[{\"@type\":\"ReadAction\",\"target\":[\"https:\/\/luchonoticias.com\/editor\/sujeto-fue-enviado-a-la-carcel-por-presuntamente-someter-al-bebe-de-su-pareja-a-violencia-fisica-y-sexual\/\"]}]},{\"@type\":\"BreadcrumbList\",\"@id\":\"https:\/\/luchonoticias.com\/editor\/sujeto-fue-enviado-a-la-carcel-por-presuntamente-someter-al-bebe-de-su-pareja-a-violencia-fisica-y-sexual\/#breadcrumb\",\"itemListElement\":[{\"@type\":\"ListItem\",\"position\":1,\"name\":\"Portada\",\"item\":\"https:\/\/luchonoticias.com\/editor\/\"},{\"@type\":\"ListItem\",\"position\":2,\"name\":\"Sujeto fue enviado a la c\u00e1rcel por presuntamente someter al beb\u00e9 de su pareja a violencia f\u00edsica y sexual\"}]},{\"@type\":\"WebSite\",\"@id\":\"https:\/\/luchonoticias.com\/editor\/#website\",\"url\":\"https:\/\/luchonoticias.com\/editor\/\",\"name\":\"\",\"description\":\"\",\"publisher\":{\"@id\":\"https:\/\/luchonoticias.com\/editor\/#\/schema\/person\/7a7fd911f58561fd056dbac7b55af9cd\"},\"potentialAction\":[{\"@type\":\"SearchAction\",\"target\":{\"@type\":\"EntryPoint\",\"urlTemplate\":\"https:\/\/luchonoticias.com\/editor\/?s={search_term_string}\"},\"query-input\":{\"@type\":\"PropertyValueSpecification\",\"valueRequired\":true,\"valueName\":\"search_term_string\"}}],\"inLanguage\":\"es\"},{\"@type\":[\"Person\",\"Organization\"],\"@id\":\"https:\/\/luchonoticias.com\/editor\/#\/schema\/person\/7a7fd911f58561fd056dbac7b55af9cd\",\"name\":\"admin\",\"image\":{\"@type\":\"ImageObject\",\"inLanguage\":\"es\",\"@id\":\"https:\/\/luchonoticias.com\/editor\/#\/schema\/person\/image\/\",\"url\":\"https:\/\/luchonoticias.com\/editor\/wp-content\/uploads\/2024\/02\/cropped-cropped-logolu.webp\",\"contentUrl\":\"https:\/\/luchonoticias.com\/editor\/wp-content\/uploads\/2024\/02\/cropped-cropped-logolu.webp\",\"width\":382,\"height\":170,\"caption\":\"admin\"},\"logo\":{\"@id\":\"https:\/\/luchonoticias.com\/editor\/#\/schema\/person\/image\/\"},\"sameAs\":[\"https:\/\/www.facebook.com\/luchonoticiasneiva\"]},{\"@type\":\"Person\",\"@id\":\"https:\/\/luchonoticias.com\/editor\/#\/schema\/person\/29217990ddf6f14e35912b2866d591fb\",\"name\":\"Editor General\",\"image\":{\"@type\":\"ImageObject\",\"inLanguage\":\"es\",\"@id\":\"https:\/\/luchonoticias.com\/editor\/#\/schema\/person\/image\/\",\"url\":\"https:\/\/luchonoticias.com\/editor\/wp-content\/uploads\/2024\/02\/cropped-cropped-logolu-150x150.webp\",\"contentUrl\":\"https:\/\/luchonoticias.com\/editor\/wp-content\/uploads\/2024\/02\/cropped-cropped-logolu-150x150.webp\",\"caption\":\"Editor General\"},\"sameAs\":[\"https:\/\/luchonoticias.com\/\"],\"url\":\"https:\/\/luchonoticias.com\/editor\/author\/editor-general\/\"}]}<\/script>\n<!-- \/ Yoast SEO plugin. -->","yoast_head_json":{"title":"Sujeto fue enviado a la c\u00e1rcel por presuntamente someter al beb\u00e9 de su pareja a violencia f\u00edsica y sexual -","robots":{"index":"index","follow":"follow","max-snippet":"max-snippet:-1","max-image-preview":"max-image-preview:large","max-video-preview":"max-video-preview:-1"},"canonical":"https:\/\/luchonoticias.com\/editor\/sujeto-fue-enviado-a-la-carcel-por-presuntamente-someter-al-bebe-de-su-pareja-a-violencia-fisica-y-sexual\/","og_locale":"es_ES","og_type":"article","og_title":"Sujeto fue enviado a la c\u00e1rcel por presuntamente someter al beb\u00e9 de su pareja a violencia f\u00edsica y sexual -","og_url":"https:\/\/luchonoticias.com\/editor\/sujeto-fue-enviado-a-la-carcel-por-presuntamente-someter-al-bebe-de-su-pareja-a-violencia-fisica-y-sexual\/","article_publisher":"https:\/\/www.facebook.com\/luchonoticiasneiva","article_published_time":"2023-05-10T19:04:34+00:00","article_modified_time":"2023-05-10T19:04:35+00:00","author":"Editor General","twitter_card":"summary_large_image","twitter_misc":{"Escrito por":"Editor General","Tiempo de lectura":"1 minuto"},"schema":{"@context":"https:\/\/schema.org","@graph":[{"@type":"Article","@id":"https:\/\/luchonoticias.com\/editor\/sujeto-fue-enviado-a-la-carcel-por-presuntamente-someter-al-bebe-de-su-pareja-a-violencia-fisica-y-sexual\/#article","isPartOf":{"@id":"https:\/\/luchonoticias.com\/editor\/sujeto-fue-enviado-a-la-carcel-por-presuntamente-someter-al-bebe-de-su-pareja-a-violencia-fisica-y-sexual\/"},"author":{"name":"Editor General","@id":"https:\/\/luchonoticias.com\/editor\/#\/schema\/person\/29217990ddf6f14e35912b2866d591fb"},"headline":"Sujeto fue enviado a la c\u00e1rcel por presuntamente someter al beb\u00e9 de su pareja a violencia f\u00edsica y sexual","datePublished":"2023-05-10T19:04:34+00:00","dateModified":"2023-05-10T19:04:35+00:00","mainEntityOfPage":{"@id":"https:\/\/luchonoticias.com\/editor\/sujeto-fue-enviado-a-la-carcel-por-presuntamente-someter-al-bebe-de-su-pareja-a-violencia-fisica-y-sexual\/"},"wordCount":314,"commentCount":0,"publisher":{"@id":"https:\/\/luchonoticias.com\/editor\/#\/schema\/person\/7a7fd911f58561fd056dbac7b55af9cd"},"articleSection":["Destacado","Judicial"],"inLanguage":"es","potentialAction":[{"@type":"CommentAction","name":"Comment","target":["https:\/\/luchonoticias.com\/editor\/sujeto-fue-enviado-a-la-carcel-por-presuntamente-someter-al-bebe-de-su-pareja-a-violencia-fisica-y-sexual\/#respond"]}]},{"@type":"WebPage","@id":"https:\/\/luchonoticias.com\/editor\/sujeto-fue-enviado-a-la-carcel-por-presuntamente-someter-al-bebe-de-su-pareja-a-violencia-fisica-y-sexual\/","url":"https:\/\/luchonoticias.com\/editor\/sujeto-fue-enviado-a-la-carcel-por-presuntamente-someter-al-bebe-de-su-pareja-a-violencia-fisica-y-sexual\/","name":"Sujeto fue enviado a la c\u00e1rcel por presuntamente someter al beb\u00e9 de su pareja a violencia f\u00edsica y sexual -","isPartOf":{"@id":"https:\/\/luchonoticias.com\/editor\/#website"},"datePublished":"2023-05-10T19:04:34+00:00","dateModified":"2023-05-10T19:04:35+00:00","breadcrumb":{"@id":"https:\/\/luchonoticias.com\/editor\/sujeto-fue-enviado-a-la-carcel-por-presuntamente-someter-al-bebe-de-su-pareja-a-violencia-fisica-y-sexual\/#breadcrumb"},"inLanguage":"es","potentialAction":[{"@type":"ReadAction","target":["https:\/\/luchonoticias.com\/editor\/sujeto-fue-enviado-a-la-carcel-por-presuntamente-someter-al-bebe-de-su-pareja-a-violencia-fisica-y-sexual\/"]}]},{"@type":"BreadcrumbList","@id":"https:\/\/luchonoticias.com\/editor\/sujeto-fue-enviado-a-la-carcel-por-presuntamente-someter-al-bebe-de-su-pareja-a-violencia-fisica-y-sexual\/#breadcrumb","itemListElement":[{"@type":"ListItem","position":1,"name":"Portada","item":"https:\/\/luchonoticias.com\/editor\/"},{"@type":"ListItem","position":2,"name":"Sujeto fue enviado a la c\u00e1rcel por presuntamente someter al beb\u00e9 de su pareja a violencia f\u00edsica y sexual"}]},{"@type":"WebSite","@id":"https:\/\/luchonoticias.com\/editor\/#website","url":"https:\/\/luchonoticias.com\/editor\/","name":"","description":"","publisher":{"@id":"https:\/\/luchonoticias.com\/editor\/#\/schema\/person\/7a7fd911f58561fd056dbac7b55af9cd"},"potentialAction":[{"@type":"SearchAction","target":{"@type":"EntryPoint","urlTemplate":"https:\/\/luchonoticias.com\/editor\/?s={search_term_string}"},"query-input":{"@type":"PropertyValueSpecification","valueRequired":true,"valueName":"search_term_string"}}],"inLanguage":"es"},{"@type":["Person","Organization"],"@id":"https:\/\/luchonoticias.com\/editor\/#\/schema\/person\/7a7fd911f58561fd056dbac7b55af9cd","name":"admin","image":{"@type":"ImageObject","inLanguage":"es","@id":"https:\/\/luchonoticias.com\/editor\/#\/schema\/person\/image\/","url":"https:\/\/luchonoticias.com\/editor\/wp-content\/uploads\/2024\/02\/cropped-cropped-logolu.webp","contentUrl":"https:\/\/luchonoticias.com\/editor\/wp-content\/uploads\/2024\/02\/cropped-cropped-logolu.webp","width":382,"height":170,"caption":"admin"},"logo":{"@id":"https:\/\/luchonoticias.com\/editor\/#\/schema\/person\/image\/"},"sameAs":["https:\/\/www.facebook.com\/luchonoticiasneiva"]},{"@type":"Person","@id":"https:\/\/luchonoticias.com\/editor\/#\/schema\/person\/29217990ddf6f14e35912b2866d591fb","name":"Editor General","image":{"@type":"ImageObject","inLanguage":"es","@id":"https:\/\/luchonoticias.com\/editor\/#\/schema\/person\/image\/","url":"https:\/\/luchonoticias.com\/editor\/wp-content\/uploads\/2024\/02\/cropped-cropped-logolu-150x150.webp","contentUrl":"https:\/\/luchonoticias.com\/editor\/wp-content\/uploads\/2024\/02\/cropped-cropped-logolu-150x150.webp","caption":"Editor General"},"sameAs":["https:\/\/luchonoticias.com\/"],"url":"https:\/\/luchonoticias.com\/editor\/author\/editor-general\/"}]}},"_links":{"self":[{"href":"https:\/\/luchonoticias.com\/editor\/wp-json\/wp\/v2\/posts\/52147","targetHints":{"allow":["GET"]}}],"collection":[{"href":"https:\/\/luchonoticias.com\/editor\/wp-json\/wp\/v2\/posts"}],"about":[{"href":"https:\/\/luchonoticias.com\/editor\/wp-json\/wp\/v2\/types\/post"}],"author":[{"embeddable":true,"href":"https:\/\/luchonoticias.com\/editor\/wp-json\/wp\/v2\/users\/2"}],"replies":[{"embeddable":true,"href":"https:\/\/luchonoticias.com\/editor\/wp-json\/wp\/v2\/comments?post=52147"}],"version-history":[{"count":0,"href":"https:\/\/luchonoticias.com\/editor\/wp-json\/wp\/v2\/posts\/52147\/revisions"}],"wp:attachment":[{"href":"https:\/\/luchonoticias.com\/editor\/wp-json\/wp\/v2\/media?parent=52147"}],"wp:term":[{"taxonomy":"category","embeddable":true,"href":"https:\/\/luchonoticias.com\/editor\/wp-json\/wp\/v2\/categories?post=52147"},{"taxonomy":"post_tag","embeddable":true,"href":"https:\/\/luchonoticias.com\/editor\/wp-json\/wp\/v2\/tags?post=52147"}],"curies":[{"name":"wp","href":"https:\/\/api.w.org\/{rel}","templated":true}]}}